{"id":94561,"date":"2016-12-20T08:07:04","date_gmt":"2016-12-20T07:07:04","guid":{"rendered":"http:\/\/batijournal.com\/?p=94561"},"modified":"2019-07-15T12:22:04","modified_gmt":"2019-07-15T10:22:04","slug":"atelier-national-initiatives-locales-renovation-energetique","status":"publish","type":"post","link":"https:\/\/batijournal.com\/index.php\/atelier-national-initiatives-locales-renovation-energetique\/94561\/","title":{"rendered":"Atelier national des initiatives locales pour la r\u00e9novation \u00e9nerg\u00e9tique"},"content":{"rendered":"<p><strong>Emmanuelle Cosse, ministre du Logement et de l\u2019Habitat durable a lanc\u00e9 le premier atelier national des initiatives locales pour la r\u00e9novation \u00e9nerg\u00e9tique et annonc\u00e9 que ce rendez-vous annuel des acteurs de la r\u00e9novation \u00e9nerg\u00e9tique des b\u00e2timents dans les territoires sera d\u00e9clin\u00e9 en ateliers locaux d\u00e8s le d\u00e9but de l\u2019ann\u00e9e 2017.<\/strong><\/p>\n<p>Cette premi\u00e8re \u00e9dition a rassembl\u00e9 plus de 200 participants : collectivit\u00e9s, entreprises, associations et op\u00e9rateurs de l\u2019Etat. Les collectivit\u00e9s locales, particuli\u00e8rement engag\u00e9es dans les politiques de r\u00e9novation \u00e9nerg\u00e9tique de l\u2019habitat ont pu pr\u00e9senter leurs initiatives et leurs questionnements pour trouver des solutions concr\u00e8tes et adapt\u00e9es aux difficult\u00e9s rencontr\u00e9es dans les territoires.<\/p>\n<p>Cet atelier est l\u2019occasion de recenser les besoins des territoires, d\u2019apporter des r\u00e9ponses juridiques et techniques et d\u2019\u00e9laborer des solutions adapt\u00e9es aux acteurs de terrain sur diff\u00e9rents sujets :<\/p>\n<ul>\n<li>les plateformes territoriales de la r\u00e9novation \u00e9nerg\u00e9tique ;<\/li>\n<li>le passeport de r\u00e9novation \u00e9nerg\u00e9tique ;<\/li>\n<li>la r\u00e9novation \u00e9nerg\u00e9tique des copropri\u00e9t\u00e9s ;<\/li>\n<li>la prise en compte du patrimoine ancien dans la r\u00e9novation \u00e9nerg\u00e9tique.<\/li>\n<\/ul>\n<p>La ministre a par ailleurs salu\u00e9 la forte implication de la fili\u00e8re du b\u00e2timent dans les politiques de r\u00e9novation \u00e9nerg\u00e9tiques avec plus de 70 000 entreprises d\u00e9j\u00e0 qualifi\u00e9es RGE. L\u2019acc\u00e9l\u00e9ration de cette dynamique de qualification est un pas important vers la mont\u00e9e en comp\u00e9tence de la fili\u00e8re. Le dispositif RGE devra donc \u00eatre confort\u00e9 au regard des premiers retours d\u2019exp\u00e9rience des professionnels comme des m\u00e9nages afin de se pr\u00e9parer \u00e0 une augmentation prochaine du volume de travaux.<br \/>\nPhoto : Manuel Bouquet\/MEEM-MLHD<\/p>\n<p>&nbsp;<\/p>\n","protected":false},"excerpt":{"rendered":"<p>Emmanuelle Cosse, ministre du Logement et de l\u2019Habitat durable a lanc\u00e9 le premier atelier national des initiatives locales pour la r\u00e9novation \u00e9nerg\u00e9tique et annonc\u00e9 que ce rendez-vous annuel des acteurs de la r\u00e9novation \u00e9nerg\u00e9tique des b\u00e2timents dans les territoires sera d\u00e9clin\u00e9 en ateliers locaux d\u00e8s le d\u00e9but de l\u2019ann\u00e9e 2017. Cette premi\u00e8re \u00e9dition a rassembl\u00e9 [&hellip;]<\/p>\n","protected":false},"author":17,"featured_media":94562,"comment_status":"closed","ping_status":"closed","sticky":false,"template":"","format":"standard","meta":{"_et_pb_use_builder":"","_et_pb_old_content":"","_et_gb_content_width":"","footnotes":""},"categories":[6340,6351],"tags":[1683,3278],"class_list":["post-94561","post","type-post","status-publish","format-standard","has-post-thumbnail","hentry","category-architecture-conception","category-energie-environnement","tag-renovation-energetique","tag-rge"],"yoast_head":"<!-- This site is optimized with the Yoast SEO plugin v27.4 - https:\/\/yoast.com\/product\/yoast-seo-wordpress\/ -->\n<title>Atelier national des initiatives locales pour la r\u00e9novation \u00e9nerg\u00e9tique<\/title>\n<meta name=\"robots\" content=\"index, follow, max-snippet:-1, max-image-preview:large, max-video-preview:-1\" \/>\n<link rel=\"canonical\" href=\"https:\/\/batijournal.com\/index.php\/atelier-national-initiatives-locales-renovation-energetique\/94561\/\" \/>\n<meta property=\"og:locale\" content=\"fr_FR\" \/>\n<meta property=\"og:type\" content=\"article\" \/>\n<meta property=\"og:title\" content=\"Atelier national des initiatives locales pour la r\u00e9novation \u00e9nerg\u00e9tique\" \/>\n<meta property=\"og:description\" content=\"Emmanuelle Cosse, ministre du Logement et de l\u2019Habitat durable a lanc\u00e9 le premier atelier national des initiatives locales pour la r\u00e9novation \u00e9nerg\u00e9tique et annonc\u00e9 que ce rendez-vous annuel des acteurs de la r\u00e9novation \u00e9nerg\u00e9tique des b\u00e2timents dans les territoires sera d\u00e9clin\u00e9 en ateliers locaux d\u00e8s le d\u00e9but de l\u2019ann\u00e9e 2017. Cette premi\u00e8re \u00e9dition a rassembl\u00e9 [&hellip;]\" \/>\n<meta property=\"og:url\" content=\"https:\/\/batijournal.com\/index.php\/atelier-national-initiatives-locales-renovation-energetique\/94561\/\" \/>\n<meta property=\"og:site_name\" content=\"Batijournal\" \/>\n<meta property=\"article:published_time\" content=\"2016-12-20T07:07:04+00:00\" \/>\n<meta property=\"article:modified_time\" content=\"2019-07-15T10:22:04+00:00\" \/>\n<meta property=\"og:image\" content=\"https:\/\/batijournal.com\/wp-content\/uploads\/2016\/12\/atelier-renovation-energetique.jpg\" \/>\n\t<meta property=\"og:image:width\" content=\"734\" \/>\n\t<meta property=\"og:image:height\" content=\"490\" \/>\n\t<meta property=\"og:image:type\" content=\"image\/jpeg\" \/>\n<meta name=\"author\" content=\"St\u00e9phane Miget\" \/>\n<meta name=\"twitter:card\" content=\"summary_large_image\" \/>\n<meta name=\"twitter:creator\" content=\"@bati_journal\" \/>\n<meta name=\"twitter:site\" content=\"@bati_journal\" \/>\n<meta name=\"twitter:label1\" content=\"\u00c9crit par\" \/>\n\t<meta name=\"twitter:data1\" content=\"St\u00e9phane Miget\" \/>\n\t<meta name=\"twitter:label2\" content=\"Dur\u00e9e de lecture estim\u00e9e\" \/>\n\t<meta name=\"twitter:data2\" content=\"1 minute\" \/>\n<script type=\"application\/ld+json\" class=\"yoast-schema-graph\">{\"@context\":\"https:\\\/\\\/schema.org\",\"@graph\":[{\"@type\":\"Article\",\"@id\":\"https:\\\/\\\/batijournal.com\\\/index.php\\\/atelier-national-initiatives-locales-renovation-energetique\\\/94561\\\/#article\",\"isPartOf\":{\"@id\":\"https:\\\/\\\/batijournal.com\\\/index.php\\\/atelier-national-initiatives-locales-renovation-energetique\\\/94561\\\/\"},\"author\":{\"name\":\"St\u00e9phane Miget\",\"@id\":\"https:\\\/\\\/batijournal.com\\\/#\\\/schema\\\/person\\\/1dc96ec6957aa1ccb25ebe78bb19f100\"},\"headline\":\"Atelier national des initiatives locales pour la r\u00e9novation \u00e9nerg\u00e9tique\",\"datePublished\":\"2016-12-20T07:07:04+00:00\",\"dateModified\":\"2019-07-15T10:22:04+00:00\",\"mainEntityOfPage\":{\"@id\":\"https:\\\/\\\/batijournal.com\\\/index.php\\\/atelier-national-initiatives-locales-renovation-energetique\\\/94561\\\/\"},\"wordCount\":302,\"image\":{\"@id\":\"https:\\\/\\\/batijournal.com\\\/index.php\\\/atelier-national-initiatives-locales-renovation-energetique\\\/94561\\\/#primaryimage\"},\"thumbnailUrl\":\"https:\\\/\\\/batijournal.com\\\/wp-content\\\/uploads\\\/2016\\\/12\\\/atelier-renovation-energetique.jpg\",\"keywords\":[\"renovation energetique\",\"RGE\"],\"articleSection\":[\"Architecture &amp; Conception\",\"\u00c9nergie &amp; Environnement\"],\"inLanguage\":\"fr-FR\"},{\"@type\":\"WebPage\",\"@id\":\"https:\\\/\\\/batijournal.com\\\/index.php\\\/atelier-national-initiatives-locales-renovation-energetique\\\/94561\\\/\",\"url\":\"https:\\\/\\\/batijournal.com\\\/index.php\\\/atelier-national-initiatives-locales-renovation-energetique\\\/94561\\\/\",\"name\":\"Atelier national des initiatives locales pour la r\u00e9novation \u00e9nerg\u00e9tique\",\"isPartOf\":{\"@id\":\"https:\\\/\\\/batijournal.com\\\/#website\"},\"primaryImageOfPage\":{\"@id\":\"https:\\\/\\\/batijournal.com\\\/index.php\\\/atelier-national-initiatives-locales-renovation-energetique\\\/94561\\\/#primaryimage\"},\"image\":{\"@id\":\"https:\\\/\\\/batijournal.com\\\/index.php\\\/atelier-national-initiatives-locales-renovation-energetique\\\/94561\\\/#primaryimage\"},\"thumbnailUrl\":\"https:\\\/\\\/batijournal.com\\\/wp-content\\\/uploads\\\/2016\\\/12\\\/atelier-renovation-energetique.jpg\",\"datePublished\":\"2016-12-20T07:07:04+00:00\",\"dateModified\":\"2019-07-15T10:22:04+00:00\",\"author\":{\"@id\":\"https:\\\/\\\/batijournal.com\\\/#\\\/schema\\\/person\\\/1dc96ec6957aa1ccb25ebe78bb19f100\"},\"breadcrumb\":{\"@id\":\"https:\\\/\\\/batijournal.com\\\/index.php\\\/atelier-national-initiatives-locales-renovation-energetique\\\/94561\\\/#breadcrumb\"},\"inLanguage\":\"fr-FR\",\"potentialAction\":[{\"@type\":\"ReadAction\",\"target\":[\"https:\\\/\\\/batijournal.com\\\/index.php\\\/atelier-national-initiatives-locales-renovation-energetique\\\/94561\\\/\"]}]},{\"@type\":\"ImageObject\",\"inLanguage\":\"fr-FR\",\"@id\":\"https:\\\/\\\/batijournal.com\\\/index.php\\\/atelier-national-initiatives-locales-renovation-energetique\\\/94561\\\/#primaryimage\",\"url\":\"https:\\\/\\\/batijournal.com\\\/wp-content\\\/uploads\\\/2016\\\/12\\\/atelier-renovation-energetique.jpg\",\"contentUrl\":\"https:\\\/\\\/batijournal.com\\\/wp-content\\\/uploads\\\/2016\\\/12\\\/atelier-renovation-energetique.jpg\",\"width\":734,\"height\":490},{\"@type\":\"BreadcrumbList\",\"@id\":\"https:\\\/\\\/batijournal.com\\\/index.php\\\/atelier-national-initiatives-locales-renovation-energetique\\\/94561\\\/#breadcrumb\",\"itemListElement\":[{\"@type\":\"ListItem\",\"position\":1,\"name\":\"Accueil\",\"item\":\"https:\\\/\\\/batijournal.com\\\/\"},{\"@type\":\"ListItem\",\"position\":2,\"name\":\"Actualit\u00e9s\",\"item\":\"https:\\\/\\\/batijournal.com\\\/index.php\\\/category\\\/actualites\\\/\"},{\"@type\":\"ListItem\",\"position\":3,\"name\":\"\u00c9nergie &amp; Environnement\",\"item\":\"https:\\\/\\\/batijournal.com\\\/index.php\\\/category\\\/actualites\\\/energie-environnement\\\/\"},{\"@type\":\"ListItem\",\"position\":4,\"name\":\"Atelier national des initiatives locales pour la r\u00e9novation \u00e9nerg\u00e9tique\"}]},{\"@type\":\"WebSite\",\"@id\":\"https:\\\/\\\/batijournal.com\\\/#website\",\"url\":\"https:\\\/\\\/batijournal.com\\\/\",\"name\":\"Batijournal\",\"description\":\"L&#039;actualit\u00e9 du b\u00e2timent\",\"potentialAction\":[{\"@type\":\"SearchAction\",\"target\":{\"@type\":\"EntryPoint\",\"urlTemplate\":\"https:\\\/\\\/batijournal.com\\\/?s={search_term_string}\"},\"query-input\":{\"@type\":\"PropertyValueSpecification\",\"valueRequired\":true,\"valueName\":\"search_term_string\"}}],\"inLanguage\":\"fr-FR\"},{\"@type\":\"Person\",\"@id\":\"https:\\\/\\\/batijournal.com\\\/#\\\/schema\\\/person\\\/1dc96ec6957aa1ccb25ebe78bb19f100\",\"name\":\"St\u00e9phane Miget\",\"image\":{\"@type\":\"ImageObject\",\"inLanguage\":\"fr-FR\",\"@id\":\"https:\\\/\\\/secure.gravatar.com\\\/avatar\\\/89915563d925342126b8ef0281b93d9d7fc337043e8df017f780908eb9644451?s=96&d=mm&r=g\",\"url\":\"https:\\\/\\\/secure.gravatar.com\\\/avatar\\\/89915563d925342126b8ef0281b93d9d7fc337043e8df017f780908eb9644451?s=96&d=mm&r=g\",\"contentUrl\":\"https:\\\/\\\/secure.gravatar.com\\\/avatar\\\/89915563d925342126b8ef0281b93d9d7fc337043e8df017f780908eb9644451?s=96&d=mm&r=g\",\"caption\":\"St\u00e9phane Miget\"},\"url\":\"https:\\\/\\\/batijournal.com\\\/index.php\\\/author\\\/stephane\\\/\"}]}<\/script>\n<!-- \/ Yoast SEO plugin. -->","yoast_head_json":{"title":"Atelier national des initiatives locales pour la r\u00e9novation \u00e9nerg\u00e9tique","robots":{"index":"index","follow":"follow","max-snippet":"max-snippet:-1","max-image-preview":"max-image-preview:large","max-video-preview":"max-video-preview:-1"},"canonical":"https:\/\/batijournal.com\/index.php\/atelier-national-initiatives-locales-renovation-energetique\/94561\/","og_locale":"fr_FR","og_type":"article","og_title":"Atelier national des initiatives locales pour la r\u00e9novation \u00e9nerg\u00e9tique","og_description":"Emmanuelle Cosse, ministre du Logement et de l\u2019Habitat durable a lanc\u00e9 le premier atelier national des initiatives locales pour la r\u00e9novation \u00e9nerg\u00e9tique et annonc\u00e9 que ce rendez-vous annuel des acteurs de la r\u00e9novation \u00e9nerg\u00e9tique des b\u00e2timents dans les territoires sera d\u00e9clin\u00e9 en ateliers locaux d\u00e8s le d\u00e9but de l\u2019ann\u00e9e 2017. Cette premi\u00e8re \u00e9dition a rassembl\u00e9 [&hellip;]","og_url":"https:\/\/batijournal.com\/index.php\/atelier-national-initiatives-locales-renovation-energetique\/94561\/","og_site_name":"Batijournal","article_published_time":"2016-12-20T07:07:04+00:00","article_modified_time":"2019-07-15T10:22:04+00:00","og_image":[{"width":734,"height":490,"url":"https:\/\/batijournal.com\/wp-content\/uploads\/2016\/12\/atelier-renovation-energetique.jpg","type":"image\/jpeg"}],"author":"St\u00e9phane Miget","twitter_card":"summary_large_image","twitter_creator":"@bati_journal","twitter_site":"@bati_journal","twitter_misc":{"\u00c9crit par":"St\u00e9phane Miget","Dur\u00e9e de lecture estim\u00e9e":"1 minute"},"schema":{"@context":"https:\/\/schema.org","@graph":[{"@type":"Article","@id":"https:\/\/batijournal.com\/index.php\/atelier-national-initiatives-locales-renovation-energetique\/94561\/#article","isPartOf":{"@id":"https:\/\/batijournal.com\/index.php\/atelier-national-initiatives-locales-renovation-energetique\/94561\/"},"author":{"name":"St\u00e9phane Miget","@id":"https:\/\/batijournal.com\/#\/schema\/person\/1dc96ec6957aa1ccb25ebe78bb19f100"},"headline":"Atelier national des initiatives locales pour la r\u00e9novation \u00e9nerg\u00e9tique","datePublished":"2016-12-20T07:07:04+00:00","dateModified":"2019-07-15T10:22:04+00:00","mainEntityOfPage":{"@id":"https:\/\/batijournal.com\/index.php\/atelier-national-initiatives-locales-renovation-energetique\/94561\/"},"wordCount":302,"image":{"@id":"https:\/\/batijournal.com\/index.php\/atelier-national-initiatives-locales-renovation-energetique\/94561\/#primaryimage"},"thumbnailUrl":"https:\/\/batijournal.com\/wp-content\/uploads\/2016\/12\/atelier-renovation-energetique.jpg","keywords":["renovation energetique","RGE"],"articleSection":["Architecture &amp; Conception","\u00c9nergie &amp; Environnement"],"inLanguage":"fr-FR"},{"@type":"WebPage","@id":"https:\/\/batijournal.com\/index.php\/atelier-national-initiatives-locales-renovation-energetique\/94561\/","url":"https:\/\/batijournal.com\/index.php\/atelier-national-initiatives-locales-renovation-energetique\/94561\/","name":"Atelier national des initiatives locales pour la r\u00e9novation \u00e9nerg\u00e9tique","isPartOf":{"@id":"https:\/\/batijournal.com\/#website"},"primaryImageOfPage":{"@id":"https:\/\/batijournal.com\/index.php\/atelier-national-initiatives-locales-renovation-energetique\/94561\/#primaryimage"},"image":{"@id":"https:\/\/batijournal.com\/index.php\/atelier-national-initiatives-locales-renovation-energetique\/94561\/#primaryimage"},"thumbnailUrl":"https:\/\/batijournal.com\/wp-content\/uploads\/2016\/12\/atelier-renovation-energetique.jpg","datePublished":"2016-12-20T07:07:04+00:00","dateModified":"2019-07-15T10:22:04+00:00","author":{"@id":"https:\/\/batijournal.com\/#\/schema\/person\/1dc96ec6957aa1ccb25ebe78bb19f100"},"breadcrumb":{"@id":"https:\/\/batijournal.com\/index.php\/atelier-national-initiatives-locales-renovation-energetique\/94561\/#breadcrumb"},"inLanguage":"fr-FR","potentialAction":[{"@type":"ReadAction","target":["https:\/\/batijournal.com\/index.php\/atelier-national-initiatives-locales-renovation-energetique\/94561\/"]}]},{"@type":"ImageObject","inLanguage":"fr-FR","@id":"https:\/\/batijournal.com\/index.php\/atelier-national-initiatives-locales-renovation-energetique\/94561\/#primaryimage","url":"https:\/\/batijournal.com\/wp-content\/uploads\/2016\/12\/atelier-renovation-energetique.jpg","contentUrl":"https:\/\/batijournal.com\/wp-content\/uploads\/2016\/12\/atelier-renovation-energetique.jpg","width":734,"height":490},{"@type":"BreadcrumbList","@id":"https:\/\/batijournal.com\/index.php\/atelier-national-initiatives-locales-renovation-energetique\/94561\/#breadcrumb","itemListElement":[{"@type":"ListItem","position":1,"name":"Accueil","item":"https:\/\/batijournal.com\/"},{"@type":"ListItem","position":2,"name":"Actualit\u00e9s","item":"https:\/\/batijournal.com\/index.php\/category\/actualites\/"},{"@type":"ListItem","position":3,"name":"\u00c9nergie &amp; Environnement","item":"https:\/\/batijournal.com\/index.php\/category\/actualites\/energie-environnement\/"},{"@type":"ListItem","position":4,"name":"Atelier national des initiatives locales pour la r\u00e9novation \u00e9nerg\u00e9tique"}]},{"@type":"WebSite","@id":"https:\/\/batijournal.com\/#website","url":"https:\/\/batijournal.com\/","name":"Batijournal","description":"L&#039;actualit\u00e9 du b\u00e2timent","potentialAction":[{"@type":"SearchAction","target":{"@type":"EntryPoint","urlTemplate":"https:\/\/batijournal.com\/?s={search_term_string}"},"query-input":{"@type":"PropertyValueSpecification","valueRequired":true,"valueName":"search_term_string"}}],"inLanguage":"fr-FR"},{"@type":"Person","@id":"https:\/\/batijournal.com\/#\/schema\/person\/1dc96ec6957aa1ccb25ebe78bb19f100","name":"St\u00e9phane Miget","image":{"@type":"ImageObject","inLanguage":"fr-FR","@id":"https:\/\/secure.gravatar.com\/avatar\/89915563d925342126b8ef0281b93d9d7fc337043e8df017f780908eb9644451?s=96&d=mm&r=g","url":"https:\/\/secure.gravatar.com\/avatar\/89915563d925342126b8ef0281b93d9d7fc337043e8df017f780908eb9644451?s=96&d=mm&r=g","contentUrl":"https:\/\/secure.gravatar.com\/avatar\/89915563d925342126b8ef0281b93d9d7fc337043e8df017f780908eb9644451?s=96&d=mm&r=g","caption":"St\u00e9phane Miget"},"url":"https:\/\/batijournal.com\/index.php\/author\/stephane\/"}]}},"_links":{"self":[{"href":"https:\/\/batijournal.com\/index.php\/wp-json\/wp\/v2\/posts\/94561","targetHints":{"allow":["GET"]}}],"collection":[{"href":"https:\/\/batijournal.com\/index.php\/wp-json\/wp\/v2\/posts"}],"about":[{"href":"https:\/\/batijournal.com\/index.php\/wp-json\/wp\/v2\/types\/post"}],"author":[{"embeddable":true,"href":"https:\/\/batijournal.com\/index.php\/wp-json\/wp\/v2\/users\/17"}],"replies":[{"embeddable":true,"href":"https:\/\/batijournal.com\/index.php\/wp-json\/wp\/v2\/comments?post=94561"}],"version-history":[{"count":0,"href":"https:\/\/batijournal.com\/index.php\/wp-json\/wp\/v2\/posts\/94561\/revisions"}],"wp:featuredmedia":[{"embeddable":true,"href":"https:\/\/batijournal.com\/index.php\/wp-json\/wp\/v2\/media\/94562"}],"wp:attachment":[{"href":"https:\/\/batijournal.com\/index.php\/wp-json\/wp\/v2\/media?parent=94561"}],"wp:term":[{"taxonomy":"category","embeddable":true,"href":"https:\/\/batijournal.com\/index.php\/wp-json\/wp\/v2\/categories?post=94561"},{"taxonomy":"post_tag","embeddable":true,"href":"https:\/\/batijournal.com\/index.php\/wp-json\/wp\/v2\/tags?post=94561"}],"curies":[{"name":"wp","href":"https:\/\/api.w.org\/{rel}","templated":true}]}}