{"id":94604,"date":"2016-12-23T17:33:09","date_gmt":"2016-12-23T16:33:09","guid":{"rendered":"http:\/\/batijournal.com\/?p=94604"},"modified":"2019-07-15T12:03:57","modified_gmt":"2019-07-15T10:03:57","slug":"2017-budget-favoriser-lacces-logement","status":"publish","type":"post","link":"https:\/\/batijournal.com\/index.php\/2017-budget-favoriser-lacces-logement\/94604\/","title":{"rendered":"2017 : un budget pour favoriser l\u2019acc\u00e8s au logement"},"content":{"rendered":"<p><strong>Le budget du minist\u00e8re du logement 2017 est \u00e9tabli \u00e0 34 milliards d\u2019euros, il s\u2019articule autour de 4 priorit\u00e9s.<\/strong><\/p>\n<p><strong>Le financement du logement social est s\u00e9curis\u00e9 et p\u00e9rennis\u00e9<\/strong><br \/>\nLe fonds national des aides \u00e0 la pierre assurera la bonne r\u00e9partition des 500 millions d\u2019euros d\u2019aides \u00e0 la pierre sur le territoire et 3 milliards de pr\u00eats de haut de bilan seront octroy\u00e9s aux bailleurs pour acc\u00e9l\u00e9rer la r\u00e9novation et la construction de logements sociaux.<br \/>\n70 millions d\u2019euros d\u2019aides aux maires b\u00e2tisseurs pour la r\u00e9alisation des infrastructures et \u00e9quipements publics li\u00e9s \u00e0 l\u2019accueil de nouveaux arrivants permettront de soutenir quelques 1200 communes qui investissent dans la construction de logements.<br \/>\nLe dispositif Pinel est reconduit.<br \/>\nUn nouveau dispositif fiscal vise \u00e0 mobiliser le parc priv\u00e9 \u00e0 des fins sociales. Une nouvelle aide fiscale sera mise en place \u00e0 partir du 31 janvier 2017, se substituant progressivement aux dispositifs \u00ab Besson \u00bb et \u00ab Borloo \u00bb. Un propri\u00e9taire remettant son bien sur le march\u00e9 \u00e0 un loyer abordable pourra b\u00e9n\u00e9ficier d\u2019une exon\u00e9ration d\u2019imp\u00f4t de 15% \u00e0 85%.<br \/>\nLes d\u00e9bats au parlement ont confirm\u00e9 des aides importantes :<br \/>\nLes exon\u00e9rations de taxe fonci\u00e8re sur les propri\u00e9t\u00e9s b\u00e2ties (TFPB) sont maintenues lors de la construction de logements sociaux.<br \/>\nL\u2019exon\u00e9ration de taxe sur la plus-value immobili\u00e8re en cas de vente \u00e0 un bailleur social est prolong\u00e9e jusqu\u2019en 2018.<\/p>\n<p><strong>Acc\u00e9l\u00e9rer la transition vers l\u2019habitat durable<\/strong><br \/>\nLe cr\u00e9dit d\u2019imp\u00f4t transition \u00e9nerg\u00e9tique (CITE) est prolong\u00e9 jusqu\u2019au 31 d\u00e9cembre 2017 et devient cumulable avec l\u2019\u00e9co-pr\u00eat \u00e0 taux z\u00e9ro. Une disposition qui s\u2019applique sans conditions de ressources.<br \/>\nLe budget de l\u2019Anah atteindra un niveau sans pr\u00e9c\u00e9dent de 845 millions d\u2019euros. 100 000 logements pourront \u00eatre r\u00e9nov\u00e9s, dont 30 000 en copropri\u00e9t\u00e9s fragiles dont le soutien est renforc\u00e9.<\/p>\n<p><strong>Favoriser l\u2019acc\u00e8s au logement<\/strong><br \/>\nAvec 15,4 milliards d\u2019euros, le financement des aides au logement est pr\u00e9serv\u00e9 et l\u2019\u00c9tat maintient son effort pour r\u00e9duire le reste \u00e0 charge des m\u00e9nages aux ressources les plus modestes pour se loger. En luttant contre les loyers \u00e9lev\u00e9s et en modulant les aides pour une minorit\u00e9 d\u2019allocataires dont le niveau de revenus ou la situation patrimoniale rend moins n\u00e9cessaire le recours \u00e0 la solidarit\u00e9 nationale, les r\u00e9formes intervenues en 2016 permettent de p\u00e9renniser la plus importante aide sociale en France.<br \/>\nRenforc\u00e9 le 1er janvier 2016 pour aider davantage de m\u00e9nages \u00e0 acheter leur premi\u00e8re r\u00e9sidence principale, le pr\u00eat \u00e0 taux z\u00e9ro est reconduit dans les m\u00eames conditions.<br \/>\nEnfin, le projet de loi de finances d\u00e9finit le r\u00e9gime fiscal du bail r\u00e9el solidaire pr\u00e9vu par l\u2019ordonnance du 20 juillet 2016. V\u00e9ritable innovation pour faciliter l\u2019accession sociale \u00e0 la propri\u00e9t\u00e9, le bail r\u00e9el solidaire, conclu avec un organisme foncier solidaire (OFS), permet de dissocier la propri\u00e9t\u00e9 du terrain et du b\u00e2timent sur une tr\u00e8s longue dur\u00e9e. L\u2019acqu\u00e9reur du bien sera pleinement propri\u00e9taire de son logement, sans avoir \u00e0 en assumer le foncier dont la gestion sera assur\u00e9e par l\u2019OFS. Le dispositif est par ailleurs cumulable avec le pr\u00eat \u00e0 taux z\u00e9ro.<\/p>\n<p><strong>Mettre \u00e0 l\u2019abri les personnes vuln\u00e9rables<\/strong><br \/>\nAugment\u00e9 de 200 millions pour atteindre plus de 1,7 milliards d\u2019euros, le budget consacr\u00e9 aux dispositifs d\u2019h\u00e9bergement et d\u2019accompagnement vers le logement r\u00e9affirme la priorit\u00e9 d\u2019une politique fond\u00e9e sur les principes d\u2019\u00e9galit\u00e9 de traitement, d\u2019inconditionnalit\u00e9 de l\u2019accueil et de continuit\u00e9 de la prise en charge.<\/p>\n","protected":false},"excerpt":{"rendered":"<p>Le budget du minist\u00e8re du logement 2017 est \u00e9tabli \u00e0 34 milliards d\u2019euros, il s\u2019articule autour de 4 priorit\u00e9s. Le financement du logement social est s\u00e9curis\u00e9 et p\u00e9rennis\u00e9 Le fonds national des aides \u00e0 la pierre assurera la bonne r\u00e9partition des 500 millions d\u2019euros d\u2019aides \u00e0 la pierre sur le territoire et 3 milliards de [&hellip;]<\/p>\n","protected":false},"author":17,"featured_media":91626,"comment_status":"closed","ping_status":"closed","sticky":false,"template":"","format":"standard","meta":{"_et_pb_use_builder":"","_et_pb_old_content":"","_et_gb_content_width":"","footnotes":""},"categories":[10530,6340,6345],"tags":[7314,2020,1189],"class_list":["post-94604","post","type-post","status-publish","format-standard","has-post-thumbnail","hentry","category-actualites","category-architecture-conception","category-economie-marches","tag-budget","tag-logement","tag-ptz"],"yoast_head":"<!-- This site is optimized with the Yoast SEO plugin v27.4 - https:\/\/yoast.com\/product\/yoast-seo-wordpress\/ -->\n<title>2017 : un budget pour favoriser l\u2019acc\u00e8s au logement<\/title>\n<meta name=\"robots\" content=\"index, follow, max-snippet:-1, max-image-preview:large, max-video-preview:-1\" \/>\n<link rel=\"canonical\" href=\"https:\/\/batijournal.com\/index.php\/2017-budget-favoriser-lacces-logement\/94604\/\" \/>\n<meta property=\"og:locale\" content=\"fr_FR\" \/>\n<meta property=\"og:type\" content=\"article\" \/>\n<meta property=\"og:title\" content=\"2017 : un budget pour favoriser l\u2019acc\u00e8s au logement\" \/>\n<meta property=\"og:description\" content=\"Le budget du minist\u00e8re du logement 2017 est \u00e9tabli \u00e0 34 milliards d\u2019euros, il s\u2019articule autour de 4 priorit\u00e9s. Le financement du logement social est s\u00e9curis\u00e9 et p\u00e9rennis\u00e9 Le fonds national des aides \u00e0 la pierre assurera la bonne r\u00e9partition des 500 millions d\u2019euros d\u2019aides \u00e0 la pierre sur le territoire et 3 milliards de [&hellip;]\" \/>\n<meta property=\"og:url\" content=\"https:\/\/batijournal.com\/index.php\/2017-budget-favoriser-lacces-logement\/94604\/\" \/>\n<meta property=\"og:site_name\" content=\"Batijournal\" \/>\n<meta property=\"article:published_time\" content=\"2016-12-23T16:33:09+00:00\" \/>\n<meta property=\"article:modified_time\" content=\"2019-07-15T10:03:57+00:00\" \/>\n<meta property=\"og:image\" content=\"https:\/\/batijournal.com\/wp-content\/uploads\/2016\/02\/construction-2.jpg\" \/>\n\t<meta property=\"og:image:width\" content=\"974\" \/>\n\t<meta property=\"og:image:height\" content=\"629\" \/>\n\t<meta property=\"og:image:type\" content=\"image\/jpeg\" \/>\n<meta name=\"author\" content=\"St\u00e9phane Miget\" \/>\n<meta name=\"twitter:card\" content=\"summary_large_image\" \/>\n<meta name=\"twitter:creator\" content=\"@bati_journal\" \/>\n<meta name=\"twitter:site\" content=\"@bati_journal\" \/>\n<meta name=\"twitter:label1\" content=\"\u00c9crit par\" \/>\n\t<meta name=\"twitter:data1\" content=\"St\u00e9phane Miget\" \/>\n\t<meta name=\"twitter:label2\" content=\"Dur\u00e9e de lecture estim\u00e9e\" \/>\n\t<meta name=\"twitter:data2\" content=\"3 minutes\" \/>\n<script type=\"application\/ld+json\" class=\"yoast-schema-graph\">{\"@context\":\"https:\\\/\\\/schema.org\",\"@graph\":[{\"@type\":\"Article\",\"@id\":\"https:\\\/\\\/batijournal.com\\\/index.php\\\/2017-budget-favoriser-lacces-logement\\\/94604\\\/#article\",\"isPartOf\":{\"@id\":\"https:\\\/\\\/batijournal.com\\\/index.php\\\/2017-budget-favoriser-lacces-logement\\\/94604\\\/\"},\"author\":{\"name\":\"St\u00e9phane Miget\",\"@id\":\"https:\\\/\\\/batijournal.com\\\/#\\\/schema\\\/person\\\/1dc96ec6957aa1ccb25ebe78bb19f100\"},\"headline\":\"2017 : un budget pour favoriser l\u2019acc\u00e8s au logement\",\"datePublished\":\"2016-12-23T16:33:09+00:00\",\"dateModified\":\"2019-07-15T10:03:57+00:00\",\"mainEntityOfPage\":{\"@id\":\"https:\\\/\\\/batijournal.com\\\/index.php\\\/2017-budget-favoriser-lacces-logement\\\/94604\\\/\"},\"wordCount\":609,\"image\":{\"@id\":\"https:\\\/\\\/batijournal.com\\\/index.php\\\/2017-budget-favoriser-lacces-logement\\\/94604\\\/#primaryimage\"},\"thumbnailUrl\":\"https:\\\/\\\/batijournal.com\\\/wp-content\\\/uploads\\\/2016\\\/02\\\/construction-2.jpg\",\"keywords\":[\"budget\",\"logement\",\"PTZ\"],\"articleSection\":[\"Actualit\u00e9s\",\"Architecture &amp; Conception\",\"\u00c9conomie &amp; March\u00e9s\"],\"inLanguage\":\"fr-FR\"},{\"@type\":\"WebPage\",\"@id\":\"https:\\\/\\\/batijournal.com\\\/index.php\\\/2017-budget-favoriser-lacces-logement\\\/94604\\\/\",\"url\":\"https:\\\/\\\/batijournal.com\\\/index.php\\\/2017-budget-favoriser-lacces-logement\\\/94604\\\/\",\"name\":\"2017 : un budget pour favoriser l\u2019acc\u00e8s au logement\",\"isPartOf\":{\"@id\":\"https:\\\/\\\/batijournal.com\\\/#website\"},\"primaryImageOfPage\":{\"@id\":\"https:\\\/\\\/batijournal.com\\\/index.php\\\/2017-budget-favoriser-lacces-logement\\\/94604\\\/#primaryimage\"},\"image\":{\"@id\":\"https:\\\/\\\/batijournal.com\\\/index.php\\\/2017-budget-favoriser-lacces-logement\\\/94604\\\/#primaryimage\"},\"thumbnailUrl\":\"https:\\\/\\\/batijournal.com\\\/wp-content\\\/uploads\\\/2016\\\/02\\\/construction-2.jpg\",\"datePublished\":\"2016-12-23T16:33:09+00:00\",\"dateModified\":\"2019-07-15T10:03:57+00:00\",\"author\":{\"@id\":\"https:\\\/\\\/batijournal.com\\\/#\\\/schema\\\/person\\\/1dc96ec6957aa1ccb25ebe78bb19f100\"},\"breadcrumb\":{\"@id\":\"https:\\\/\\\/batijournal.com\\\/index.php\\\/2017-budget-favoriser-lacces-logement\\\/94604\\\/#breadcrumb\"},\"inLanguage\":\"fr-FR\",\"potentialAction\":[{\"@type\":\"ReadAction\",\"target\":[\"https:\\\/\\\/batijournal.com\\\/index.php\\\/2017-budget-favoriser-lacces-logement\\\/94604\\\/\"]}]},{\"@type\":\"ImageObject\",\"inLanguage\":\"fr-FR\",\"@id\":\"https:\\\/\\\/batijournal.com\\\/index.php\\\/2017-budget-favoriser-lacces-logement\\\/94604\\\/#primaryimage\",\"url\":\"https:\\\/\\\/batijournal.com\\\/wp-content\\\/uploads\\\/2016\\\/02\\\/construction-2.jpg\",\"contentUrl\":\"https:\\\/\\\/batijournal.com\\\/wp-content\\\/uploads\\\/2016\\\/02\\\/construction-2.jpg\",\"width\":974,\"height\":629,\"caption\":\"maisons-neuves-vers-la-recession\"},{\"@type\":\"BreadcrumbList\",\"@id\":\"https:\\\/\\\/batijournal.com\\\/index.php\\\/2017-budget-favoriser-lacces-logement\\\/94604\\\/#breadcrumb\",\"itemListElement\":[{\"@type\":\"ListItem\",\"position\":1,\"name\":\"Accueil\",\"item\":\"https:\\\/\\\/batijournal.com\\\/\"},{\"@type\":\"ListItem\",\"position\":2,\"name\":\"Actualit\u00e9s\",\"item\":\"https:\\\/\\\/batijournal.com\\\/index.php\\\/category\\\/actualites\\\/\"},{\"@type\":\"ListItem\",\"position\":3,\"name\":\"2017 : un budget pour favoriser l\u2019acc\u00e8s au logement\"}]},{\"@type\":\"WebSite\",\"@id\":\"https:\\\/\\\/batijournal.com\\\/#website\",\"url\":\"https:\\\/\\\/batijournal.com\\\/\",\"name\":\"Batijournal\",\"description\":\"L&#039;actualit\u00e9 du b\u00e2timent\",\"potentialAction\":[{\"@type\":\"SearchAction\",\"target\":{\"@type\":\"EntryPoint\",\"urlTemplate\":\"https:\\\/\\\/batijournal.com\\\/?s={search_term_string}\"},\"query-input\":{\"@type\":\"PropertyValueSpecification\",\"valueRequired\":true,\"valueName\":\"search_term_string\"}}],\"inLanguage\":\"fr-FR\"},{\"@type\":\"Person\",\"@id\":\"https:\\\/\\\/batijournal.com\\\/#\\\/schema\\\/person\\\/1dc96ec6957aa1ccb25ebe78bb19f100\",\"name\":\"St\u00e9phane Miget\",\"image\":{\"@type\":\"ImageObject\",\"inLanguage\":\"fr-FR\",\"@id\":\"https:\\\/\\\/secure.gravatar.com\\\/avatar\\\/89915563d925342126b8ef0281b93d9d7fc337043e8df017f780908eb9644451?s=96&d=mm&r=g\",\"url\":\"https:\\\/\\\/secure.gravatar.com\\\/avatar\\\/89915563d925342126b8ef0281b93d9d7fc337043e8df017f780908eb9644451?s=96&d=mm&r=g\",\"contentUrl\":\"https:\\\/\\\/secure.gravatar.com\\\/avatar\\\/89915563d925342126b8ef0281b93d9d7fc337043e8df017f780908eb9644451?s=96&d=mm&r=g\",\"caption\":\"St\u00e9phane Miget\"},\"url\":\"https:\\\/\\\/batijournal.com\\\/index.php\\\/author\\\/stephane\\\/\"}]}<\/script>\n<!-- \/ Yoast SEO plugin. -->","yoast_head_json":{"title":"2017 : un budget pour favoriser l\u2019acc\u00e8s au logement","robots":{"index":"index","follow":"follow","max-snippet":"max-snippet:-1","max-image-preview":"max-image-preview:large","max-video-preview":"max-video-preview:-1"},"canonical":"https:\/\/batijournal.com\/index.php\/2017-budget-favoriser-lacces-logement\/94604\/","og_locale":"fr_FR","og_type":"article","og_title":"2017 : un budget pour favoriser l\u2019acc\u00e8s au logement","og_description":"Le budget du minist\u00e8re du logement 2017 est \u00e9tabli \u00e0 34 milliards d\u2019euros, il s\u2019articule autour de 4 priorit\u00e9s. Le financement du logement social est s\u00e9curis\u00e9 et p\u00e9rennis\u00e9 Le fonds national des aides \u00e0 la pierre assurera la bonne r\u00e9partition des 500 millions d\u2019euros d\u2019aides \u00e0 la pierre sur le territoire et 3 milliards de [&hellip;]","og_url":"https:\/\/batijournal.com\/index.php\/2017-budget-favoriser-lacces-logement\/94604\/","og_site_name":"Batijournal","article_published_time":"2016-12-23T16:33:09+00:00","article_modified_time":"2019-07-15T10:03:57+00:00","og_image":[{"width":974,"height":629,"url":"https:\/\/batijournal.com\/wp-content\/uploads\/2016\/02\/construction-2.jpg","type":"image\/jpeg"}],"author":"St\u00e9phane Miget","twitter_card":"summary_large_image","twitter_creator":"@bati_journal","twitter_site":"@bati_journal","twitter_misc":{"\u00c9crit par":"St\u00e9phane Miget","Dur\u00e9e de lecture estim\u00e9e":"3 minutes"},"schema":{"@context":"https:\/\/schema.org","@graph":[{"@type":"Article","@id":"https:\/\/batijournal.com\/index.php\/2017-budget-favoriser-lacces-logement\/94604\/#article","isPartOf":{"@id":"https:\/\/batijournal.com\/index.php\/2017-budget-favoriser-lacces-logement\/94604\/"},"author":{"name":"St\u00e9phane Miget","@id":"https:\/\/batijournal.com\/#\/schema\/person\/1dc96ec6957aa1ccb25ebe78bb19f100"},"headline":"2017 : un budget pour favoriser l\u2019acc\u00e8s au logement","datePublished":"2016-12-23T16:33:09+00:00","dateModified":"2019-07-15T10:03:57+00:00","mainEntityOfPage":{"@id":"https:\/\/batijournal.com\/index.php\/2017-budget-favoriser-lacces-logement\/94604\/"},"wordCount":609,"image":{"@id":"https:\/\/batijournal.com\/index.php\/2017-budget-favoriser-lacces-logement\/94604\/#primaryimage"},"thumbnailUrl":"https:\/\/batijournal.com\/wp-content\/uploads\/2016\/02\/construction-2.jpg","keywords":["budget","logement","PTZ"],"articleSection":["Actualit\u00e9s","Architecture &amp; Conception","\u00c9conomie &amp; March\u00e9s"],"inLanguage":"fr-FR"},{"@type":"WebPage","@id":"https:\/\/batijournal.com\/index.php\/2017-budget-favoriser-lacces-logement\/94604\/","url":"https:\/\/batijournal.com\/index.php\/2017-budget-favoriser-lacces-logement\/94604\/","name":"2017 : un budget pour favoriser l\u2019acc\u00e8s au logement","isPartOf":{"@id":"https:\/\/batijournal.com\/#website"},"primaryImageOfPage":{"@id":"https:\/\/batijournal.com\/index.php\/2017-budget-favoriser-lacces-logement\/94604\/#primaryimage"},"image":{"@id":"https:\/\/batijournal.com\/index.php\/2017-budget-favoriser-lacces-logement\/94604\/#primaryimage"},"thumbnailUrl":"https:\/\/batijournal.com\/wp-content\/uploads\/2016\/02\/construction-2.jpg","datePublished":"2016-12-23T16:33:09+00:00","dateModified":"2019-07-15T10:03:57+00:00","author":{"@id":"https:\/\/batijournal.com\/#\/schema\/person\/1dc96ec6957aa1ccb25ebe78bb19f100"},"breadcrumb":{"@id":"https:\/\/batijournal.com\/index.php\/2017-budget-favoriser-lacces-logement\/94604\/#breadcrumb"},"inLanguage":"fr-FR","potentialAction":[{"@type":"ReadAction","target":["https:\/\/batijournal.com\/index.php\/2017-budget-favoriser-lacces-logement\/94604\/"]}]},{"@type":"ImageObject","inLanguage":"fr-FR","@id":"https:\/\/batijournal.com\/index.php\/2017-budget-favoriser-lacces-logement\/94604\/#primaryimage","url":"https:\/\/batijournal.com\/wp-content\/uploads\/2016\/02\/construction-2.jpg","contentUrl":"https:\/\/batijournal.com\/wp-content\/uploads\/2016\/02\/construction-2.jpg","width":974,"height":629,"caption":"maisons-neuves-vers-la-recession"},{"@type":"BreadcrumbList","@id":"https:\/\/batijournal.com\/index.php\/2017-budget-favoriser-lacces-logement\/94604\/#breadcrumb","itemListElement":[{"@type":"ListItem","position":1,"name":"Accueil","item":"https:\/\/batijournal.com\/"},{"@type":"ListItem","position":2,"name":"Actualit\u00e9s","item":"https:\/\/batijournal.com\/index.php\/category\/actualites\/"},{"@type":"ListItem","position":3,"name":"2017 : un budget pour favoriser l\u2019acc\u00e8s au logement"}]},{"@type":"WebSite","@id":"https:\/\/batijournal.com\/#website","url":"https:\/\/batijournal.com\/","name":"Batijournal","description":"L&#039;actualit\u00e9 du b\u00e2timent","potentialAction":[{"@type":"SearchAction","target":{"@type":"EntryPoint","urlTemplate":"https:\/\/batijournal.com\/?s={search_term_string}"},"query-input":{"@type":"PropertyValueSpecification","valueRequired":true,"valueName":"search_term_string"}}],"inLanguage":"fr-FR"},{"@type":"Person","@id":"https:\/\/batijournal.com\/#\/schema\/person\/1dc96ec6957aa1ccb25ebe78bb19f100","name":"St\u00e9phane Miget","image":{"@type":"ImageObject","inLanguage":"fr-FR","@id":"https:\/\/secure.gravatar.com\/avatar\/89915563d925342126b8ef0281b93d9d7fc337043e8df017f780908eb9644451?s=96&d=mm&r=g","url":"https:\/\/secure.gravatar.com\/avatar\/89915563d925342126b8ef0281b93d9d7fc337043e8df017f780908eb9644451?s=96&d=mm&r=g","contentUrl":"https:\/\/secure.gravatar.com\/avatar\/89915563d925342126b8ef0281b93d9d7fc337043e8df017f780908eb9644451?s=96&d=mm&r=g","caption":"St\u00e9phane Miget"},"url":"https:\/\/batijournal.com\/index.php\/author\/stephane\/"}]}},"_links":{"self":[{"href":"https:\/\/batijournal.com\/index.php\/wp-json\/wp\/v2\/posts\/94604","targetHints":{"allow":["GET"]}}],"collection":[{"href":"https:\/\/batijournal.com\/index.php\/wp-json\/wp\/v2\/posts"}],"about":[{"href":"https:\/\/batijournal.com\/index.php\/wp-json\/wp\/v2\/types\/post"}],"author":[{"embeddable":true,"href":"https:\/\/batijournal.com\/index.php\/wp-json\/wp\/v2\/users\/17"}],"replies":[{"embeddable":true,"href":"https:\/\/batijournal.com\/index.php\/wp-json\/wp\/v2\/comments?post=94604"}],"version-history":[{"count":0,"href":"https:\/\/batijournal.com\/index.php\/wp-json\/wp\/v2\/posts\/94604\/revisions"}],"wp:featuredmedia":[{"embeddable":true,"href":"https:\/\/batijournal.com\/index.php\/wp-json\/wp\/v2\/media\/91626"}],"wp:attachment":[{"href":"https:\/\/batijournal.com\/index.php\/wp-json\/wp\/v2\/media?parent=94604"}],"wp:term":[{"taxonomy":"category","embeddable":true,"href":"https:\/\/batijournal.com\/index.php\/wp-json\/wp\/v2\/categories?post=94604"},{"taxonomy":"post_tag","embeddable":true,"href":"https:\/\/batijournal.com\/index.php\/wp-json\/wp\/v2\/tags?post=94604"}],"curies":[{"name":"wp","href":"https:\/\/api.w.org\/{rel}","templated":true}]}}