{"id":94606,"date":"2016-12-27T09:31:22","date_gmt":"2016-12-27T08:31:22","guid":{"rendered":"http:\/\/batijournal.com\/?p=94606"},"modified":"2019-07-15T12:08:46","modified_gmt":"2019-07-15T10:08:46","slug":"faire-voler-drone","status":"publish","type":"post","link":"https:\/\/batijournal.com\/index.php\/faire-voler-drone\/94606\/","title":{"rendered":"O\u00f9 faire voler son drone ?"},"content":{"rendered":"<p>Pour accompagner l\u2019essor du drone civil, la France a \u00e9t\u00e9 un des premiers pays \u00e0 se doter, d\u00e8s 2012, d\u2019une r\u00e9glementation. Celle-ci a \u00e9t\u00e9 compl\u00e9t\u00e9e par la loi relative au renforcement de la s\u00e9curit\u00e9 de l\u2019usage des drones civils, adopt\u00e9e par le Parlement le 13 octobre dernier. La Direction g\u00e9n\u00e9rale de l\u2019Aviation civile (DGAC), avec le concours de l\u2019Institut national de l\u2019information g\u00e9ographique et foresti\u00e8re (IGN), a \u00e9labor\u00e9 une carte interactive des zones de restrictions et d\u2019interdictions pour un usage de loisir des drones en France m\u00e9tropolitaine. Disponible en ligne sur le G\u00e9oportail, cette carte interactive regroupe, de mani\u00e8re simplifi\u00e9e et facilement compr\u00e9hensible, les zones du territoire m\u00e9tropolitain o\u00f9 les vols de drones sont soumis \u00e0 des interdictions ou des restrictions de fa\u00e7on permanente.<\/p>\n<p><a href=\"https:\/\/www.geoportail.gouv.fr\/donnees\/restrictions-pour-drones-de-loisir\" target=\"_blank\" rel=\"noopener noreferrer\">https:\/\/www.geoportail.gouv.fr\/donnees\/restrictions-pour-drones-de-loisir<\/a><\/p>\n<p>&nbsp;<\/p>\n","protected":false},"excerpt":{"rendered":"<p>Pour accompagner l\u2019essor du drone civil, la France a \u00e9t\u00e9 un des premiers pays \u00e0 se doter, d\u00e8s 2012, d\u2019une r\u00e9glementation. Celle-ci a \u00e9t\u00e9 compl\u00e9t\u00e9e par la loi relative au renforcement de la s\u00e9curit\u00e9 de l\u2019usage des drones civils, adopt\u00e9e par le Parlement le 13 octobre dernier. La Direction g\u00e9n\u00e9rale de l\u2019Aviation civile (DGAC), avec [&hellip;]<\/p>\n","protected":false},"author":17,"featured_media":94607,"comment_status":"closed","ping_status":"closed","sticky":false,"template":"","format":"standard","meta":{"_et_pb_use_builder":"","_et_pb_old_content":"","_et_gb_content_width":"","footnotes":""},"categories":[10530,6345],"tags":[57],"class_list":["post-94606","post","type-post","status-publish","format-standard","has-post-thumbnail","hentry","category-actualites","category-economie-marches","tag-drone"],"yoast_head":"<!-- This site is optimized with the Yoast SEO plugin v27.4 - https:\/\/yoast.com\/product\/yoast-seo-wordpress\/ -->\n<title>O\u00f9 faire voler son drone ?<\/title>\n<meta name=\"robots\" content=\"index, follow, max-snippet:-1, max-image-preview:large, max-video-preview:-1\" \/>\n<link rel=\"canonical\" href=\"https:\/\/batijournal.com\/index.php\/faire-voler-drone\/94606\/\" \/>\n<meta property=\"og:locale\" content=\"fr_FR\" \/>\n<meta property=\"og:type\" content=\"article\" \/>\n<meta property=\"og:title\" content=\"O\u00f9 faire voler son drone ?\" \/>\n<meta property=\"og:description\" content=\"Pour accompagner l\u2019essor du drone civil, la France a \u00e9t\u00e9 un des premiers pays \u00e0 se doter, d\u00e8s 2012, d\u2019une r\u00e9glementation. Celle-ci a \u00e9t\u00e9 compl\u00e9t\u00e9e par la loi relative au renforcement de la s\u00e9curit\u00e9 de l\u2019usage des drones civils, adopt\u00e9e par le Parlement le 13 octobre dernier. La Direction g\u00e9n\u00e9rale de l\u2019Aviation civile (DGAC), avec [&hellip;]\" \/>\n<meta property=\"og:url\" content=\"https:\/\/batijournal.com\/index.php\/faire-voler-drone\/94606\/\" \/>\n<meta property=\"og:site_name\" content=\"Batijournal\" \/>\n<meta property=\"article:published_time\" content=\"2016-12-27T08:31:22+00:00\" \/>\n<meta property=\"article:modified_time\" content=\"2019-07-15T10:08:46+00:00\" \/>\n<meta property=\"og:image\" content=\"https:\/\/batijournal.com\/wp-content\/uploads\/2016\/12\/drone.png\" \/>\n\t<meta property=\"og:image:width\" content=\"1289\" \/>\n\t<meta property=\"og:image:height\" content=\"665\" \/>\n\t<meta property=\"og:image:type\" content=\"image\/png\" \/>\n<meta name=\"author\" content=\"St\u00e9phane Miget\" \/>\n<meta name=\"twitter:card\" content=\"summary_large_image\" \/>\n<meta name=\"twitter:creator\" content=\"@bati_journal\" \/>\n<meta name=\"twitter:site\" content=\"@bati_journal\" \/>\n<meta name=\"twitter:label1\" content=\"\u00c9crit par\" \/>\n\t<meta name=\"twitter:data1\" content=\"St\u00e9phane Miget\" \/>\n\t<meta name=\"twitter:label2\" content=\"Dur\u00e9e de lecture estim\u00e9e\" \/>\n\t<meta name=\"twitter:data2\" content=\"1 minute\" \/>\n<script type=\"application\/ld+json\" class=\"yoast-schema-graph\">{\"@context\":\"https:\\\/\\\/schema.org\",\"@graph\":[{\"@type\":\"Article\",\"@id\":\"https:\\\/\\\/batijournal.com\\\/index.php\\\/faire-voler-drone\\\/94606\\\/#article\",\"isPartOf\":{\"@id\":\"https:\\\/\\\/batijournal.com\\\/index.php\\\/faire-voler-drone\\\/94606\\\/\"},\"author\":{\"name\":\"St\u00e9phane Miget\",\"@id\":\"https:\\\/\\\/batijournal.com\\\/#\\\/schema\\\/person\\\/1dc96ec6957aa1ccb25ebe78bb19f100\"},\"headline\":\"O\u00f9 faire voler son drone ?\",\"datePublished\":\"2016-12-27T08:31:22+00:00\",\"dateModified\":\"2019-07-15T10:08:46+00:00\",\"mainEntityOfPage\":{\"@id\":\"https:\\\/\\\/batijournal.com\\\/index.php\\\/faire-voler-drone\\\/94606\\\/\"},\"wordCount\":157,\"image\":{\"@id\":\"https:\\\/\\\/batijournal.com\\\/index.php\\\/faire-voler-drone\\\/94606\\\/#primaryimage\"},\"thumbnailUrl\":\"https:\\\/\\\/batijournal.com\\\/wp-content\\\/uploads\\\/2016\\\/12\\\/drone.png\",\"keywords\":[\"drone\"],\"articleSection\":[\"Actualit\u00e9s\",\"\u00c9conomie &amp; March\u00e9s\"],\"inLanguage\":\"fr-FR\"},{\"@type\":\"WebPage\",\"@id\":\"https:\\\/\\\/batijournal.com\\\/index.php\\\/faire-voler-drone\\\/94606\\\/\",\"url\":\"https:\\\/\\\/batijournal.com\\\/index.php\\\/faire-voler-drone\\\/94606\\\/\",\"name\":\"O\u00f9 faire voler son drone ?\",\"isPartOf\":{\"@id\":\"https:\\\/\\\/batijournal.com\\\/#website\"},\"primaryImageOfPage\":{\"@id\":\"https:\\\/\\\/batijournal.com\\\/index.php\\\/faire-voler-drone\\\/94606\\\/#primaryimage\"},\"image\":{\"@id\":\"https:\\\/\\\/batijournal.com\\\/index.php\\\/faire-voler-drone\\\/94606\\\/#primaryimage\"},\"thumbnailUrl\":\"https:\\\/\\\/batijournal.com\\\/wp-content\\\/uploads\\\/2016\\\/12\\\/drone.png\",\"datePublished\":\"2016-12-27T08:31:22+00:00\",\"dateModified\":\"2019-07-15T10:08:46+00:00\",\"author\":{\"@id\":\"https:\\\/\\\/batijournal.com\\\/#\\\/schema\\\/person\\\/1dc96ec6957aa1ccb25ebe78bb19f100\"},\"breadcrumb\":{\"@id\":\"https:\\\/\\\/batijournal.com\\\/index.php\\\/faire-voler-drone\\\/94606\\\/#breadcrumb\"},\"inLanguage\":\"fr-FR\",\"potentialAction\":[{\"@type\":\"ReadAction\",\"target\":[\"https:\\\/\\\/batijournal.com\\\/index.php\\\/faire-voler-drone\\\/94606\\\/\"]}]},{\"@type\":\"ImageObject\",\"inLanguage\":\"fr-FR\",\"@id\":\"https:\\\/\\\/batijournal.com\\\/index.php\\\/faire-voler-drone\\\/94606\\\/#primaryimage\",\"url\":\"https:\\\/\\\/batijournal.com\\\/wp-content\\\/uploads\\\/2016\\\/12\\\/drone.png\",\"contentUrl\":\"https:\\\/\\\/batijournal.com\\\/wp-content\\\/uploads\\\/2016\\\/12\\\/drone.png\",\"width\":1289,\"height\":665},{\"@type\":\"BreadcrumbList\",\"@id\":\"https:\\\/\\\/batijournal.com\\\/index.php\\\/faire-voler-drone\\\/94606\\\/#breadcrumb\",\"itemListElement\":[{\"@type\":\"ListItem\",\"position\":1,\"name\":\"Accueil\",\"item\":\"https:\\\/\\\/batijournal.com\\\/\"},{\"@type\":\"ListItem\",\"position\":2,\"name\":\"Actualit\u00e9s\",\"item\":\"https:\\\/\\\/batijournal.com\\\/index.php\\\/category\\\/actualites\\\/\"},{\"@type\":\"ListItem\",\"position\":3,\"name\":\"O\u00f9 faire voler son drone ?\"}]},{\"@type\":\"WebSite\",\"@id\":\"https:\\\/\\\/batijournal.com\\\/#website\",\"url\":\"https:\\\/\\\/batijournal.com\\\/\",\"name\":\"Batijournal\",\"description\":\"L&#039;actualit\u00e9 du b\u00e2timent\",\"potentialAction\":[{\"@type\":\"SearchAction\",\"target\":{\"@type\":\"EntryPoint\",\"urlTemplate\":\"https:\\\/\\\/batijournal.com\\\/?s={search_term_string}\"},\"query-input\":{\"@type\":\"PropertyValueSpecification\",\"valueRequired\":true,\"valueName\":\"search_term_string\"}}],\"inLanguage\":\"fr-FR\"},{\"@type\":\"Person\",\"@id\":\"https:\\\/\\\/batijournal.com\\\/#\\\/schema\\\/person\\\/1dc96ec6957aa1ccb25ebe78bb19f100\",\"name\":\"St\u00e9phane Miget\",\"image\":{\"@type\":\"ImageObject\",\"inLanguage\":\"fr-FR\",\"@id\":\"https:\\\/\\\/secure.gravatar.com\\\/avatar\\\/89915563d925342126b8ef0281b93d9d7fc337043e8df017f780908eb9644451?s=96&d=mm&r=g\",\"url\":\"https:\\\/\\\/secure.gravatar.com\\\/avatar\\\/89915563d925342126b8ef0281b93d9d7fc337043e8df017f780908eb9644451?s=96&d=mm&r=g\",\"contentUrl\":\"https:\\\/\\\/secure.gravatar.com\\\/avatar\\\/89915563d925342126b8ef0281b93d9d7fc337043e8df017f780908eb9644451?s=96&d=mm&r=g\",\"caption\":\"St\u00e9phane Miget\"},\"url\":\"https:\\\/\\\/batijournal.com\\\/index.php\\\/author\\\/stephane\\\/\"}]}<\/script>\n<!-- \/ Yoast SEO plugin. -->","yoast_head_json":{"title":"O\u00f9 faire voler son drone ?","robots":{"index":"index","follow":"follow","max-snippet":"max-snippet:-1","max-image-preview":"max-image-preview:large","max-video-preview":"max-video-preview:-1"},"canonical":"https:\/\/batijournal.com\/index.php\/faire-voler-drone\/94606\/","og_locale":"fr_FR","og_type":"article","og_title":"O\u00f9 faire voler son drone ?","og_description":"Pour accompagner l\u2019essor du drone civil, la France a \u00e9t\u00e9 un des premiers pays \u00e0 se doter, d\u00e8s 2012, d\u2019une r\u00e9glementation. Celle-ci a \u00e9t\u00e9 compl\u00e9t\u00e9e par la loi relative au renforcement de la s\u00e9curit\u00e9 de l\u2019usage des drones civils, adopt\u00e9e par le Parlement le 13 octobre dernier. La Direction g\u00e9n\u00e9rale de l\u2019Aviation civile (DGAC), avec [&hellip;]","og_url":"https:\/\/batijournal.com\/index.php\/faire-voler-drone\/94606\/","og_site_name":"Batijournal","article_published_time":"2016-12-27T08:31:22+00:00","article_modified_time":"2019-07-15T10:08:46+00:00","og_image":[{"width":1289,"height":665,"url":"https:\/\/batijournal.com\/wp-content\/uploads\/2016\/12\/drone.png","type":"image\/png"}],"author":"St\u00e9phane Miget","twitter_card":"summary_large_image","twitter_creator":"@bati_journal","twitter_site":"@bati_journal","twitter_misc":{"\u00c9crit par":"St\u00e9phane Miget","Dur\u00e9e de lecture estim\u00e9e":"1 minute"},"schema":{"@context":"https:\/\/schema.org","@graph":[{"@type":"Article","@id":"https:\/\/batijournal.com\/index.php\/faire-voler-drone\/94606\/#article","isPartOf":{"@id":"https:\/\/batijournal.com\/index.php\/faire-voler-drone\/94606\/"},"author":{"name":"St\u00e9phane Miget","@id":"https:\/\/batijournal.com\/#\/schema\/person\/1dc96ec6957aa1ccb25ebe78bb19f100"},"headline":"O\u00f9 faire voler son drone ?","datePublished":"2016-12-27T08:31:22+00:00","dateModified":"2019-07-15T10:08:46+00:00","mainEntityOfPage":{"@id":"https:\/\/batijournal.com\/index.php\/faire-voler-drone\/94606\/"},"wordCount":157,"image":{"@id":"https:\/\/batijournal.com\/index.php\/faire-voler-drone\/94606\/#primaryimage"},"thumbnailUrl":"https:\/\/batijournal.com\/wp-content\/uploads\/2016\/12\/drone.png","keywords":["drone"],"articleSection":["Actualit\u00e9s","\u00c9conomie &amp; March\u00e9s"],"inLanguage":"fr-FR"},{"@type":"WebPage","@id":"https:\/\/batijournal.com\/index.php\/faire-voler-drone\/94606\/","url":"https:\/\/batijournal.com\/index.php\/faire-voler-drone\/94606\/","name":"O\u00f9 faire voler son drone ?","isPartOf":{"@id":"https:\/\/batijournal.com\/#website"},"primaryImageOfPage":{"@id":"https:\/\/batijournal.com\/index.php\/faire-voler-drone\/94606\/#primaryimage"},"image":{"@id":"https:\/\/batijournal.com\/index.php\/faire-voler-drone\/94606\/#primaryimage"},"thumbnailUrl":"https:\/\/batijournal.com\/wp-content\/uploads\/2016\/12\/drone.png","datePublished":"2016-12-27T08:31:22+00:00","dateModified":"2019-07-15T10:08:46+00:00","author":{"@id":"https:\/\/batijournal.com\/#\/schema\/person\/1dc96ec6957aa1ccb25ebe78bb19f100"},"breadcrumb":{"@id":"https:\/\/batijournal.com\/index.php\/faire-voler-drone\/94606\/#breadcrumb"},"inLanguage":"fr-FR","potentialAction":[{"@type":"ReadAction","target":["https:\/\/batijournal.com\/index.php\/faire-voler-drone\/94606\/"]}]},{"@type":"ImageObject","inLanguage":"fr-FR","@id":"https:\/\/batijournal.com\/index.php\/faire-voler-drone\/94606\/#primaryimage","url":"https:\/\/batijournal.com\/wp-content\/uploads\/2016\/12\/drone.png","contentUrl":"https:\/\/batijournal.com\/wp-content\/uploads\/2016\/12\/drone.png","width":1289,"height":665},{"@type":"BreadcrumbList","@id":"https:\/\/batijournal.com\/index.php\/faire-voler-drone\/94606\/#breadcrumb","itemListElement":[{"@type":"ListItem","position":1,"name":"Accueil","item":"https:\/\/batijournal.com\/"},{"@type":"ListItem","position":2,"name":"Actualit\u00e9s","item":"https:\/\/batijournal.com\/index.php\/category\/actualites\/"},{"@type":"ListItem","position":3,"name":"O\u00f9 faire voler son drone ?"}]},{"@type":"WebSite","@id":"https:\/\/batijournal.com\/#website","url":"https:\/\/batijournal.com\/","name":"Batijournal","description":"L&#039;actualit\u00e9 du b\u00e2timent","potentialAction":[{"@type":"SearchAction","target":{"@type":"EntryPoint","urlTemplate":"https:\/\/batijournal.com\/?s={search_term_string}"},"query-input":{"@type":"PropertyValueSpecification","valueRequired":true,"valueName":"search_term_string"}}],"inLanguage":"fr-FR"},{"@type":"Person","@id":"https:\/\/batijournal.com\/#\/schema\/person\/1dc96ec6957aa1ccb25ebe78bb19f100","name":"St\u00e9phane Miget","image":{"@type":"ImageObject","inLanguage":"fr-FR","@id":"https:\/\/secure.gravatar.com\/avatar\/89915563d925342126b8ef0281b93d9d7fc337043e8df017f780908eb9644451?s=96&d=mm&r=g","url":"https:\/\/secure.gravatar.com\/avatar\/89915563d925342126b8ef0281b93d9d7fc337043e8df017f780908eb9644451?s=96&d=mm&r=g","contentUrl":"https:\/\/secure.gravatar.com\/avatar\/89915563d925342126b8ef0281b93d9d7fc337043e8df017f780908eb9644451?s=96&d=mm&r=g","caption":"St\u00e9phane Miget"},"url":"https:\/\/batijournal.com\/index.php\/author\/stephane\/"}]}},"_links":{"self":[{"href":"https:\/\/batijournal.com\/index.php\/wp-json\/wp\/v2\/posts\/94606","targetHints":{"allow":["GET"]}}],"collection":[{"href":"https:\/\/batijournal.com\/index.php\/wp-json\/wp\/v2\/posts"}],"about":[{"href":"https:\/\/batijournal.com\/index.php\/wp-json\/wp\/v2\/types\/post"}],"author":[{"embeddable":true,"href":"https:\/\/batijournal.com\/index.php\/wp-json\/wp\/v2\/users\/17"}],"replies":[{"embeddable":true,"href":"https:\/\/batijournal.com\/index.php\/wp-json\/wp\/v2\/comments?post=94606"}],"version-history":[{"count":0,"href":"https:\/\/batijournal.com\/index.php\/wp-json\/wp\/v2\/posts\/94606\/revisions"}],"wp:featuredmedia":[{"embeddable":true,"href":"https:\/\/batijournal.com\/index.php\/wp-json\/wp\/v2\/media\/94607"}],"wp:attachment":[{"href":"https:\/\/batijournal.com\/index.php\/wp-json\/wp\/v2\/media?parent=94606"}],"wp:term":[{"taxonomy":"category","embeddable":true,"href":"https:\/\/batijournal.com\/index.php\/wp-json\/wp\/v2\/categories?post=94606"},{"taxonomy":"post_tag","embeddable":true,"href":"https:\/\/batijournal.com\/index.php\/wp-json\/wp\/v2\/tags?post=94606"}],"curies":[{"name":"wp","href":"https:\/\/api.w.org\/{rel}","templated":true}]}}