{"id":94628,"date":"2017-01-06T09:40:20","date_gmt":"2017-01-06T08:40:20","guid":{"rendered":"http:\/\/batijournal.com\/?p=94628"},"modified":"2019-07-15T12:08:46","modified_gmt":"2019-07-15T10:08:46","slug":"nouvelle-carte-didentification-professionnelle-btp-arrivee-cartebtp","status":"publish","type":"post","link":"https:\/\/batijournal.com\/index.php\/nouvelle-carte-didentification-professionnelle-btp-arrivee-cartebtp\/94628\/","title":{"rendered":"La nouvelle carte d\u2019identification professionnelle du BTP est arriv\u00e9e (#carteBTP)"},"content":{"rendered":"<p><strong>Bernard Cazeneuve s&rsquo;est rendu \u00e0 Flers-en-Escrebieux, mercredi 4 janvier, en pr\u00e9sence de Myriam El Khomri. Le Premier ministre a visit\u00e9 l&rsquo;imprimerie nationale et pr\u00e9sent\u00e9 la nouvelle carte d\u2019identification professionnelle du BTP (Carte BTP). La sortie des presses de ces premi\u00e8res cartes marque une nouvelle \u00e9tape dans la lutte contre la concurrence sociale d\u00e9loyale et le combat du gouvernement en faveur de la protection du mod\u00e8le social fran\u00e7ais.<\/strong><\/p>\n<p>D\u00e8s 2006, les professionnels du BTP ont pris l\u2019initiative de d\u00e9velopper des cartes professionnelles individuelles pour leurs salari\u00e9s. Cette carte, facultative \u00e0 l\u2019\u00e9poque, a progressivement emport\u00e9 l\u2019adh\u00e9sion de l\u2019ensemble des entreprises du secteur qui ont vu dans cet outil un instrument efficace de lutte contre le travail ill\u00e9gal. La loi du 6 ao\u00fbt 2015 pour la croissance, l\u2019activit\u00e9 et l\u2019\u00e9galit\u00e9 des chances \u00e9conomiques a marqu\u00e9 un tournant : sous l\u2019impulsion des partenaires sociaux du secteur, le gouvernement a souhait\u00e9 rendre la carte BTP obligatoire et l\u2019\u00e9tendre aux int\u00e9rimaires et aux travailleurs d\u00e9tach\u00e9s. Cette nouvelle carte BTP a \u00e9t\u00e9 con\u00e7ue pour lutter plus efficacement contre le travail ill\u00e9gal sous toutes ses formes (travail dissimul\u00e9, emploi d\u2019un \u00e9tranger sans titre de travail, pr\u00eat illicite de main- d\u2019\u0153uvre\u2026) et les fraudes au d\u00e9tachement. En cas de contr\u00f4le, elle permettra aux services de contr\u00f4le de v\u00e9rifier \u00e0 tout moment le respect par l\u2019employeur de l\u2019obligation de d\u00e9claration et d\u2019information relative aux personnels pr\u00e9sents sur un chantier. Gr\u00e2ce \u00e0 un acc\u00e8s s\u00e9curis\u00e9 \u00e0 une base informatis\u00e9e de donn\u00e9es personnelles, la carte BTP am\u00e9liorera consid\u00e9rablement le contr\u00f4le des travailleurs et de leurs employeurs en facilitant la v\u00e9rification imm\u00e9diate de leur emploi et la conformit\u00e9 de leur situation et de leurs conditions de travail.<\/p>\n<p>Depuis le 5 d\u00e9cembre 2016, la mise en place de la carte BTP est entr\u00e9e, pour deux mois, dans une phase pilote au cours de laquelle un nombre restreint d\u2019entreprises vont tester le dispositif sur la base d\u2019une exp\u00e9rimentation dans des conditions r\u00e9elles. A l\u2019issue de cette phase, le lancement op\u00e9rationnel sera r\u00e9alis\u00e9 selon un d\u00e9ploiement progressif par grandes zones g\u00e9ographiques :<br \/>\nJanvier 2017 : D\u00e9ploiement en Nouvelle Aquitaine et Occitanie<br \/>\nF\u00e9vrier 2017 : D\u00e9ploiement en Pays-de-la-Loire, Centre-val-de-Loire, Grand-Est, Bourgogne-Franche-Comt\u00e9<br \/>\nMars 2017 : D\u00e9ploiement en Provence-Alpes-C\u00f4te-D\u2019azur, Auvergne-Rh\u00f4ne-Alpes, Corse<br \/>\nAvril 2017 : D\u00e9ploiement en Bretagne, Hauts-de-France-Normandie<br \/>\nJuin 2017 : D\u00e9ploiement en Ile-de-France, DOM<\/p>\n<p>Les entreprises concern\u00e9es devront demander les cartes BTP pour leurs salari\u00e9s d\u2019apr\u00e8s ce calendrier de d\u00e9ploiement r\u00e9gional. Pour les salari\u00e9s et int\u00e9rimaires d\u00e9tach\u00e9s d\u2019entreprises \u00e9tablies hors de France, les demandes devront \u00eatre faites d\u00e8s le d\u00e9but de la phase de d\u00e9ploiement. Pour les salari\u00e9s d\u00e9tach\u00e9s, la demande de carte BTP accompagnera obligatoirement les nouvelles demandes de d\u00e9tachement.<\/p>\n<p><a href=\"http:\/\/www.cartebtp.fr\" target=\"_blank\" rel=\"noopener noreferrer\">www.cartebtp.fr<\/a><br \/>\nPhoto : Benjamin Boccas \/ Matignon<br \/>\nSources : Premier Ministre et Minist\u00e8re du travail<\/p>\n","protected":false},"excerpt":{"rendered":"<p>Bernard Cazeneuve s&rsquo;est rendu \u00e0 Flers-en-Escrebieux, mercredi 4 janvier, en pr\u00e9sence de Myriam El Khomri. Le Premier ministre a visit\u00e9 l&rsquo;imprimerie nationale et pr\u00e9sent\u00e9 la nouvelle carte d\u2019identification professionnelle du BTP (Carte BTP). La sortie des presses de ces premi\u00e8res cartes marque une nouvelle \u00e9tape dans la lutte contre la concurrence sociale d\u00e9loyale et le [&hellip;]<\/p>\n","protected":false},"author":17,"featured_media":94629,"comment_status":"closed","ping_status":"closed","sticky":false,"template":"","format":"standard","meta":{"_et_pb_use_builder":"","_et_pb_old_content":"","_et_gb_content_width":"","footnotes":""},"categories":[10736,10530,6345],"tags":[11358],"class_list":["post-94628","post","type-post","status-publish","format-standard","has-post-thumbnail","hentry","category-a-la-une","category-actualites","category-economie-marches","tag-carte-didentification-professionnelle"],"yoast_head":"<!-- This site is optimized with the Yoast SEO plugin v27.4 - https:\/\/yoast.com\/product\/yoast-seo-wordpress\/ -->\n<title>La nouvelle carte d\u2019identification professionnelle du BTP est arriv\u00e9e (#carteBTP)<\/title>\n<meta name=\"robots\" content=\"index, follow, max-snippet:-1, max-image-preview:large, max-video-preview:-1\" \/>\n<link rel=\"canonical\" href=\"https:\/\/batijournal.com\/index.php\/nouvelle-carte-didentification-professionnelle-btp-arrivee-cartebtp\/94628\/\" \/>\n<meta property=\"og:locale\" content=\"fr_FR\" \/>\n<meta property=\"og:type\" content=\"article\" \/>\n<meta property=\"og:title\" content=\"La nouvelle carte d\u2019identification professionnelle du BTP est arriv\u00e9e (#carteBTP)\" \/>\n<meta property=\"og:description\" content=\"Bernard Cazeneuve s&rsquo;est rendu \u00e0 Flers-en-Escrebieux, mercredi 4 janvier, en pr\u00e9sence de Myriam El Khomri. Le Premier ministre a visit\u00e9 l&rsquo;imprimerie nationale et pr\u00e9sent\u00e9 la nouvelle carte d\u2019identification professionnelle du BTP (Carte BTP). La sortie des presses de ces premi\u00e8res cartes marque une nouvelle \u00e9tape dans la lutte contre la concurrence sociale d\u00e9loyale et le [&hellip;]\" \/>\n<meta property=\"og:url\" content=\"https:\/\/batijournal.com\/index.php\/nouvelle-carte-didentification-professionnelle-btp-arrivee-cartebtp\/94628\/\" \/>\n<meta property=\"og:site_name\" content=\"Batijournal\" \/>\n<meta property=\"article:published_time\" content=\"2017-01-06T08:40:20+00:00\" \/>\n<meta property=\"article:modified_time\" content=\"2019-07-15T10:08:46+00:00\" \/>\n<meta property=\"og:image\" content=\"https:\/\/batijournal.com\/wp-content\/uploads\/2017\/01\/cartebtp.jpg\" \/>\n\t<meta property=\"og:image:width\" content=\"960\" \/>\n\t<meta property=\"og:image:height\" content=\"600\" \/>\n\t<meta property=\"og:image:type\" content=\"image\/jpeg\" \/>\n<meta name=\"author\" content=\"St\u00e9phane Miget\" \/>\n<meta name=\"twitter:card\" content=\"summary_large_image\" \/>\n<meta name=\"twitter:creator\" content=\"@bati_journal\" \/>\n<meta name=\"twitter:site\" content=\"@bati_journal\" \/>\n<meta name=\"twitter:label1\" content=\"\u00c9crit par\" \/>\n\t<meta name=\"twitter:data1\" content=\"St\u00e9phane Miget\" \/>\n\t<meta name=\"twitter:label2\" content=\"Dur\u00e9e de lecture estim\u00e9e\" \/>\n\t<meta name=\"twitter:data2\" content=\"3 minutes\" \/>\n<script type=\"application\/ld+json\" class=\"yoast-schema-graph\">{\"@context\":\"https:\\\/\\\/schema.org\",\"@graph\":[{\"@type\":\"Article\",\"@id\":\"https:\\\/\\\/batijournal.com\\\/index.php\\\/nouvelle-carte-didentification-professionnelle-btp-arrivee-cartebtp\\\/94628\\\/#article\",\"isPartOf\":{\"@id\":\"https:\\\/\\\/batijournal.com\\\/index.php\\\/nouvelle-carte-didentification-professionnelle-btp-arrivee-cartebtp\\\/94628\\\/\"},\"author\":{\"name\":\"St\u00e9phane Miget\",\"@id\":\"https:\\\/\\\/batijournal.com\\\/#\\\/schema\\\/person\\\/1dc96ec6957aa1ccb25ebe78bb19f100\"},\"headline\":\"La nouvelle carte d\u2019identification professionnelle du BTP est arriv\u00e9e (#carteBTP)\",\"datePublished\":\"2017-01-06T08:40:20+00:00\",\"dateModified\":\"2019-07-15T10:08:46+00:00\",\"mainEntityOfPage\":{\"@id\":\"https:\\\/\\\/batijournal.com\\\/index.php\\\/nouvelle-carte-didentification-professionnelle-btp-arrivee-cartebtp\\\/94628\\\/\"},\"wordCount\":525,\"image\":{\"@id\":\"https:\\\/\\\/batijournal.com\\\/index.php\\\/nouvelle-carte-didentification-professionnelle-btp-arrivee-cartebtp\\\/94628\\\/#primaryimage\"},\"thumbnailUrl\":\"https:\\\/\\\/batijournal.com\\\/wp-content\\\/uploads\\\/2017\\\/01\\\/cartebtp.jpg\",\"keywords\":[\"carte d\u2019identification professionnelle\"],\"articleSection\":[\"A la Une\",\"Actualit\u00e9s\",\"\u00c9conomie &amp; March\u00e9s\"],\"inLanguage\":\"fr-FR\"},{\"@type\":\"WebPage\",\"@id\":\"https:\\\/\\\/batijournal.com\\\/index.php\\\/nouvelle-carte-didentification-professionnelle-btp-arrivee-cartebtp\\\/94628\\\/\",\"url\":\"https:\\\/\\\/batijournal.com\\\/index.php\\\/nouvelle-carte-didentification-professionnelle-btp-arrivee-cartebtp\\\/94628\\\/\",\"name\":\"La nouvelle carte d\u2019identification professionnelle du BTP est arriv\u00e9e (#carteBTP)\",\"isPartOf\":{\"@id\":\"https:\\\/\\\/batijournal.com\\\/#website\"},\"primaryImageOfPage\":{\"@id\":\"https:\\\/\\\/batijournal.com\\\/index.php\\\/nouvelle-carte-didentification-professionnelle-btp-arrivee-cartebtp\\\/94628\\\/#primaryimage\"},\"image\":{\"@id\":\"https:\\\/\\\/batijournal.com\\\/index.php\\\/nouvelle-carte-didentification-professionnelle-btp-arrivee-cartebtp\\\/94628\\\/#primaryimage\"},\"thumbnailUrl\":\"https:\\\/\\\/batijournal.com\\\/wp-content\\\/uploads\\\/2017\\\/01\\\/cartebtp.jpg\",\"datePublished\":\"2017-01-06T08:40:20+00:00\",\"dateModified\":\"2019-07-15T10:08:46+00:00\",\"author\":{\"@id\":\"https:\\\/\\\/batijournal.com\\\/#\\\/schema\\\/person\\\/1dc96ec6957aa1ccb25ebe78bb19f100\"},\"breadcrumb\":{\"@id\":\"https:\\\/\\\/batijournal.com\\\/index.php\\\/nouvelle-carte-didentification-professionnelle-btp-arrivee-cartebtp\\\/94628\\\/#breadcrumb\"},\"inLanguage\":\"fr-FR\",\"potentialAction\":[{\"@type\":\"ReadAction\",\"target\":[\"https:\\\/\\\/batijournal.com\\\/index.php\\\/nouvelle-carte-didentification-professionnelle-btp-arrivee-cartebtp\\\/94628\\\/\"]}]},{\"@type\":\"ImageObject\",\"inLanguage\":\"fr-FR\",\"@id\":\"https:\\\/\\\/batijournal.com\\\/index.php\\\/nouvelle-carte-didentification-professionnelle-btp-arrivee-cartebtp\\\/94628\\\/#primaryimage\",\"url\":\"https:\\\/\\\/batijournal.com\\\/wp-content\\\/uploads\\\/2017\\\/01\\\/cartebtp.jpg\",\"contentUrl\":\"https:\\\/\\\/batijournal.com\\\/wp-content\\\/uploads\\\/2017\\\/01\\\/cartebtp.jpg\",\"width\":960,\"height\":600},{\"@type\":\"BreadcrumbList\",\"@id\":\"https:\\\/\\\/batijournal.com\\\/index.php\\\/nouvelle-carte-didentification-professionnelle-btp-arrivee-cartebtp\\\/94628\\\/#breadcrumb\",\"itemListElement\":[{\"@type\":\"ListItem\",\"position\":1,\"name\":\"Accueil\",\"item\":\"https:\\\/\\\/batijournal.com\\\/\"},{\"@type\":\"ListItem\",\"position\":2,\"name\":\"A la Une\",\"item\":\"https:\\\/\\\/batijournal.com\\\/index.php\\\/category\\\/a-la-une\\\/\"},{\"@type\":\"ListItem\",\"position\":3,\"name\":\"La nouvelle carte d\u2019identification professionnelle du BTP est arriv\u00e9e (#carteBTP)\"}]},{\"@type\":\"WebSite\",\"@id\":\"https:\\\/\\\/batijournal.com\\\/#website\",\"url\":\"https:\\\/\\\/batijournal.com\\\/\",\"name\":\"Batijournal\",\"description\":\"L&#039;actualit\u00e9 du b\u00e2timent\",\"potentialAction\":[{\"@type\":\"SearchAction\",\"target\":{\"@type\":\"EntryPoint\",\"urlTemplate\":\"https:\\\/\\\/batijournal.com\\\/?s={search_term_string}\"},\"query-input\":{\"@type\":\"PropertyValueSpecification\",\"valueRequired\":true,\"valueName\":\"search_term_string\"}}],\"inLanguage\":\"fr-FR\"},{\"@type\":\"Person\",\"@id\":\"https:\\\/\\\/batijournal.com\\\/#\\\/schema\\\/person\\\/1dc96ec6957aa1ccb25ebe78bb19f100\",\"name\":\"St\u00e9phane Miget\",\"image\":{\"@type\":\"ImageObject\",\"inLanguage\":\"fr-FR\",\"@id\":\"https:\\\/\\\/secure.gravatar.com\\\/avatar\\\/89915563d925342126b8ef0281b93d9d7fc337043e8df017f780908eb9644451?s=96&d=mm&r=g\",\"url\":\"https:\\\/\\\/secure.gravatar.com\\\/avatar\\\/89915563d925342126b8ef0281b93d9d7fc337043e8df017f780908eb9644451?s=96&d=mm&r=g\",\"contentUrl\":\"https:\\\/\\\/secure.gravatar.com\\\/avatar\\\/89915563d925342126b8ef0281b93d9d7fc337043e8df017f780908eb9644451?s=96&d=mm&r=g\",\"caption\":\"St\u00e9phane Miget\"},\"url\":\"https:\\\/\\\/batijournal.com\\\/index.php\\\/author\\\/stephane\\\/\"}]}<\/script>\n<!-- \/ Yoast SEO plugin. -->","yoast_head_json":{"title":"La nouvelle carte d\u2019identification professionnelle du BTP est arriv\u00e9e (#carteBTP)","robots":{"index":"index","follow":"follow","max-snippet":"max-snippet:-1","max-image-preview":"max-image-preview:large","max-video-preview":"max-video-preview:-1"},"canonical":"https:\/\/batijournal.com\/index.php\/nouvelle-carte-didentification-professionnelle-btp-arrivee-cartebtp\/94628\/","og_locale":"fr_FR","og_type":"article","og_title":"La nouvelle carte d\u2019identification professionnelle du BTP est arriv\u00e9e (#carteBTP)","og_description":"Bernard Cazeneuve s&rsquo;est rendu \u00e0 Flers-en-Escrebieux, mercredi 4 janvier, en pr\u00e9sence de Myriam El Khomri. Le Premier ministre a visit\u00e9 l&rsquo;imprimerie nationale et pr\u00e9sent\u00e9 la nouvelle carte d\u2019identification professionnelle du BTP (Carte BTP). La sortie des presses de ces premi\u00e8res cartes marque une nouvelle \u00e9tape dans la lutte contre la concurrence sociale d\u00e9loyale et le [&hellip;]","og_url":"https:\/\/batijournal.com\/index.php\/nouvelle-carte-didentification-professionnelle-btp-arrivee-cartebtp\/94628\/","og_site_name":"Batijournal","article_published_time":"2017-01-06T08:40:20+00:00","article_modified_time":"2019-07-15T10:08:46+00:00","og_image":[{"width":960,"height":600,"url":"https:\/\/batijournal.com\/wp-content\/uploads\/2017\/01\/cartebtp.jpg","type":"image\/jpeg"}],"author":"St\u00e9phane Miget","twitter_card":"summary_large_image","twitter_creator":"@bati_journal","twitter_site":"@bati_journal","twitter_misc":{"\u00c9crit par":"St\u00e9phane Miget","Dur\u00e9e de lecture estim\u00e9e":"3 minutes"},"schema":{"@context":"https:\/\/schema.org","@graph":[{"@type":"Article","@id":"https:\/\/batijournal.com\/index.php\/nouvelle-carte-didentification-professionnelle-btp-arrivee-cartebtp\/94628\/#article","isPartOf":{"@id":"https:\/\/batijournal.com\/index.php\/nouvelle-carte-didentification-professionnelle-btp-arrivee-cartebtp\/94628\/"},"author":{"name":"St\u00e9phane Miget","@id":"https:\/\/batijournal.com\/#\/schema\/person\/1dc96ec6957aa1ccb25ebe78bb19f100"},"headline":"La nouvelle carte d\u2019identification professionnelle du BTP est arriv\u00e9e (#carteBTP)","datePublished":"2017-01-06T08:40:20+00:00","dateModified":"2019-07-15T10:08:46+00:00","mainEntityOfPage":{"@id":"https:\/\/batijournal.com\/index.php\/nouvelle-carte-didentification-professionnelle-btp-arrivee-cartebtp\/94628\/"},"wordCount":525,"image":{"@id":"https:\/\/batijournal.com\/index.php\/nouvelle-carte-didentification-professionnelle-btp-arrivee-cartebtp\/94628\/#primaryimage"},"thumbnailUrl":"https:\/\/batijournal.com\/wp-content\/uploads\/2017\/01\/cartebtp.jpg","keywords":["carte d\u2019identification professionnelle"],"articleSection":["A la Une","Actualit\u00e9s","\u00c9conomie &amp; March\u00e9s"],"inLanguage":"fr-FR"},{"@type":"WebPage","@id":"https:\/\/batijournal.com\/index.php\/nouvelle-carte-didentification-professionnelle-btp-arrivee-cartebtp\/94628\/","url":"https:\/\/batijournal.com\/index.php\/nouvelle-carte-didentification-professionnelle-btp-arrivee-cartebtp\/94628\/","name":"La nouvelle carte d\u2019identification professionnelle du BTP est arriv\u00e9e (#carteBTP)","isPartOf":{"@id":"https:\/\/batijournal.com\/#website"},"primaryImageOfPage":{"@id":"https:\/\/batijournal.com\/index.php\/nouvelle-carte-didentification-professionnelle-btp-arrivee-cartebtp\/94628\/#primaryimage"},"image":{"@id":"https:\/\/batijournal.com\/index.php\/nouvelle-carte-didentification-professionnelle-btp-arrivee-cartebtp\/94628\/#primaryimage"},"thumbnailUrl":"https:\/\/batijournal.com\/wp-content\/uploads\/2017\/01\/cartebtp.jpg","datePublished":"2017-01-06T08:40:20+00:00","dateModified":"2019-07-15T10:08:46+00:00","author":{"@id":"https:\/\/batijournal.com\/#\/schema\/person\/1dc96ec6957aa1ccb25ebe78bb19f100"},"breadcrumb":{"@id":"https:\/\/batijournal.com\/index.php\/nouvelle-carte-didentification-professionnelle-btp-arrivee-cartebtp\/94628\/#breadcrumb"},"inLanguage":"fr-FR","potentialAction":[{"@type":"ReadAction","target":["https:\/\/batijournal.com\/index.php\/nouvelle-carte-didentification-professionnelle-btp-arrivee-cartebtp\/94628\/"]}]},{"@type":"ImageObject","inLanguage":"fr-FR","@id":"https:\/\/batijournal.com\/index.php\/nouvelle-carte-didentification-professionnelle-btp-arrivee-cartebtp\/94628\/#primaryimage","url":"https:\/\/batijournal.com\/wp-content\/uploads\/2017\/01\/cartebtp.jpg","contentUrl":"https:\/\/batijournal.com\/wp-content\/uploads\/2017\/01\/cartebtp.jpg","width":960,"height":600},{"@type":"BreadcrumbList","@id":"https:\/\/batijournal.com\/index.php\/nouvelle-carte-didentification-professionnelle-btp-arrivee-cartebtp\/94628\/#breadcrumb","itemListElement":[{"@type":"ListItem","position":1,"name":"Accueil","item":"https:\/\/batijournal.com\/"},{"@type":"ListItem","position":2,"name":"A la Une","item":"https:\/\/batijournal.com\/index.php\/category\/a-la-une\/"},{"@type":"ListItem","position":3,"name":"La nouvelle carte d\u2019identification professionnelle du BTP est arriv\u00e9e (#carteBTP)"}]},{"@type":"WebSite","@id":"https:\/\/batijournal.com\/#website","url":"https:\/\/batijournal.com\/","name":"Batijournal","description":"L&#039;actualit\u00e9 du b\u00e2timent","potentialAction":[{"@type":"SearchAction","target":{"@type":"EntryPoint","urlTemplate":"https:\/\/batijournal.com\/?s={search_term_string}"},"query-input":{"@type":"PropertyValueSpecification","valueRequired":true,"valueName":"search_term_string"}}],"inLanguage":"fr-FR"},{"@type":"Person","@id":"https:\/\/batijournal.com\/#\/schema\/person\/1dc96ec6957aa1ccb25ebe78bb19f100","name":"St\u00e9phane Miget","image":{"@type":"ImageObject","inLanguage":"fr-FR","@id":"https:\/\/secure.gravatar.com\/avatar\/89915563d925342126b8ef0281b93d9d7fc337043e8df017f780908eb9644451?s=96&d=mm&r=g","url":"https:\/\/secure.gravatar.com\/avatar\/89915563d925342126b8ef0281b93d9d7fc337043e8df017f780908eb9644451?s=96&d=mm&r=g","contentUrl":"https:\/\/secure.gravatar.com\/avatar\/89915563d925342126b8ef0281b93d9d7fc337043e8df017f780908eb9644451?s=96&d=mm&r=g","caption":"St\u00e9phane Miget"},"url":"https:\/\/batijournal.com\/index.php\/author\/stephane\/"}]}},"_links":{"self":[{"href":"https:\/\/batijournal.com\/index.php\/wp-json\/wp\/v2\/posts\/94628","targetHints":{"allow":["GET"]}}],"collection":[{"href":"https:\/\/batijournal.com\/index.php\/wp-json\/wp\/v2\/posts"}],"about":[{"href":"https:\/\/batijournal.com\/index.php\/wp-json\/wp\/v2\/types\/post"}],"author":[{"embeddable":true,"href":"https:\/\/batijournal.com\/index.php\/wp-json\/wp\/v2\/users\/17"}],"replies":[{"embeddable":true,"href":"https:\/\/batijournal.com\/index.php\/wp-json\/wp\/v2\/comments?post=94628"}],"version-history":[{"count":0,"href":"https:\/\/batijournal.com\/index.php\/wp-json\/wp\/v2\/posts\/94628\/revisions"}],"wp:featuredmedia":[{"embeddable":true,"href":"https:\/\/batijournal.com\/index.php\/wp-json\/wp\/v2\/media\/94629"}],"wp:attachment":[{"href":"https:\/\/batijournal.com\/index.php\/wp-json\/wp\/v2\/media?parent=94628"}],"wp:term":[{"taxonomy":"category","embeddable":true,"href":"https:\/\/batijournal.com\/index.php\/wp-json\/wp\/v2\/categories?post=94628"},{"taxonomy":"post_tag","embeddable":true,"href":"https:\/\/batijournal.com\/index.php\/wp-json\/wp\/v2\/tags?post=94628"}],"curies":[{"name":"wp","href":"https:\/\/api.w.org\/{rel}","templated":true}]}}