{"id":94632,"date":"2017-01-09T08:59:21","date_gmt":"2017-01-09T07:59:21","guid":{"rendered":"http:\/\/batijournal.com\/?p=94632"},"modified":"2019-07-15T12:07:17","modified_gmt":"2019-07-15T10:07:17","slug":"lafpa-devient-lagence-nationale-formation-professionnelle-adultes","status":"publish","type":"post","link":"https:\/\/batijournal.com\/index.php\/lafpa-devient-lagence-nationale-formation-professionnelle-adultes\/94632\/","title":{"rendered":"L&rsquo;Afpa devient l&rsquo;Agence nationale pour la formation professionnelle des adultes"},"content":{"rendered":"<p>Conform\u00e9ment \u00e0 l\u2019ordonnance du 11 novembre 2016 portant cr\u00e9ation d\u2019un \u00e9tablissement public (Epic) charg\u00e9 de la formation professionnelle des adultes, l\u2019Afpa, l\u2019Association nationale pour la formation professionnelle des adultes devient l\u2019Agence nationale pour la formation professionnelle des adultes. Elle se voit confier et financer par l\u2019Etat, quatre missions de service public :<br \/>\n&#8211; l\u2019ing\u00e9nierie de certification pour le compte du minist\u00e8re du Travail et d\u2019autres minist\u00e8res certificateurs, ainsi que la certification de candidats form\u00e9s par d\u2019autres organismes de formation<br \/>\n&#8211; le rep\u00e9rage des comp\u00e9tences \u00e9mergentes et la conception et l\u2019exp\u00e9rimentation de formations anticipatrices<br \/>\n&#8211; le d\u00e9veloppement d&rsquo;une expertise prospective de l\u2019\u00e9volution des comp\u00e9tences sur le march\u00e9 de l\u2019emploi<br \/>\n&#8211; l\u2019appui aux op\u00e9rateurs charg\u00e9s des activit\u00e9s de conseil en \u00e9volution professionnelle, notamment par la d\u00e9couverte des m\u00e9tiers sur les plateaux techniques de l\u2019Afpa.<\/p>\n<p>Membre du service public de l\u2019emploi, elle participera \u00e9galement \u00e0 l\u2019int\u00e9gration sociale et professionnelle des personnes vuln\u00e9rables, la promotion de l\u2019\u00e9galit\u00e9 d\u2019acc\u00e8s des femmes et des hommes \u00e0 la formation professionnelle et de la mixit\u00e9 des m\u00e9tiers et la continuit\u00e9 territoriale d\u2019acc\u00e8s \u00e0 la formation par un maillage territorial adapt\u00e9 aux besoins des personnes et des bassins d\u2019emploi. L\u2019Epic centr\u00e9 sur la certification professionnelle, sera constitu\u00e9 avant tout des formateurs et des personnels d\u2019appui, mais aussi de tous les centres Afpa, des plateaux de formation, de l\u2019immobilier, de l\u2019h\u00e9bergement et de la restauration. Ces ressources pourront \u00eatre mobilis\u00e9es pour l\u2019activit\u00e9 propre de l\u2019Afpa, de ses filiales, et sous condition, par d\u2019autres organismes de formation du service public r\u00e9gional de la formation professionnelle. Il sera dot\u00e9 dans les prochains mois de deux filiales : Entreprises et salari\u00e9s pour l\u2019accompagnement et la formation des salari\u00e9s, et Acc\u00e8s \u00e0 l\u2019emploi pour l\u2019accompagnement et la formation des demandeurs d\u2019emploi.<\/p>\n","protected":false},"excerpt":{"rendered":"<p>Conform\u00e9ment \u00e0 l\u2019ordonnance du 11 novembre 2016 portant cr\u00e9ation d\u2019un \u00e9tablissement public (Epic) charg\u00e9 de la formation professionnelle des adultes, l\u2019Afpa, l\u2019Association nationale pour la formation professionnelle des adultes devient l\u2019Agence nationale pour la formation professionnelle des adultes. Elle se voit confier et financer par l\u2019Etat, quatre missions de service public : &#8211; l\u2019ing\u00e9nierie de [&hellip;]<\/p>\n","protected":false},"author":17,"featured_media":93208,"comment_status":"closed","ping_status":"closed","sticky":false,"template":"","format":"standard","meta":{"_et_pb_use_builder":"","_et_pb_old_content":"","_et_gb_content_width":"","footnotes":""},"categories":[6345],"tags":[517],"class_list":["post-94632","post","type-post","status-publish","format-standard","has-post-thumbnail","hentry","category-economie-marches","tag-formation"],"yoast_head":"<!-- This site is optimized with the Yoast SEO plugin v27.4 - https:\/\/yoast.com\/product\/yoast-seo-wordpress\/ -->\n<title>L&#039;Afpa devient l&#039;Agence nationale pour la formation professionnelle des adultes<\/title>\n<meta name=\"robots\" content=\"index, follow, max-snippet:-1, max-image-preview:large, max-video-preview:-1\" \/>\n<link rel=\"canonical\" href=\"https:\/\/batijournal.com\/index.php\/lafpa-devient-lagence-nationale-formation-professionnelle-adultes\/94632\/\" \/>\n<meta property=\"og:locale\" content=\"fr_FR\" \/>\n<meta property=\"og:type\" content=\"article\" \/>\n<meta property=\"og:title\" content=\"L&#039;Afpa devient l&#039;Agence nationale pour la formation professionnelle des adultes\" \/>\n<meta property=\"og:description\" content=\"Conform\u00e9ment \u00e0 l\u2019ordonnance du 11 novembre 2016 portant cr\u00e9ation d\u2019un \u00e9tablissement public (Epic) charg\u00e9 de la formation professionnelle des adultes, l\u2019Afpa, l\u2019Association nationale pour la formation professionnelle des adultes devient l\u2019Agence nationale pour la formation professionnelle des adultes. Elle se voit confier et financer par l\u2019Etat, quatre missions de service public : &#8211; l\u2019ing\u00e9nierie de [&hellip;]\" \/>\n<meta property=\"og:url\" content=\"https:\/\/batijournal.com\/index.php\/lafpa-devient-lagence-nationale-formation-professionnelle-adultes\/94632\/\" \/>\n<meta property=\"og:site_name\" content=\"Batijournal\" \/>\n<meta property=\"article:published_time\" content=\"2017-01-09T07:59:21+00:00\" \/>\n<meta property=\"article:modified_time\" content=\"2019-07-15T10:07:17+00:00\" \/>\n<meta property=\"og:image\" content=\"https:\/\/batijournal.com\/wp-content\/uploads\/2016\/06\/afpa.png\" \/>\n\t<meta property=\"og:image:width\" content=\"504\" \/>\n\t<meta property=\"og:image:height\" content=\"225\" \/>\n\t<meta property=\"og:image:type\" content=\"image\/png\" \/>\n<meta name=\"author\" content=\"St\u00e9phane Miget\" \/>\n<meta name=\"twitter:card\" content=\"summary_large_image\" \/>\n<meta name=\"twitter:creator\" content=\"@bati_journal\" \/>\n<meta name=\"twitter:site\" content=\"@bati_journal\" \/>\n<meta name=\"twitter:label1\" content=\"\u00c9crit par\" \/>\n\t<meta name=\"twitter:data1\" content=\"St\u00e9phane Miget\" \/>\n\t<meta name=\"twitter:label2\" content=\"Dur\u00e9e de lecture estim\u00e9e\" \/>\n\t<meta name=\"twitter:data2\" content=\"2 minutes\" \/>\n<script type=\"application\/ld+json\" class=\"yoast-schema-graph\">{\"@context\":\"https:\\\/\\\/schema.org\",\"@graph\":[{\"@type\":\"Article\",\"@id\":\"https:\\\/\\\/batijournal.com\\\/index.php\\\/lafpa-devient-lagence-nationale-formation-professionnelle-adultes\\\/94632\\\/#article\",\"isPartOf\":{\"@id\":\"https:\\\/\\\/batijournal.com\\\/index.php\\\/lafpa-devient-lagence-nationale-formation-professionnelle-adultes\\\/94632\\\/\"},\"author\":{\"name\":\"St\u00e9phane Miget\",\"@id\":\"https:\\\/\\\/batijournal.com\\\/#\\\/schema\\\/person\\\/1dc96ec6957aa1ccb25ebe78bb19f100\"},\"headline\":\"L&rsquo;Afpa devient l&rsquo;Agence nationale pour la formation professionnelle des adultes\",\"datePublished\":\"2017-01-09T07:59:21+00:00\",\"dateModified\":\"2019-07-15T10:07:17+00:00\",\"mainEntityOfPage\":{\"@id\":\"https:\\\/\\\/batijournal.com\\\/index.php\\\/lafpa-devient-lagence-nationale-formation-professionnelle-adultes\\\/94632\\\/\"},\"wordCount\":349,\"image\":{\"@id\":\"https:\\\/\\\/batijournal.com\\\/index.php\\\/lafpa-devient-lagence-nationale-formation-professionnelle-adultes\\\/94632\\\/#primaryimage\"},\"thumbnailUrl\":\"https:\\\/\\\/batijournal.com\\\/wp-content\\\/uploads\\\/2016\\\/06\\\/afpa.png\",\"keywords\":[\"formation\"],\"articleSection\":[\"\u00c9conomie &amp; March\u00e9s\"],\"inLanguage\":\"fr-FR\"},{\"@type\":\"WebPage\",\"@id\":\"https:\\\/\\\/batijournal.com\\\/index.php\\\/lafpa-devient-lagence-nationale-formation-professionnelle-adultes\\\/94632\\\/\",\"url\":\"https:\\\/\\\/batijournal.com\\\/index.php\\\/lafpa-devient-lagence-nationale-formation-professionnelle-adultes\\\/94632\\\/\",\"name\":\"L'Afpa devient l'Agence nationale pour la formation professionnelle des adultes\",\"isPartOf\":{\"@id\":\"https:\\\/\\\/batijournal.com\\\/#website\"},\"primaryImageOfPage\":{\"@id\":\"https:\\\/\\\/batijournal.com\\\/index.php\\\/lafpa-devient-lagence-nationale-formation-professionnelle-adultes\\\/94632\\\/#primaryimage\"},\"image\":{\"@id\":\"https:\\\/\\\/batijournal.com\\\/index.php\\\/lafpa-devient-lagence-nationale-formation-professionnelle-adultes\\\/94632\\\/#primaryimage\"},\"thumbnailUrl\":\"https:\\\/\\\/batijournal.com\\\/wp-content\\\/uploads\\\/2016\\\/06\\\/afpa.png\",\"datePublished\":\"2017-01-09T07:59:21+00:00\",\"dateModified\":\"2019-07-15T10:07:17+00:00\",\"author\":{\"@id\":\"https:\\\/\\\/batijournal.com\\\/#\\\/schema\\\/person\\\/1dc96ec6957aa1ccb25ebe78bb19f100\"},\"breadcrumb\":{\"@id\":\"https:\\\/\\\/batijournal.com\\\/index.php\\\/lafpa-devient-lagence-nationale-formation-professionnelle-adultes\\\/94632\\\/#breadcrumb\"},\"inLanguage\":\"fr-FR\",\"potentialAction\":[{\"@type\":\"ReadAction\",\"target\":[\"https:\\\/\\\/batijournal.com\\\/index.php\\\/lafpa-devient-lagence-nationale-formation-professionnelle-adultes\\\/94632\\\/\"]}]},{\"@type\":\"ImageObject\",\"inLanguage\":\"fr-FR\",\"@id\":\"https:\\\/\\\/batijournal.com\\\/index.php\\\/lafpa-devient-lagence-nationale-formation-professionnelle-adultes\\\/94632\\\/#primaryimage\",\"url\":\"https:\\\/\\\/batijournal.com\\\/wp-content\\\/uploads\\\/2016\\\/06\\\/afpa.png\",\"contentUrl\":\"https:\\\/\\\/batijournal.com\\\/wp-content\\\/uploads\\\/2016\\\/06\\\/afpa.png\",\"width\":504,\"height\":225},{\"@type\":\"BreadcrumbList\",\"@id\":\"https:\\\/\\\/batijournal.com\\\/index.php\\\/lafpa-devient-lagence-nationale-formation-professionnelle-adultes\\\/94632\\\/#breadcrumb\",\"itemListElement\":[{\"@type\":\"ListItem\",\"position\":1,\"name\":\"Accueil\",\"item\":\"https:\\\/\\\/batijournal.com\\\/\"},{\"@type\":\"ListItem\",\"position\":2,\"name\":\"Actualit\u00e9s\",\"item\":\"https:\\\/\\\/batijournal.com\\\/index.php\\\/category\\\/actualites\\\/\"},{\"@type\":\"ListItem\",\"position\":3,\"name\":\"\u00c9conomie &amp; March\u00e9s\",\"item\":\"https:\\\/\\\/batijournal.com\\\/index.php\\\/category\\\/actualites\\\/economie-marches\\\/\"},{\"@type\":\"ListItem\",\"position\":4,\"name\":\"L&rsquo;Afpa devient l&rsquo;Agence nationale pour la formation professionnelle des adultes\"}]},{\"@type\":\"WebSite\",\"@id\":\"https:\\\/\\\/batijournal.com\\\/#website\",\"url\":\"https:\\\/\\\/batijournal.com\\\/\",\"name\":\"Batijournal\",\"description\":\"L&#039;actualit\u00e9 du b\u00e2timent\",\"potentialAction\":[{\"@type\":\"SearchAction\",\"target\":{\"@type\":\"EntryPoint\",\"urlTemplate\":\"https:\\\/\\\/batijournal.com\\\/?s={search_term_string}\"},\"query-input\":{\"@type\":\"PropertyValueSpecification\",\"valueRequired\":true,\"valueName\":\"search_term_string\"}}],\"inLanguage\":\"fr-FR\"},{\"@type\":\"Person\",\"@id\":\"https:\\\/\\\/batijournal.com\\\/#\\\/schema\\\/person\\\/1dc96ec6957aa1ccb25ebe78bb19f100\",\"name\":\"St\u00e9phane Miget\",\"image\":{\"@type\":\"ImageObject\",\"inLanguage\":\"fr-FR\",\"@id\":\"https:\\\/\\\/secure.gravatar.com\\\/avatar\\\/89915563d925342126b8ef0281b93d9d7fc337043e8df017f780908eb9644451?s=96&d=mm&r=g\",\"url\":\"https:\\\/\\\/secure.gravatar.com\\\/avatar\\\/89915563d925342126b8ef0281b93d9d7fc337043e8df017f780908eb9644451?s=96&d=mm&r=g\",\"contentUrl\":\"https:\\\/\\\/secure.gravatar.com\\\/avatar\\\/89915563d925342126b8ef0281b93d9d7fc337043e8df017f780908eb9644451?s=96&d=mm&r=g\",\"caption\":\"St\u00e9phane Miget\"},\"url\":\"https:\\\/\\\/batijournal.com\\\/index.php\\\/author\\\/stephane\\\/\"}]}<\/script>\n<!-- \/ Yoast SEO plugin. -->","yoast_head_json":{"title":"L'Afpa devient l'Agence nationale pour la formation professionnelle des adultes","robots":{"index":"index","follow":"follow","max-snippet":"max-snippet:-1","max-image-preview":"max-image-preview:large","max-video-preview":"max-video-preview:-1"},"canonical":"https:\/\/batijournal.com\/index.php\/lafpa-devient-lagence-nationale-formation-professionnelle-adultes\/94632\/","og_locale":"fr_FR","og_type":"article","og_title":"L'Afpa devient l'Agence nationale pour la formation professionnelle des adultes","og_description":"Conform\u00e9ment \u00e0 l\u2019ordonnance du 11 novembre 2016 portant cr\u00e9ation d\u2019un \u00e9tablissement public (Epic) charg\u00e9 de la formation professionnelle des adultes, l\u2019Afpa, l\u2019Association nationale pour la formation professionnelle des adultes devient l\u2019Agence nationale pour la formation professionnelle des adultes. Elle se voit confier et financer par l\u2019Etat, quatre missions de service public : &#8211; l\u2019ing\u00e9nierie de [&hellip;]","og_url":"https:\/\/batijournal.com\/index.php\/lafpa-devient-lagence-nationale-formation-professionnelle-adultes\/94632\/","og_site_name":"Batijournal","article_published_time":"2017-01-09T07:59:21+00:00","article_modified_time":"2019-07-15T10:07:17+00:00","og_image":[{"width":504,"height":225,"url":"https:\/\/batijournal.com\/wp-content\/uploads\/2016\/06\/afpa.png","type":"image\/png"}],"author":"St\u00e9phane Miget","twitter_card":"summary_large_image","twitter_creator":"@bati_journal","twitter_site":"@bati_journal","twitter_misc":{"\u00c9crit par":"St\u00e9phane Miget","Dur\u00e9e de lecture estim\u00e9e":"2 minutes"},"schema":{"@context":"https:\/\/schema.org","@graph":[{"@type":"Article","@id":"https:\/\/batijournal.com\/index.php\/lafpa-devient-lagence-nationale-formation-professionnelle-adultes\/94632\/#article","isPartOf":{"@id":"https:\/\/batijournal.com\/index.php\/lafpa-devient-lagence-nationale-formation-professionnelle-adultes\/94632\/"},"author":{"name":"St\u00e9phane Miget","@id":"https:\/\/batijournal.com\/#\/schema\/person\/1dc96ec6957aa1ccb25ebe78bb19f100"},"headline":"L&rsquo;Afpa devient l&rsquo;Agence nationale pour la formation professionnelle des adultes","datePublished":"2017-01-09T07:59:21+00:00","dateModified":"2019-07-15T10:07:17+00:00","mainEntityOfPage":{"@id":"https:\/\/batijournal.com\/index.php\/lafpa-devient-lagence-nationale-formation-professionnelle-adultes\/94632\/"},"wordCount":349,"image":{"@id":"https:\/\/batijournal.com\/index.php\/lafpa-devient-lagence-nationale-formation-professionnelle-adultes\/94632\/#primaryimage"},"thumbnailUrl":"https:\/\/batijournal.com\/wp-content\/uploads\/2016\/06\/afpa.png","keywords":["formation"],"articleSection":["\u00c9conomie &amp; March\u00e9s"],"inLanguage":"fr-FR"},{"@type":"WebPage","@id":"https:\/\/batijournal.com\/index.php\/lafpa-devient-lagence-nationale-formation-professionnelle-adultes\/94632\/","url":"https:\/\/batijournal.com\/index.php\/lafpa-devient-lagence-nationale-formation-professionnelle-adultes\/94632\/","name":"L'Afpa devient l'Agence nationale pour la formation professionnelle des adultes","isPartOf":{"@id":"https:\/\/batijournal.com\/#website"},"primaryImageOfPage":{"@id":"https:\/\/batijournal.com\/index.php\/lafpa-devient-lagence-nationale-formation-professionnelle-adultes\/94632\/#primaryimage"},"image":{"@id":"https:\/\/batijournal.com\/index.php\/lafpa-devient-lagence-nationale-formation-professionnelle-adultes\/94632\/#primaryimage"},"thumbnailUrl":"https:\/\/batijournal.com\/wp-content\/uploads\/2016\/06\/afpa.png","datePublished":"2017-01-09T07:59:21+00:00","dateModified":"2019-07-15T10:07:17+00:00","author":{"@id":"https:\/\/batijournal.com\/#\/schema\/person\/1dc96ec6957aa1ccb25ebe78bb19f100"},"breadcrumb":{"@id":"https:\/\/batijournal.com\/index.php\/lafpa-devient-lagence-nationale-formation-professionnelle-adultes\/94632\/#breadcrumb"},"inLanguage":"fr-FR","potentialAction":[{"@type":"ReadAction","target":["https:\/\/batijournal.com\/index.php\/lafpa-devient-lagence-nationale-formation-professionnelle-adultes\/94632\/"]}]},{"@type":"ImageObject","inLanguage":"fr-FR","@id":"https:\/\/batijournal.com\/index.php\/lafpa-devient-lagence-nationale-formation-professionnelle-adultes\/94632\/#primaryimage","url":"https:\/\/batijournal.com\/wp-content\/uploads\/2016\/06\/afpa.png","contentUrl":"https:\/\/batijournal.com\/wp-content\/uploads\/2016\/06\/afpa.png","width":504,"height":225},{"@type":"BreadcrumbList","@id":"https:\/\/batijournal.com\/index.php\/lafpa-devient-lagence-nationale-formation-professionnelle-adultes\/94632\/#breadcrumb","itemListElement":[{"@type":"ListItem","position":1,"name":"Accueil","item":"https:\/\/batijournal.com\/"},{"@type":"ListItem","position":2,"name":"Actualit\u00e9s","item":"https:\/\/batijournal.com\/index.php\/category\/actualites\/"},{"@type":"ListItem","position":3,"name":"\u00c9conomie &amp; March\u00e9s","item":"https:\/\/batijournal.com\/index.php\/category\/actualites\/economie-marches\/"},{"@type":"ListItem","position":4,"name":"L&rsquo;Afpa devient l&rsquo;Agence nationale pour la formation professionnelle des adultes"}]},{"@type":"WebSite","@id":"https:\/\/batijournal.com\/#website","url":"https:\/\/batijournal.com\/","name":"Batijournal","description":"L&#039;actualit\u00e9 du b\u00e2timent","potentialAction":[{"@type":"SearchAction","target":{"@type":"EntryPoint","urlTemplate":"https:\/\/batijournal.com\/?s={search_term_string}"},"query-input":{"@type":"PropertyValueSpecification","valueRequired":true,"valueName":"search_term_string"}}],"inLanguage":"fr-FR"},{"@type":"Person","@id":"https:\/\/batijournal.com\/#\/schema\/person\/1dc96ec6957aa1ccb25ebe78bb19f100","name":"St\u00e9phane Miget","image":{"@type":"ImageObject","inLanguage":"fr-FR","@id":"https:\/\/secure.gravatar.com\/avatar\/89915563d925342126b8ef0281b93d9d7fc337043e8df017f780908eb9644451?s=96&d=mm&r=g","url":"https:\/\/secure.gravatar.com\/avatar\/89915563d925342126b8ef0281b93d9d7fc337043e8df017f780908eb9644451?s=96&d=mm&r=g","contentUrl":"https:\/\/secure.gravatar.com\/avatar\/89915563d925342126b8ef0281b93d9d7fc337043e8df017f780908eb9644451?s=96&d=mm&r=g","caption":"St\u00e9phane Miget"},"url":"https:\/\/batijournal.com\/index.php\/author\/stephane\/"}]}},"_links":{"self":[{"href":"https:\/\/batijournal.com\/index.php\/wp-json\/wp\/v2\/posts\/94632","targetHints":{"allow":["GET"]}}],"collection":[{"href":"https:\/\/batijournal.com\/index.php\/wp-json\/wp\/v2\/posts"}],"about":[{"href":"https:\/\/batijournal.com\/index.php\/wp-json\/wp\/v2\/types\/post"}],"author":[{"embeddable":true,"href":"https:\/\/batijournal.com\/index.php\/wp-json\/wp\/v2\/users\/17"}],"replies":[{"embeddable":true,"href":"https:\/\/batijournal.com\/index.php\/wp-json\/wp\/v2\/comments?post=94632"}],"version-history":[{"count":0,"href":"https:\/\/batijournal.com\/index.php\/wp-json\/wp\/v2\/posts\/94632\/revisions"}],"wp:featuredmedia":[{"embeddable":true,"href":"https:\/\/batijournal.com\/index.php\/wp-json\/wp\/v2\/media\/93208"}],"wp:attachment":[{"href":"https:\/\/batijournal.com\/index.php\/wp-json\/wp\/v2\/media?parent=94632"}],"wp:term":[{"taxonomy":"category","embeddable":true,"href":"https:\/\/batijournal.com\/index.php\/wp-json\/wp\/v2\/categories?post=94632"},{"taxonomy":"post_tag","embeddable":true,"href":"https:\/\/batijournal.com\/index.php\/wp-json\/wp\/v2\/tags?post=94632"}],"curies":[{"name":"wp","href":"https:\/\/api.w.org\/{rel}","templated":true}]}}