{"id":94665,"date":"2017-01-10T11:06:00","date_gmt":"2017-01-10T10:06:00","guid":{"rendered":"http:\/\/batijournal.com\/?p=94665"},"modified":"2017-11-22T12:49:21","modified_gmt":"2017-11-22T11:49:21","slug":"matinee-du-contreplaque","status":"publish","type":"post","link":"https:\/\/batijournal.com\/index.php\/matinee-du-contreplaque\/94665\/","title":{"rendered":"Matin\u00e9e du contreplaqu\u00e9"},"content":{"rendered":"<p><!-- @page { margin: 2cm } P { margin-bottom: 0.21cm } --><\/p>\n<p><span style=\"color: #000000\"><span style=\"font-family: Arial, sans-serif\"><span style=\"font-size: medium\">Organis\u00e9e par lecontreplaque.com et les Industries du Panneau Contreplaqu\u00e9, avec le soutien du Comit\u00e9 de D\u00e9veloppement des Industries fran\u00e7aises de l&rsquo;Ameublement et du Bois (Codifab), la deuxi\u00e8me \u00e9dition de la Matin\u00e9e du Contreplaqu\u00e9 aura lieu le 19 janvier 2017 \u00e0 l&rsquo;Espace IRIS \u00e0 Paris, sur le th\u00e8me du confort int\u00e9rieur. Un sujet d&rsquo;actualit\u00e9 avec la future R\u00e9glementation B\u00e2timent Responsable (RBR), attendue \u00e0 l&rsquo;horizon 2018-2020, qui prendra en compte la notion du confort et de bien-\u00eatre des occupants, en int\u00e9grant les performances acoustiques, la qualit\u00e9 de l&rsquo;air int\u00e9rieur et la performance environnementale globale des b\u00e2timents. La matin\u00e9e sera l&rsquo;occasion d&rsquo;aborder, de mani\u00e8re approfondie et interactive, les solutions efficientes apport\u00e9es par le panneaux contreplaqu\u00e9, en termes de confort acoustique (correction et isolation) et en bonne intelligence avec les autres performances requises, en fonction du type de b\u00e2timent. <\/span><\/span><\/span><\/p>\n<p><span style=\"color: #000000\"><span style=\"font-family: ArialMT, sans-serif\"><span style=\"font-size: small\"><i>Photo : Vague acoustique Surfrider Foundation \u2013 Gardera-D : architecture et design\u2028 \/ Photo : Mathieu Choiselat<\/i><\/span><\/span><\/span><\/p>\n<p><!-- @page { margin: 2cm } P { margin-bottom: 0.21cm } A:link { so-language: zxx } --><\/p>\n<p><a href=\"http:\/\/http\/\/\/www.lecontreplaque.com\/matinee-2017-programme\/\">Programme et inscriptions\u00a0<\/a><\/p>\n<p>&nbsp;<\/p>\n<p>&nbsp;<\/p>\n","protected":false},"excerpt":{"rendered":"<p>Organis\u00e9e par lecontreplaque.com et les Industries du Panneau Contreplaqu\u00e9, avec le soutien du Comit\u00e9 de D\u00e9veloppement des Industries fran\u00e7aises de l&rsquo;Ameublement et du Bois (Codifab), la deuxi\u00e8me \u00e9dition de la Matin\u00e9e du Contreplaqu\u00e9 aura lieu le 19 janvier 2017 \u00e0 l&rsquo;Espace IRIS \u00e0 Paris, sur le th\u00e8me du confort int\u00e9rieur. Un sujet d&rsquo;actualit\u00e9 avec la [&hellip;]<\/p>\n","protected":false},"author":17,"featured_media":94666,"comment_status":"closed","ping_status":"closed","sticky":false,"template":"","format":"standard","meta":{"_et_pb_use_builder":"","_et_pb_old_content":"","_et_gb_content_width":"","footnotes":""},"categories":[10530,9192,10764],"tags":[],"class_list":["post-94665","post","type-post","status-publish","format-standard","has-post-thumbnail","hentry","category-actualites","category-evenements","category-woodsurfer"],"yoast_head":"<!-- This site is optimized with the Yoast SEO plugin v27.4 - https:\/\/yoast.com\/product\/yoast-seo-wordpress\/ -->\n<title>Matin\u00e9e du contreplaqu\u00e9<\/title>\n<meta name=\"robots\" content=\"index, follow, max-snippet:-1, max-image-preview:large, max-video-preview:-1\" \/>\n<link rel=\"canonical\" href=\"https:\/\/batijournal.com\/index.php\/matinee-du-contreplaque\/94665\/\" \/>\n<meta property=\"og:locale\" content=\"fr_FR\" \/>\n<meta property=\"og:type\" content=\"article\" \/>\n<meta property=\"og:title\" content=\"Matin\u00e9e du contreplaqu\u00e9\" \/>\n<meta property=\"og:description\" content=\"Organis\u00e9e par lecontreplaque.com et les Industries du Panneau Contreplaqu\u00e9, avec le soutien du Comit\u00e9 de D\u00e9veloppement des Industries fran\u00e7aises de l&rsquo;Ameublement et du Bois (Codifab), la deuxi\u00e8me \u00e9dition de la Matin\u00e9e du Contreplaqu\u00e9 aura lieu le 19 janvier 2017 \u00e0 l&rsquo;Espace IRIS \u00e0 Paris, sur le th\u00e8me du confort int\u00e9rieur. Un sujet d&rsquo;actualit\u00e9 avec la [&hellip;]\" \/>\n<meta property=\"og:url\" content=\"https:\/\/batijournal.com\/index.php\/matinee-du-contreplaque\/94665\/\" \/>\n<meta property=\"og:site_name\" content=\"Batijournal\" \/>\n<meta property=\"article:published_time\" content=\"2017-01-10T10:06:00+00:00\" \/>\n<meta property=\"article:modified_time\" content=\"2017-11-22T11:49:21+00:00\" \/>\n<meta property=\"og:image\" content=\"https:\/\/batijournal.com\/wp-content\/uploads\/2017\/01\/GARDERA-D_Architecture-et-Design-photo-M_CHOISELAT-.jpg\" \/>\n\t<meta property=\"og:image:width\" content=\"1701\" \/>\n\t<meta property=\"og:image:height\" content=\"1134\" \/>\n\t<meta property=\"og:image:type\" content=\"image\/jpeg\" \/>\n<meta name=\"author\" content=\"St\u00e9phane Miget\" \/>\n<meta name=\"twitter:card\" content=\"summary_large_image\" \/>\n<meta name=\"twitter:creator\" content=\"@bati_journal\" \/>\n<meta name=\"twitter:site\" content=\"@bati_journal\" \/>\n<meta name=\"twitter:label1\" content=\"\u00c9crit par\" \/>\n\t<meta name=\"twitter:data1\" content=\"St\u00e9phane Miget\" \/>\n\t<meta name=\"twitter:label2\" content=\"Dur\u00e9e de lecture estim\u00e9e\" \/>\n\t<meta name=\"twitter:data2\" content=\"1 minute\" \/>\n<script type=\"application\/ld+json\" class=\"yoast-schema-graph\">{\"@context\":\"https:\\\/\\\/schema.org\",\"@graph\":[{\"@type\":\"Article\",\"@id\":\"https:\\\/\\\/batijournal.com\\\/index.php\\\/matinee-du-contreplaque\\\/94665\\\/#article\",\"isPartOf\":{\"@id\":\"https:\\\/\\\/batijournal.com\\\/index.php\\\/matinee-du-contreplaque\\\/94665\\\/\"},\"author\":{\"name\":\"St\u00e9phane Miget\",\"@id\":\"https:\\\/\\\/batijournal.com\\\/#\\\/schema\\\/person\\\/1dc96ec6957aa1ccb25ebe78bb19f100\"},\"headline\":\"Matin\u00e9e du contreplaqu\u00e9\",\"datePublished\":\"2017-01-10T10:06:00+00:00\",\"dateModified\":\"2017-11-22T11:49:21+00:00\",\"mainEntityOfPage\":{\"@id\":\"https:\\\/\\\/batijournal.com\\\/index.php\\\/matinee-du-contreplaque\\\/94665\\\/\"},\"wordCount\":176,\"image\":{\"@id\":\"https:\\\/\\\/batijournal.com\\\/index.php\\\/matinee-du-contreplaque\\\/94665\\\/#primaryimage\"},\"thumbnailUrl\":\"https:\\\/\\\/batijournal.com\\\/wp-content\\\/uploads\\\/2017\\\/01\\\/GARDERA-D_Architecture-et-Design-photo-M_CHOISELAT-.jpg\",\"articleSection\":[\"Actualit\u00e9s\",\"\u00c9v\u00e9nements\",\"zz_Woodsurfer\"],\"inLanguage\":\"fr-FR\"},{\"@type\":\"WebPage\",\"@id\":\"https:\\\/\\\/batijournal.com\\\/index.php\\\/matinee-du-contreplaque\\\/94665\\\/\",\"url\":\"https:\\\/\\\/batijournal.com\\\/index.php\\\/matinee-du-contreplaque\\\/94665\\\/\",\"name\":\"Matin\u00e9e du contreplaqu\u00e9\",\"isPartOf\":{\"@id\":\"https:\\\/\\\/batijournal.com\\\/#website\"},\"primaryImageOfPage\":{\"@id\":\"https:\\\/\\\/batijournal.com\\\/index.php\\\/matinee-du-contreplaque\\\/94665\\\/#primaryimage\"},\"image\":{\"@id\":\"https:\\\/\\\/batijournal.com\\\/index.php\\\/matinee-du-contreplaque\\\/94665\\\/#primaryimage\"},\"thumbnailUrl\":\"https:\\\/\\\/batijournal.com\\\/wp-content\\\/uploads\\\/2017\\\/01\\\/GARDERA-D_Architecture-et-Design-photo-M_CHOISELAT-.jpg\",\"datePublished\":\"2017-01-10T10:06:00+00:00\",\"dateModified\":\"2017-11-22T11:49:21+00:00\",\"author\":{\"@id\":\"https:\\\/\\\/batijournal.com\\\/#\\\/schema\\\/person\\\/1dc96ec6957aa1ccb25ebe78bb19f100\"},\"breadcrumb\":{\"@id\":\"https:\\\/\\\/batijournal.com\\\/index.php\\\/matinee-du-contreplaque\\\/94665\\\/#breadcrumb\"},\"inLanguage\":\"fr-FR\",\"potentialAction\":[{\"@type\":\"ReadAction\",\"target\":[\"https:\\\/\\\/batijournal.com\\\/index.php\\\/matinee-du-contreplaque\\\/94665\\\/\"]}]},{\"@type\":\"ImageObject\",\"inLanguage\":\"fr-FR\",\"@id\":\"https:\\\/\\\/batijournal.com\\\/index.php\\\/matinee-du-contreplaque\\\/94665\\\/#primaryimage\",\"url\":\"https:\\\/\\\/batijournal.com\\\/wp-content\\\/uploads\\\/2017\\\/01\\\/GARDERA-D_Architecture-et-Design-photo-M_CHOISELAT-.jpg\",\"contentUrl\":\"https:\\\/\\\/batijournal.com\\\/wp-content\\\/uploads\\\/2017\\\/01\\\/GARDERA-D_Architecture-et-Design-photo-M_CHOISELAT-.jpg\",\"width\":1701,\"height\":1134},{\"@type\":\"BreadcrumbList\",\"@id\":\"https:\\\/\\\/batijournal.com\\\/index.php\\\/matinee-du-contreplaque\\\/94665\\\/#breadcrumb\",\"itemListElement\":[{\"@type\":\"ListItem\",\"position\":1,\"name\":\"Accueil\",\"item\":\"https:\\\/\\\/batijournal.com\\\/\"},{\"@type\":\"ListItem\",\"position\":2,\"name\":\"Actualit\u00e9s\",\"item\":\"https:\\\/\\\/batijournal.com\\\/index.php\\\/category\\\/actualites\\\/\"},{\"@type\":\"ListItem\",\"position\":3,\"name\":\"Matin\u00e9e du contreplaqu\u00e9\"}]},{\"@type\":\"WebSite\",\"@id\":\"https:\\\/\\\/batijournal.com\\\/#website\",\"url\":\"https:\\\/\\\/batijournal.com\\\/\",\"name\":\"Batijournal\",\"description\":\"L&#039;actualit\u00e9 du b\u00e2timent\",\"potentialAction\":[{\"@type\":\"SearchAction\",\"target\":{\"@type\":\"EntryPoint\",\"urlTemplate\":\"https:\\\/\\\/batijournal.com\\\/?s={search_term_string}\"},\"query-input\":{\"@type\":\"PropertyValueSpecification\",\"valueRequired\":true,\"valueName\":\"search_term_string\"}}],\"inLanguage\":\"fr-FR\"},{\"@type\":\"Person\",\"@id\":\"https:\\\/\\\/batijournal.com\\\/#\\\/schema\\\/person\\\/1dc96ec6957aa1ccb25ebe78bb19f100\",\"name\":\"St\u00e9phane Miget\",\"image\":{\"@type\":\"ImageObject\",\"inLanguage\":\"fr-FR\",\"@id\":\"https:\\\/\\\/secure.gravatar.com\\\/avatar\\\/89915563d925342126b8ef0281b93d9d7fc337043e8df017f780908eb9644451?s=96&d=mm&r=g\",\"url\":\"https:\\\/\\\/secure.gravatar.com\\\/avatar\\\/89915563d925342126b8ef0281b93d9d7fc337043e8df017f780908eb9644451?s=96&d=mm&r=g\",\"contentUrl\":\"https:\\\/\\\/secure.gravatar.com\\\/avatar\\\/89915563d925342126b8ef0281b93d9d7fc337043e8df017f780908eb9644451?s=96&d=mm&r=g\",\"caption\":\"St\u00e9phane Miget\"},\"url\":\"https:\\\/\\\/batijournal.com\\\/index.php\\\/author\\\/stephane\\\/\"}]}<\/script>\n<!-- \/ Yoast SEO plugin. -->","yoast_head_json":{"title":"Matin\u00e9e du contreplaqu\u00e9","robots":{"index":"index","follow":"follow","max-snippet":"max-snippet:-1","max-image-preview":"max-image-preview:large","max-video-preview":"max-video-preview:-1"},"canonical":"https:\/\/batijournal.com\/index.php\/matinee-du-contreplaque\/94665\/","og_locale":"fr_FR","og_type":"article","og_title":"Matin\u00e9e du contreplaqu\u00e9","og_description":"Organis\u00e9e par lecontreplaque.com et les Industries du Panneau Contreplaqu\u00e9, avec le soutien du Comit\u00e9 de D\u00e9veloppement des Industries fran\u00e7aises de l&rsquo;Ameublement et du Bois (Codifab), la deuxi\u00e8me \u00e9dition de la Matin\u00e9e du Contreplaqu\u00e9 aura lieu le 19 janvier 2017 \u00e0 l&rsquo;Espace IRIS \u00e0 Paris, sur le th\u00e8me du confort int\u00e9rieur. Un sujet d&rsquo;actualit\u00e9 avec la [&hellip;]","og_url":"https:\/\/batijournal.com\/index.php\/matinee-du-contreplaque\/94665\/","og_site_name":"Batijournal","article_published_time":"2017-01-10T10:06:00+00:00","article_modified_time":"2017-11-22T11:49:21+00:00","og_image":[{"width":1701,"height":1134,"url":"https:\/\/batijournal.com\/wp-content\/uploads\/2017\/01\/GARDERA-D_Architecture-et-Design-photo-M_CHOISELAT-.jpg","type":"image\/jpeg"}],"author":"St\u00e9phane Miget","twitter_card":"summary_large_image","twitter_creator":"@bati_journal","twitter_site":"@bati_journal","twitter_misc":{"\u00c9crit par":"St\u00e9phane Miget","Dur\u00e9e de lecture estim\u00e9e":"1 minute"},"schema":{"@context":"https:\/\/schema.org","@graph":[{"@type":"Article","@id":"https:\/\/batijournal.com\/index.php\/matinee-du-contreplaque\/94665\/#article","isPartOf":{"@id":"https:\/\/batijournal.com\/index.php\/matinee-du-contreplaque\/94665\/"},"author":{"name":"St\u00e9phane Miget","@id":"https:\/\/batijournal.com\/#\/schema\/person\/1dc96ec6957aa1ccb25ebe78bb19f100"},"headline":"Matin\u00e9e du contreplaqu\u00e9","datePublished":"2017-01-10T10:06:00+00:00","dateModified":"2017-11-22T11:49:21+00:00","mainEntityOfPage":{"@id":"https:\/\/batijournal.com\/index.php\/matinee-du-contreplaque\/94665\/"},"wordCount":176,"image":{"@id":"https:\/\/batijournal.com\/index.php\/matinee-du-contreplaque\/94665\/#primaryimage"},"thumbnailUrl":"https:\/\/batijournal.com\/wp-content\/uploads\/2017\/01\/GARDERA-D_Architecture-et-Design-photo-M_CHOISELAT-.jpg","articleSection":["Actualit\u00e9s","\u00c9v\u00e9nements","zz_Woodsurfer"],"inLanguage":"fr-FR"},{"@type":"WebPage","@id":"https:\/\/batijournal.com\/index.php\/matinee-du-contreplaque\/94665\/","url":"https:\/\/batijournal.com\/index.php\/matinee-du-contreplaque\/94665\/","name":"Matin\u00e9e du contreplaqu\u00e9","isPartOf":{"@id":"https:\/\/batijournal.com\/#website"},"primaryImageOfPage":{"@id":"https:\/\/batijournal.com\/index.php\/matinee-du-contreplaque\/94665\/#primaryimage"},"image":{"@id":"https:\/\/batijournal.com\/index.php\/matinee-du-contreplaque\/94665\/#primaryimage"},"thumbnailUrl":"https:\/\/batijournal.com\/wp-content\/uploads\/2017\/01\/GARDERA-D_Architecture-et-Design-photo-M_CHOISELAT-.jpg","datePublished":"2017-01-10T10:06:00+00:00","dateModified":"2017-11-22T11:49:21+00:00","author":{"@id":"https:\/\/batijournal.com\/#\/schema\/person\/1dc96ec6957aa1ccb25ebe78bb19f100"},"breadcrumb":{"@id":"https:\/\/batijournal.com\/index.php\/matinee-du-contreplaque\/94665\/#breadcrumb"},"inLanguage":"fr-FR","potentialAction":[{"@type":"ReadAction","target":["https:\/\/batijournal.com\/index.php\/matinee-du-contreplaque\/94665\/"]}]},{"@type":"ImageObject","inLanguage":"fr-FR","@id":"https:\/\/batijournal.com\/index.php\/matinee-du-contreplaque\/94665\/#primaryimage","url":"https:\/\/batijournal.com\/wp-content\/uploads\/2017\/01\/GARDERA-D_Architecture-et-Design-photo-M_CHOISELAT-.jpg","contentUrl":"https:\/\/batijournal.com\/wp-content\/uploads\/2017\/01\/GARDERA-D_Architecture-et-Design-photo-M_CHOISELAT-.jpg","width":1701,"height":1134},{"@type":"BreadcrumbList","@id":"https:\/\/batijournal.com\/index.php\/matinee-du-contreplaque\/94665\/#breadcrumb","itemListElement":[{"@type":"ListItem","position":1,"name":"Accueil","item":"https:\/\/batijournal.com\/"},{"@type":"ListItem","position":2,"name":"Actualit\u00e9s","item":"https:\/\/batijournal.com\/index.php\/category\/actualites\/"},{"@type":"ListItem","position":3,"name":"Matin\u00e9e du contreplaqu\u00e9"}]},{"@type":"WebSite","@id":"https:\/\/batijournal.com\/#website","url":"https:\/\/batijournal.com\/","name":"Batijournal","description":"L&#039;actualit\u00e9 du b\u00e2timent","potentialAction":[{"@type":"SearchAction","target":{"@type":"EntryPoint","urlTemplate":"https:\/\/batijournal.com\/?s={search_term_string}"},"query-input":{"@type":"PropertyValueSpecification","valueRequired":true,"valueName":"search_term_string"}}],"inLanguage":"fr-FR"},{"@type":"Person","@id":"https:\/\/batijournal.com\/#\/schema\/person\/1dc96ec6957aa1ccb25ebe78bb19f100","name":"St\u00e9phane Miget","image":{"@type":"ImageObject","inLanguage":"fr-FR","@id":"https:\/\/secure.gravatar.com\/avatar\/89915563d925342126b8ef0281b93d9d7fc337043e8df017f780908eb9644451?s=96&d=mm&r=g","url":"https:\/\/secure.gravatar.com\/avatar\/89915563d925342126b8ef0281b93d9d7fc337043e8df017f780908eb9644451?s=96&d=mm&r=g","contentUrl":"https:\/\/secure.gravatar.com\/avatar\/89915563d925342126b8ef0281b93d9d7fc337043e8df017f780908eb9644451?s=96&d=mm&r=g","caption":"St\u00e9phane Miget"},"url":"https:\/\/batijournal.com\/index.php\/author\/stephane\/"}]}},"_links":{"self":[{"href":"https:\/\/batijournal.com\/index.php\/wp-json\/wp\/v2\/posts\/94665","targetHints":{"allow":["GET"]}}],"collection":[{"href":"https:\/\/batijournal.com\/index.php\/wp-json\/wp\/v2\/posts"}],"about":[{"href":"https:\/\/batijournal.com\/index.php\/wp-json\/wp\/v2\/types\/post"}],"author":[{"embeddable":true,"href":"https:\/\/batijournal.com\/index.php\/wp-json\/wp\/v2\/users\/17"}],"replies":[{"embeddable":true,"href":"https:\/\/batijournal.com\/index.php\/wp-json\/wp\/v2\/comments?post=94665"}],"version-history":[{"count":0,"href":"https:\/\/batijournal.com\/index.php\/wp-json\/wp\/v2\/posts\/94665\/revisions"}],"wp:featuredmedia":[{"embeddable":true,"href":"https:\/\/batijournal.com\/index.php\/wp-json\/wp\/v2\/media\/94666"}],"wp:attachment":[{"href":"https:\/\/batijournal.com\/index.php\/wp-json\/wp\/v2\/media?parent=94665"}],"wp:term":[{"taxonomy":"category","embeddable":true,"href":"https:\/\/batijournal.com\/index.php\/wp-json\/wp\/v2\/categories?post=94665"},{"taxonomy":"post_tag","embeddable":true,"href":"https:\/\/batijournal.com\/index.php\/wp-json\/wp\/v2\/tags?post=94665"}],"curies":[{"name":"wp","href":"https:\/\/api.w.org\/{rel}","templated":true}]}}