{"id":94713,"date":"2017-01-11T11:28:16","date_gmt":"2017-01-11T10:28:16","guid":{"rendered":"http:\/\/batijournal.com\/?p=94713"},"modified":"2017-01-11T11:28:16","modified_gmt":"2017-01-11T10:28:16","slug":"creation-dune-section-specialisee-pin-maritime-sein-de-france-bois-foret","status":"publish","type":"post","link":"https:\/\/batijournal.com\/index.php\/creation-dune-section-specialisee-pin-maritime-sein-de-france-bois-foret\/94713\/","title":{"rendered":"Cr\u00e9ation d&rsquo;une section sp\u00e9cialis\u00e9e \u00ab\u00a0Pin maritime\u00a0\u00bb au sein de France Bois For\u00eat"},"content":{"rendered":"<p><!-- @page { margin: 2cm } P { margin-bottom: 0.21cm } --><\/p>\n<p><span style=\"font-family: Arial, sans-serif\"><span style=\"font-size: small\"><span style=\"color: #000000\">Cyril Le Picard, pr\u00e9sident de l&rsquo;Interprofession Nationale France Bois For\u00eat (FBF), et Bruno Lafon, pr\u00e9sident du Comit\u00e9 interprofessionnel du Pin maritime (CIPM) ont sign\u00e9 le 7 d\u00e9cembre dernier un protocole d&rsquo;accord pour la cr\u00e9ation d&rsquo;une section sp\u00e9cialis\u00e9e \u00ab\u00a0Pin maritime\u00a0\u00bb. F<\/span>aite en pr\u00e9sence du Ministre de l\u2019agriculture, de l\u2019agroalimentaire et de la for\u00eat, St\u00e9phane Le Foll et de Jean-Yves Caullet, d\u00e9put\u00e9 de l\u2019Yonne nomm\u00e9 m\u00e9diateur sur ce dossier, cette signature traduit la volont\u00e9 des acteurs concern\u00e9s de favoriser les synergies au service de la promotion des usages du bois et de la mobilisation durable de la ressource foresti\u00e8re. Elle concr\u00e9tise \u00e9galement une des dispositions de la Loi d\u2019avenir pour l\u2019agriculture, l\u2019alimentation et la for\u00eat du 13 octobre 2014 qui pr\u00e9voit la cr\u00e9ation de sections sp\u00e9cialis\u00e9es dans les interprofessions. <\/span><\/span><\/p>\n","protected":false},"excerpt":{"rendered":"<p>Cyril Le Picard, pr\u00e9sident de l&rsquo;Interprofession Nationale France Bois For\u00eat (FBF), et Bruno Lafon, pr\u00e9sident du Comit\u00e9 interprofessionnel du Pin maritime (CIPM) ont sign\u00e9 le 7 d\u00e9cembre dernier un protocole d&rsquo;accord pour la cr\u00e9ation d&rsquo;une section sp\u00e9cialis\u00e9e \u00ab\u00a0Pin maritime\u00a0\u00bb. Faite en pr\u00e9sence du Ministre de l\u2019agriculture, de l\u2019agroalimentaire et de la for\u00eat, St\u00e9phane Le Foll [&hellip;]<\/p>\n","protected":false},"author":17,"featured_media":94714,"comment_status":"closed","ping_status":"closed","sticky":false,"template":"","format":"standard","meta":{"_et_pb_use_builder":"","_et_pb_old_content":"","_et_gb_content_width":"","footnotes":""},"categories":[10530,10764],"tags":[],"class_list":["post-94713","post","type-post","status-publish","format-standard","has-post-thumbnail","hentry","category-actualites","category-woodsurfer"],"yoast_head":"<!-- This site is optimized with the Yoast SEO plugin v27.4 - https:\/\/yoast.com\/product\/yoast-seo-wordpress\/ -->\n<title>Cr\u00e9ation d&#039;une section sp\u00e9cialis\u00e9e &quot;Pin maritime&quot; au sein de France Bois For\u00eat<\/title>\n<meta name=\"robots\" content=\"index, follow, max-snippet:-1, max-image-preview:large, max-video-preview:-1\" \/>\n<link rel=\"canonical\" href=\"https:\/\/batijournal.com\/index.php\/creation-dune-section-specialisee-pin-maritime-sein-de-france-bois-foret\/94713\/\" \/>\n<meta property=\"og:locale\" content=\"fr_FR\" \/>\n<meta property=\"og:type\" content=\"article\" \/>\n<meta property=\"og:title\" content=\"Cr\u00e9ation d&#039;une section sp\u00e9cialis\u00e9e &quot;Pin maritime&quot; au sein de France Bois For\u00eat\" \/>\n<meta property=\"og:description\" content=\"Cyril Le Picard, pr\u00e9sident de l&rsquo;Interprofession Nationale France Bois For\u00eat (FBF), et Bruno Lafon, pr\u00e9sident du Comit\u00e9 interprofessionnel du Pin maritime (CIPM) ont sign\u00e9 le 7 d\u00e9cembre dernier un protocole d&rsquo;accord pour la cr\u00e9ation d&rsquo;une section sp\u00e9cialis\u00e9e \u00ab\u00a0Pin maritime\u00a0\u00bb. Faite en pr\u00e9sence du Ministre de l\u2019agriculture, de l\u2019agroalimentaire et de la for\u00eat, St\u00e9phane Le Foll [&hellip;]\" \/>\n<meta property=\"og:url\" content=\"https:\/\/batijournal.com\/index.php\/creation-dune-section-specialisee-pin-maritime-sein-de-france-bois-foret\/94713\/\" \/>\n<meta property=\"og:site_name\" content=\"Batijournal\" \/>\n<meta property=\"article:published_time\" content=\"2017-01-11T10:28:16+00:00\" \/>\n<meta property=\"og:image\" content=\"https:\/\/batijournal.com\/wp-content\/uploads\/2017\/01\/16279_012-1024x681-1.jpg\" \/>\n\t<meta property=\"og:image:width\" content=\"1024\" \/>\n\t<meta property=\"og:image:height\" content=\"681\" \/>\n\t<meta property=\"og:image:type\" content=\"image\/jpeg\" \/>\n<meta name=\"author\" content=\"St\u00e9phane Miget\" \/>\n<meta name=\"twitter:card\" content=\"summary_large_image\" \/>\n<meta name=\"twitter:creator\" content=\"@bati_journal\" \/>\n<meta name=\"twitter:site\" content=\"@bati_journal\" \/>\n<meta name=\"twitter:label1\" content=\"\u00c9crit par\" \/>\n\t<meta name=\"twitter:data1\" content=\"St\u00e9phane Miget\" \/>\n\t<meta name=\"twitter:label2\" content=\"Dur\u00e9e de lecture estim\u00e9e\" \/>\n\t<meta name=\"twitter:data2\" content=\"1 minute\" \/>\n<script type=\"application\/ld+json\" class=\"yoast-schema-graph\">{\"@context\":\"https:\\\/\\\/schema.org\",\"@graph\":[{\"@type\":\"Article\",\"@id\":\"https:\\\/\\\/batijournal.com\\\/index.php\\\/creation-dune-section-specialisee-pin-maritime-sein-de-france-bois-foret\\\/94713\\\/#article\",\"isPartOf\":{\"@id\":\"https:\\\/\\\/batijournal.com\\\/index.php\\\/creation-dune-section-specialisee-pin-maritime-sein-de-france-bois-foret\\\/94713\\\/\"},\"author\":{\"name\":\"St\u00e9phane Miget\",\"@id\":\"https:\\\/\\\/batijournal.com\\\/#\\\/schema\\\/person\\\/1dc96ec6957aa1ccb25ebe78bb19f100\"},\"headline\":\"Cr\u00e9ation d&rsquo;une section sp\u00e9cialis\u00e9e \u00ab\u00a0Pin maritime\u00a0\u00bb au sein de France Bois For\u00eat\",\"datePublished\":\"2017-01-11T10:28:16+00:00\",\"mainEntityOfPage\":{\"@id\":\"https:\\\/\\\/batijournal.com\\\/index.php\\\/creation-dune-section-specialisee-pin-maritime-sein-de-france-bois-foret\\\/94713\\\/\"},\"wordCount\":170,\"image\":{\"@id\":\"https:\\\/\\\/batijournal.com\\\/index.php\\\/creation-dune-section-specialisee-pin-maritime-sein-de-france-bois-foret\\\/94713\\\/#primaryimage\"},\"thumbnailUrl\":\"https:\\\/\\\/batijournal.com\\\/wp-content\\\/uploads\\\/2017\\\/01\\\/16279_012-1024x681-1.jpg\",\"articleSection\":[\"Actualit\u00e9s\",\"zz_Woodsurfer\"],\"inLanguage\":\"fr-FR\"},{\"@type\":\"WebPage\",\"@id\":\"https:\\\/\\\/batijournal.com\\\/index.php\\\/creation-dune-section-specialisee-pin-maritime-sein-de-france-bois-foret\\\/94713\\\/\",\"url\":\"https:\\\/\\\/batijournal.com\\\/index.php\\\/creation-dune-section-specialisee-pin-maritime-sein-de-france-bois-foret\\\/94713\\\/\",\"name\":\"Cr\u00e9ation d'une section sp\u00e9cialis\u00e9e \\\"Pin maritime\\\" au sein de France Bois For\u00eat\",\"isPartOf\":{\"@id\":\"https:\\\/\\\/batijournal.com\\\/#website\"},\"primaryImageOfPage\":{\"@id\":\"https:\\\/\\\/batijournal.com\\\/index.php\\\/creation-dune-section-specialisee-pin-maritime-sein-de-france-bois-foret\\\/94713\\\/#primaryimage\"},\"image\":{\"@id\":\"https:\\\/\\\/batijournal.com\\\/index.php\\\/creation-dune-section-specialisee-pin-maritime-sein-de-france-bois-foret\\\/94713\\\/#primaryimage\"},\"thumbnailUrl\":\"https:\\\/\\\/batijournal.com\\\/wp-content\\\/uploads\\\/2017\\\/01\\\/16279_012-1024x681-1.jpg\",\"datePublished\":\"2017-01-11T10:28:16+00:00\",\"author\":{\"@id\":\"https:\\\/\\\/batijournal.com\\\/#\\\/schema\\\/person\\\/1dc96ec6957aa1ccb25ebe78bb19f100\"},\"breadcrumb\":{\"@id\":\"https:\\\/\\\/batijournal.com\\\/index.php\\\/creation-dune-section-specialisee-pin-maritime-sein-de-france-bois-foret\\\/94713\\\/#breadcrumb\"},\"inLanguage\":\"fr-FR\",\"potentialAction\":[{\"@type\":\"ReadAction\",\"target\":[\"https:\\\/\\\/batijournal.com\\\/index.php\\\/creation-dune-section-specialisee-pin-maritime-sein-de-france-bois-foret\\\/94713\\\/\"]}]},{\"@type\":\"ImageObject\",\"inLanguage\":\"fr-FR\",\"@id\":\"https:\\\/\\\/batijournal.com\\\/index.php\\\/creation-dune-section-specialisee-pin-maritime-sein-de-france-bois-foret\\\/94713\\\/#primaryimage\",\"url\":\"https:\\\/\\\/batijournal.com\\\/wp-content\\\/uploads\\\/2017\\\/01\\\/16279_012-1024x681-1.jpg\",\"contentUrl\":\"https:\\\/\\\/batijournal.com\\\/wp-content\\\/uploads\\\/2017\\\/01\\\/16279_012-1024x681-1.jpg\",\"width\":1024,\"height\":681},{\"@type\":\"BreadcrumbList\",\"@id\":\"https:\\\/\\\/batijournal.com\\\/index.php\\\/creation-dune-section-specialisee-pin-maritime-sein-de-france-bois-foret\\\/94713\\\/#breadcrumb\",\"itemListElement\":[{\"@type\":\"ListItem\",\"position\":1,\"name\":\"Accueil\",\"item\":\"https:\\\/\\\/batijournal.com\\\/\"},{\"@type\":\"ListItem\",\"position\":2,\"name\":\"Actualit\u00e9s\",\"item\":\"https:\\\/\\\/batijournal.com\\\/index.php\\\/category\\\/actualites\\\/\"},{\"@type\":\"ListItem\",\"position\":3,\"name\":\"Cr\u00e9ation d&rsquo;une section sp\u00e9cialis\u00e9e \u00ab\u00a0Pin maritime\u00a0\u00bb au sein de France Bois For\u00eat\"}]},{\"@type\":\"WebSite\",\"@id\":\"https:\\\/\\\/batijournal.com\\\/#website\",\"url\":\"https:\\\/\\\/batijournal.com\\\/\",\"name\":\"Batijournal\",\"description\":\"L&#039;actualit\u00e9 du b\u00e2timent\",\"potentialAction\":[{\"@type\":\"SearchAction\",\"target\":{\"@type\":\"EntryPoint\",\"urlTemplate\":\"https:\\\/\\\/batijournal.com\\\/?s={search_term_string}\"},\"query-input\":{\"@type\":\"PropertyValueSpecification\",\"valueRequired\":true,\"valueName\":\"search_term_string\"}}],\"inLanguage\":\"fr-FR\"},{\"@type\":\"Person\",\"@id\":\"https:\\\/\\\/batijournal.com\\\/#\\\/schema\\\/person\\\/1dc96ec6957aa1ccb25ebe78bb19f100\",\"name\":\"St\u00e9phane Miget\",\"image\":{\"@type\":\"ImageObject\",\"inLanguage\":\"fr-FR\",\"@id\":\"https:\\\/\\\/secure.gravatar.com\\\/avatar\\\/89915563d925342126b8ef0281b93d9d7fc337043e8df017f780908eb9644451?s=96&d=mm&r=g\",\"url\":\"https:\\\/\\\/secure.gravatar.com\\\/avatar\\\/89915563d925342126b8ef0281b93d9d7fc337043e8df017f780908eb9644451?s=96&d=mm&r=g\",\"contentUrl\":\"https:\\\/\\\/secure.gravatar.com\\\/avatar\\\/89915563d925342126b8ef0281b93d9d7fc337043e8df017f780908eb9644451?s=96&d=mm&r=g\",\"caption\":\"St\u00e9phane Miget\"},\"url\":\"https:\\\/\\\/batijournal.com\\\/index.php\\\/author\\\/stephane\\\/\"}]}<\/script>\n<!-- \/ Yoast SEO plugin. -->","yoast_head_json":{"title":"Cr\u00e9ation d'une section sp\u00e9cialis\u00e9e \"Pin maritime\" au sein de France Bois For\u00eat","robots":{"index":"index","follow":"follow","max-snippet":"max-snippet:-1","max-image-preview":"max-image-preview:large","max-video-preview":"max-video-preview:-1"},"canonical":"https:\/\/batijournal.com\/index.php\/creation-dune-section-specialisee-pin-maritime-sein-de-france-bois-foret\/94713\/","og_locale":"fr_FR","og_type":"article","og_title":"Cr\u00e9ation d'une section sp\u00e9cialis\u00e9e \"Pin maritime\" au sein de France Bois For\u00eat","og_description":"Cyril Le Picard, pr\u00e9sident de l&rsquo;Interprofession Nationale France Bois For\u00eat (FBF), et Bruno Lafon, pr\u00e9sident du Comit\u00e9 interprofessionnel du Pin maritime (CIPM) ont sign\u00e9 le 7 d\u00e9cembre dernier un protocole d&rsquo;accord pour la cr\u00e9ation d&rsquo;une section sp\u00e9cialis\u00e9e \u00ab\u00a0Pin maritime\u00a0\u00bb. Faite en pr\u00e9sence du Ministre de l\u2019agriculture, de l\u2019agroalimentaire et de la for\u00eat, St\u00e9phane Le Foll [&hellip;]","og_url":"https:\/\/batijournal.com\/index.php\/creation-dune-section-specialisee-pin-maritime-sein-de-france-bois-foret\/94713\/","og_site_name":"Batijournal","article_published_time":"2017-01-11T10:28:16+00:00","og_image":[{"width":1024,"height":681,"url":"https:\/\/batijournal.com\/wp-content\/uploads\/2017\/01\/16279_012-1024x681-1.jpg","type":"image\/jpeg"}],"author":"St\u00e9phane Miget","twitter_card":"summary_large_image","twitter_creator":"@bati_journal","twitter_site":"@bati_journal","twitter_misc":{"\u00c9crit par":"St\u00e9phane Miget","Dur\u00e9e de lecture estim\u00e9e":"1 minute"},"schema":{"@context":"https:\/\/schema.org","@graph":[{"@type":"Article","@id":"https:\/\/batijournal.com\/index.php\/creation-dune-section-specialisee-pin-maritime-sein-de-france-bois-foret\/94713\/#article","isPartOf":{"@id":"https:\/\/batijournal.com\/index.php\/creation-dune-section-specialisee-pin-maritime-sein-de-france-bois-foret\/94713\/"},"author":{"name":"St\u00e9phane Miget","@id":"https:\/\/batijournal.com\/#\/schema\/person\/1dc96ec6957aa1ccb25ebe78bb19f100"},"headline":"Cr\u00e9ation d&rsquo;une section sp\u00e9cialis\u00e9e \u00ab\u00a0Pin maritime\u00a0\u00bb au sein de France Bois For\u00eat","datePublished":"2017-01-11T10:28:16+00:00","mainEntityOfPage":{"@id":"https:\/\/batijournal.com\/index.php\/creation-dune-section-specialisee-pin-maritime-sein-de-france-bois-foret\/94713\/"},"wordCount":170,"image":{"@id":"https:\/\/batijournal.com\/index.php\/creation-dune-section-specialisee-pin-maritime-sein-de-france-bois-foret\/94713\/#primaryimage"},"thumbnailUrl":"https:\/\/batijournal.com\/wp-content\/uploads\/2017\/01\/16279_012-1024x681-1.jpg","articleSection":["Actualit\u00e9s","zz_Woodsurfer"],"inLanguage":"fr-FR"},{"@type":"WebPage","@id":"https:\/\/batijournal.com\/index.php\/creation-dune-section-specialisee-pin-maritime-sein-de-france-bois-foret\/94713\/","url":"https:\/\/batijournal.com\/index.php\/creation-dune-section-specialisee-pin-maritime-sein-de-france-bois-foret\/94713\/","name":"Cr\u00e9ation d'une section sp\u00e9cialis\u00e9e \"Pin maritime\" au sein de France Bois For\u00eat","isPartOf":{"@id":"https:\/\/batijournal.com\/#website"},"primaryImageOfPage":{"@id":"https:\/\/batijournal.com\/index.php\/creation-dune-section-specialisee-pin-maritime-sein-de-france-bois-foret\/94713\/#primaryimage"},"image":{"@id":"https:\/\/batijournal.com\/index.php\/creation-dune-section-specialisee-pin-maritime-sein-de-france-bois-foret\/94713\/#primaryimage"},"thumbnailUrl":"https:\/\/batijournal.com\/wp-content\/uploads\/2017\/01\/16279_012-1024x681-1.jpg","datePublished":"2017-01-11T10:28:16+00:00","author":{"@id":"https:\/\/batijournal.com\/#\/schema\/person\/1dc96ec6957aa1ccb25ebe78bb19f100"},"breadcrumb":{"@id":"https:\/\/batijournal.com\/index.php\/creation-dune-section-specialisee-pin-maritime-sein-de-france-bois-foret\/94713\/#breadcrumb"},"inLanguage":"fr-FR","potentialAction":[{"@type":"ReadAction","target":["https:\/\/batijournal.com\/index.php\/creation-dune-section-specialisee-pin-maritime-sein-de-france-bois-foret\/94713\/"]}]},{"@type":"ImageObject","inLanguage":"fr-FR","@id":"https:\/\/batijournal.com\/index.php\/creation-dune-section-specialisee-pin-maritime-sein-de-france-bois-foret\/94713\/#primaryimage","url":"https:\/\/batijournal.com\/wp-content\/uploads\/2017\/01\/16279_012-1024x681-1.jpg","contentUrl":"https:\/\/batijournal.com\/wp-content\/uploads\/2017\/01\/16279_012-1024x681-1.jpg","width":1024,"height":681},{"@type":"BreadcrumbList","@id":"https:\/\/batijournal.com\/index.php\/creation-dune-section-specialisee-pin-maritime-sein-de-france-bois-foret\/94713\/#breadcrumb","itemListElement":[{"@type":"ListItem","position":1,"name":"Accueil","item":"https:\/\/batijournal.com\/"},{"@type":"ListItem","position":2,"name":"Actualit\u00e9s","item":"https:\/\/batijournal.com\/index.php\/category\/actualites\/"},{"@type":"ListItem","position":3,"name":"Cr\u00e9ation d&rsquo;une section sp\u00e9cialis\u00e9e \u00ab\u00a0Pin maritime\u00a0\u00bb au sein de France Bois For\u00eat"}]},{"@type":"WebSite","@id":"https:\/\/batijournal.com\/#website","url":"https:\/\/batijournal.com\/","name":"Batijournal","description":"L&#039;actualit\u00e9 du b\u00e2timent","potentialAction":[{"@type":"SearchAction","target":{"@type":"EntryPoint","urlTemplate":"https:\/\/batijournal.com\/?s={search_term_string}"},"query-input":{"@type":"PropertyValueSpecification","valueRequired":true,"valueName":"search_term_string"}}],"inLanguage":"fr-FR"},{"@type":"Person","@id":"https:\/\/batijournal.com\/#\/schema\/person\/1dc96ec6957aa1ccb25ebe78bb19f100","name":"St\u00e9phane Miget","image":{"@type":"ImageObject","inLanguage":"fr-FR","@id":"https:\/\/secure.gravatar.com\/avatar\/89915563d925342126b8ef0281b93d9d7fc337043e8df017f780908eb9644451?s=96&d=mm&r=g","url":"https:\/\/secure.gravatar.com\/avatar\/89915563d925342126b8ef0281b93d9d7fc337043e8df017f780908eb9644451?s=96&d=mm&r=g","contentUrl":"https:\/\/secure.gravatar.com\/avatar\/89915563d925342126b8ef0281b93d9d7fc337043e8df017f780908eb9644451?s=96&d=mm&r=g","caption":"St\u00e9phane Miget"},"url":"https:\/\/batijournal.com\/index.php\/author\/stephane\/"}]}},"_links":{"self":[{"href":"https:\/\/batijournal.com\/index.php\/wp-json\/wp\/v2\/posts\/94713","targetHints":{"allow":["GET"]}}],"collection":[{"href":"https:\/\/batijournal.com\/index.php\/wp-json\/wp\/v2\/posts"}],"about":[{"href":"https:\/\/batijournal.com\/index.php\/wp-json\/wp\/v2\/types\/post"}],"author":[{"embeddable":true,"href":"https:\/\/batijournal.com\/index.php\/wp-json\/wp\/v2\/users\/17"}],"replies":[{"embeddable":true,"href":"https:\/\/batijournal.com\/index.php\/wp-json\/wp\/v2\/comments?post=94713"}],"version-history":[{"count":0,"href":"https:\/\/batijournal.com\/index.php\/wp-json\/wp\/v2\/posts\/94713\/revisions"}],"wp:featuredmedia":[{"embeddable":true,"href":"https:\/\/batijournal.com\/index.php\/wp-json\/wp\/v2\/media\/94714"}],"wp:attachment":[{"href":"https:\/\/batijournal.com\/index.php\/wp-json\/wp\/v2\/media?parent=94713"}],"wp:term":[{"taxonomy":"category","embeddable":true,"href":"https:\/\/batijournal.com\/index.php\/wp-json\/wp\/v2\/categories?post=94713"},{"taxonomy":"post_tag","embeddable":true,"href":"https:\/\/batijournal.com\/index.php\/wp-json\/wp\/v2\/tags?post=94713"}],"curies":[{"name":"wp","href":"https:\/\/api.w.org\/{rel}","templated":true}]}}