{"id":94724,"date":"2017-01-11T17:58:02","date_gmt":"2017-01-11T16:58:02","guid":{"rendered":"http:\/\/batijournal.com\/?p=94724"},"modified":"2017-01-11T17:58:02","modified_gmt":"2017-01-11T16:58:02","slug":"filmm-vs-actis-suite-fin","status":"publish","type":"post","link":"https:\/\/batijournal.com\/index.php\/filmm-vs-actis-suite-fin\/94724\/","title":{"rendered":"FILMM vs Actis\u00a0: suite mais pas fin"},"content":{"rendered":"<p><!-- @page { margin: 2cm } P { margin-bottom: 0.21cm } --><\/p>\n<p><span style=\"font-family: Arial, sans-serif\"><span style=\"font-size: small\">Le 10 janvier 2017, la Cour d&rsquo;appel de Versailles a d\u00e9bout\u00e9 le FILMM, Syndicat national <span style=\"font-family: Verdana, serif\">des Fabricants d&rsquo;Isolants en Laines Min\u00e9rales Manufactur\u00e9es, de son action contre Actis, pour publicit\u00e9 mensong\u00e8re. L&rsquo;affaire remonte \u00e0 1996, quand le FILMM a engag\u00e9 des poursuites contre Actis pour pratiques commerciales trompeuses et parasitisme, \u00e0 la suite de publicit\u00e9s pr\u00e9sentant des qualit\u00e9s d&rsquo;isolation thermique du produit TRI-ISO SUPER 9. Dans le cadre de la proc\u00e9dure, le rapport d&rsquo;expertise judiciaire, d\u00e9pos\u00e9 par deux experts ind\u00e9pendants d\u00e9sign\u00e9s par la Cour, avait conclu que le produit mis en cause \u00ab\u00a0\u00e0 l\u2019\u00e9vidence, n&rsquo;isole pas autant et pas mieux que 20 cm d&rsquo;isolant en laine min\u00e9rale\u00a0\u00bb. Aujourd&rsquo;hui, apr\u00e8s avoir relev\u00e9 que le rapport des experts \u00e9tait d\u2019une grande clart\u00e9, la Cour reprend leurs conclusions et les r\u00e9sultats d\u2019essais d\u00e9j\u00e0 publi\u00e9s. Elle en d\u00e9duit que \u00ab\u00a0dans un b\u00e2timent b\u00e9n\u00e9ficiant d\u2019une \u00e9tanch\u00e9it\u00e9 \u00e0 l\u2019air conforme aux r\u00e8gles de bonnes pratiques en usage dans la construction\u00a0\u00bb, les performances des laines min\u00e9rales sont sup\u00e9rieures \u00e0 celles des produits minces. Toutefois, la Cour consid\u00e8re qu\u2019en l\u2019absence, \u00e0 l\u2019\u00e9poque, de r\u00e9glementation contraignante sur l\u2019\u00e9tanch\u00e9it\u00e9 \u00e0 l\u2019air, la publicit\u00e9 d\u2019Actis n\u2019encoure pas les griefs qui lui ont \u00e9t\u00e9 reproch\u00e9s. Le FILMM \u00ab\u00a0fait part de son incompr\u00e9hension\u00a0face \u00e0 cet arr\u00eat qui intervient \u00e0 l&rsquo;issue de 20 longues ann\u00e9es de proc\u00e9dure\u00a0\u00bb et \u00ab\u00a0 envisage tr\u00e8s s\u00e9rieusement de se pourvoir en cassation\u00a0\u00bb. <\/span><\/span><\/span><\/p>\n","protected":false},"excerpt":{"rendered":"<p>Le 10 janvier 2017, la Cour d&rsquo;appel de Versailles a d\u00e9bout\u00e9 le FILMM, Syndicat national des Fabricants d&rsquo;Isolants en Laines Min\u00e9rales Manufactur\u00e9es, de son action contre Actis, pour publicit\u00e9 mensong\u00e8re. L&rsquo;affaire remonte \u00e0 1996, quand le FILMM a engag\u00e9 des poursuites contre Actis pour pratiques commerciales trompeuses et parasitisme, \u00e0 la suite de publicit\u00e9s pr\u00e9sentant [&hellip;]<\/p>\n","protected":false},"author":17,"featured_media":94725,"comment_status":"closed","ping_status":"closed","sticky":false,"template":"","format":"standard","meta":{"_et_pb_use_builder":"","_et_pb_old_content":"","_et_gb_content_width":"","footnotes":""},"categories":[10530,10764],"tags":[],"class_list":["post-94724","post","type-post","status-publish","format-standard","has-post-thumbnail","hentry","category-actualites","category-woodsurfer"],"yoast_head":"<!-- This site is optimized with the Yoast SEO plugin v27.4 - https:\/\/yoast.com\/product\/yoast-seo-wordpress\/ -->\n<title>FILMM vs Actis\u00a0: suite mais pas fin<\/title>\n<meta name=\"robots\" content=\"index, follow, max-snippet:-1, max-image-preview:large, max-video-preview:-1\" \/>\n<link rel=\"canonical\" href=\"https:\/\/batijournal.com\/index.php\/filmm-vs-actis-suite-fin\/94724\/\" \/>\n<meta property=\"og:locale\" content=\"fr_FR\" \/>\n<meta property=\"og:type\" content=\"article\" \/>\n<meta property=\"og:title\" content=\"FILMM vs Actis\u00a0: suite mais pas fin\" \/>\n<meta property=\"og:description\" content=\"Le 10 janvier 2017, la Cour d&rsquo;appel de Versailles a d\u00e9bout\u00e9 le FILMM, Syndicat national des Fabricants d&rsquo;Isolants en Laines Min\u00e9rales Manufactur\u00e9es, de son action contre Actis, pour publicit\u00e9 mensong\u00e8re. L&rsquo;affaire remonte \u00e0 1996, quand le FILMM a engag\u00e9 des poursuites contre Actis pour pratiques commerciales trompeuses et parasitisme, \u00e0 la suite de publicit\u00e9s pr\u00e9sentant [&hellip;]\" \/>\n<meta property=\"og:url\" content=\"https:\/\/batijournal.com\/index.php\/filmm-vs-actis-suite-fin\/94724\/\" \/>\n<meta property=\"og:site_name\" content=\"Batijournal\" \/>\n<meta property=\"article:published_time\" content=\"2017-01-11T16:58:02+00:00\" \/>\n<meta property=\"og:image\" content=\"https:\/\/batijournal.com\/wp-content\/uploads\/2017\/01\/IMAGE_20111114_15796174.jpg\" \/>\n\t<meta property=\"og:image:width\" content=\"900\" \/>\n\t<meta property=\"og:image:height\" content=\"510\" \/>\n\t<meta property=\"og:image:type\" content=\"image\/jpeg\" \/>\n<meta name=\"author\" content=\"St\u00e9phane Miget\" \/>\n<meta name=\"twitter:card\" content=\"summary_large_image\" \/>\n<meta name=\"twitter:creator\" content=\"@bati_journal\" \/>\n<meta name=\"twitter:site\" content=\"@bati_journal\" \/>\n<meta name=\"twitter:label1\" content=\"\u00c9crit par\" \/>\n\t<meta name=\"twitter:data1\" content=\"St\u00e9phane Miget\" \/>\n\t<meta name=\"twitter:label2\" content=\"Dur\u00e9e de lecture estim\u00e9e\" \/>\n\t<meta name=\"twitter:data2\" content=\"1 minute\" \/>\n<script type=\"application\/ld+json\" class=\"yoast-schema-graph\">{\"@context\":\"https:\\\/\\\/schema.org\",\"@graph\":[{\"@type\":\"Article\",\"@id\":\"https:\\\/\\\/batijournal.com\\\/index.php\\\/filmm-vs-actis-suite-fin\\\/94724\\\/#article\",\"isPartOf\":{\"@id\":\"https:\\\/\\\/batijournal.com\\\/index.php\\\/filmm-vs-actis-suite-fin\\\/94724\\\/\"},\"author\":{\"name\":\"St\u00e9phane Miget\",\"@id\":\"https:\\\/\\\/batijournal.com\\\/#\\\/schema\\\/person\\\/1dc96ec6957aa1ccb25ebe78bb19f100\"},\"headline\":\"FILMM vs Actis\u00a0: suite mais pas fin\",\"datePublished\":\"2017-01-11T16:58:02+00:00\",\"mainEntityOfPage\":{\"@id\":\"https:\\\/\\\/batijournal.com\\\/index.php\\\/filmm-vs-actis-suite-fin\\\/94724\\\/\"},\"wordCount\":270,\"image\":{\"@id\":\"https:\\\/\\\/batijournal.com\\\/index.php\\\/filmm-vs-actis-suite-fin\\\/94724\\\/#primaryimage\"},\"thumbnailUrl\":\"https:\\\/\\\/batijournal.com\\\/wp-content\\\/uploads\\\/2017\\\/01\\\/IMAGE_20111114_15796174.jpg\",\"articleSection\":[\"Actualit\u00e9s\",\"zz_Woodsurfer\"],\"inLanguage\":\"fr-FR\"},{\"@type\":\"WebPage\",\"@id\":\"https:\\\/\\\/batijournal.com\\\/index.php\\\/filmm-vs-actis-suite-fin\\\/94724\\\/\",\"url\":\"https:\\\/\\\/batijournal.com\\\/index.php\\\/filmm-vs-actis-suite-fin\\\/94724\\\/\",\"name\":\"FILMM vs Actis\u00a0: suite mais pas fin\",\"isPartOf\":{\"@id\":\"https:\\\/\\\/batijournal.com\\\/#website\"},\"primaryImageOfPage\":{\"@id\":\"https:\\\/\\\/batijournal.com\\\/index.php\\\/filmm-vs-actis-suite-fin\\\/94724\\\/#primaryimage\"},\"image\":{\"@id\":\"https:\\\/\\\/batijournal.com\\\/index.php\\\/filmm-vs-actis-suite-fin\\\/94724\\\/#primaryimage\"},\"thumbnailUrl\":\"https:\\\/\\\/batijournal.com\\\/wp-content\\\/uploads\\\/2017\\\/01\\\/IMAGE_20111114_15796174.jpg\",\"datePublished\":\"2017-01-11T16:58:02+00:00\",\"author\":{\"@id\":\"https:\\\/\\\/batijournal.com\\\/#\\\/schema\\\/person\\\/1dc96ec6957aa1ccb25ebe78bb19f100\"},\"breadcrumb\":{\"@id\":\"https:\\\/\\\/batijournal.com\\\/index.php\\\/filmm-vs-actis-suite-fin\\\/94724\\\/#breadcrumb\"},\"inLanguage\":\"fr-FR\",\"potentialAction\":[{\"@type\":\"ReadAction\",\"target\":[\"https:\\\/\\\/batijournal.com\\\/index.php\\\/filmm-vs-actis-suite-fin\\\/94724\\\/\"]}]},{\"@type\":\"ImageObject\",\"inLanguage\":\"fr-FR\",\"@id\":\"https:\\\/\\\/batijournal.com\\\/index.php\\\/filmm-vs-actis-suite-fin\\\/94724\\\/#primaryimage\",\"url\":\"https:\\\/\\\/batijournal.com\\\/wp-content\\\/uploads\\\/2017\\\/01\\\/IMAGE_20111114_15796174.jpg\",\"contentUrl\":\"https:\\\/\\\/batijournal.com\\\/wp-content\\\/uploads\\\/2017\\\/01\\\/IMAGE_20111114_15796174.jpg\",\"width\":900,\"height\":510},{\"@type\":\"BreadcrumbList\",\"@id\":\"https:\\\/\\\/batijournal.com\\\/index.php\\\/filmm-vs-actis-suite-fin\\\/94724\\\/#breadcrumb\",\"itemListElement\":[{\"@type\":\"ListItem\",\"position\":1,\"name\":\"Accueil\",\"item\":\"https:\\\/\\\/batijournal.com\\\/\"},{\"@type\":\"ListItem\",\"position\":2,\"name\":\"Actualit\u00e9s\",\"item\":\"https:\\\/\\\/batijournal.com\\\/index.php\\\/category\\\/actualites\\\/\"},{\"@type\":\"ListItem\",\"position\":3,\"name\":\"FILMM vs Actis\u00a0: suite mais pas fin\"}]},{\"@type\":\"WebSite\",\"@id\":\"https:\\\/\\\/batijournal.com\\\/#website\",\"url\":\"https:\\\/\\\/batijournal.com\\\/\",\"name\":\"Batijournal\",\"description\":\"L&#039;actualit\u00e9 du b\u00e2timent\",\"potentialAction\":[{\"@type\":\"SearchAction\",\"target\":{\"@type\":\"EntryPoint\",\"urlTemplate\":\"https:\\\/\\\/batijournal.com\\\/?s={search_term_string}\"},\"query-input\":{\"@type\":\"PropertyValueSpecification\",\"valueRequired\":true,\"valueName\":\"search_term_string\"}}],\"inLanguage\":\"fr-FR\"},{\"@type\":\"Person\",\"@id\":\"https:\\\/\\\/batijournal.com\\\/#\\\/schema\\\/person\\\/1dc96ec6957aa1ccb25ebe78bb19f100\",\"name\":\"St\u00e9phane Miget\",\"image\":{\"@type\":\"ImageObject\",\"inLanguage\":\"fr-FR\",\"@id\":\"https:\\\/\\\/secure.gravatar.com\\\/avatar\\\/89915563d925342126b8ef0281b93d9d7fc337043e8df017f780908eb9644451?s=96&d=mm&r=g\",\"url\":\"https:\\\/\\\/secure.gravatar.com\\\/avatar\\\/89915563d925342126b8ef0281b93d9d7fc337043e8df017f780908eb9644451?s=96&d=mm&r=g\",\"contentUrl\":\"https:\\\/\\\/secure.gravatar.com\\\/avatar\\\/89915563d925342126b8ef0281b93d9d7fc337043e8df017f780908eb9644451?s=96&d=mm&r=g\",\"caption\":\"St\u00e9phane Miget\"},\"url\":\"https:\\\/\\\/batijournal.com\\\/index.php\\\/author\\\/stephane\\\/\"}]}<\/script>\n<!-- \/ Yoast SEO plugin. -->","yoast_head_json":{"title":"FILMM vs Actis\u00a0: suite mais pas fin","robots":{"index":"index","follow":"follow","max-snippet":"max-snippet:-1","max-image-preview":"max-image-preview:large","max-video-preview":"max-video-preview:-1"},"canonical":"https:\/\/batijournal.com\/index.php\/filmm-vs-actis-suite-fin\/94724\/","og_locale":"fr_FR","og_type":"article","og_title":"FILMM vs Actis\u00a0: suite mais pas fin","og_description":"Le 10 janvier 2017, la Cour d&rsquo;appel de Versailles a d\u00e9bout\u00e9 le FILMM, Syndicat national des Fabricants d&rsquo;Isolants en Laines Min\u00e9rales Manufactur\u00e9es, de son action contre Actis, pour publicit\u00e9 mensong\u00e8re. L&rsquo;affaire remonte \u00e0 1996, quand le FILMM a engag\u00e9 des poursuites contre Actis pour pratiques commerciales trompeuses et parasitisme, \u00e0 la suite de publicit\u00e9s pr\u00e9sentant [&hellip;]","og_url":"https:\/\/batijournal.com\/index.php\/filmm-vs-actis-suite-fin\/94724\/","og_site_name":"Batijournal","article_published_time":"2017-01-11T16:58:02+00:00","og_image":[{"width":900,"height":510,"url":"https:\/\/batijournal.com\/wp-content\/uploads\/2017\/01\/IMAGE_20111114_15796174.jpg","type":"image\/jpeg"}],"author":"St\u00e9phane Miget","twitter_card":"summary_large_image","twitter_creator":"@bati_journal","twitter_site":"@bati_journal","twitter_misc":{"\u00c9crit par":"St\u00e9phane Miget","Dur\u00e9e de lecture estim\u00e9e":"1 minute"},"schema":{"@context":"https:\/\/schema.org","@graph":[{"@type":"Article","@id":"https:\/\/batijournal.com\/index.php\/filmm-vs-actis-suite-fin\/94724\/#article","isPartOf":{"@id":"https:\/\/batijournal.com\/index.php\/filmm-vs-actis-suite-fin\/94724\/"},"author":{"name":"St\u00e9phane Miget","@id":"https:\/\/batijournal.com\/#\/schema\/person\/1dc96ec6957aa1ccb25ebe78bb19f100"},"headline":"FILMM vs Actis\u00a0: suite mais pas fin","datePublished":"2017-01-11T16:58:02+00:00","mainEntityOfPage":{"@id":"https:\/\/batijournal.com\/index.php\/filmm-vs-actis-suite-fin\/94724\/"},"wordCount":270,"image":{"@id":"https:\/\/batijournal.com\/index.php\/filmm-vs-actis-suite-fin\/94724\/#primaryimage"},"thumbnailUrl":"https:\/\/batijournal.com\/wp-content\/uploads\/2017\/01\/IMAGE_20111114_15796174.jpg","articleSection":["Actualit\u00e9s","zz_Woodsurfer"],"inLanguage":"fr-FR"},{"@type":"WebPage","@id":"https:\/\/batijournal.com\/index.php\/filmm-vs-actis-suite-fin\/94724\/","url":"https:\/\/batijournal.com\/index.php\/filmm-vs-actis-suite-fin\/94724\/","name":"FILMM vs Actis\u00a0: suite mais pas fin","isPartOf":{"@id":"https:\/\/batijournal.com\/#website"},"primaryImageOfPage":{"@id":"https:\/\/batijournal.com\/index.php\/filmm-vs-actis-suite-fin\/94724\/#primaryimage"},"image":{"@id":"https:\/\/batijournal.com\/index.php\/filmm-vs-actis-suite-fin\/94724\/#primaryimage"},"thumbnailUrl":"https:\/\/batijournal.com\/wp-content\/uploads\/2017\/01\/IMAGE_20111114_15796174.jpg","datePublished":"2017-01-11T16:58:02+00:00","author":{"@id":"https:\/\/batijournal.com\/#\/schema\/person\/1dc96ec6957aa1ccb25ebe78bb19f100"},"breadcrumb":{"@id":"https:\/\/batijournal.com\/index.php\/filmm-vs-actis-suite-fin\/94724\/#breadcrumb"},"inLanguage":"fr-FR","potentialAction":[{"@type":"ReadAction","target":["https:\/\/batijournal.com\/index.php\/filmm-vs-actis-suite-fin\/94724\/"]}]},{"@type":"ImageObject","inLanguage":"fr-FR","@id":"https:\/\/batijournal.com\/index.php\/filmm-vs-actis-suite-fin\/94724\/#primaryimage","url":"https:\/\/batijournal.com\/wp-content\/uploads\/2017\/01\/IMAGE_20111114_15796174.jpg","contentUrl":"https:\/\/batijournal.com\/wp-content\/uploads\/2017\/01\/IMAGE_20111114_15796174.jpg","width":900,"height":510},{"@type":"BreadcrumbList","@id":"https:\/\/batijournal.com\/index.php\/filmm-vs-actis-suite-fin\/94724\/#breadcrumb","itemListElement":[{"@type":"ListItem","position":1,"name":"Accueil","item":"https:\/\/batijournal.com\/"},{"@type":"ListItem","position":2,"name":"Actualit\u00e9s","item":"https:\/\/batijournal.com\/index.php\/category\/actualites\/"},{"@type":"ListItem","position":3,"name":"FILMM vs Actis\u00a0: suite mais pas fin"}]},{"@type":"WebSite","@id":"https:\/\/batijournal.com\/#website","url":"https:\/\/batijournal.com\/","name":"Batijournal","description":"L&#039;actualit\u00e9 du b\u00e2timent","potentialAction":[{"@type":"SearchAction","target":{"@type":"EntryPoint","urlTemplate":"https:\/\/batijournal.com\/?s={search_term_string}"},"query-input":{"@type":"PropertyValueSpecification","valueRequired":true,"valueName":"search_term_string"}}],"inLanguage":"fr-FR"},{"@type":"Person","@id":"https:\/\/batijournal.com\/#\/schema\/person\/1dc96ec6957aa1ccb25ebe78bb19f100","name":"St\u00e9phane Miget","image":{"@type":"ImageObject","inLanguage":"fr-FR","@id":"https:\/\/secure.gravatar.com\/avatar\/89915563d925342126b8ef0281b93d9d7fc337043e8df017f780908eb9644451?s=96&d=mm&r=g","url":"https:\/\/secure.gravatar.com\/avatar\/89915563d925342126b8ef0281b93d9d7fc337043e8df017f780908eb9644451?s=96&d=mm&r=g","contentUrl":"https:\/\/secure.gravatar.com\/avatar\/89915563d925342126b8ef0281b93d9d7fc337043e8df017f780908eb9644451?s=96&d=mm&r=g","caption":"St\u00e9phane Miget"},"url":"https:\/\/batijournal.com\/index.php\/author\/stephane\/"}]}},"_links":{"self":[{"href":"https:\/\/batijournal.com\/index.php\/wp-json\/wp\/v2\/posts\/94724","targetHints":{"allow":["GET"]}}],"collection":[{"href":"https:\/\/batijournal.com\/index.php\/wp-json\/wp\/v2\/posts"}],"about":[{"href":"https:\/\/batijournal.com\/index.php\/wp-json\/wp\/v2\/types\/post"}],"author":[{"embeddable":true,"href":"https:\/\/batijournal.com\/index.php\/wp-json\/wp\/v2\/users\/17"}],"replies":[{"embeddable":true,"href":"https:\/\/batijournal.com\/index.php\/wp-json\/wp\/v2\/comments?post=94724"}],"version-history":[{"count":0,"href":"https:\/\/batijournal.com\/index.php\/wp-json\/wp\/v2\/posts\/94724\/revisions"}],"wp:featuredmedia":[{"embeddable":true,"href":"https:\/\/batijournal.com\/index.php\/wp-json\/wp\/v2\/media\/94725"}],"wp:attachment":[{"href":"https:\/\/batijournal.com\/index.php\/wp-json\/wp\/v2\/media?parent=94724"}],"wp:term":[{"taxonomy":"category","embeddable":true,"href":"https:\/\/batijournal.com\/index.php\/wp-json\/wp\/v2\/categories?post=94724"},{"taxonomy":"post_tag","embeddable":true,"href":"https:\/\/batijournal.com\/index.php\/wp-json\/wp\/v2\/tags?post=94724"}],"curies":[{"name":"wp","href":"https:\/\/api.w.org\/{rel}","templated":true}]}}