{"id":94747,"date":"2017-01-17T09:18:17","date_gmt":"2017-01-17T08:18:17","guid":{"rendered":"http:\/\/batijournal.com\/?p=94747"},"modified":"2019-07-15T12:13:19","modified_gmt":"2019-07-15T10:13:19","slug":"riou-glass-rachete-lusine-aiv-leader-mondial-agc","status":"publish","type":"post","link":"https:\/\/batijournal.com\/index.php\/riou-glass-rachete-lusine-aiv-leader-mondial-agc\/94747\/","title":{"rendered":"RIOU Glass rach\u00e8te l\u2019usine AIV au leader mondial AGC"},"content":{"rendered":"<p>Le sp\u00e9cialiste de la transformation du verre plat RIOU Glass a finalis\u00e9, le 13 janvier 2017, l\u2019acquisition de l\u2019usine de transformation AIV (\u00e0 Foug\u00e8res, Ille-et-Vilaine), appartenant au leader belgo-japonais du secteur, AGC. Cette op\u00e9ration doit permettre \u00e0 RIOU Glass de renforcer sa pr\u00e9sence sur la r\u00e9gion Grand-Ouest et de p\u00e9n\u00e9trer de nouveaux march\u00e9s.<\/p>\n","protected":false},"excerpt":{"rendered":"<p>Le sp\u00e9cialiste de la transformation du verre plat RIOU Glass a finalis\u00e9, le 13 janvier 2017, l\u2019acquisition de l\u2019usine de transformation AIV (\u00e0 Foug\u00e8res, Ille-et-Vilaine), appartenant au leader belgo-japonais du secteur, AGC. Cette op\u00e9ration doit permettre \u00e0 RIOU Glass de renforcer sa pr\u00e9sence sur la r\u00e9gion Grand-Ouest et de p\u00e9n\u00e9trer de nouveaux march\u00e9s.<\/p>\n","protected":false},"author":17,"featured_media":0,"comment_status":"closed","ping_status":"closed","sticky":false,"template":"","format":"standard","meta":{"_et_pb_use_builder":"","_et_pb_old_content":"","_et_gb_content_width":"","footnotes":""},"categories":[6345],"tags":[789],"class_list":["post-94747","post","type-post","status-publish","format-standard","hentry","category-economie-marches","tag-verre"],"yoast_head":"<!-- This site is optimized with the Yoast SEO plugin v27.4 - https:\/\/yoast.com\/product\/yoast-seo-wordpress\/ -->\n<title>RIOU Glass rach\u00e8te l\u2019usine AIV au leader mondial AGC<\/title>\n<meta name=\"robots\" content=\"index, follow, max-snippet:-1, max-image-preview:large, max-video-preview:-1\" \/>\n<link rel=\"canonical\" href=\"https:\/\/batijournal.com\/index.php\/riou-glass-rachete-lusine-aiv-leader-mondial-agc\/94747\/\" \/>\n<meta property=\"og:locale\" content=\"fr_FR\" \/>\n<meta property=\"og:type\" content=\"article\" \/>\n<meta property=\"og:title\" content=\"RIOU Glass rach\u00e8te l\u2019usine AIV au leader mondial AGC\" \/>\n<meta property=\"og:description\" content=\"Le sp\u00e9cialiste de la transformation du verre plat RIOU Glass a finalis\u00e9, le 13 janvier 2017, l\u2019acquisition de l\u2019usine de transformation AIV (\u00e0 Foug\u00e8res, Ille-et-Vilaine), appartenant au leader belgo-japonais du secteur, AGC. Cette op\u00e9ration doit permettre \u00e0 RIOU Glass de renforcer sa pr\u00e9sence sur la r\u00e9gion Grand-Ouest et de p\u00e9n\u00e9trer de nouveaux march\u00e9s.\" \/>\n<meta property=\"og:url\" content=\"https:\/\/batijournal.com\/index.php\/riou-glass-rachete-lusine-aiv-leader-mondial-agc\/94747\/\" \/>\n<meta property=\"og:site_name\" content=\"Batijournal\" \/>\n<meta property=\"article:published_time\" content=\"2017-01-17T08:18:17+00:00\" \/>\n<meta property=\"article:modified_time\" content=\"2019-07-15T10:13:19+00:00\" \/>\n<meta name=\"author\" content=\"St\u00e9phane Miget\" \/>\n<meta name=\"twitter:card\" content=\"summary_large_image\" \/>\n<meta name=\"twitter:creator\" content=\"@bati_journal\" \/>\n<meta name=\"twitter:site\" content=\"@bati_journal\" \/>\n<meta name=\"twitter:label1\" content=\"\u00c9crit par\" \/>\n\t<meta name=\"twitter:data1\" content=\"St\u00e9phane Miget\" \/>\n<script type=\"application\/ld+json\" class=\"yoast-schema-graph\">{\"@context\":\"https:\\\/\\\/schema.org\",\"@graph\":[{\"@type\":\"Article\",\"@id\":\"https:\\\/\\\/batijournal.com\\\/index.php\\\/riou-glass-rachete-lusine-aiv-leader-mondial-agc\\\/94747\\\/#article\",\"isPartOf\":{\"@id\":\"https:\\\/\\\/batijournal.com\\\/index.php\\\/riou-glass-rachete-lusine-aiv-leader-mondial-agc\\\/94747\\\/\"},\"author\":{\"name\":\"St\u00e9phane Miget\",\"@id\":\"https:\\\/\\\/batijournal.com\\\/#\\\/schema\\\/person\\\/1dc96ec6957aa1ccb25ebe78bb19f100\"},\"headline\":\"RIOU Glass rach\u00e8te l\u2019usine AIV au leader mondial AGC\",\"datePublished\":\"2017-01-17T08:18:17+00:00\",\"dateModified\":\"2019-07-15T10:13:19+00:00\",\"mainEntityOfPage\":{\"@id\":\"https:\\\/\\\/batijournal.com\\\/index.php\\\/riou-glass-rachete-lusine-aiv-leader-mondial-agc\\\/94747\\\/\"},\"wordCount\":70,\"keywords\":[\"verre\"],\"articleSection\":[\"\u00c9conomie &amp; March\u00e9s\"],\"inLanguage\":\"fr-FR\"},{\"@type\":\"WebPage\",\"@id\":\"https:\\\/\\\/batijournal.com\\\/index.php\\\/riou-glass-rachete-lusine-aiv-leader-mondial-agc\\\/94747\\\/\",\"url\":\"https:\\\/\\\/batijournal.com\\\/index.php\\\/riou-glass-rachete-lusine-aiv-leader-mondial-agc\\\/94747\\\/\",\"name\":\"RIOU Glass rach\u00e8te l\u2019usine AIV au leader mondial AGC\",\"isPartOf\":{\"@id\":\"https:\\\/\\\/batijournal.com\\\/#website\"},\"datePublished\":\"2017-01-17T08:18:17+00:00\",\"dateModified\":\"2019-07-15T10:13:19+00:00\",\"author\":{\"@id\":\"https:\\\/\\\/batijournal.com\\\/#\\\/schema\\\/person\\\/1dc96ec6957aa1ccb25ebe78bb19f100\"},\"breadcrumb\":{\"@id\":\"https:\\\/\\\/batijournal.com\\\/index.php\\\/riou-glass-rachete-lusine-aiv-leader-mondial-agc\\\/94747\\\/#breadcrumb\"},\"inLanguage\":\"fr-FR\",\"potentialAction\":[{\"@type\":\"ReadAction\",\"target\":[\"https:\\\/\\\/batijournal.com\\\/index.php\\\/riou-glass-rachete-lusine-aiv-leader-mondial-agc\\\/94747\\\/\"]}]},{\"@type\":\"BreadcrumbList\",\"@id\":\"https:\\\/\\\/batijournal.com\\\/index.php\\\/riou-glass-rachete-lusine-aiv-leader-mondial-agc\\\/94747\\\/#breadcrumb\",\"itemListElement\":[{\"@type\":\"ListItem\",\"position\":1,\"name\":\"Accueil\",\"item\":\"https:\\\/\\\/batijournal.com\\\/\"},{\"@type\":\"ListItem\",\"position\":2,\"name\":\"Actualit\u00e9s\",\"item\":\"https:\\\/\\\/batijournal.com\\\/index.php\\\/category\\\/actualites\\\/\"},{\"@type\":\"ListItem\",\"position\":3,\"name\":\"\u00c9conomie &amp; March\u00e9s\",\"item\":\"https:\\\/\\\/batijournal.com\\\/index.php\\\/category\\\/actualites\\\/economie-marches\\\/\"},{\"@type\":\"ListItem\",\"position\":4,\"name\":\"RIOU Glass rach\u00e8te l\u2019usine AIV au leader mondial AGC\"}]},{\"@type\":\"WebSite\",\"@id\":\"https:\\\/\\\/batijournal.com\\\/#website\",\"url\":\"https:\\\/\\\/batijournal.com\\\/\",\"name\":\"Batijournal\",\"description\":\"L&#039;actualit\u00e9 du b\u00e2timent\",\"potentialAction\":[{\"@type\":\"SearchAction\",\"target\":{\"@type\":\"EntryPoint\",\"urlTemplate\":\"https:\\\/\\\/batijournal.com\\\/?s={search_term_string}\"},\"query-input\":{\"@type\":\"PropertyValueSpecification\",\"valueRequired\":true,\"valueName\":\"search_term_string\"}}],\"inLanguage\":\"fr-FR\"},{\"@type\":\"Person\",\"@id\":\"https:\\\/\\\/batijournal.com\\\/#\\\/schema\\\/person\\\/1dc96ec6957aa1ccb25ebe78bb19f100\",\"name\":\"St\u00e9phane Miget\",\"image\":{\"@type\":\"ImageObject\",\"inLanguage\":\"fr-FR\",\"@id\":\"https:\\\/\\\/secure.gravatar.com\\\/avatar\\\/89915563d925342126b8ef0281b93d9d7fc337043e8df017f780908eb9644451?s=96&d=mm&r=g\",\"url\":\"https:\\\/\\\/secure.gravatar.com\\\/avatar\\\/89915563d925342126b8ef0281b93d9d7fc337043e8df017f780908eb9644451?s=96&d=mm&r=g\",\"contentUrl\":\"https:\\\/\\\/secure.gravatar.com\\\/avatar\\\/89915563d925342126b8ef0281b93d9d7fc337043e8df017f780908eb9644451?s=96&d=mm&r=g\",\"caption\":\"St\u00e9phane Miget\"},\"url\":\"https:\\\/\\\/batijournal.com\\\/index.php\\\/author\\\/stephane\\\/\"}]}<\/script>\n<!-- \/ Yoast SEO plugin. -->","yoast_head_json":{"title":"RIOU Glass rach\u00e8te l\u2019usine AIV au leader mondial AGC","robots":{"index":"index","follow":"follow","max-snippet":"max-snippet:-1","max-image-preview":"max-image-preview:large","max-video-preview":"max-video-preview:-1"},"canonical":"https:\/\/batijournal.com\/index.php\/riou-glass-rachete-lusine-aiv-leader-mondial-agc\/94747\/","og_locale":"fr_FR","og_type":"article","og_title":"RIOU Glass rach\u00e8te l\u2019usine AIV au leader mondial AGC","og_description":"Le sp\u00e9cialiste de la transformation du verre plat RIOU Glass a finalis\u00e9, le 13 janvier 2017, l\u2019acquisition de l\u2019usine de transformation AIV (\u00e0 Foug\u00e8res, Ille-et-Vilaine), appartenant au leader belgo-japonais du secteur, AGC. Cette op\u00e9ration doit permettre \u00e0 RIOU Glass de renforcer sa pr\u00e9sence sur la r\u00e9gion Grand-Ouest et de p\u00e9n\u00e9trer de nouveaux march\u00e9s.","og_url":"https:\/\/batijournal.com\/index.php\/riou-glass-rachete-lusine-aiv-leader-mondial-agc\/94747\/","og_site_name":"Batijournal","article_published_time":"2017-01-17T08:18:17+00:00","article_modified_time":"2019-07-15T10:13:19+00:00","author":"St\u00e9phane Miget","twitter_card":"summary_large_image","twitter_creator":"@bati_journal","twitter_site":"@bati_journal","twitter_misc":{"\u00c9crit par":"St\u00e9phane Miget"},"schema":{"@context":"https:\/\/schema.org","@graph":[{"@type":"Article","@id":"https:\/\/batijournal.com\/index.php\/riou-glass-rachete-lusine-aiv-leader-mondial-agc\/94747\/#article","isPartOf":{"@id":"https:\/\/batijournal.com\/index.php\/riou-glass-rachete-lusine-aiv-leader-mondial-agc\/94747\/"},"author":{"name":"St\u00e9phane Miget","@id":"https:\/\/batijournal.com\/#\/schema\/person\/1dc96ec6957aa1ccb25ebe78bb19f100"},"headline":"RIOU Glass rach\u00e8te l\u2019usine AIV au leader mondial AGC","datePublished":"2017-01-17T08:18:17+00:00","dateModified":"2019-07-15T10:13:19+00:00","mainEntityOfPage":{"@id":"https:\/\/batijournal.com\/index.php\/riou-glass-rachete-lusine-aiv-leader-mondial-agc\/94747\/"},"wordCount":70,"keywords":["verre"],"articleSection":["\u00c9conomie &amp; March\u00e9s"],"inLanguage":"fr-FR"},{"@type":"WebPage","@id":"https:\/\/batijournal.com\/index.php\/riou-glass-rachete-lusine-aiv-leader-mondial-agc\/94747\/","url":"https:\/\/batijournal.com\/index.php\/riou-glass-rachete-lusine-aiv-leader-mondial-agc\/94747\/","name":"RIOU Glass rach\u00e8te l\u2019usine AIV au leader mondial AGC","isPartOf":{"@id":"https:\/\/batijournal.com\/#website"},"datePublished":"2017-01-17T08:18:17+00:00","dateModified":"2019-07-15T10:13:19+00:00","author":{"@id":"https:\/\/batijournal.com\/#\/schema\/person\/1dc96ec6957aa1ccb25ebe78bb19f100"},"breadcrumb":{"@id":"https:\/\/batijournal.com\/index.php\/riou-glass-rachete-lusine-aiv-leader-mondial-agc\/94747\/#breadcrumb"},"inLanguage":"fr-FR","potentialAction":[{"@type":"ReadAction","target":["https:\/\/batijournal.com\/index.php\/riou-glass-rachete-lusine-aiv-leader-mondial-agc\/94747\/"]}]},{"@type":"BreadcrumbList","@id":"https:\/\/batijournal.com\/index.php\/riou-glass-rachete-lusine-aiv-leader-mondial-agc\/94747\/#breadcrumb","itemListElement":[{"@type":"ListItem","position":1,"name":"Accueil","item":"https:\/\/batijournal.com\/"},{"@type":"ListItem","position":2,"name":"Actualit\u00e9s","item":"https:\/\/batijournal.com\/index.php\/category\/actualites\/"},{"@type":"ListItem","position":3,"name":"\u00c9conomie &amp; March\u00e9s","item":"https:\/\/batijournal.com\/index.php\/category\/actualites\/economie-marches\/"},{"@type":"ListItem","position":4,"name":"RIOU Glass rach\u00e8te l\u2019usine AIV au leader mondial AGC"}]},{"@type":"WebSite","@id":"https:\/\/batijournal.com\/#website","url":"https:\/\/batijournal.com\/","name":"Batijournal","description":"L&#039;actualit\u00e9 du b\u00e2timent","potentialAction":[{"@type":"SearchAction","target":{"@type":"EntryPoint","urlTemplate":"https:\/\/batijournal.com\/?s={search_term_string}"},"query-input":{"@type":"PropertyValueSpecification","valueRequired":true,"valueName":"search_term_string"}}],"inLanguage":"fr-FR"},{"@type":"Person","@id":"https:\/\/batijournal.com\/#\/schema\/person\/1dc96ec6957aa1ccb25ebe78bb19f100","name":"St\u00e9phane Miget","image":{"@type":"ImageObject","inLanguage":"fr-FR","@id":"https:\/\/secure.gravatar.com\/avatar\/89915563d925342126b8ef0281b93d9d7fc337043e8df017f780908eb9644451?s=96&d=mm&r=g","url":"https:\/\/secure.gravatar.com\/avatar\/89915563d925342126b8ef0281b93d9d7fc337043e8df017f780908eb9644451?s=96&d=mm&r=g","contentUrl":"https:\/\/secure.gravatar.com\/avatar\/89915563d925342126b8ef0281b93d9d7fc337043e8df017f780908eb9644451?s=96&d=mm&r=g","caption":"St\u00e9phane Miget"},"url":"https:\/\/batijournal.com\/index.php\/author\/stephane\/"}]}},"_links":{"self":[{"href":"https:\/\/batijournal.com\/index.php\/wp-json\/wp\/v2\/posts\/94747","targetHints":{"allow":["GET"]}}],"collection":[{"href":"https:\/\/batijournal.com\/index.php\/wp-json\/wp\/v2\/posts"}],"about":[{"href":"https:\/\/batijournal.com\/index.php\/wp-json\/wp\/v2\/types\/post"}],"author":[{"embeddable":true,"href":"https:\/\/batijournal.com\/index.php\/wp-json\/wp\/v2\/users\/17"}],"replies":[{"embeddable":true,"href":"https:\/\/batijournal.com\/index.php\/wp-json\/wp\/v2\/comments?post=94747"}],"version-history":[{"count":0,"href":"https:\/\/batijournal.com\/index.php\/wp-json\/wp\/v2\/posts\/94747\/revisions"}],"wp:attachment":[{"href":"https:\/\/batijournal.com\/index.php\/wp-json\/wp\/v2\/media?parent=94747"}],"wp:term":[{"taxonomy":"category","embeddable":true,"href":"https:\/\/batijournal.com\/index.php\/wp-json\/wp\/v2\/categories?post=94747"},{"taxonomy":"post_tag","embeddable":true,"href":"https:\/\/batijournal.com\/index.php\/wp-json\/wp\/v2\/tags?post=94747"}],"curies":[{"name":"wp","href":"https:\/\/api.w.org\/{rel}","templated":true}]}}