{"id":94792,"date":"2017-01-20T11:38:13","date_gmt":"2017-01-20T10:38:13","guid":{"rendered":"http:\/\/batijournal.com\/?p=94792"},"modified":"2019-07-15T12:13:19","modified_gmt":"2019-07-15T10:13:19","slug":"machines-de-construction-compactes-schaeff-de-retour","status":"publish","type":"post","link":"https:\/\/batijournal.com\/index.php\/machines-de-construction-compactes-schaeff-de-retour\/94792\/","title":{"rendered":"Machines de construction compactes : Schaeff est de retour"},"content":{"rendered":"<p>Synonyme de qualit\u00e9, la marque Schaeff refait son apparition sur le march\u00e9 des machines de construction sur l&rsquo;initiative du groupe Yanmar. Apr\u00e8s le rachat par Yanmar du secteur des machines de construction compactes de Terex Corporation \u00e0 Crailsheim en octobre 2016, l\u2019usine de Crailsheim mise sur les quatre-vingt ann\u00e9es d\u2019exp\u00e9rience de la soci\u00e9t\u00e9. \u00c0 compter de ce mois de janvier 2017, des mini- pelles, midi-pelles, pelles sur pneus et chargeuses sont de nouveau propos\u00e9es sous la marque Schaeff. Une belle mani\u00e8re pour l\u2019entreprise de f\u00eater son quatre-vingti\u00e8me anniversaire.<\/p>\n","protected":false},"excerpt":{"rendered":"<p>Synonyme de qualit\u00e9, la marque Schaeff refait son apparition sur le march\u00e9 des machines de construction sur l&rsquo;initiative du groupe Yanmar. Apr\u00e8s le rachat par Yanmar du secteur des machines de construction compactes de Terex Corporation \u00e0 Crailsheim en octobre 2016, l\u2019usine de Crailsheim mise sur les quatre-vingt ann\u00e9es d\u2019exp\u00e9rience de la soci\u00e9t\u00e9. \u00c0 compter [&hellip;]<\/p>\n","protected":false},"author":17,"featured_media":94793,"comment_status":"closed","ping_status":"closed","sticky":false,"template":"","format":"standard","meta":{"_et_pb_use_builder":"","_et_pb_old_content":"","_et_gb_content_width":"","footnotes":""},"categories":[10530,6345],"tags":[164],"class_list":["post-94792","post","type-post","status-publish","format-standard","has-post-thumbnail","hentry","category-actualites","category-economie-marches","tag-machine"],"yoast_head":"<!-- This site is optimized with the Yoast SEO plugin v27.4 - https:\/\/yoast.com\/product\/yoast-seo-wordpress\/ -->\n<title>Machines de construction compactes : Schaeff est de retour<\/title>\n<meta name=\"robots\" content=\"index, follow, max-snippet:-1, max-image-preview:large, max-video-preview:-1\" \/>\n<link rel=\"canonical\" href=\"https:\/\/batijournal.com\/index.php\/machines-de-construction-compactes-schaeff-de-retour\/94792\/\" \/>\n<meta property=\"og:locale\" content=\"fr_FR\" \/>\n<meta property=\"og:type\" content=\"article\" \/>\n<meta property=\"og:title\" content=\"Machines de construction compactes : Schaeff est de retour\" \/>\n<meta property=\"og:description\" content=\"Synonyme de qualit\u00e9, la marque Schaeff refait son apparition sur le march\u00e9 des machines de construction sur l&rsquo;initiative du groupe Yanmar. Apr\u00e8s le rachat par Yanmar du secteur des machines de construction compactes de Terex Corporation \u00e0 Crailsheim en octobre 2016, l\u2019usine de Crailsheim mise sur les quatre-vingt ann\u00e9es d\u2019exp\u00e9rience de la soci\u00e9t\u00e9. \u00c0 compter [&hellip;]\" \/>\n<meta property=\"og:url\" content=\"https:\/\/batijournal.com\/index.php\/machines-de-construction-compactes-schaeff-de-retour\/94792\/\" \/>\n<meta property=\"og:site_name\" content=\"Batijournal\" \/>\n<meta property=\"article:published_time\" content=\"2017-01-20T10:38:13+00:00\" \/>\n<meta property=\"article:modified_time\" content=\"2019-07-15T10:13:19+00:00\" \/>\n<meta property=\"og:image\" content=\"https:\/\/batijournal.com\/wp-content\/uploads\/2017\/01\/machines-de-construction-compactes-Schaeff.png\" \/>\n\t<meta property=\"og:image:width\" content=\"788\" \/>\n\t<meta property=\"og:image:height\" content=\"491\" \/>\n\t<meta property=\"og:image:type\" content=\"image\/png\" \/>\n<meta name=\"author\" content=\"St\u00e9phane Miget\" \/>\n<meta name=\"twitter:card\" content=\"summary_large_image\" \/>\n<meta name=\"twitter:creator\" content=\"@bati_journal\" \/>\n<meta name=\"twitter:site\" content=\"@bati_journal\" \/>\n<meta name=\"twitter:label1\" content=\"\u00c9crit par\" \/>\n\t<meta name=\"twitter:data1\" content=\"St\u00e9phane Miget\" \/>\n<script type=\"application\/ld+json\" class=\"yoast-schema-graph\">{\"@context\":\"https:\\\/\\\/schema.org\",\"@graph\":[{\"@type\":\"Article\",\"@id\":\"https:\\\/\\\/batijournal.com\\\/index.php\\\/machines-de-construction-compactes-schaeff-de-retour\\\/94792\\\/#article\",\"isPartOf\":{\"@id\":\"https:\\\/\\\/batijournal.com\\\/index.php\\\/machines-de-construction-compactes-schaeff-de-retour\\\/94792\\\/\"},\"author\":{\"name\":\"St\u00e9phane Miget\",\"@id\":\"https:\\\/\\\/batijournal.com\\\/#\\\/schema\\\/person\\\/1dc96ec6957aa1ccb25ebe78bb19f100\"},\"headline\":\"Machines de construction compactes : Schaeff est de retour\",\"datePublished\":\"2017-01-20T10:38:13+00:00\",\"dateModified\":\"2019-07-15T10:13:19+00:00\",\"mainEntityOfPage\":{\"@id\":\"https:\\\/\\\/batijournal.com\\\/index.php\\\/machines-de-construction-compactes-schaeff-de-retour\\\/94792\\\/\"},\"wordCount\":104,\"image\":{\"@id\":\"https:\\\/\\\/batijournal.com\\\/index.php\\\/machines-de-construction-compactes-schaeff-de-retour\\\/94792\\\/#primaryimage\"},\"thumbnailUrl\":\"https:\\\/\\\/batijournal.com\\\/wp-content\\\/uploads\\\/2017\\\/01\\\/machines-de-construction-compactes-Schaeff.png\",\"keywords\":[\"machine\"],\"articleSection\":[\"Actualit\u00e9s\",\"\u00c9conomie &amp; March\u00e9s\"],\"inLanguage\":\"fr-FR\"},{\"@type\":\"WebPage\",\"@id\":\"https:\\\/\\\/batijournal.com\\\/index.php\\\/machines-de-construction-compactes-schaeff-de-retour\\\/94792\\\/\",\"url\":\"https:\\\/\\\/batijournal.com\\\/index.php\\\/machines-de-construction-compactes-schaeff-de-retour\\\/94792\\\/\",\"name\":\"Machines de construction compactes : Schaeff est de retour\",\"isPartOf\":{\"@id\":\"https:\\\/\\\/batijournal.com\\\/#website\"},\"primaryImageOfPage\":{\"@id\":\"https:\\\/\\\/batijournal.com\\\/index.php\\\/machines-de-construction-compactes-schaeff-de-retour\\\/94792\\\/#primaryimage\"},\"image\":{\"@id\":\"https:\\\/\\\/batijournal.com\\\/index.php\\\/machines-de-construction-compactes-schaeff-de-retour\\\/94792\\\/#primaryimage\"},\"thumbnailUrl\":\"https:\\\/\\\/batijournal.com\\\/wp-content\\\/uploads\\\/2017\\\/01\\\/machines-de-construction-compactes-Schaeff.png\",\"datePublished\":\"2017-01-20T10:38:13+00:00\",\"dateModified\":\"2019-07-15T10:13:19+00:00\",\"author\":{\"@id\":\"https:\\\/\\\/batijournal.com\\\/#\\\/schema\\\/person\\\/1dc96ec6957aa1ccb25ebe78bb19f100\"},\"breadcrumb\":{\"@id\":\"https:\\\/\\\/batijournal.com\\\/index.php\\\/machines-de-construction-compactes-schaeff-de-retour\\\/94792\\\/#breadcrumb\"},\"inLanguage\":\"fr-FR\",\"potentialAction\":[{\"@type\":\"ReadAction\",\"target\":[\"https:\\\/\\\/batijournal.com\\\/index.php\\\/machines-de-construction-compactes-schaeff-de-retour\\\/94792\\\/\"]}]},{\"@type\":\"ImageObject\",\"inLanguage\":\"fr-FR\",\"@id\":\"https:\\\/\\\/batijournal.com\\\/index.php\\\/machines-de-construction-compactes-schaeff-de-retour\\\/94792\\\/#primaryimage\",\"url\":\"https:\\\/\\\/batijournal.com\\\/wp-content\\\/uploads\\\/2017\\\/01\\\/machines-de-construction-compactes-Schaeff.png\",\"contentUrl\":\"https:\\\/\\\/batijournal.com\\\/wp-content\\\/uploads\\\/2017\\\/01\\\/machines-de-construction-compactes-Schaeff.png\",\"width\":788,\"height\":491},{\"@type\":\"BreadcrumbList\",\"@id\":\"https:\\\/\\\/batijournal.com\\\/index.php\\\/machines-de-construction-compactes-schaeff-de-retour\\\/94792\\\/#breadcrumb\",\"itemListElement\":[{\"@type\":\"ListItem\",\"position\":1,\"name\":\"Accueil\",\"item\":\"https:\\\/\\\/batijournal.com\\\/\"},{\"@type\":\"ListItem\",\"position\":2,\"name\":\"Actualit\u00e9s\",\"item\":\"https:\\\/\\\/batijournal.com\\\/index.php\\\/category\\\/actualites\\\/\"},{\"@type\":\"ListItem\",\"position\":3,\"name\":\"Machines de construction compactes : Schaeff est de retour\"}]},{\"@type\":\"WebSite\",\"@id\":\"https:\\\/\\\/batijournal.com\\\/#website\",\"url\":\"https:\\\/\\\/batijournal.com\\\/\",\"name\":\"Batijournal\",\"description\":\"L&#039;actualit\u00e9 du b\u00e2timent\",\"potentialAction\":[{\"@type\":\"SearchAction\",\"target\":{\"@type\":\"EntryPoint\",\"urlTemplate\":\"https:\\\/\\\/batijournal.com\\\/?s={search_term_string}\"},\"query-input\":{\"@type\":\"PropertyValueSpecification\",\"valueRequired\":true,\"valueName\":\"search_term_string\"}}],\"inLanguage\":\"fr-FR\"},{\"@type\":\"Person\",\"@id\":\"https:\\\/\\\/batijournal.com\\\/#\\\/schema\\\/person\\\/1dc96ec6957aa1ccb25ebe78bb19f100\",\"name\":\"St\u00e9phane Miget\",\"image\":{\"@type\":\"ImageObject\",\"inLanguage\":\"fr-FR\",\"@id\":\"https:\\\/\\\/secure.gravatar.com\\\/avatar\\\/89915563d925342126b8ef0281b93d9d7fc337043e8df017f780908eb9644451?s=96&d=mm&r=g\",\"url\":\"https:\\\/\\\/secure.gravatar.com\\\/avatar\\\/89915563d925342126b8ef0281b93d9d7fc337043e8df017f780908eb9644451?s=96&d=mm&r=g\",\"contentUrl\":\"https:\\\/\\\/secure.gravatar.com\\\/avatar\\\/89915563d925342126b8ef0281b93d9d7fc337043e8df017f780908eb9644451?s=96&d=mm&r=g\",\"caption\":\"St\u00e9phane Miget\"},\"url\":\"https:\\\/\\\/batijournal.com\\\/index.php\\\/author\\\/stephane\\\/\"}]}<\/script>\n<!-- \/ Yoast SEO plugin. -->","yoast_head_json":{"title":"Machines de construction compactes : Schaeff est de retour","robots":{"index":"index","follow":"follow","max-snippet":"max-snippet:-1","max-image-preview":"max-image-preview:large","max-video-preview":"max-video-preview:-1"},"canonical":"https:\/\/batijournal.com\/index.php\/machines-de-construction-compactes-schaeff-de-retour\/94792\/","og_locale":"fr_FR","og_type":"article","og_title":"Machines de construction compactes : Schaeff est de retour","og_description":"Synonyme de qualit\u00e9, la marque Schaeff refait son apparition sur le march\u00e9 des machines de construction sur l&rsquo;initiative du groupe Yanmar. Apr\u00e8s le rachat par Yanmar du secteur des machines de construction compactes de Terex Corporation \u00e0 Crailsheim en octobre 2016, l\u2019usine de Crailsheim mise sur les quatre-vingt ann\u00e9es d\u2019exp\u00e9rience de la soci\u00e9t\u00e9. \u00c0 compter [&hellip;]","og_url":"https:\/\/batijournal.com\/index.php\/machines-de-construction-compactes-schaeff-de-retour\/94792\/","og_site_name":"Batijournal","article_published_time":"2017-01-20T10:38:13+00:00","article_modified_time":"2019-07-15T10:13:19+00:00","og_image":[{"width":788,"height":491,"url":"https:\/\/batijournal.com\/wp-content\/uploads\/2017\/01\/machines-de-construction-compactes-Schaeff.png","type":"image\/png"}],"author":"St\u00e9phane Miget","twitter_card":"summary_large_image","twitter_creator":"@bati_journal","twitter_site":"@bati_journal","twitter_misc":{"\u00c9crit par":"St\u00e9phane Miget"},"schema":{"@context":"https:\/\/schema.org","@graph":[{"@type":"Article","@id":"https:\/\/batijournal.com\/index.php\/machines-de-construction-compactes-schaeff-de-retour\/94792\/#article","isPartOf":{"@id":"https:\/\/batijournal.com\/index.php\/machines-de-construction-compactes-schaeff-de-retour\/94792\/"},"author":{"name":"St\u00e9phane Miget","@id":"https:\/\/batijournal.com\/#\/schema\/person\/1dc96ec6957aa1ccb25ebe78bb19f100"},"headline":"Machines de construction compactes : Schaeff est de retour","datePublished":"2017-01-20T10:38:13+00:00","dateModified":"2019-07-15T10:13:19+00:00","mainEntityOfPage":{"@id":"https:\/\/batijournal.com\/index.php\/machines-de-construction-compactes-schaeff-de-retour\/94792\/"},"wordCount":104,"image":{"@id":"https:\/\/batijournal.com\/index.php\/machines-de-construction-compactes-schaeff-de-retour\/94792\/#primaryimage"},"thumbnailUrl":"https:\/\/batijournal.com\/wp-content\/uploads\/2017\/01\/machines-de-construction-compactes-Schaeff.png","keywords":["machine"],"articleSection":["Actualit\u00e9s","\u00c9conomie &amp; March\u00e9s"],"inLanguage":"fr-FR"},{"@type":"WebPage","@id":"https:\/\/batijournal.com\/index.php\/machines-de-construction-compactes-schaeff-de-retour\/94792\/","url":"https:\/\/batijournal.com\/index.php\/machines-de-construction-compactes-schaeff-de-retour\/94792\/","name":"Machines de construction compactes : Schaeff est de retour","isPartOf":{"@id":"https:\/\/batijournal.com\/#website"},"primaryImageOfPage":{"@id":"https:\/\/batijournal.com\/index.php\/machines-de-construction-compactes-schaeff-de-retour\/94792\/#primaryimage"},"image":{"@id":"https:\/\/batijournal.com\/index.php\/machines-de-construction-compactes-schaeff-de-retour\/94792\/#primaryimage"},"thumbnailUrl":"https:\/\/batijournal.com\/wp-content\/uploads\/2017\/01\/machines-de-construction-compactes-Schaeff.png","datePublished":"2017-01-20T10:38:13+00:00","dateModified":"2019-07-15T10:13:19+00:00","author":{"@id":"https:\/\/batijournal.com\/#\/schema\/person\/1dc96ec6957aa1ccb25ebe78bb19f100"},"breadcrumb":{"@id":"https:\/\/batijournal.com\/index.php\/machines-de-construction-compactes-schaeff-de-retour\/94792\/#breadcrumb"},"inLanguage":"fr-FR","potentialAction":[{"@type":"ReadAction","target":["https:\/\/batijournal.com\/index.php\/machines-de-construction-compactes-schaeff-de-retour\/94792\/"]}]},{"@type":"ImageObject","inLanguage":"fr-FR","@id":"https:\/\/batijournal.com\/index.php\/machines-de-construction-compactes-schaeff-de-retour\/94792\/#primaryimage","url":"https:\/\/batijournal.com\/wp-content\/uploads\/2017\/01\/machines-de-construction-compactes-Schaeff.png","contentUrl":"https:\/\/batijournal.com\/wp-content\/uploads\/2017\/01\/machines-de-construction-compactes-Schaeff.png","width":788,"height":491},{"@type":"BreadcrumbList","@id":"https:\/\/batijournal.com\/index.php\/machines-de-construction-compactes-schaeff-de-retour\/94792\/#breadcrumb","itemListElement":[{"@type":"ListItem","position":1,"name":"Accueil","item":"https:\/\/batijournal.com\/"},{"@type":"ListItem","position":2,"name":"Actualit\u00e9s","item":"https:\/\/batijournal.com\/index.php\/category\/actualites\/"},{"@type":"ListItem","position":3,"name":"Machines de construction compactes : Schaeff est de retour"}]},{"@type":"WebSite","@id":"https:\/\/batijournal.com\/#website","url":"https:\/\/batijournal.com\/","name":"Batijournal","description":"L&#039;actualit\u00e9 du b\u00e2timent","potentialAction":[{"@type":"SearchAction","target":{"@type":"EntryPoint","urlTemplate":"https:\/\/batijournal.com\/?s={search_term_string}"},"query-input":{"@type":"PropertyValueSpecification","valueRequired":true,"valueName":"search_term_string"}}],"inLanguage":"fr-FR"},{"@type":"Person","@id":"https:\/\/batijournal.com\/#\/schema\/person\/1dc96ec6957aa1ccb25ebe78bb19f100","name":"St\u00e9phane Miget","image":{"@type":"ImageObject","inLanguage":"fr-FR","@id":"https:\/\/secure.gravatar.com\/avatar\/89915563d925342126b8ef0281b93d9d7fc337043e8df017f780908eb9644451?s=96&d=mm&r=g","url":"https:\/\/secure.gravatar.com\/avatar\/89915563d925342126b8ef0281b93d9d7fc337043e8df017f780908eb9644451?s=96&d=mm&r=g","contentUrl":"https:\/\/secure.gravatar.com\/avatar\/89915563d925342126b8ef0281b93d9d7fc337043e8df017f780908eb9644451?s=96&d=mm&r=g","caption":"St\u00e9phane Miget"},"url":"https:\/\/batijournal.com\/index.php\/author\/stephane\/"}]}},"_links":{"self":[{"href":"https:\/\/batijournal.com\/index.php\/wp-json\/wp\/v2\/posts\/94792","targetHints":{"allow":["GET"]}}],"collection":[{"href":"https:\/\/batijournal.com\/index.php\/wp-json\/wp\/v2\/posts"}],"about":[{"href":"https:\/\/batijournal.com\/index.php\/wp-json\/wp\/v2\/types\/post"}],"author":[{"embeddable":true,"href":"https:\/\/batijournal.com\/index.php\/wp-json\/wp\/v2\/users\/17"}],"replies":[{"embeddable":true,"href":"https:\/\/batijournal.com\/index.php\/wp-json\/wp\/v2\/comments?post=94792"}],"version-history":[{"count":0,"href":"https:\/\/batijournal.com\/index.php\/wp-json\/wp\/v2\/posts\/94792\/revisions"}],"wp:featuredmedia":[{"embeddable":true,"href":"https:\/\/batijournal.com\/index.php\/wp-json\/wp\/v2\/media\/94793"}],"wp:attachment":[{"href":"https:\/\/batijournal.com\/index.php\/wp-json\/wp\/v2\/media?parent=94792"}],"wp:term":[{"taxonomy":"category","embeddable":true,"href":"https:\/\/batijournal.com\/index.php\/wp-json\/wp\/v2\/categories?post=94792"},{"taxonomy":"post_tag","embeddable":true,"href":"https:\/\/batijournal.com\/index.php\/wp-json\/wp\/v2\/tags?post=94792"}],"curies":[{"name":"wp","href":"https:\/\/api.w.org\/{rel}","templated":true}]}}