{"id":94794,"date":"2017-01-20T16:16:12","date_gmt":"2017-01-20T15:16:12","guid":{"rendered":"http:\/\/batijournal.com\/?p=94794"},"modified":"2017-01-20T16:17:14","modified_gmt":"2017-01-20T15:17:14","slug":"normandie-inaugure-premier-eco-quartier","status":"publish","type":"post","link":"https:\/\/batijournal.com\/index.php\/normandie-inaugure-premier-eco-quartier\/94794\/","title":{"rendered":"La Normandie inaugure son premier \u00e9co-quartier"},"content":{"rendered":"<p><strong>A l\u2019occasion de la venue \u00e0 Val-de-Reuil d&rsquo;Emmanuelle COSSE, Ministre du Logement et de l\u2019Habitat durable,, la municipalit\u00e9, SILOGE, son groupement Habitat R\u00e9uni et son partenaire Habitat Coop\u00e9ratif de Normandie ont inaugur\u00e9 l\u2019\u00e9co-village du Hameau des No\u00e9s, 1er \u00e9co-quartier labellis\u00e9 de Normandie.<\/strong><\/p>\n<p>Le projet est n\u00e9, il y a huit ans, de la volont\u00e9 commune de Monsieur le Maire de Val-de-Reuil et de SILOGE, tous deux engag\u00e9s dans une d\u00e9marche de d\u00e9veloppement responsable de leur territoire. Il s\u2019ins\u00e8re dans un programme d\u2019urbanisation global (ZAC des No\u00e9s) qui conduira \u00e0 la r\u00e9alisation d\u2019environ 850 logements sur 35 hectares, b\u00e9n\u00e9ficiant d\u2019un cadre naturel de qualit\u00e9 : les rives de l\u2019Eure.<\/p>\n<p>Les 98 logements passifs de l\u2019\u00e9co-village du Hameau des No\u00e9s sont implant\u00e9s sur 4,9 hectares, am\u00e9nag\u00e9s pour permettre une gestion raisonn\u00e9e des circulations, des v\u00e9g\u00e9tations, et des eaux, ainsi qu\u2019une mixit\u00e9 des usages avec 1,5 ha de zone verte inconstructible en bordure de rivi\u00e8re consacr\u00e9 au mara\u00eechage biologique par l\u2019insertion sociale, un parc \u00e9cologique favorisant les \u00e9changes et la r\u00e9int\u00e9gration du vivant (pr\u00e9 aux \u00e2nes, observatoire \u00e0 oiseaux,&#8230;), une \u00e9co-cr\u00e8che avec cuisine centrale municipale (livraison en f\u00e9vrier 2017), et une halle de march\u00e9 en projet.<\/p>\n<p>A l\u2019occasion de la venue d&rsquo;Emmanuelle COSSE, le groupement de bailleurs Habitat R\u00e9uni, dont SILOGE est membre, a souhait\u00e9 signer un engagement de 3 ans en faveur de la transition \u00e9nerg\u00e9tique et du climat, vis-\u00e0-vis de l\u2019Etat. Il vise \u00e0 r\u00e9duire de 77% les \u00e9missions de gaz \u00e0 effet de serre \u00e0 horizon 2050 et de 10% \u00e0 l\u2019horizon 2020, en agissant tant sur le parc existant que par une production nouvelle plus respectueuse de l\u2019environnement, \u00e0 l\u2019image de l\u2019\u00e9co-village du Hameau des No\u00e9s.<\/p>\n","protected":false},"excerpt":{"rendered":"<p>A l\u2019occasion de la venue \u00e0 Val-de-Reuil d&rsquo;Emmanuelle COSSE, Ministre du Logement et de l\u2019Habitat durable,, la municipalit\u00e9, SILOGE, son groupement Habitat R\u00e9uni et son partenaire Habitat Coop\u00e9ratif de Normandie ont inaugur\u00e9 l\u2019\u00e9co-village du Hameau des No\u00e9s, 1er \u00e9co-quartier labellis\u00e9 de Normandie. Le projet est n\u00e9, il y a huit ans, de la volont\u00e9 commune [&hellip;]<\/p>\n","protected":false},"author":17,"featured_media":94795,"comment_status":"closed","ping_status":"closed","sticky":false,"template":"","format":"standard","meta":{"_et_pb_use_builder":"","_et_pb_old_content":"","_et_gb_content_width":"","footnotes":""},"categories":[10530,6345,6351],"tags":[5812,5805,1290],"class_list":["post-94794","post","type-post","status-publish","format-standard","has-post-thumbnail","hentry","category-actualites","category-economie-marches","category-energie-environnement","tag-eco-quartier","tag-eco-quartiers","tag-hlm"],"yoast_head":"<!-- This site is optimized with the Yoast SEO plugin v27.4 - https:\/\/yoast.com\/product\/yoast-seo-wordpress\/ -->\n<title>La Normandie inaugure son premier \u00e9co-quartier<\/title>\n<meta name=\"robots\" content=\"index, follow, max-snippet:-1, max-image-preview:large, max-video-preview:-1\" \/>\n<link rel=\"canonical\" href=\"https:\/\/batijournal.com\/index.php\/normandie-inaugure-premier-eco-quartier\/94794\/\" \/>\n<meta property=\"og:locale\" content=\"fr_FR\" \/>\n<meta property=\"og:type\" content=\"article\" \/>\n<meta property=\"og:title\" content=\"La Normandie inaugure son premier \u00e9co-quartier\" \/>\n<meta property=\"og:description\" content=\"A l\u2019occasion de la venue \u00e0 Val-de-Reuil d&rsquo;Emmanuelle COSSE, Ministre du Logement et de l\u2019Habitat durable,, la municipalit\u00e9, SILOGE, son groupement Habitat R\u00e9uni et son partenaire Habitat Coop\u00e9ratif de Normandie ont inaugur\u00e9 l\u2019\u00e9co-village du Hameau des No\u00e9s, 1er \u00e9co-quartier labellis\u00e9 de Normandie. Le projet est n\u00e9, il y a huit ans, de la volont\u00e9 commune [&hellip;]\" \/>\n<meta property=\"og:url\" content=\"https:\/\/batijournal.com\/index.php\/normandie-inaugure-premier-eco-quartier\/94794\/\" \/>\n<meta property=\"og:site_name\" content=\"Batijournal\" \/>\n<meta property=\"article:published_time\" content=\"2017-01-20T15:16:12+00:00\" \/>\n<meta property=\"article:modified_time\" content=\"2017-01-20T15:17:14+00:00\" \/>\n<meta property=\"og:image\" content=\"https:\/\/batijournal.com\/wp-content\/uploads\/2017\/01\/ecoquartier-eure-normandie-noe.jpg\" \/>\n\t<meta property=\"og:image:width\" content=\"720\" \/>\n\t<meta property=\"og:image:height\" content=\"656\" \/>\n\t<meta property=\"og:image:type\" content=\"image\/jpeg\" \/>\n<meta name=\"author\" content=\"St\u00e9phane Miget\" \/>\n<meta name=\"twitter:card\" content=\"summary_large_image\" \/>\n<meta name=\"twitter:creator\" content=\"@bati_journal\" \/>\n<meta name=\"twitter:site\" content=\"@bati_journal\" \/>\n<meta name=\"twitter:label1\" content=\"\u00c9crit par\" \/>\n\t<meta name=\"twitter:data1\" content=\"St\u00e9phane Miget\" \/>\n\t<meta name=\"twitter:label2\" content=\"Dur\u00e9e de lecture estim\u00e9e\" \/>\n\t<meta name=\"twitter:data2\" content=\"2 minutes\" \/>\n<script type=\"application\/ld+json\" class=\"yoast-schema-graph\">{\"@context\":\"https:\\\/\\\/schema.org\",\"@graph\":[{\"@type\":\"Article\",\"@id\":\"https:\\\/\\\/batijournal.com\\\/index.php\\\/normandie-inaugure-premier-eco-quartier\\\/94794\\\/#article\",\"isPartOf\":{\"@id\":\"https:\\\/\\\/batijournal.com\\\/index.php\\\/normandie-inaugure-premier-eco-quartier\\\/94794\\\/\"},\"author\":{\"name\":\"St\u00e9phane Miget\",\"@id\":\"https:\\\/\\\/batijournal.com\\\/#\\\/schema\\\/person\\\/1dc96ec6957aa1ccb25ebe78bb19f100\"},\"headline\":\"La Normandie inaugure son premier \u00e9co-quartier\",\"datePublished\":\"2017-01-20T15:16:12+00:00\",\"dateModified\":\"2017-01-20T15:17:14+00:00\",\"mainEntityOfPage\":{\"@id\":\"https:\\\/\\\/batijournal.com\\\/index.php\\\/normandie-inaugure-premier-eco-quartier\\\/94794\\\/\"},\"wordCount\":311,\"image\":{\"@id\":\"https:\\\/\\\/batijournal.com\\\/index.php\\\/normandie-inaugure-premier-eco-quartier\\\/94794\\\/#primaryimage\"},\"thumbnailUrl\":\"https:\\\/\\\/batijournal.com\\\/wp-content\\\/uploads\\\/2017\\\/01\\\/ecoquartier-eure-normandie-noe.jpg\",\"keywords\":[\"eco-quartier\",\"\u00e9co-quartiers\",\"HLM\"],\"articleSection\":[\"Actualit\u00e9s\",\"\u00c9conomie &amp; March\u00e9s\",\"\u00c9nergie &amp; Environnement\"],\"inLanguage\":\"fr-FR\"},{\"@type\":\"WebPage\",\"@id\":\"https:\\\/\\\/batijournal.com\\\/index.php\\\/normandie-inaugure-premier-eco-quartier\\\/94794\\\/\",\"url\":\"https:\\\/\\\/batijournal.com\\\/index.php\\\/normandie-inaugure-premier-eco-quartier\\\/94794\\\/\",\"name\":\"La Normandie inaugure son premier \u00e9co-quartier\",\"isPartOf\":{\"@id\":\"https:\\\/\\\/batijournal.com\\\/#website\"},\"primaryImageOfPage\":{\"@id\":\"https:\\\/\\\/batijournal.com\\\/index.php\\\/normandie-inaugure-premier-eco-quartier\\\/94794\\\/#primaryimage\"},\"image\":{\"@id\":\"https:\\\/\\\/batijournal.com\\\/index.php\\\/normandie-inaugure-premier-eco-quartier\\\/94794\\\/#primaryimage\"},\"thumbnailUrl\":\"https:\\\/\\\/batijournal.com\\\/wp-content\\\/uploads\\\/2017\\\/01\\\/ecoquartier-eure-normandie-noe.jpg\",\"datePublished\":\"2017-01-20T15:16:12+00:00\",\"dateModified\":\"2017-01-20T15:17:14+00:00\",\"author\":{\"@id\":\"https:\\\/\\\/batijournal.com\\\/#\\\/schema\\\/person\\\/1dc96ec6957aa1ccb25ebe78bb19f100\"},\"breadcrumb\":{\"@id\":\"https:\\\/\\\/batijournal.com\\\/index.php\\\/normandie-inaugure-premier-eco-quartier\\\/94794\\\/#breadcrumb\"},\"inLanguage\":\"fr-FR\",\"potentialAction\":[{\"@type\":\"ReadAction\",\"target\":[\"https:\\\/\\\/batijournal.com\\\/index.php\\\/normandie-inaugure-premier-eco-quartier\\\/94794\\\/\"]}]},{\"@type\":\"ImageObject\",\"inLanguage\":\"fr-FR\",\"@id\":\"https:\\\/\\\/batijournal.com\\\/index.php\\\/normandie-inaugure-premier-eco-quartier\\\/94794\\\/#primaryimage\",\"url\":\"https:\\\/\\\/batijournal.com\\\/wp-content\\\/uploads\\\/2017\\\/01\\\/ecoquartier-eure-normandie-noe.jpg\",\"contentUrl\":\"https:\\\/\\\/batijournal.com\\\/wp-content\\\/uploads\\\/2017\\\/01\\\/ecoquartier-eure-normandie-noe.jpg\",\"width\":720,\"height\":656},{\"@type\":\"BreadcrumbList\",\"@id\":\"https:\\\/\\\/batijournal.com\\\/index.php\\\/normandie-inaugure-premier-eco-quartier\\\/94794\\\/#breadcrumb\",\"itemListElement\":[{\"@type\":\"ListItem\",\"position\":1,\"name\":\"Accueil\",\"item\":\"https:\\\/\\\/batijournal.com\\\/\"},{\"@type\":\"ListItem\",\"position\":2,\"name\":\"Actualit\u00e9s\",\"item\":\"https:\\\/\\\/batijournal.com\\\/index.php\\\/category\\\/actualites\\\/\"},{\"@type\":\"ListItem\",\"position\":3,\"name\":\"La Normandie inaugure son premier \u00e9co-quartier\"}]},{\"@type\":\"WebSite\",\"@id\":\"https:\\\/\\\/batijournal.com\\\/#website\",\"url\":\"https:\\\/\\\/batijournal.com\\\/\",\"name\":\"Batijournal\",\"description\":\"L&#039;actualit\u00e9 du b\u00e2timent\",\"potentialAction\":[{\"@type\":\"SearchAction\",\"target\":{\"@type\":\"EntryPoint\",\"urlTemplate\":\"https:\\\/\\\/batijournal.com\\\/?s={search_term_string}\"},\"query-input\":{\"@type\":\"PropertyValueSpecification\",\"valueRequired\":true,\"valueName\":\"search_term_string\"}}],\"inLanguage\":\"fr-FR\"},{\"@type\":\"Person\",\"@id\":\"https:\\\/\\\/batijournal.com\\\/#\\\/schema\\\/person\\\/1dc96ec6957aa1ccb25ebe78bb19f100\",\"name\":\"St\u00e9phane Miget\",\"image\":{\"@type\":\"ImageObject\",\"inLanguage\":\"fr-FR\",\"@id\":\"https:\\\/\\\/secure.gravatar.com\\\/avatar\\\/89915563d925342126b8ef0281b93d9d7fc337043e8df017f780908eb9644451?s=96&d=mm&r=g\",\"url\":\"https:\\\/\\\/secure.gravatar.com\\\/avatar\\\/89915563d925342126b8ef0281b93d9d7fc337043e8df017f780908eb9644451?s=96&d=mm&r=g\",\"contentUrl\":\"https:\\\/\\\/secure.gravatar.com\\\/avatar\\\/89915563d925342126b8ef0281b93d9d7fc337043e8df017f780908eb9644451?s=96&d=mm&r=g\",\"caption\":\"St\u00e9phane Miget\"},\"url\":\"https:\\\/\\\/batijournal.com\\\/index.php\\\/author\\\/stephane\\\/\"}]}<\/script>\n<!-- \/ Yoast SEO plugin. -->","yoast_head_json":{"title":"La Normandie inaugure son premier \u00e9co-quartier","robots":{"index":"index","follow":"follow","max-snippet":"max-snippet:-1","max-image-preview":"max-image-preview:large","max-video-preview":"max-video-preview:-1"},"canonical":"https:\/\/batijournal.com\/index.php\/normandie-inaugure-premier-eco-quartier\/94794\/","og_locale":"fr_FR","og_type":"article","og_title":"La Normandie inaugure son premier \u00e9co-quartier","og_description":"A l\u2019occasion de la venue \u00e0 Val-de-Reuil d&rsquo;Emmanuelle COSSE, Ministre du Logement et de l\u2019Habitat durable,, la municipalit\u00e9, SILOGE, son groupement Habitat R\u00e9uni et son partenaire Habitat Coop\u00e9ratif de Normandie ont inaugur\u00e9 l\u2019\u00e9co-village du Hameau des No\u00e9s, 1er \u00e9co-quartier labellis\u00e9 de Normandie. Le projet est n\u00e9, il y a huit ans, de la volont\u00e9 commune [&hellip;]","og_url":"https:\/\/batijournal.com\/index.php\/normandie-inaugure-premier-eco-quartier\/94794\/","og_site_name":"Batijournal","article_published_time":"2017-01-20T15:16:12+00:00","article_modified_time":"2017-01-20T15:17:14+00:00","og_image":[{"width":720,"height":656,"url":"https:\/\/batijournal.com\/wp-content\/uploads\/2017\/01\/ecoquartier-eure-normandie-noe.jpg","type":"image\/jpeg"}],"author":"St\u00e9phane Miget","twitter_card":"summary_large_image","twitter_creator":"@bati_journal","twitter_site":"@bati_journal","twitter_misc":{"\u00c9crit par":"St\u00e9phane Miget","Dur\u00e9e de lecture estim\u00e9e":"2 minutes"},"schema":{"@context":"https:\/\/schema.org","@graph":[{"@type":"Article","@id":"https:\/\/batijournal.com\/index.php\/normandie-inaugure-premier-eco-quartier\/94794\/#article","isPartOf":{"@id":"https:\/\/batijournal.com\/index.php\/normandie-inaugure-premier-eco-quartier\/94794\/"},"author":{"name":"St\u00e9phane Miget","@id":"https:\/\/batijournal.com\/#\/schema\/person\/1dc96ec6957aa1ccb25ebe78bb19f100"},"headline":"La Normandie inaugure son premier \u00e9co-quartier","datePublished":"2017-01-20T15:16:12+00:00","dateModified":"2017-01-20T15:17:14+00:00","mainEntityOfPage":{"@id":"https:\/\/batijournal.com\/index.php\/normandie-inaugure-premier-eco-quartier\/94794\/"},"wordCount":311,"image":{"@id":"https:\/\/batijournal.com\/index.php\/normandie-inaugure-premier-eco-quartier\/94794\/#primaryimage"},"thumbnailUrl":"https:\/\/batijournal.com\/wp-content\/uploads\/2017\/01\/ecoquartier-eure-normandie-noe.jpg","keywords":["eco-quartier","\u00e9co-quartiers","HLM"],"articleSection":["Actualit\u00e9s","\u00c9conomie &amp; March\u00e9s","\u00c9nergie &amp; Environnement"],"inLanguage":"fr-FR"},{"@type":"WebPage","@id":"https:\/\/batijournal.com\/index.php\/normandie-inaugure-premier-eco-quartier\/94794\/","url":"https:\/\/batijournal.com\/index.php\/normandie-inaugure-premier-eco-quartier\/94794\/","name":"La Normandie inaugure son premier \u00e9co-quartier","isPartOf":{"@id":"https:\/\/batijournal.com\/#website"},"primaryImageOfPage":{"@id":"https:\/\/batijournal.com\/index.php\/normandie-inaugure-premier-eco-quartier\/94794\/#primaryimage"},"image":{"@id":"https:\/\/batijournal.com\/index.php\/normandie-inaugure-premier-eco-quartier\/94794\/#primaryimage"},"thumbnailUrl":"https:\/\/batijournal.com\/wp-content\/uploads\/2017\/01\/ecoquartier-eure-normandie-noe.jpg","datePublished":"2017-01-20T15:16:12+00:00","dateModified":"2017-01-20T15:17:14+00:00","author":{"@id":"https:\/\/batijournal.com\/#\/schema\/person\/1dc96ec6957aa1ccb25ebe78bb19f100"},"breadcrumb":{"@id":"https:\/\/batijournal.com\/index.php\/normandie-inaugure-premier-eco-quartier\/94794\/#breadcrumb"},"inLanguage":"fr-FR","potentialAction":[{"@type":"ReadAction","target":["https:\/\/batijournal.com\/index.php\/normandie-inaugure-premier-eco-quartier\/94794\/"]}]},{"@type":"ImageObject","inLanguage":"fr-FR","@id":"https:\/\/batijournal.com\/index.php\/normandie-inaugure-premier-eco-quartier\/94794\/#primaryimage","url":"https:\/\/batijournal.com\/wp-content\/uploads\/2017\/01\/ecoquartier-eure-normandie-noe.jpg","contentUrl":"https:\/\/batijournal.com\/wp-content\/uploads\/2017\/01\/ecoquartier-eure-normandie-noe.jpg","width":720,"height":656},{"@type":"BreadcrumbList","@id":"https:\/\/batijournal.com\/index.php\/normandie-inaugure-premier-eco-quartier\/94794\/#breadcrumb","itemListElement":[{"@type":"ListItem","position":1,"name":"Accueil","item":"https:\/\/batijournal.com\/"},{"@type":"ListItem","position":2,"name":"Actualit\u00e9s","item":"https:\/\/batijournal.com\/index.php\/category\/actualites\/"},{"@type":"ListItem","position":3,"name":"La Normandie inaugure son premier \u00e9co-quartier"}]},{"@type":"WebSite","@id":"https:\/\/batijournal.com\/#website","url":"https:\/\/batijournal.com\/","name":"Batijournal","description":"L&#039;actualit\u00e9 du b\u00e2timent","potentialAction":[{"@type":"SearchAction","target":{"@type":"EntryPoint","urlTemplate":"https:\/\/batijournal.com\/?s={search_term_string}"},"query-input":{"@type":"PropertyValueSpecification","valueRequired":true,"valueName":"search_term_string"}}],"inLanguage":"fr-FR"},{"@type":"Person","@id":"https:\/\/batijournal.com\/#\/schema\/person\/1dc96ec6957aa1ccb25ebe78bb19f100","name":"St\u00e9phane Miget","image":{"@type":"ImageObject","inLanguage":"fr-FR","@id":"https:\/\/secure.gravatar.com\/avatar\/89915563d925342126b8ef0281b93d9d7fc337043e8df017f780908eb9644451?s=96&d=mm&r=g","url":"https:\/\/secure.gravatar.com\/avatar\/89915563d925342126b8ef0281b93d9d7fc337043e8df017f780908eb9644451?s=96&d=mm&r=g","contentUrl":"https:\/\/secure.gravatar.com\/avatar\/89915563d925342126b8ef0281b93d9d7fc337043e8df017f780908eb9644451?s=96&d=mm&r=g","caption":"St\u00e9phane Miget"},"url":"https:\/\/batijournal.com\/index.php\/author\/stephane\/"}]}},"_links":{"self":[{"href":"https:\/\/batijournal.com\/index.php\/wp-json\/wp\/v2\/posts\/94794","targetHints":{"allow":["GET"]}}],"collection":[{"href":"https:\/\/batijournal.com\/index.php\/wp-json\/wp\/v2\/posts"}],"about":[{"href":"https:\/\/batijournal.com\/index.php\/wp-json\/wp\/v2\/types\/post"}],"author":[{"embeddable":true,"href":"https:\/\/batijournal.com\/index.php\/wp-json\/wp\/v2\/users\/17"}],"replies":[{"embeddable":true,"href":"https:\/\/batijournal.com\/index.php\/wp-json\/wp\/v2\/comments?post=94794"}],"version-history":[{"count":0,"href":"https:\/\/batijournal.com\/index.php\/wp-json\/wp\/v2\/posts\/94794\/revisions"}],"wp:featuredmedia":[{"embeddable":true,"href":"https:\/\/batijournal.com\/index.php\/wp-json\/wp\/v2\/media\/94795"}],"wp:attachment":[{"href":"https:\/\/batijournal.com\/index.php\/wp-json\/wp\/v2\/media?parent=94794"}],"wp:term":[{"taxonomy":"category","embeddable":true,"href":"https:\/\/batijournal.com\/index.php\/wp-json\/wp\/v2\/categories?post=94794"},{"taxonomy":"post_tag","embeddable":true,"href":"https:\/\/batijournal.com\/index.php\/wp-json\/wp\/v2\/tags?post=94794"}],"curies":[{"name":"wp","href":"https:\/\/api.w.org\/{rel}","templated":true}]}}