{"id":94798,"date":"2017-01-20T17:45:16","date_gmt":"2017-01-20T16:45:16","guid":{"rendered":"http:\/\/batijournal.com\/?p=94798"},"modified":"2019-07-15T12:08:46","modified_gmt":"2019-07-15T10:08:46","slug":"dechets-btp-disposeront-bien-dexutoires-dedies","status":"publish","type":"post","link":"https:\/\/batijournal.com\/index.php\/dechets-btp-disposeront-bien-dexutoires-dedies\/94798\/","title":{"rendered":"Les d\u00e9chets du BTP disposeront d\u2019exutoires d\u00e9di\u00e9s"},"content":{"rendered":"<p><strong>Le Conseil Constitutionnel vient de d\u00e9clarer conforme l\u2019article L. 541-10-9 du code de l&rsquo;environnement qui organise l\u2019obligation pour les distributeurs de mat\u00e9riaux de construction de reprendre les d\u00e9chets des professionnels.<\/strong><\/p>\n<p>Cet article avait fait l\u2019objet d\u2019une Question Prioritaire de Constitutionnalit\u00e9 transmise par la Conf\u00e9d\u00e9ration du commerce de gros et international sur le motif que la disposition pouvait potentiellement m\u00e9conna\u00eetre la \u00ab\u00a0libert\u00e9 d\u2019entreprendre\u00a0\u00bb et le \u00ab\u00a0principe d\u2019\u00e9galit\u00e9 devant la loi\u00a0\u00bb. Ce recours avait conduit France Nature Environnement (FNE) \u00e0 soutenir cet article devant le Conseil Constitutionnel afin que les ambitions pos\u00e9es par la Loi de Transition Energ\u00e9tique pour la Croissance Verte (LTECV) puissent disposer de mesures effectives.<\/p>\n<p>Le secteur du BTP g\u00e9n\u00e8re plus de 260 millions de tonnes de d\u00e9chets en France (soit 73% de la production totale des d\u00e9chets). Bien que 60% de ces d\u00e9chets soient actuellement valoris\u00e9s, le r\u00e9cent objectif de 70% de valorisation mati\u00e8re des d\u00e9chets inertes d\u2019ici 2020 inscrit \u00e0 l\u2019article 79 de la LTECV repr\u00e9sente un effort consid\u00e9rable. L\u2019atteinte de cet objectif repose notamment sur une augmentation significative du taux de collecte des d\u00e9chets du BTP, elle-m\u00eame d\u00e9pendante d\u2019un maillage suffisant de lieux de reprise.<\/p>\n<p>Invoquant les difficult\u00e9s de mise en \u0153uvre d\u2019un dispositif de Responsabilit\u00e9 Elargie des Producteurs pour la fili\u00e8re du BTP qui pourrait organiser l\u2019articulation entre les diff\u00e9rents acteurs, le l\u00e9gislateur a opt\u00e9 pour inscrire l\u2019obligation pour les distributeurs de mat\u00e9riaux, produits et \u00e9quipements de construction \u00e0 destination des professionnels de s\u2019organiser pour reprendre des d\u00e9chets issus de mat\u00e9riaux, produits et \u00e9quipements du m\u00eame type que ceux qu\u2019ils vendent aux professionnels. Pour FNE, cette d\u00e9cision constitue une 1\u00e8re \u00e9tape indispensable pour densifier les possibilit\u00e9s de reprise pour les professionnels de ce secteur et faciliter la collecte de ces d\u00e9chets particuliers.<\/p>\n<p>Bien que le p\u00e9rim\u00e8tre de cette obligation soit limit\u00e9 \u00e0 une partie des acteurs du BTP, cette loi d\u00e9finit un dispositif concret du principe de pollueur-payeur sans cr\u00e9er une in\u00e9galit\u00e9 de traitement. Par ailleurs, le d\u00e9cret d\u2019application permet d\u2019organiser la reprise dans un rayon de 10 km autour du lieu de distribution, la possibilit\u00e9 de mutualisation des sites de reprise entre distributeurs et l\u2019exemption d\u2019obligation dans le cas de d\u00e9chetteries disponibles pr\u00e9existantes. Il d\u00e9finit donc autant de dispositions qui permettent d\u2019assurer la libre organisation des sites de distribution et une application effective de cette loi.<\/p>\n<p><em>Pour les professionnels de la distribution : \u00ab\u00a0Cette d\u00e9cision n\u2019\u00e9teint pas les griefs formul\u00e9s par la distribution professionnelle, le dispositif fait toujours l\u2019objet d\u2019une requ\u00eate en exc\u00e8s de pouvoir\u00a0 devant le Conseil d\u2019Etat.\u00a0\u00bb<\/em>\u00a0Dans l\u2019attente de cette d\u00e9cision, <em>\u00ab\u00a0le d\u00e9p\u00f4t d\u2019un r\u00e9f\u00e9r\u00e9 est \u00e0 l\u2019examen afin de solliciter la suspension d\u2019une obligation qui fait peser une charge particuli\u00e8rement lourde sur les entreprises de la distribution professionnelle\u00a0\u00bb<\/em>, indique\u00a0le Comit\u00e9 de liaison de la distribution professionnelle au b\u00e2timent (CLAB) dans un\u00a0\u00a0communiqu\u00e9.<\/p>\n<p>&nbsp;<\/p>\n","protected":false},"excerpt":{"rendered":"<p>Le Conseil Constitutionnel vient de d\u00e9clarer conforme l\u2019article L. 541-10-9 du code de l&rsquo;environnement qui organise l\u2019obligation pour les distributeurs de mat\u00e9riaux de construction de reprendre les d\u00e9chets des professionnels. Cet article avait fait l\u2019objet d\u2019une Question Prioritaire de Constitutionnalit\u00e9 transmise par la Conf\u00e9d\u00e9ration du commerce de gros et international sur le motif que la [&hellip;]<\/p>\n","protected":false},"author":17,"featured_media":93806,"comment_status":"closed","ping_status":"closed","sticky":false,"template":"","format":"standard","meta":{"_et_pb_use_builder":"","_et_pb_old_content":"","_et_gb_content_width":"","footnotes":""},"categories":[10530,6345],"tags":[1211,11430,726],"class_list":["post-94798","post","type-post","status-publish","format-standard","has-post-thumbnail","hentry","category-actualites","category-economie-marches","tag-dechets","tag-economie-circulaire","tag-recyclage"],"yoast_head":"<!-- This site is optimized with the Yoast SEO plugin v27.4 - https:\/\/yoast.com\/product\/yoast-seo-wordpress\/ -->\n<title>Les d\u00e9chets du BTP disposeront d\u2019exutoires d\u00e9di\u00e9s<\/title>\n<meta name=\"robots\" content=\"index, follow, max-snippet:-1, max-image-preview:large, max-video-preview:-1\" \/>\n<link rel=\"canonical\" href=\"https:\/\/batijournal.com\/index.php\/dechets-btp-disposeront-bien-dexutoires-dedies\/94798\/\" \/>\n<meta property=\"og:locale\" content=\"fr_FR\" \/>\n<meta property=\"og:type\" content=\"article\" \/>\n<meta property=\"og:title\" content=\"Les d\u00e9chets du BTP disposeront d\u2019exutoires d\u00e9di\u00e9s\" \/>\n<meta property=\"og:description\" content=\"Le Conseil Constitutionnel vient de d\u00e9clarer conforme l\u2019article L. 541-10-9 du code de l&rsquo;environnement qui organise l\u2019obligation pour les distributeurs de mat\u00e9riaux de construction de reprendre les d\u00e9chets des professionnels. Cet article avait fait l\u2019objet d\u2019une Question Prioritaire de Constitutionnalit\u00e9 transmise par la Conf\u00e9d\u00e9ration du commerce de gros et international sur le motif que la [&hellip;]\" \/>\n<meta property=\"og:url\" content=\"https:\/\/batijournal.com\/index.php\/dechets-btp-disposeront-bien-dexutoires-dedies\/94798\/\" \/>\n<meta property=\"og:site_name\" content=\"Batijournal\" \/>\n<meta property=\"article:published_time\" content=\"2017-01-20T16:45:16+00:00\" \/>\n<meta property=\"article:modified_time\" content=\"2019-07-15T10:08:46+00:00\" \/>\n<meta property=\"og:image\" content=\"https:\/\/batijournal.com\/wp-content\/uploads\/2016\/09\/dechets-batiment2.jpg\" \/>\n\t<meta property=\"og:image:width\" content=\"965\" \/>\n\t<meta property=\"og:image:height\" content=\"555\" \/>\n\t<meta property=\"og:image:type\" content=\"image\/jpeg\" \/>\n<meta name=\"author\" content=\"St\u00e9phane Miget\" \/>\n<meta name=\"twitter:card\" content=\"summary_large_image\" \/>\n<meta name=\"twitter:creator\" content=\"@bati_journal\" \/>\n<meta name=\"twitter:site\" content=\"@bati_journal\" \/>\n<meta name=\"twitter:label1\" content=\"\u00c9crit par\" \/>\n\t<meta name=\"twitter:data1\" content=\"St\u00e9phane Miget\" \/>\n\t<meta name=\"twitter:label2\" content=\"Dur\u00e9e de lecture estim\u00e9e\" \/>\n\t<meta name=\"twitter:data2\" content=\"3 minutes\" \/>\n<script type=\"application\/ld+json\" class=\"yoast-schema-graph\">{\"@context\":\"https:\\\/\\\/schema.org\",\"@graph\":[{\"@type\":\"Article\",\"@id\":\"https:\\\/\\\/batijournal.com\\\/index.php\\\/dechets-btp-disposeront-bien-dexutoires-dedies\\\/94798\\\/#article\",\"isPartOf\":{\"@id\":\"https:\\\/\\\/batijournal.com\\\/index.php\\\/dechets-btp-disposeront-bien-dexutoires-dedies\\\/94798\\\/\"},\"author\":{\"name\":\"St\u00e9phane Miget\",\"@id\":\"https:\\\/\\\/batijournal.com\\\/#\\\/schema\\\/person\\\/1dc96ec6957aa1ccb25ebe78bb19f100\"},\"headline\":\"Les d\u00e9chets du BTP disposeront d\u2019exutoires d\u00e9di\u00e9s\",\"datePublished\":\"2017-01-20T16:45:16+00:00\",\"dateModified\":\"2019-07-15T10:08:46+00:00\",\"mainEntityOfPage\":{\"@id\":\"https:\\\/\\\/batijournal.com\\\/index.php\\\/dechets-btp-disposeront-bien-dexutoires-dedies\\\/94798\\\/\"},\"wordCount\":546,\"image\":{\"@id\":\"https:\\\/\\\/batijournal.com\\\/index.php\\\/dechets-btp-disposeront-bien-dexutoires-dedies\\\/94798\\\/#primaryimage\"},\"thumbnailUrl\":\"https:\\\/\\\/batijournal.com\\\/wp-content\\\/uploads\\\/2016\\\/09\\\/dechets-batiment2.jpg\",\"keywords\":[\"d\u00e9chets\",\"\u00e9conomie circulaire\",\"recyclage\"],\"articleSection\":[\"Actualit\u00e9s\",\"\u00c9conomie &amp; March\u00e9s\"],\"inLanguage\":\"fr-FR\"},{\"@type\":\"WebPage\",\"@id\":\"https:\\\/\\\/batijournal.com\\\/index.php\\\/dechets-btp-disposeront-bien-dexutoires-dedies\\\/94798\\\/\",\"url\":\"https:\\\/\\\/batijournal.com\\\/index.php\\\/dechets-btp-disposeront-bien-dexutoires-dedies\\\/94798\\\/\",\"name\":\"Les d\u00e9chets du BTP disposeront d\u2019exutoires d\u00e9di\u00e9s\",\"isPartOf\":{\"@id\":\"https:\\\/\\\/batijournal.com\\\/#website\"},\"primaryImageOfPage\":{\"@id\":\"https:\\\/\\\/batijournal.com\\\/index.php\\\/dechets-btp-disposeront-bien-dexutoires-dedies\\\/94798\\\/#primaryimage\"},\"image\":{\"@id\":\"https:\\\/\\\/batijournal.com\\\/index.php\\\/dechets-btp-disposeront-bien-dexutoires-dedies\\\/94798\\\/#primaryimage\"},\"thumbnailUrl\":\"https:\\\/\\\/batijournal.com\\\/wp-content\\\/uploads\\\/2016\\\/09\\\/dechets-batiment2.jpg\",\"datePublished\":\"2017-01-20T16:45:16+00:00\",\"dateModified\":\"2019-07-15T10:08:46+00:00\",\"author\":{\"@id\":\"https:\\\/\\\/batijournal.com\\\/#\\\/schema\\\/person\\\/1dc96ec6957aa1ccb25ebe78bb19f100\"},\"breadcrumb\":{\"@id\":\"https:\\\/\\\/batijournal.com\\\/index.php\\\/dechets-btp-disposeront-bien-dexutoires-dedies\\\/94798\\\/#breadcrumb\"},\"inLanguage\":\"fr-FR\",\"potentialAction\":[{\"@type\":\"ReadAction\",\"target\":[\"https:\\\/\\\/batijournal.com\\\/index.php\\\/dechets-btp-disposeront-bien-dexutoires-dedies\\\/94798\\\/\"]}]},{\"@type\":\"ImageObject\",\"inLanguage\":\"fr-FR\",\"@id\":\"https:\\\/\\\/batijournal.com\\\/index.php\\\/dechets-btp-disposeront-bien-dexutoires-dedies\\\/94798\\\/#primaryimage\",\"url\":\"https:\\\/\\\/batijournal.com\\\/wp-content\\\/uploads\\\/2016\\\/09\\\/dechets-batiment2.jpg\",\"contentUrl\":\"https:\\\/\\\/batijournal.com\\\/wp-content\\\/uploads\\\/2016\\\/09\\\/dechets-batiment2.jpg\",\"width\":965,\"height\":555},{\"@type\":\"BreadcrumbList\",\"@id\":\"https:\\\/\\\/batijournal.com\\\/index.php\\\/dechets-btp-disposeront-bien-dexutoires-dedies\\\/94798\\\/#breadcrumb\",\"itemListElement\":[{\"@type\":\"ListItem\",\"position\":1,\"name\":\"Accueil\",\"item\":\"https:\\\/\\\/batijournal.com\\\/\"},{\"@type\":\"ListItem\",\"position\":2,\"name\":\"Actualit\u00e9s\",\"item\":\"https:\\\/\\\/batijournal.com\\\/index.php\\\/category\\\/actualites\\\/\"},{\"@type\":\"ListItem\",\"position\":3,\"name\":\"Les d\u00e9chets du BTP disposeront d\u2019exutoires d\u00e9di\u00e9s\"}]},{\"@type\":\"WebSite\",\"@id\":\"https:\\\/\\\/batijournal.com\\\/#website\",\"url\":\"https:\\\/\\\/batijournal.com\\\/\",\"name\":\"Batijournal\",\"description\":\"L&#039;actualit\u00e9 du b\u00e2timent\",\"potentialAction\":[{\"@type\":\"SearchAction\",\"target\":{\"@type\":\"EntryPoint\",\"urlTemplate\":\"https:\\\/\\\/batijournal.com\\\/?s={search_term_string}\"},\"query-input\":{\"@type\":\"PropertyValueSpecification\",\"valueRequired\":true,\"valueName\":\"search_term_string\"}}],\"inLanguage\":\"fr-FR\"},{\"@type\":\"Person\",\"@id\":\"https:\\\/\\\/batijournal.com\\\/#\\\/schema\\\/person\\\/1dc96ec6957aa1ccb25ebe78bb19f100\",\"name\":\"St\u00e9phane Miget\",\"image\":{\"@type\":\"ImageObject\",\"inLanguage\":\"fr-FR\",\"@id\":\"https:\\\/\\\/secure.gravatar.com\\\/avatar\\\/89915563d925342126b8ef0281b93d9d7fc337043e8df017f780908eb9644451?s=96&d=mm&r=g\",\"url\":\"https:\\\/\\\/secure.gravatar.com\\\/avatar\\\/89915563d925342126b8ef0281b93d9d7fc337043e8df017f780908eb9644451?s=96&d=mm&r=g\",\"contentUrl\":\"https:\\\/\\\/secure.gravatar.com\\\/avatar\\\/89915563d925342126b8ef0281b93d9d7fc337043e8df017f780908eb9644451?s=96&d=mm&r=g\",\"caption\":\"St\u00e9phane Miget\"},\"url\":\"https:\\\/\\\/batijournal.com\\\/index.php\\\/author\\\/stephane\\\/\"}]}<\/script>\n<!-- \/ Yoast SEO plugin. -->","yoast_head_json":{"title":"Les d\u00e9chets du BTP disposeront d\u2019exutoires d\u00e9di\u00e9s","robots":{"index":"index","follow":"follow","max-snippet":"max-snippet:-1","max-image-preview":"max-image-preview:large","max-video-preview":"max-video-preview:-1"},"canonical":"https:\/\/batijournal.com\/index.php\/dechets-btp-disposeront-bien-dexutoires-dedies\/94798\/","og_locale":"fr_FR","og_type":"article","og_title":"Les d\u00e9chets du BTP disposeront d\u2019exutoires d\u00e9di\u00e9s","og_description":"Le Conseil Constitutionnel vient de d\u00e9clarer conforme l\u2019article L. 541-10-9 du code de l&rsquo;environnement qui organise l\u2019obligation pour les distributeurs de mat\u00e9riaux de construction de reprendre les d\u00e9chets des professionnels. Cet article avait fait l\u2019objet d\u2019une Question Prioritaire de Constitutionnalit\u00e9 transmise par la Conf\u00e9d\u00e9ration du commerce de gros et international sur le motif que la [&hellip;]","og_url":"https:\/\/batijournal.com\/index.php\/dechets-btp-disposeront-bien-dexutoires-dedies\/94798\/","og_site_name":"Batijournal","article_published_time":"2017-01-20T16:45:16+00:00","article_modified_time":"2019-07-15T10:08:46+00:00","og_image":[{"width":965,"height":555,"url":"https:\/\/batijournal.com\/wp-content\/uploads\/2016\/09\/dechets-batiment2.jpg","type":"image\/jpeg"}],"author":"St\u00e9phane Miget","twitter_card":"summary_large_image","twitter_creator":"@bati_journal","twitter_site":"@bati_journal","twitter_misc":{"\u00c9crit par":"St\u00e9phane Miget","Dur\u00e9e de lecture estim\u00e9e":"3 minutes"},"schema":{"@context":"https:\/\/schema.org","@graph":[{"@type":"Article","@id":"https:\/\/batijournal.com\/index.php\/dechets-btp-disposeront-bien-dexutoires-dedies\/94798\/#article","isPartOf":{"@id":"https:\/\/batijournal.com\/index.php\/dechets-btp-disposeront-bien-dexutoires-dedies\/94798\/"},"author":{"name":"St\u00e9phane Miget","@id":"https:\/\/batijournal.com\/#\/schema\/person\/1dc96ec6957aa1ccb25ebe78bb19f100"},"headline":"Les d\u00e9chets du BTP disposeront d\u2019exutoires d\u00e9di\u00e9s","datePublished":"2017-01-20T16:45:16+00:00","dateModified":"2019-07-15T10:08:46+00:00","mainEntityOfPage":{"@id":"https:\/\/batijournal.com\/index.php\/dechets-btp-disposeront-bien-dexutoires-dedies\/94798\/"},"wordCount":546,"image":{"@id":"https:\/\/batijournal.com\/index.php\/dechets-btp-disposeront-bien-dexutoires-dedies\/94798\/#primaryimage"},"thumbnailUrl":"https:\/\/batijournal.com\/wp-content\/uploads\/2016\/09\/dechets-batiment2.jpg","keywords":["d\u00e9chets","\u00e9conomie circulaire","recyclage"],"articleSection":["Actualit\u00e9s","\u00c9conomie &amp; March\u00e9s"],"inLanguage":"fr-FR"},{"@type":"WebPage","@id":"https:\/\/batijournal.com\/index.php\/dechets-btp-disposeront-bien-dexutoires-dedies\/94798\/","url":"https:\/\/batijournal.com\/index.php\/dechets-btp-disposeront-bien-dexutoires-dedies\/94798\/","name":"Les d\u00e9chets du BTP disposeront d\u2019exutoires d\u00e9di\u00e9s","isPartOf":{"@id":"https:\/\/batijournal.com\/#website"},"primaryImageOfPage":{"@id":"https:\/\/batijournal.com\/index.php\/dechets-btp-disposeront-bien-dexutoires-dedies\/94798\/#primaryimage"},"image":{"@id":"https:\/\/batijournal.com\/index.php\/dechets-btp-disposeront-bien-dexutoires-dedies\/94798\/#primaryimage"},"thumbnailUrl":"https:\/\/batijournal.com\/wp-content\/uploads\/2016\/09\/dechets-batiment2.jpg","datePublished":"2017-01-20T16:45:16+00:00","dateModified":"2019-07-15T10:08:46+00:00","author":{"@id":"https:\/\/batijournal.com\/#\/schema\/person\/1dc96ec6957aa1ccb25ebe78bb19f100"},"breadcrumb":{"@id":"https:\/\/batijournal.com\/index.php\/dechets-btp-disposeront-bien-dexutoires-dedies\/94798\/#breadcrumb"},"inLanguage":"fr-FR","potentialAction":[{"@type":"ReadAction","target":["https:\/\/batijournal.com\/index.php\/dechets-btp-disposeront-bien-dexutoires-dedies\/94798\/"]}]},{"@type":"ImageObject","inLanguage":"fr-FR","@id":"https:\/\/batijournal.com\/index.php\/dechets-btp-disposeront-bien-dexutoires-dedies\/94798\/#primaryimage","url":"https:\/\/batijournal.com\/wp-content\/uploads\/2016\/09\/dechets-batiment2.jpg","contentUrl":"https:\/\/batijournal.com\/wp-content\/uploads\/2016\/09\/dechets-batiment2.jpg","width":965,"height":555},{"@type":"BreadcrumbList","@id":"https:\/\/batijournal.com\/index.php\/dechets-btp-disposeront-bien-dexutoires-dedies\/94798\/#breadcrumb","itemListElement":[{"@type":"ListItem","position":1,"name":"Accueil","item":"https:\/\/batijournal.com\/"},{"@type":"ListItem","position":2,"name":"Actualit\u00e9s","item":"https:\/\/batijournal.com\/index.php\/category\/actualites\/"},{"@type":"ListItem","position":3,"name":"Les d\u00e9chets du BTP disposeront d\u2019exutoires d\u00e9di\u00e9s"}]},{"@type":"WebSite","@id":"https:\/\/batijournal.com\/#website","url":"https:\/\/batijournal.com\/","name":"Batijournal","description":"L&#039;actualit\u00e9 du b\u00e2timent","potentialAction":[{"@type":"SearchAction","target":{"@type":"EntryPoint","urlTemplate":"https:\/\/batijournal.com\/?s={search_term_string}"},"query-input":{"@type":"PropertyValueSpecification","valueRequired":true,"valueName":"search_term_string"}}],"inLanguage":"fr-FR"},{"@type":"Person","@id":"https:\/\/batijournal.com\/#\/schema\/person\/1dc96ec6957aa1ccb25ebe78bb19f100","name":"St\u00e9phane Miget","image":{"@type":"ImageObject","inLanguage":"fr-FR","@id":"https:\/\/secure.gravatar.com\/avatar\/89915563d925342126b8ef0281b93d9d7fc337043e8df017f780908eb9644451?s=96&d=mm&r=g","url":"https:\/\/secure.gravatar.com\/avatar\/89915563d925342126b8ef0281b93d9d7fc337043e8df017f780908eb9644451?s=96&d=mm&r=g","contentUrl":"https:\/\/secure.gravatar.com\/avatar\/89915563d925342126b8ef0281b93d9d7fc337043e8df017f780908eb9644451?s=96&d=mm&r=g","caption":"St\u00e9phane Miget"},"url":"https:\/\/batijournal.com\/index.php\/author\/stephane\/"}]}},"_links":{"self":[{"href":"https:\/\/batijournal.com\/index.php\/wp-json\/wp\/v2\/posts\/94798","targetHints":{"allow":["GET"]}}],"collection":[{"href":"https:\/\/batijournal.com\/index.php\/wp-json\/wp\/v2\/posts"}],"about":[{"href":"https:\/\/batijournal.com\/index.php\/wp-json\/wp\/v2\/types\/post"}],"author":[{"embeddable":true,"href":"https:\/\/batijournal.com\/index.php\/wp-json\/wp\/v2\/users\/17"}],"replies":[{"embeddable":true,"href":"https:\/\/batijournal.com\/index.php\/wp-json\/wp\/v2\/comments?post=94798"}],"version-history":[{"count":0,"href":"https:\/\/batijournal.com\/index.php\/wp-json\/wp\/v2\/posts\/94798\/revisions"}],"wp:featuredmedia":[{"embeddable":true,"href":"https:\/\/batijournal.com\/index.php\/wp-json\/wp\/v2\/media\/93806"}],"wp:attachment":[{"href":"https:\/\/batijournal.com\/index.php\/wp-json\/wp\/v2\/media?parent=94798"}],"wp:term":[{"taxonomy":"category","embeddable":true,"href":"https:\/\/batijournal.com\/index.php\/wp-json\/wp\/v2\/categories?post=94798"},{"taxonomy":"post_tag","embeddable":true,"href":"https:\/\/batijournal.com\/index.php\/wp-json\/wp\/v2\/tags?post=94798"}],"curies":[{"name":"wp","href":"https:\/\/api.w.org\/{rel}","templated":true}]}}