{"id":94801,"date":"2017-01-23T11:30:05","date_gmt":"2017-01-23T10:30:05","guid":{"rendered":"http:\/\/batijournal.com\/?p=94801"},"modified":"2019-07-15T12:07:16","modified_gmt":"2019-07-15T10:07:16","slug":"cfa-btp-bois-inaugure-a-blois","status":"publish","type":"post","link":"https:\/\/batijournal.com\/index.php\/cfa-btp-bois-inaugure-a-blois\/94801\/","title":{"rendered":"Un CFA BTP en bois inaugur\u00e9 \u00e0 Blois"},"content":{"rendered":"<p><!-- @page { margin: 2cm } P { margin-bottom: 0.21cm } --><\/p>\n<p><span style=\"color: #000000\"><span style=\"font-family: Arial, sans-serif\"><span style=\"font-size: medium\">Bernard Cazeneuve, premier ministre, entour\u00e9 de Myriam El Khomri, ministre du Travail, de l\u2019Emploi, de la Formation professionnelle et du Dialogue social, Clotilde Valter, secr\u00e9taire d\u2019\u00c9tat charg\u00e9e de la Formation professionnelle\u00a0et de l\u2019Apprentissage, Fran\u00e7ois Bonneau, pr\u00e9sident du conseil r\u00e9gional\u00a0Centre-Val de Loire, Maurice Leroy, pr\u00e9sident du conseil d\u00e9partemental du Loir-et-Cher, Marc Gricourt, maire de Blois, Jean-Christophe Repon, pr\u00e9sident du CCCA-BTP, et Pascal Simon, pr\u00e9sident de BTP CFA Centre, a inaugur\u00e9 le 19 janvier 2017 le nouveau centre de formation d&rsquo;apprentis BTP Loir-et-Cher \u00e0 Blois. L\u2019utilisation du bois a \u00e9t\u00e9 privil\u00e9gi\u00e9e dans la construction de ce CFA, d\u2019une superficie totale de pr\u00e8s de 10 000 m<sup>2<\/sup>, con\u00e7u, sur le th\u00e8me \u00ab\u00a0Nouvelle g\u00e9n\u00e9ration et fili\u00e8res d\u2019excellence\u00a0\u00bb. Ce parti-pris architectural valorise l\u2019image et la technicit\u00e9 des m\u00e9tiers du b\u00e2timent et des travaux publics, ainsi que le savoir-faire des entreprises du secteur. Neuf nouveaux dipl\u00f4mes en formation initiale du CAP au dipl\u00f4me d\u2019ing\u00e9nieur sont propos\u00e9s dans trois fili\u00e8res d\u2019excellence (bois et syst\u00e8me des constructions bois, enveloppe du b\u00e2timent et patrimoine historique du b\u00e2timent), ainsi qu\u2019une offre compl\u00e8te de formation continue, afin de r\u00e9pondre aux besoins de qualification des entreprises et de proposer un parcours de formation sur mesure aux salari\u00e9s du BTP.<\/span><\/span><\/span><\/p>\n<p><a href=\"http:\/\/www.ccca-btp.fr\"><span style=\"color: #000000\"><span style=\"font-family: Arial, sans-serif\"><span style=\"font-size: medium\">www.ccca-btp.fr<\/span><\/span><\/span><\/a><\/p>\n<p><span style=\"color: #000000\"><span style=\"font-family: Arial, sans-serif\"><span style=\"font-size: medium\">Photo\u00a0: <span style=\"font-family: Calibri, sans-serif\"><span style=\"font-size: large\">CCCA-BTP<\/span><\/span><\/span><\/span><\/span><\/p>\n","protected":false},"excerpt":{"rendered":"<p>Bernard Cazeneuve, premier ministre, entour\u00e9 de Myriam El Khomri, ministre du Travail, de l\u2019Emploi, de la Formation professionnelle et du Dialogue social, Clotilde Valter, secr\u00e9taire d\u2019\u00c9tat charg\u00e9e de la Formation professionnelle\u00a0et de l\u2019Apprentissage, Fran\u00e7ois Bonneau, pr\u00e9sident du conseil r\u00e9gional\u00a0Centre-Val de Loire, Maurice Leroy, pr\u00e9sident du conseil d\u00e9partemental du Loir-et-Cher, Marc Gricourt, maire de Blois, Jean-Christophe [&hellip;]<\/p>\n","protected":false},"author":17,"featured_media":94802,"comment_status":"closed","ping_status":"closed","sticky":false,"template":"","format":"standard","meta":{"_et_pb_use_builder":"","_et_pb_old_content":"","_et_gb_content_width":"","footnotes":""},"categories":[10530,6345,10764],"tags":[],"class_list":["post-94801","post","type-post","status-publish","format-standard","has-post-thumbnail","hentry","category-actualites","category-economie-marches","category-woodsurfer"],"yoast_head":"<!-- This site is optimized with the Yoast SEO plugin v27.4 - https:\/\/yoast.com\/product\/yoast-seo-wordpress\/ -->\n<title>Un CFA BTP en bois inaugur\u00e9 \u00e0 Blois<\/title>\n<meta name=\"robots\" content=\"index, follow, max-snippet:-1, max-image-preview:large, max-video-preview:-1\" \/>\n<link rel=\"canonical\" href=\"https:\/\/batijournal.com\/index.php\/cfa-btp-bois-inaugure-a-blois\/94801\/\" \/>\n<meta property=\"og:locale\" content=\"fr_FR\" \/>\n<meta property=\"og:type\" content=\"article\" \/>\n<meta property=\"og:title\" content=\"Un CFA BTP en bois inaugur\u00e9 \u00e0 Blois\" \/>\n<meta property=\"og:description\" content=\"Bernard Cazeneuve, premier ministre, entour\u00e9 de Myriam El Khomri, ministre du Travail, de l\u2019Emploi, de la Formation professionnelle et du Dialogue social, Clotilde Valter, secr\u00e9taire d\u2019\u00c9tat charg\u00e9e de la Formation professionnelle\u00a0et de l\u2019Apprentissage, Fran\u00e7ois Bonneau, pr\u00e9sident du conseil r\u00e9gional\u00a0Centre-Val de Loire, Maurice Leroy, pr\u00e9sident du conseil d\u00e9partemental du Loir-et-Cher, Marc Gricourt, maire de Blois, Jean-Christophe [&hellip;]\" \/>\n<meta property=\"og:url\" content=\"https:\/\/batijournal.com\/index.php\/cfa-btp-bois-inaugure-a-blois\/94801\/\" \/>\n<meta property=\"og:site_name\" content=\"Batijournal\" \/>\n<meta property=\"article:published_time\" content=\"2017-01-23T10:30:05+00:00\" \/>\n<meta property=\"article:modified_time\" content=\"2019-07-15T10:07:16+00:00\" \/>\n<meta property=\"og:image\" content=\"https:\/\/batijournal.com\/wp-content\/uploads\/2017\/01\/cca.jpg\" \/>\n\t<meta property=\"og:image:width\" content=\"5040\" \/>\n\t<meta property=\"og:image:height\" content=\"3360\" \/>\n\t<meta property=\"og:image:type\" content=\"image\/jpeg\" \/>\n<meta name=\"author\" content=\"St\u00e9phane Miget\" \/>\n<meta name=\"twitter:card\" content=\"summary_large_image\" \/>\n<meta name=\"twitter:creator\" content=\"@bati_journal\" \/>\n<meta name=\"twitter:site\" content=\"@bati_journal\" \/>\n<meta name=\"twitter:label1\" content=\"\u00c9crit par\" \/>\n\t<meta name=\"twitter:data1\" content=\"St\u00e9phane Miget\" \/>\n\t<meta name=\"twitter:label2\" content=\"Dur\u00e9e de lecture estim\u00e9e\" \/>\n\t<meta name=\"twitter:data2\" content=\"1 minute\" \/>\n<script type=\"application\/ld+json\" class=\"yoast-schema-graph\">{\"@context\":\"https:\\\/\\\/schema.org\",\"@graph\":[{\"@type\":\"Article\",\"@id\":\"https:\\\/\\\/batijournal.com\\\/index.php\\\/cfa-btp-bois-inaugure-a-blois\\\/94801\\\/#article\",\"isPartOf\":{\"@id\":\"https:\\\/\\\/batijournal.com\\\/index.php\\\/cfa-btp-bois-inaugure-a-blois\\\/94801\\\/\"},\"author\":{\"name\":\"St\u00e9phane Miget\",\"@id\":\"https:\\\/\\\/batijournal.com\\\/#\\\/schema\\\/person\\\/1dc96ec6957aa1ccb25ebe78bb19f100\"},\"headline\":\"Un CFA BTP en bois inaugur\u00e9 \u00e0 Blois\",\"datePublished\":\"2017-01-23T10:30:05+00:00\",\"dateModified\":\"2019-07-15T10:07:16+00:00\",\"mainEntityOfPage\":{\"@id\":\"https:\\\/\\\/batijournal.com\\\/index.php\\\/cfa-btp-bois-inaugure-a-blois\\\/94801\\\/\"},\"wordCount\":247,\"image\":{\"@id\":\"https:\\\/\\\/batijournal.com\\\/index.php\\\/cfa-btp-bois-inaugure-a-blois\\\/94801\\\/#primaryimage\"},\"thumbnailUrl\":\"https:\\\/\\\/batijournal.com\\\/wp-content\\\/uploads\\\/2017\\\/01\\\/cca.jpg\",\"articleSection\":[\"Actualit\u00e9s\",\"\u00c9conomie &amp; March\u00e9s\",\"zz_Woodsurfer\"],\"inLanguage\":\"fr-FR\"},{\"@type\":\"WebPage\",\"@id\":\"https:\\\/\\\/batijournal.com\\\/index.php\\\/cfa-btp-bois-inaugure-a-blois\\\/94801\\\/\",\"url\":\"https:\\\/\\\/batijournal.com\\\/index.php\\\/cfa-btp-bois-inaugure-a-blois\\\/94801\\\/\",\"name\":\"Un CFA BTP en bois inaugur\u00e9 \u00e0 Blois\",\"isPartOf\":{\"@id\":\"https:\\\/\\\/batijournal.com\\\/#website\"},\"primaryImageOfPage\":{\"@id\":\"https:\\\/\\\/batijournal.com\\\/index.php\\\/cfa-btp-bois-inaugure-a-blois\\\/94801\\\/#primaryimage\"},\"image\":{\"@id\":\"https:\\\/\\\/batijournal.com\\\/index.php\\\/cfa-btp-bois-inaugure-a-blois\\\/94801\\\/#primaryimage\"},\"thumbnailUrl\":\"https:\\\/\\\/batijournal.com\\\/wp-content\\\/uploads\\\/2017\\\/01\\\/cca.jpg\",\"datePublished\":\"2017-01-23T10:30:05+00:00\",\"dateModified\":\"2019-07-15T10:07:16+00:00\",\"author\":{\"@id\":\"https:\\\/\\\/batijournal.com\\\/#\\\/schema\\\/person\\\/1dc96ec6957aa1ccb25ebe78bb19f100\"},\"breadcrumb\":{\"@id\":\"https:\\\/\\\/batijournal.com\\\/index.php\\\/cfa-btp-bois-inaugure-a-blois\\\/94801\\\/#breadcrumb\"},\"inLanguage\":\"fr-FR\",\"potentialAction\":[{\"@type\":\"ReadAction\",\"target\":[\"https:\\\/\\\/batijournal.com\\\/index.php\\\/cfa-btp-bois-inaugure-a-blois\\\/94801\\\/\"]}]},{\"@type\":\"ImageObject\",\"inLanguage\":\"fr-FR\",\"@id\":\"https:\\\/\\\/batijournal.com\\\/index.php\\\/cfa-btp-bois-inaugure-a-blois\\\/94801\\\/#primaryimage\",\"url\":\"https:\\\/\\\/batijournal.com\\\/wp-content\\\/uploads\\\/2017\\\/01\\\/cca.jpg\",\"contentUrl\":\"https:\\\/\\\/batijournal.com\\\/wp-content\\\/uploads\\\/2017\\\/01\\\/cca.jpg\",\"width\":5040,\"height\":3360},{\"@type\":\"BreadcrumbList\",\"@id\":\"https:\\\/\\\/batijournal.com\\\/index.php\\\/cfa-btp-bois-inaugure-a-blois\\\/94801\\\/#breadcrumb\",\"itemListElement\":[{\"@type\":\"ListItem\",\"position\":1,\"name\":\"Accueil\",\"item\":\"https:\\\/\\\/batijournal.com\\\/\"},{\"@type\":\"ListItem\",\"position\":2,\"name\":\"Actualit\u00e9s\",\"item\":\"https:\\\/\\\/batijournal.com\\\/index.php\\\/category\\\/actualites\\\/\"},{\"@type\":\"ListItem\",\"position\":3,\"name\":\"Un CFA BTP en bois inaugur\u00e9 \u00e0 Blois\"}]},{\"@type\":\"WebSite\",\"@id\":\"https:\\\/\\\/batijournal.com\\\/#website\",\"url\":\"https:\\\/\\\/batijournal.com\\\/\",\"name\":\"Batijournal\",\"description\":\"L&#039;actualit\u00e9 du b\u00e2timent\",\"potentialAction\":[{\"@type\":\"SearchAction\",\"target\":{\"@type\":\"EntryPoint\",\"urlTemplate\":\"https:\\\/\\\/batijournal.com\\\/?s={search_term_string}\"},\"query-input\":{\"@type\":\"PropertyValueSpecification\",\"valueRequired\":true,\"valueName\":\"search_term_string\"}}],\"inLanguage\":\"fr-FR\"},{\"@type\":\"Person\",\"@id\":\"https:\\\/\\\/batijournal.com\\\/#\\\/schema\\\/person\\\/1dc96ec6957aa1ccb25ebe78bb19f100\",\"name\":\"St\u00e9phane Miget\",\"image\":{\"@type\":\"ImageObject\",\"inLanguage\":\"fr-FR\",\"@id\":\"https:\\\/\\\/secure.gravatar.com\\\/avatar\\\/89915563d925342126b8ef0281b93d9d7fc337043e8df017f780908eb9644451?s=96&d=mm&r=g\",\"url\":\"https:\\\/\\\/secure.gravatar.com\\\/avatar\\\/89915563d925342126b8ef0281b93d9d7fc337043e8df017f780908eb9644451?s=96&d=mm&r=g\",\"contentUrl\":\"https:\\\/\\\/secure.gravatar.com\\\/avatar\\\/89915563d925342126b8ef0281b93d9d7fc337043e8df017f780908eb9644451?s=96&d=mm&r=g\",\"caption\":\"St\u00e9phane Miget\"},\"url\":\"https:\\\/\\\/batijournal.com\\\/index.php\\\/author\\\/stephane\\\/\"}]}<\/script>\n<!-- \/ Yoast SEO plugin. -->","yoast_head_json":{"title":"Un CFA BTP en bois inaugur\u00e9 \u00e0 Blois","robots":{"index":"index","follow":"follow","max-snippet":"max-snippet:-1","max-image-preview":"max-image-preview:large","max-video-preview":"max-video-preview:-1"},"canonical":"https:\/\/batijournal.com\/index.php\/cfa-btp-bois-inaugure-a-blois\/94801\/","og_locale":"fr_FR","og_type":"article","og_title":"Un CFA BTP en bois inaugur\u00e9 \u00e0 Blois","og_description":"Bernard Cazeneuve, premier ministre, entour\u00e9 de Myriam El Khomri, ministre du Travail, de l\u2019Emploi, de la Formation professionnelle et du Dialogue social, Clotilde Valter, secr\u00e9taire d\u2019\u00c9tat charg\u00e9e de la Formation professionnelle\u00a0et de l\u2019Apprentissage, Fran\u00e7ois Bonneau, pr\u00e9sident du conseil r\u00e9gional\u00a0Centre-Val de Loire, Maurice Leroy, pr\u00e9sident du conseil d\u00e9partemental du Loir-et-Cher, Marc Gricourt, maire de Blois, Jean-Christophe [&hellip;]","og_url":"https:\/\/batijournal.com\/index.php\/cfa-btp-bois-inaugure-a-blois\/94801\/","og_site_name":"Batijournal","article_published_time":"2017-01-23T10:30:05+00:00","article_modified_time":"2019-07-15T10:07:16+00:00","og_image":[{"width":5040,"height":3360,"url":"https:\/\/batijournal.com\/wp-content\/uploads\/2017\/01\/cca.jpg","type":"image\/jpeg"}],"author":"St\u00e9phane Miget","twitter_card":"summary_large_image","twitter_creator":"@bati_journal","twitter_site":"@bati_journal","twitter_misc":{"\u00c9crit par":"St\u00e9phane Miget","Dur\u00e9e de lecture estim\u00e9e":"1 minute"},"schema":{"@context":"https:\/\/schema.org","@graph":[{"@type":"Article","@id":"https:\/\/batijournal.com\/index.php\/cfa-btp-bois-inaugure-a-blois\/94801\/#article","isPartOf":{"@id":"https:\/\/batijournal.com\/index.php\/cfa-btp-bois-inaugure-a-blois\/94801\/"},"author":{"name":"St\u00e9phane Miget","@id":"https:\/\/batijournal.com\/#\/schema\/person\/1dc96ec6957aa1ccb25ebe78bb19f100"},"headline":"Un CFA BTP en bois inaugur\u00e9 \u00e0 Blois","datePublished":"2017-01-23T10:30:05+00:00","dateModified":"2019-07-15T10:07:16+00:00","mainEntityOfPage":{"@id":"https:\/\/batijournal.com\/index.php\/cfa-btp-bois-inaugure-a-blois\/94801\/"},"wordCount":247,"image":{"@id":"https:\/\/batijournal.com\/index.php\/cfa-btp-bois-inaugure-a-blois\/94801\/#primaryimage"},"thumbnailUrl":"https:\/\/batijournal.com\/wp-content\/uploads\/2017\/01\/cca.jpg","articleSection":["Actualit\u00e9s","\u00c9conomie &amp; March\u00e9s","zz_Woodsurfer"],"inLanguage":"fr-FR"},{"@type":"WebPage","@id":"https:\/\/batijournal.com\/index.php\/cfa-btp-bois-inaugure-a-blois\/94801\/","url":"https:\/\/batijournal.com\/index.php\/cfa-btp-bois-inaugure-a-blois\/94801\/","name":"Un CFA BTP en bois inaugur\u00e9 \u00e0 Blois","isPartOf":{"@id":"https:\/\/batijournal.com\/#website"},"primaryImageOfPage":{"@id":"https:\/\/batijournal.com\/index.php\/cfa-btp-bois-inaugure-a-blois\/94801\/#primaryimage"},"image":{"@id":"https:\/\/batijournal.com\/index.php\/cfa-btp-bois-inaugure-a-blois\/94801\/#primaryimage"},"thumbnailUrl":"https:\/\/batijournal.com\/wp-content\/uploads\/2017\/01\/cca.jpg","datePublished":"2017-01-23T10:30:05+00:00","dateModified":"2019-07-15T10:07:16+00:00","author":{"@id":"https:\/\/batijournal.com\/#\/schema\/person\/1dc96ec6957aa1ccb25ebe78bb19f100"},"breadcrumb":{"@id":"https:\/\/batijournal.com\/index.php\/cfa-btp-bois-inaugure-a-blois\/94801\/#breadcrumb"},"inLanguage":"fr-FR","potentialAction":[{"@type":"ReadAction","target":["https:\/\/batijournal.com\/index.php\/cfa-btp-bois-inaugure-a-blois\/94801\/"]}]},{"@type":"ImageObject","inLanguage":"fr-FR","@id":"https:\/\/batijournal.com\/index.php\/cfa-btp-bois-inaugure-a-blois\/94801\/#primaryimage","url":"https:\/\/batijournal.com\/wp-content\/uploads\/2017\/01\/cca.jpg","contentUrl":"https:\/\/batijournal.com\/wp-content\/uploads\/2017\/01\/cca.jpg","width":5040,"height":3360},{"@type":"BreadcrumbList","@id":"https:\/\/batijournal.com\/index.php\/cfa-btp-bois-inaugure-a-blois\/94801\/#breadcrumb","itemListElement":[{"@type":"ListItem","position":1,"name":"Accueil","item":"https:\/\/batijournal.com\/"},{"@type":"ListItem","position":2,"name":"Actualit\u00e9s","item":"https:\/\/batijournal.com\/index.php\/category\/actualites\/"},{"@type":"ListItem","position":3,"name":"Un CFA BTP en bois inaugur\u00e9 \u00e0 Blois"}]},{"@type":"WebSite","@id":"https:\/\/batijournal.com\/#website","url":"https:\/\/batijournal.com\/","name":"Batijournal","description":"L&#039;actualit\u00e9 du b\u00e2timent","potentialAction":[{"@type":"SearchAction","target":{"@type":"EntryPoint","urlTemplate":"https:\/\/batijournal.com\/?s={search_term_string}"},"query-input":{"@type":"PropertyValueSpecification","valueRequired":true,"valueName":"search_term_string"}}],"inLanguage":"fr-FR"},{"@type":"Person","@id":"https:\/\/batijournal.com\/#\/schema\/person\/1dc96ec6957aa1ccb25ebe78bb19f100","name":"St\u00e9phane Miget","image":{"@type":"ImageObject","inLanguage":"fr-FR","@id":"https:\/\/secure.gravatar.com\/avatar\/89915563d925342126b8ef0281b93d9d7fc337043e8df017f780908eb9644451?s=96&d=mm&r=g","url":"https:\/\/secure.gravatar.com\/avatar\/89915563d925342126b8ef0281b93d9d7fc337043e8df017f780908eb9644451?s=96&d=mm&r=g","contentUrl":"https:\/\/secure.gravatar.com\/avatar\/89915563d925342126b8ef0281b93d9d7fc337043e8df017f780908eb9644451?s=96&d=mm&r=g","caption":"St\u00e9phane Miget"},"url":"https:\/\/batijournal.com\/index.php\/author\/stephane\/"}]}},"_links":{"self":[{"href":"https:\/\/batijournal.com\/index.php\/wp-json\/wp\/v2\/posts\/94801","targetHints":{"allow":["GET"]}}],"collection":[{"href":"https:\/\/batijournal.com\/index.php\/wp-json\/wp\/v2\/posts"}],"about":[{"href":"https:\/\/batijournal.com\/index.php\/wp-json\/wp\/v2\/types\/post"}],"author":[{"embeddable":true,"href":"https:\/\/batijournal.com\/index.php\/wp-json\/wp\/v2\/users\/17"}],"replies":[{"embeddable":true,"href":"https:\/\/batijournal.com\/index.php\/wp-json\/wp\/v2\/comments?post=94801"}],"version-history":[{"count":0,"href":"https:\/\/batijournal.com\/index.php\/wp-json\/wp\/v2\/posts\/94801\/revisions"}],"wp:featuredmedia":[{"embeddable":true,"href":"https:\/\/batijournal.com\/index.php\/wp-json\/wp\/v2\/media\/94802"}],"wp:attachment":[{"href":"https:\/\/batijournal.com\/index.php\/wp-json\/wp\/v2\/media?parent=94801"}],"wp:term":[{"taxonomy":"category","embeddable":true,"href":"https:\/\/batijournal.com\/index.php\/wp-json\/wp\/v2\/categories?post=94801"},{"taxonomy":"post_tag","embeddable":true,"href":"https:\/\/batijournal.com\/index.php\/wp-json\/wp\/v2\/tags?post=94801"}],"curies":[{"name":"wp","href":"https:\/\/api.w.org\/{rel}","templated":true}]}}