{"id":94813,"date":"2017-01-25T10:49:22","date_gmt":"2017-01-25T09:49:22","guid":{"rendered":"http:\/\/batijournal.com\/?p=94813"},"modified":"2019-07-15T11:16:09","modified_gmt":"2019-07-15T09:16:09","slug":"partage-jardin-theme-rendez-aux-jardins-2017","status":"publish","type":"post","link":"https:\/\/batijournal.com\/index.php\/partage-jardin-theme-rendez-aux-jardins-2017\/94813\/","title":{"rendered":"\u00ab Le partage au jardin \u00bb : th\u00e8me des Rendez-vous aux jardins 2017"},"content":{"rendered":"<p>La 15\u00e8me \u00e9dition des Rendez-vous aux jardins se tiendra du 2 au 4 juin 2017 dans plus de 2 000 parcs et jardins, historiques et contemporains. Cette \u00e9dition aura pour th\u00e8me \u00ab le partage au jardin \u00bb avec la diffusion de savoirs et de savoir-faire par les jardiniers ou les propri\u00e9taires et l\u2019\u00e9change avec les visiteurs. Cette th\u00e9matique mettra en \u00e9vidence la port\u00e9e sociale, p\u00e9dagogique et \u00e9cologique des jardins, qu&rsquo;il s\u2019agisse de jardins partag\u00e9s, \u00e9ducatifs, familiaux ou d\u2019insertion. Organis\u00e9e en collaboration avec le Comit\u00e9 des parcs et jardins, les Vieilles Maisons Fran\u00e7aises, la Demeure Historique, le Centre des monuments nationaux ainsi que de tr\u00e8s nombreuses collectivit\u00e9s territoriales, cette manifestation est mise en \u0153uvre par les directions r\u00e9gionales des affaires culturelles.<\/p>\n","protected":false},"excerpt":{"rendered":"<p>La 15\u00e8me \u00e9dition des Rendez-vous aux jardins se tiendra du 2 au 4 juin 2017 dans plus de 2 000 parcs et jardins, historiques et contemporains. Cette \u00e9dition aura pour th\u00e8me \u00ab le partage au jardin \u00bb avec la diffusion de savoirs et de savoir-faire par les jardiniers ou les propri\u00e9taires et l\u2019\u00e9change avec les [&hellip;]<\/p>\n","protected":false},"author":17,"featured_media":94814,"comment_status":"closed","ping_status":"closed","sticky":false,"template":"","format":"standard","meta":{"_et_pb_use_builder":"","_et_pb_old_content":"","_et_gb_content_width":"","footnotes":""},"categories":[10530,6340],"tags":[4199,8535],"class_list":["post-94813","post","type-post","status-publish","format-standard","has-post-thumbnail","hentry","category-actualites","category-architecture-conception","tag-jardin","tag-jardin-historique"],"yoast_head":"<!-- This site is optimized with the Yoast SEO plugin v27.4 - https:\/\/yoast.com\/product\/yoast-seo-wordpress\/ -->\n<title>\u00ab Le partage au jardin \u00bb : th\u00e8me des Rendez-vous aux jardins 2017<\/title>\n<meta name=\"robots\" content=\"index, follow, max-snippet:-1, max-image-preview:large, max-video-preview:-1\" \/>\n<link rel=\"canonical\" href=\"https:\/\/batijournal.com\/index.php\/partage-jardin-theme-rendez-aux-jardins-2017\/94813\/\" \/>\n<meta property=\"og:locale\" content=\"fr_FR\" \/>\n<meta property=\"og:type\" content=\"article\" \/>\n<meta property=\"og:title\" content=\"\u00ab Le partage au jardin \u00bb : th\u00e8me des Rendez-vous aux jardins 2017\" \/>\n<meta property=\"og:description\" content=\"La 15\u00e8me \u00e9dition des Rendez-vous aux jardins se tiendra du 2 au 4 juin 2017 dans plus de 2 000 parcs et jardins, historiques et contemporains. Cette \u00e9dition aura pour th\u00e8me \u00ab le partage au jardin \u00bb avec la diffusion de savoirs et de savoir-faire par les jardiniers ou les propri\u00e9taires et l\u2019\u00e9change avec les [&hellip;]\" \/>\n<meta property=\"og:url\" content=\"https:\/\/batijournal.com\/index.php\/partage-jardin-theme-rendez-aux-jardins-2017\/94813\/\" \/>\n<meta property=\"og:site_name\" content=\"Batijournal\" \/>\n<meta property=\"article:published_time\" content=\"2017-01-25T09:49:22+00:00\" \/>\n<meta property=\"article:modified_time\" content=\"2019-07-15T09:16:09+00:00\" \/>\n<meta property=\"og:image\" content=\"https:\/\/batijournal.com\/wp-content\/uploads\/2017\/01\/journees-des-jardins-2017.jpg\" \/>\n\t<meta property=\"og:image:width\" content=\"1200\" \/>\n\t<meta property=\"og:image:height\" content=\"714\" \/>\n\t<meta property=\"og:image:type\" content=\"image\/jpeg\" \/>\n<meta name=\"author\" content=\"St\u00e9phane Miget\" \/>\n<meta name=\"twitter:card\" content=\"summary_large_image\" \/>\n<meta name=\"twitter:creator\" content=\"@bati_journal\" \/>\n<meta name=\"twitter:site\" content=\"@bati_journal\" \/>\n<meta name=\"twitter:label1\" content=\"\u00c9crit par\" \/>\n\t<meta name=\"twitter:data1\" content=\"St\u00e9phane Miget\" \/>\n\t<meta name=\"twitter:label2\" content=\"Dur\u00e9e de lecture estim\u00e9e\" \/>\n\t<meta name=\"twitter:data2\" content=\"1 minute\" \/>\n<script type=\"application\/ld+json\" class=\"yoast-schema-graph\">{\"@context\":\"https:\\\/\\\/schema.org\",\"@graph\":[{\"@type\":\"Article\",\"@id\":\"https:\\\/\\\/batijournal.com\\\/index.php\\\/partage-jardin-theme-rendez-aux-jardins-2017\\\/94813\\\/#article\",\"isPartOf\":{\"@id\":\"https:\\\/\\\/batijournal.com\\\/index.php\\\/partage-jardin-theme-rendez-aux-jardins-2017\\\/94813\\\/\"},\"author\":{\"name\":\"St\u00e9phane Miget\",\"@id\":\"https:\\\/\\\/batijournal.com\\\/#\\\/schema\\\/person\\\/1dc96ec6957aa1ccb25ebe78bb19f100\"},\"headline\":\"\u00ab Le partage au jardin \u00bb : th\u00e8me des Rendez-vous aux jardins 2017\",\"datePublished\":\"2017-01-25T09:49:22+00:00\",\"dateModified\":\"2019-07-15T09:16:09+00:00\",\"mainEntityOfPage\":{\"@id\":\"https:\\\/\\\/batijournal.com\\\/index.php\\\/partage-jardin-theme-rendez-aux-jardins-2017\\\/94813\\\/\"},\"wordCount\":138,\"image\":{\"@id\":\"https:\\\/\\\/batijournal.com\\\/index.php\\\/partage-jardin-theme-rendez-aux-jardins-2017\\\/94813\\\/#primaryimage\"},\"thumbnailUrl\":\"https:\\\/\\\/batijournal.com\\\/wp-content\\\/uploads\\\/2017\\\/01\\\/journees-des-jardins-2017.jpg\",\"keywords\":[\"jardin\",\"jardin historique\"],\"articleSection\":[\"Actualit\u00e9s\",\"Architecture &amp; Conception\"],\"inLanguage\":\"fr-FR\"},{\"@type\":\"WebPage\",\"@id\":\"https:\\\/\\\/batijournal.com\\\/index.php\\\/partage-jardin-theme-rendez-aux-jardins-2017\\\/94813\\\/\",\"url\":\"https:\\\/\\\/batijournal.com\\\/index.php\\\/partage-jardin-theme-rendez-aux-jardins-2017\\\/94813\\\/\",\"name\":\"\u00ab Le partage au jardin \u00bb : th\u00e8me des Rendez-vous aux jardins 2017\",\"isPartOf\":{\"@id\":\"https:\\\/\\\/batijournal.com\\\/#website\"},\"primaryImageOfPage\":{\"@id\":\"https:\\\/\\\/batijournal.com\\\/index.php\\\/partage-jardin-theme-rendez-aux-jardins-2017\\\/94813\\\/#primaryimage\"},\"image\":{\"@id\":\"https:\\\/\\\/batijournal.com\\\/index.php\\\/partage-jardin-theme-rendez-aux-jardins-2017\\\/94813\\\/#primaryimage\"},\"thumbnailUrl\":\"https:\\\/\\\/batijournal.com\\\/wp-content\\\/uploads\\\/2017\\\/01\\\/journees-des-jardins-2017.jpg\",\"datePublished\":\"2017-01-25T09:49:22+00:00\",\"dateModified\":\"2019-07-15T09:16:09+00:00\",\"author\":{\"@id\":\"https:\\\/\\\/batijournal.com\\\/#\\\/schema\\\/person\\\/1dc96ec6957aa1ccb25ebe78bb19f100\"},\"breadcrumb\":{\"@id\":\"https:\\\/\\\/batijournal.com\\\/index.php\\\/partage-jardin-theme-rendez-aux-jardins-2017\\\/94813\\\/#breadcrumb\"},\"inLanguage\":\"fr-FR\",\"potentialAction\":[{\"@type\":\"ReadAction\",\"target\":[\"https:\\\/\\\/batijournal.com\\\/index.php\\\/partage-jardin-theme-rendez-aux-jardins-2017\\\/94813\\\/\"]}]},{\"@type\":\"ImageObject\",\"inLanguage\":\"fr-FR\",\"@id\":\"https:\\\/\\\/batijournal.com\\\/index.php\\\/partage-jardin-theme-rendez-aux-jardins-2017\\\/94813\\\/#primaryimage\",\"url\":\"https:\\\/\\\/batijournal.com\\\/wp-content\\\/uploads\\\/2017\\\/01\\\/journees-des-jardins-2017.jpg\",\"contentUrl\":\"https:\\\/\\\/batijournal.com\\\/wp-content\\\/uploads\\\/2017\\\/01\\\/journees-des-jardins-2017.jpg\",\"width\":1200,\"height\":714},{\"@type\":\"BreadcrumbList\",\"@id\":\"https:\\\/\\\/batijournal.com\\\/index.php\\\/partage-jardin-theme-rendez-aux-jardins-2017\\\/94813\\\/#breadcrumb\",\"itemListElement\":[{\"@type\":\"ListItem\",\"position\":1,\"name\":\"Accueil\",\"item\":\"https:\\\/\\\/batijournal.com\\\/\"},{\"@type\":\"ListItem\",\"position\":2,\"name\":\"Actualit\u00e9s\",\"item\":\"https:\\\/\\\/batijournal.com\\\/index.php\\\/category\\\/actualites\\\/\"},{\"@type\":\"ListItem\",\"position\":3,\"name\":\"\u00ab Le partage au jardin \u00bb : th\u00e8me des Rendez-vous aux jardins 2017\"}]},{\"@type\":\"WebSite\",\"@id\":\"https:\\\/\\\/batijournal.com\\\/#website\",\"url\":\"https:\\\/\\\/batijournal.com\\\/\",\"name\":\"Batijournal\",\"description\":\"L&#039;actualit\u00e9 du b\u00e2timent\",\"potentialAction\":[{\"@type\":\"SearchAction\",\"target\":{\"@type\":\"EntryPoint\",\"urlTemplate\":\"https:\\\/\\\/batijournal.com\\\/?s={search_term_string}\"},\"query-input\":{\"@type\":\"PropertyValueSpecification\",\"valueRequired\":true,\"valueName\":\"search_term_string\"}}],\"inLanguage\":\"fr-FR\"},{\"@type\":\"Person\",\"@id\":\"https:\\\/\\\/batijournal.com\\\/#\\\/schema\\\/person\\\/1dc96ec6957aa1ccb25ebe78bb19f100\",\"name\":\"St\u00e9phane Miget\",\"image\":{\"@type\":\"ImageObject\",\"inLanguage\":\"fr-FR\",\"@id\":\"https:\\\/\\\/secure.gravatar.com\\\/avatar\\\/89915563d925342126b8ef0281b93d9d7fc337043e8df017f780908eb9644451?s=96&d=mm&r=g\",\"url\":\"https:\\\/\\\/secure.gravatar.com\\\/avatar\\\/89915563d925342126b8ef0281b93d9d7fc337043e8df017f780908eb9644451?s=96&d=mm&r=g\",\"contentUrl\":\"https:\\\/\\\/secure.gravatar.com\\\/avatar\\\/89915563d925342126b8ef0281b93d9d7fc337043e8df017f780908eb9644451?s=96&d=mm&r=g\",\"caption\":\"St\u00e9phane Miget\"},\"url\":\"https:\\\/\\\/batijournal.com\\\/index.php\\\/author\\\/stephane\\\/\"}]}<\/script>\n<!-- \/ Yoast SEO plugin. -->","yoast_head_json":{"title":"\u00ab Le partage au jardin \u00bb : th\u00e8me des Rendez-vous aux jardins 2017","robots":{"index":"index","follow":"follow","max-snippet":"max-snippet:-1","max-image-preview":"max-image-preview:large","max-video-preview":"max-video-preview:-1"},"canonical":"https:\/\/batijournal.com\/index.php\/partage-jardin-theme-rendez-aux-jardins-2017\/94813\/","og_locale":"fr_FR","og_type":"article","og_title":"\u00ab Le partage au jardin \u00bb : th\u00e8me des Rendez-vous aux jardins 2017","og_description":"La 15\u00e8me \u00e9dition des Rendez-vous aux jardins se tiendra du 2 au 4 juin 2017 dans plus de 2 000 parcs et jardins, historiques et contemporains. Cette \u00e9dition aura pour th\u00e8me \u00ab le partage au jardin \u00bb avec la diffusion de savoirs et de savoir-faire par les jardiniers ou les propri\u00e9taires et l\u2019\u00e9change avec les [&hellip;]","og_url":"https:\/\/batijournal.com\/index.php\/partage-jardin-theme-rendez-aux-jardins-2017\/94813\/","og_site_name":"Batijournal","article_published_time":"2017-01-25T09:49:22+00:00","article_modified_time":"2019-07-15T09:16:09+00:00","og_image":[{"width":1200,"height":714,"url":"https:\/\/batijournal.com\/wp-content\/uploads\/2017\/01\/journees-des-jardins-2017.jpg","type":"image\/jpeg"}],"author":"St\u00e9phane Miget","twitter_card":"summary_large_image","twitter_creator":"@bati_journal","twitter_site":"@bati_journal","twitter_misc":{"\u00c9crit par":"St\u00e9phane Miget","Dur\u00e9e de lecture estim\u00e9e":"1 minute"},"schema":{"@context":"https:\/\/schema.org","@graph":[{"@type":"Article","@id":"https:\/\/batijournal.com\/index.php\/partage-jardin-theme-rendez-aux-jardins-2017\/94813\/#article","isPartOf":{"@id":"https:\/\/batijournal.com\/index.php\/partage-jardin-theme-rendez-aux-jardins-2017\/94813\/"},"author":{"name":"St\u00e9phane Miget","@id":"https:\/\/batijournal.com\/#\/schema\/person\/1dc96ec6957aa1ccb25ebe78bb19f100"},"headline":"\u00ab Le partage au jardin \u00bb : th\u00e8me des Rendez-vous aux jardins 2017","datePublished":"2017-01-25T09:49:22+00:00","dateModified":"2019-07-15T09:16:09+00:00","mainEntityOfPage":{"@id":"https:\/\/batijournal.com\/index.php\/partage-jardin-theme-rendez-aux-jardins-2017\/94813\/"},"wordCount":138,"image":{"@id":"https:\/\/batijournal.com\/index.php\/partage-jardin-theme-rendez-aux-jardins-2017\/94813\/#primaryimage"},"thumbnailUrl":"https:\/\/batijournal.com\/wp-content\/uploads\/2017\/01\/journees-des-jardins-2017.jpg","keywords":["jardin","jardin historique"],"articleSection":["Actualit\u00e9s","Architecture &amp; Conception"],"inLanguage":"fr-FR"},{"@type":"WebPage","@id":"https:\/\/batijournal.com\/index.php\/partage-jardin-theme-rendez-aux-jardins-2017\/94813\/","url":"https:\/\/batijournal.com\/index.php\/partage-jardin-theme-rendez-aux-jardins-2017\/94813\/","name":"\u00ab Le partage au jardin \u00bb : th\u00e8me des Rendez-vous aux jardins 2017","isPartOf":{"@id":"https:\/\/batijournal.com\/#website"},"primaryImageOfPage":{"@id":"https:\/\/batijournal.com\/index.php\/partage-jardin-theme-rendez-aux-jardins-2017\/94813\/#primaryimage"},"image":{"@id":"https:\/\/batijournal.com\/index.php\/partage-jardin-theme-rendez-aux-jardins-2017\/94813\/#primaryimage"},"thumbnailUrl":"https:\/\/batijournal.com\/wp-content\/uploads\/2017\/01\/journees-des-jardins-2017.jpg","datePublished":"2017-01-25T09:49:22+00:00","dateModified":"2019-07-15T09:16:09+00:00","author":{"@id":"https:\/\/batijournal.com\/#\/schema\/person\/1dc96ec6957aa1ccb25ebe78bb19f100"},"breadcrumb":{"@id":"https:\/\/batijournal.com\/index.php\/partage-jardin-theme-rendez-aux-jardins-2017\/94813\/#breadcrumb"},"inLanguage":"fr-FR","potentialAction":[{"@type":"ReadAction","target":["https:\/\/batijournal.com\/index.php\/partage-jardin-theme-rendez-aux-jardins-2017\/94813\/"]}]},{"@type":"ImageObject","inLanguage":"fr-FR","@id":"https:\/\/batijournal.com\/index.php\/partage-jardin-theme-rendez-aux-jardins-2017\/94813\/#primaryimage","url":"https:\/\/batijournal.com\/wp-content\/uploads\/2017\/01\/journees-des-jardins-2017.jpg","contentUrl":"https:\/\/batijournal.com\/wp-content\/uploads\/2017\/01\/journees-des-jardins-2017.jpg","width":1200,"height":714},{"@type":"BreadcrumbList","@id":"https:\/\/batijournal.com\/index.php\/partage-jardin-theme-rendez-aux-jardins-2017\/94813\/#breadcrumb","itemListElement":[{"@type":"ListItem","position":1,"name":"Accueil","item":"https:\/\/batijournal.com\/"},{"@type":"ListItem","position":2,"name":"Actualit\u00e9s","item":"https:\/\/batijournal.com\/index.php\/category\/actualites\/"},{"@type":"ListItem","position":3,"name":"\u00ab Le partage au jardin \u00bb : th\u00e8me des Rendez-vous aux jardins 2017"}]},{"@type":"WebSite","@id":"https:\/\/batijournal.com\/#website","url":"https:\/\/batijournal.com\/","name":"Batijournal","description":"L&#039;actualit\u00e9 du b\u00e2timent","potentialAction":[{"@type":"SearchAction","target":{"@type":"EntryPoint","urlTemplate":"https:\/\/batijournal.com\/?s={search_term_string}"},"query-input":{"@type":"PropertyValueSpecification","valueRequired":true,"valueName":"search_term_string"}}],"inLanguage":"fr-FR"},{"@type":"Person","@id":"https:\/\/batijournal.com\/#\/schema\/person\/1dc96ec6957aa1ccb25ebe78bb19f100","name":"St\u00e9phane Miget","image":{"@type":"ImageObject","inLanguage":"fr-FR","@id":"https:\/\/secure.gravatar.com\/avatar\/89915563d925342126b8ef0281b93d9d7fc337043e8df017f780908eb9644451?s=96&d=mm&r=g","url":"https:\/\/secure.gravatar.com\/avatar\/89915563d925342126b8ef0281b93d9d7fc337043e8df017f780908eb9644451?s=96&d=mm&r=g","contentUrl":"https:\/\/secure.gravatar.com\/avatar\/89915563d925342126b8ef0281b93d9d7fc337043e8df017f780908eb9644451?s=96&d=mm&r=g","caption":"St\u00e9phane Miget"},"url":"https:\/\/batijournal.com\/index.php\/author\/stephane\/"}]}},"_links":{"self":[{"href":"https:\/\/batijournal.com\/index.php\/wp-json\/wp\/v2\/posts\/94813","targetHints":{"allow":["GET"]}}],"collection":[{"href":"https:\/\/batijournal.com\/index.php\/wp-json\/wp\/v2\/posts"}],"about":[{"href":"https:\/\/batijournal.com\/index.php\/wp-json\/wp\/v2\/types\/post"}],"author":[{"embeddable":true,"href":"https:\/\/batijournal.com\/index.php\/wp-json\/wp\/v2\/users\/17"}],"replies":[{"embeddable":true,"href":"https:\/\/batijournal.com\/index.php\/wp-json\/wp\/v2\/comments?post=94813"}],"version-history":[{"count":0,"href":"https:\/\/batijournal.com\/index.php\/wp-json\/wp\/v2\/posts\/94813\/revisions"}],"wp:featuredmedia":[{"embeddable":true,"href":"https:\/\/batijournal.com\/index.php\/wp-json\/wp\/v2\/media\/94814"}],"wp:attachment":[{"href":"https:\/\/batijournal.com\/index.php\/wp-json\/wp\/v2\/media?parent=94813"}],"wp:term":[{"taxonomy":"category","embeddable":true,"href":"https:\/\/batijournal.com\/index.php\/wp-json\/wp\/v2\/categories?post=94813"},{"taxonomy":"post_tag","embeddable":true,"href":"https:\/\/batijournal.com\/index.php\/wp-json\/wp\/v2\/tags?post=94813"}],"curies":[{"name":"wp","href":"https:\/\/api.w.org\/{rel}","templated":true}]}}