{"id":94819,"date":"2017-01-25T11:18:59","date_gmt":"2017-01-25T10:18:59","guid":{"rendered":"http:\/\/batijournal.com\/?p=94819"},"modified":"2019-07-15T11:16:09","modified_gmt":"2019-07-15T09:16:09","slug":"decouverte-inattendue-dun-cimetiere-mont-saint-michel","status":"publish","type":"post","link":"https:\/\/batijournal.com\/index.php\/decouverte-inattendue-dun-cimetiere-mont-saint-michel\/94819\/","title":{"rendered":"D\u00e9couverte inattendue d&rsquo;un cimeti\u00e8re au Mont-Saint-Michel"},"content":{"rendered":"<p>Au Mont-Saint-Michel, l\u2019Inrap r\u00e9alise des op\u00e9rations arch\u00e9ologiques, sur prescription de l\u2019\u00c9tat (Drac Normandie), depuis 15 ans. La recherche des fortifications et de la porte du XIIIe si\u00e8cle mentionn\u00e9s dans un texte du XVe si\u00e8cle, a permis la d\u00e9couverte inattendue du cimeti\u00e8re paroissial. Pens\u00e9 d\u00e9truit par l\u2019installation des r\u00e9seaux en 1913, il s\u2019\u00e9tendait sur un rayon de 30 m environ autour de l\u2019\u00e9glise. Au moment de l\u2019\u00e9dification de la muraille de Turstin, le village semble se r\u00e9tracter et une partie de ce cimeti\u00e8re est abandonn\u00e9e. Abim\u00e9e, tronqu\u00e9e, boulevers\u00e9e par les am\u00e9nagements post\u00e9rieurs, la trentaine de s\u00e9pultures sauvegard\u00e9es permet cependant aux anthropologues de recueillir de pr\u00e9cieuses informations sur l\u2019organisation des inhumations. Des datations au carbone 14 et des \u00e9tudes arch\u00e9o-anthropologiques permettront une meilleure datation et la d\u00e9termination de l\u2019\u00e2ge, du sexe et des \u00e9ventuelles maladies ou carences des d\u00e9funts. Ces donn\u00e9es offriront ainsi un aper\u00e7u de la population du village du Mont-Saint-Michel avant le XIIIe si\u00e8cle. Par ailleurs, le clo\u00eetre de l\u2019abbaye va faire l\u2019objet de travaux visant \u00e0 retrouver les niveaux d\u2019origine des sols, exhauss\u00e9s lors d\u2019une phase de restauration. La fouille et l\u2019\u00e9tude de b\u00e2ti men\u00e9es \u00e0 cette occasion documenteront l\u2019\u00e9tat initial du clo\u00eetre et ses \u00e9ventuelles \u00e9volutions.<\/p>\n<p>Ma\u00eetrise d\u2019ouvrage : Mairie du Mont-Saint-Michel<br \/>\nContr\u00f4le scientifique : Service r\u00e9gional de l\u2019arch\u00e9ologie (Drac Basse-Normandie)<br \/>\nRecherche arch\u00e9ologique : Inrap<br \/>\nResponsable scientifique : Elen Esnault, Inrap<\/p>\n","protected":false},"excerpt":{"rendered":"<p>Au Mont-Saint-Michel, l\u2019Inrap r\u00e9alise des op\u00e9rations arch\u00e9ologiques, sur prescription de l\u2019\u00c9tat (Drac Normandie), depuis 15 ans. La recherche des fortifications et de la porte du XIIIe si\u00e8cle mentionn\u00e9s dans un texte du XVe si\u00e8cle, a permis la d\u00e9couverte inattendue du cimeti\u00e8re paroissial. Pens\u00e9 d\u00e9truit par l\u2019installation des r\u00e9seaux en 1913, il s\u2019\u00e9tendait sur un rayon [&hellip;]<\/p>\n","protected":false},"author":17,"featured_media":94820,"comment_status":"closed","ping_status":"closed","sticky":false,"template":"","format":"standard","meta":{"_et_pb_use_builder":"","_et_pb_old_content":"","_et_gb_content_width":"","footnotes":""},"categories":[10530,6340],"tags":[],"class_list":["post-94819","post","type-post","status-publish","format-standard","has-post-thumbnail","hentry","category-actualites","category-architecture-conception"],"yoast_head":"<!-- This site is optimized with the Yoast SEO plugin v27.4 - https:\/\/yoast.com\/product\/yoast-seo-wordpress\/ -->\n<title>D\u00e9couverte inattendue d&#039;un cimeti\u00e8re au Mont-Saint-Michel<\/title>\n<meta name=\"robots\" content=\"index, follow, max-snippet:-1, max-image-preview:large, max-video-preview:-1\" \/>\n<link rel=\"canonical\" href=\"https:\/\/batijournal.com\/index.php\/decouverte-inattendue-dun-cimetiere-mont-saint-michel\/94819\/\" \/>\n<meta property=\"og:locale\" content=\"fr_FR\" \/>\n<meta property=\"og:type\" content=\"article\" \/>\n<meta property=\"og:title\" content=\"D\u00e9couverte inattendue d&#039;un cimeti\u00e8re au Mont-Saint-Michel\" \/>\n<meta property=\"og:description\" content=\"Au Mont-Saint-Michel, l\u2019Inrap r\u00e9alise des op\u00e9rations arch\u00e9ologiques, sur prescription de l\u2019\u00c9tat (Drac Normandie), depuis 15 ans. La recherche des fortifications et de la porte du XIIIe si\u00e8cle mentionn\u00e9s dans un texte du XVe si\u00e8cle, a permis la d\u00e9couverte inattendue du cimeti\u00e8re paroissial. Pens\u00e9 d\u00e9truit par l\u2019installation des r\u00e9seaux en 1913, il s\u2019\u00e9tendait sur un rayon [&hellip;]\" \/>\n<meta property=\"og:url\" content=\"https:\/\/batijournal.com\/index.php\/decouverte-inattendue-dun-cimetiere-mont-saint-michel\/94819\/\" \/>\n<meta property=\"og:site_name\" content=\"Batijournal\" \/>\n<meta property=\"article:published_time\" content=\"2017-01-25T10:18:59+00:00\" \/>\n<meta property=\"article:modified_time\" content=\"2019-07-15T09:16:09+00:00\" \/>\n<meta property=\"og:image\" content=\"https:\/\/batijournal.com\/wp-content\/uploads\/2017\/01\/mont-saint-michel-inrap.jpeg\" \/>\n\t<meta property=\"og:image:width\" content=\"472\" \/>\n\t<meta property=\"og:image:height\" content=\"314\" \/>\n\t<meta property=\"og:image:type\" content=\"image\/jpeg\" \/>\n<meta name=\"author\" content=\"St\u00e9phane Miget\" \/>\n<meta name=\"twitter:card\" content=\"summary_large_image\" \/>\n<meta name=\"twitter:creator\" content=\"@bati_journal\" \/>\n<meta name=\"twitter:site\" content=\"@bati_journal\" \/>\n<meta name=\"twitter:label1\" content=\"\u00c9crit par\" \/>\n\t<meta name=\"twitter:data1\" content=\"St\u00e9phane Miget\" \/>\n\t<meta name=\"twitter:label2\" content=\"Dur\u00e9e de lecture estim\u00e9e\" \/>\n\t<meta name=\"twitter:data2\" content=\"1 minute\" \/>\n<script type=\"application\/ld+json\" class=\"yoast-schema-graph\">{\"@context\":\"https:\\\/\\\/schema.org\",\"@graph\":[{\"@type\":\"Article\",\"@id\":\"https:\\\/\\\/batijournal.com\\\/index.php\\\/decouverte-inattendue-dun-cimetiere-mont-saint-michel\\\/94819\\\/#article\",\"isPartOf\":{\"@id\":\"https:\\\/\\\/batijournal.com\\\/index.php\\\/decouverte-inattendue-dun-cimetiere-mont-saint-michel\\\/94819\\\/\"},\"author\":{\"name\":\"St\u00e9phane Miget\",\"@id\":\"https:\\\/\\\/batijournal.com\\\/#\\\/schema\\\/person\\\/1dc96ec6957aa1ccb25ebe78bb19f100\"},\"headline\":\"D\u00e9couverte inattendue d&rsquo;un cimeti\u00e8re au Mont-Saint-Michel\",\"datePublished\":\"2017-01-25T10:18:59+00:00\",\"dateModified\":\"2019-07-15T09:16:09+00:00\",\"mainEntityOfPage\":{\"@id\":\"https:\\\/\\\/batijournal.com\\\/index.php\\\/decouverte-inattendue-dun-cimetiere-mont-saint-michel\\\/94819\\\/\"},\"wordCount\":275,\"image\":{\"@id\":\"https:\\\/\\\/batijournal.com\\\/index.php\\\/decouverte-inattendue-dun-cimetiere-mont-saint-michel\\\/94819\\\/#primaryimage\"},\"thumbnailUrl\":\"https:\\\/\\\/batijournal.com\\\/wp-content\\\/uploads\\\/2017\\\/01\\\/mont-saint-michel-inrap.jpeg\",\"articleSection\":[\"Actualit\u00e9s\",\"Architecture &amp; Conception\"],\"inLanguage\":\"fr-FR\"},{\"@type\":\"WebPage\",\"@id\":\"https:\\\/\\\/batijournal.com\\\/index.php\\\/decouverte-inattendue-dun-cimetiere-mont-saint-michel\\\/94819\\\/\",\"url\":\"https:\\\/\\\/batijournal.com\\\/index.php\\\/decouverte-inattendue-dun-cimetiere-mont-saint-michel\\\/94819\\\/\",\"name\":\"D\u00e9couverte inattendue d'un cimeti\u00e8re au Mont-Saint-Michel\",\"isPartOf\":{\"@id\":\"https:\\\/\\\/batijournal.com\\\/#website\"},\"primaryImageOfPage\":{\"@id\":\"https:\\\/\\\/batijournal.com\\\/index.php\\\/decouverte-inattendue-dun-cimetiere-mont-saint-michel\\\/94819\\\/#primaryimage\"},\"image\":{\"@id\":\"https:\\\/\\\/batijournal.com\\\/index.php\\\/decouverte-inattendue-dun-cimetiere-mont-saint-michel\\\/94819\\\/#primaryimage\"},\"thumbnailUrl\":\"https:\\\/\\\/batijournal.com\\\/wp-content\\\/uploads\\\/2017\\\/01\\\/mont-saint-michel-inrap.jpeg\",\"datePublished\":\"2017-01-25T10:18:59+00:00\",\"dateModified\":\"2019-07-15T09:16:09+00:00\",\"author\":{\"@id\":\"https:\\\/\\\/batijournal.com\\\/#\\\/schema\\\/person\\\/1dc96ec6957aa1ccb25ebe78bb19f100\"},\"breadcrumb\":{\"@id\":\"https:\\\/\\\/batijournal.com\\\/index.php\\\/decouverte-inattendue-dun-cimetiere-mont-saint-michel\\\/94819\\\/#breadcrumb\"},\"inLanguage\":\"fr-FR\",\"potentialAction\":[{\"@type\":\"ReadAction\",\"target\":[\"https:\\\/\\\/batijournal.com\\\/index.php\\\/decouverte-inattendue-dun-cimetiere-mont-saint-michel\\\/94819\\\/\"]}]},{\"@type\":\"ImageObject\",\"inLanguage\":\"fr-FR\",\"@id\":\"https:\\\/\\\/batijournal.com\\\/index.php\\\/decouverte-inattendue-dun-cimetiere-mont-saint-michel\\\/94819\\\/#primaryimage\",\"url\":\"https:\\\/\\\/batijournal.com\\\/wp-content\\\/uploads\\\/2017\\\/01\\\/mont-saint-michel-inrap.jpeg\",\"contentUrl\":\"https:\\\/\\\/batijournal.com\\\/wp-content\\\/uploads\\\/2017\\\/01\\\/mont-saint-michel-inrap.jpeg\",\"width\":472,\"height\":314},{\"@type\":\"BreadcrumbList\",\"@id\":\"https:\\\/\\\/batijournal.com\\\/index.php\\\/decouverte-inattendue-dun-cimetiere-mont-saint-michel\\\/94819\\\/#breadcrumb\",\"itemListElement\":[{\"@type\":\"ListItem\",\"position\":1,\"name\":\"Accueil\",\"item\":\"https:\\\/\\\/batijournal.com\\\/\"},{\"@type\":\"ListItem\",\"position\":2,\"name\":\"Actualit\u00e9s\",\"item\":\"https:\\\/\\\/batijournal.com\\\/index.php\\\/category\\\/actualites\\\/\"},{\"@type\":\"ListItem\",\"position\":3,\"name\":\"D\u00e9couverte inattendue d&rsquo;un cimeti\u00e8re au Mont-Saint-Michel\"}]},{\"@type\":\"WebSite\",\"@id\":\"https:\\\/\\\/batijournal.com\\\/#website\",\"url\":\"https:\\\/\\\/batijournal.com\\\/\",\"name\":\"Batijournal\",\"description\":\"L&#039;actualit\u00e9 du b\u00e2timent\",\"potentialAction\":[{\"@type\":\"SearchAction\",\"target\":{\"@type\":\"EntryPoint\",\"urlTemplate\":\"https:\\\/\\\/batijournal.com\\\/?s={search_term_string}\"},\"query-input\":{\"@type\":\"PropertyValueSpecification\",\"valueRequired\":true,\"valueName\":\"search_term_string\"}}],\"inLanguage\":\"fr-FR\"},{\"@type\":\"Person\",\"@id\":\"https:\\\/\\\/batijournal.com\\\/#\\\/schema\\\/person\\\/1dc96ec6957aa1ccb25ebe78bb19f100\",\"name\":\"St\u00e9phane Miget\",\"image\":{\"@type\":\"ImageObject\",\"inLanguage\":\"fr-FR\",\"@id\":\"https:\\\/\\\/secure.gravatar.com\\\/avatar\\\/89915563d925342126b8ef0281b93d9d7fc337043e8df017f780908eb9644451?s=96&d=mm&r=g\",\"url\":\"https:\\\/\\\/secure.gravatar.com\\\/avatar\\\/89915563d925342126b8ef0281b93d9d7fc337043e8df017f780908eb9644451?s=96&d=mm&r=g\",\"contentUrl\":\"https:\\\/\\\/secure.gravatar.com\\\/avatar\\\/89915563d925342126b8ef0281b93d9d7fc337043e8df017f780908eb9644451?s=96&d=mm&r=g\",\"caption\":\"St\u00e9phane Miget\"},\"url\":\"https:\\\/\\\/batijournal.com\\\/index.php\\\/author\\\/stephane\\\/\"}]}<\/script>\n<!-- \/ Yoast SEO plugin. -->","yoast_head_json":{"title":"D\u00e9couverte inattendue d'un cimeti\u00e8re au Mont-Saint-Michel","robots":{"index":"index","follow":"follow","max-snippet":"max-snippet:-1","max-image-preview":"max-image-preview:large","max-video-preview":"max-video-preview:-1"},"canonical":"https:\/\/batijournal.com\/index.php\/decouverte-inattendue-dun-cimetiere-mont-saint-michel\/94819\/","og_locale":"fr_FR","og_type":"article","og_title":"D\u00e9couverte inattendue d'un cimeti\u00e8re au Mont-Saint-Michel","og_description":"Au Mont-Saint-Michel, l\u2019Inrap r\u00e9alise des op\u00e9rations arch\u00e9ologiques, sur prescription de l\u2019\u00c9tat (Drac Normandie), depuis 15 ans. La recherche des fortifications et de la porte du XIIIe si\u00e8cle mentionn\u00e9s dans un texte du XVe si\u00e8cle, a permis la d\u00e9couverte inattendue du cimeti\u00e8re paroissial. Pens\u00e9 d\u00e9truit par l\u2019installation des r\u00e9seaux en 1913, il s\u2019\u00e9tendait sur un rayon [&hellip;]","og_url":"https:\/\/batijournal.com\/index.php\/decouverte-inattendue-dun-cimetiere-mont-saint-michel\/94819\/","og_site_name":"Batijournal","article_published_time":"2017-01-25T10:18:59+00:00","article_modified_time":"2019-07-15T09:16:09+00:00","og_image":[{"width":472,"height":314,"url":"https:\/\/batijournal.com\/wp-content\/uploads\/2017\/01\/mont-saint-michel-inrap.jpeg","type":"image\/jpeg"}],"author":"St\u00e9phane Miget","twitter_card":"summary_large_image","twitter_creator":"@bati_journal","twitter_site":"@bati_journal","twitter_misc":{"\u00c9crit par":"St\u00e9phane Miget","Dur\u00e9e de lecture estim\u00e9e":"1 minute"},"schema":{"@context":"https:\/\/schema.org","@graph":[{"@type":"Article","@id":"https:\/\/batijournal.com\/index.php\/decouverte-inattendue-dun-cimetiere-mont-saint-michel\/94819\/#article","isPartOf":{"@id":"https:\/\/batijournal.com\/index.php\/decouverte-inattendue-dun-cimetiere-mont-saint-michel\/94819\/"},"author":{"name":"St\u00e9phane Miget","@id":"https:\/\/batijournal.com\/#\/schema\/person\/1dc96ec6957aa1ccb25ebe78bb19f100"},"headline":"D\u00e9couverte inattendue d&rsquo;un cimeti\u00e8re au Mont-Saint-Michel","datePublished":"2017-01-25T10:18:59+00:00","dateModified":"2019-07-15T09:16:09+00:00","mainEntityOfPage":{"@id":"https:\/\/batijournal.com\/index.php\/decouverte-inattendue-dun-cimetiere-mont-saint-michel\/94819\/"},"wordCount":275,"image":{"@id":"https:\/\/batijournal.com\/index.php\/decouverte-inattendue-dun-cimetiere-mont-saint-michel\/94819\/#primaryimage"},"thumbnailUrl":"https:\/\/batijournal.com\/wp-content\/uploads\/2017\/01\/mont-saint-michel-inrap.jpeg","articleSection":["Actualit\u00e9s","Architecture &amp; Conception"],"inLanguage":"fr-FR"},{"@type":"WebPage","@id":"https:\/\/batijournal.com\/index.php\/decouverte-inattendue-dun-cimetiere-mont-saint-michel\/94819\/","url":"https:\/\/batijournal.com\/index.php\/decouverte-inattendue-dun-cimetiere-mont-saint-michel\/94819\/","name":"D\u00e9couverte inattendue d'un cimeti\u00e8re au Mont-Saint-Michel","isPartOf":{"@id":"https:\/\/batijournal.com\/#website"},"primaryImageOfPage":{"@id":"https:\/\/batijournal.com\/index.php\/decouverte-inattendue-dun-cimetiere-mont-saint-michel\/94819\/#primaryimage"},"image":{"@id":"https:\/\/batijournal.com\/index.php\/decouverte-inattendue-dun-cimetiere-mont-saint-michel\/94819\/#primaryimage"},"thumbnailUrl":"https:\/\/batijournal.com\/wp-content\/uploads\/2017\/01\/mont-saint-michel-inrap.jpeg","datePublished":"2017-01-25T10:18:59+00:00","dateModified":"2019-07-15T09:16:09+00:00","author":{"@id":"https:\/\/batijournal.com\/#\/schema\/person\/1dc96ec6957aa1ccb25ebe78bb19f100"},"breadcrumb":{"@id":"https:\/\/batijournal.com\/index.php\/decouverte-inattendue-dun-cimetiere-mont-saint-michel\/94819\/#breadcrumb"},"inLanguage":"fr-FR","potentialAction":[{"@type":"ReadAction","target":["https:\/\/batijournal.com\/index.php\/decouverte-inattendue-dun-cimetiere-mont-saint-michel\/94819\/"]}]},{"@type":"ImageObject","inLanguage":"fr-FR","@id":"https:\/\/batijournal.com\/index.php\/decouverte-inattendue-dun-cimetiere-mont-saint-michel\/94819\/#primaryimage","url":"https:\/\/batijournal.com\/wp-content\/uploads\/2017\/01\/mont-saint-michel-inrap.jpeg","contentUrl":"https:\/\/batijournal.com\/wp-content\/uploads\/2017\/01\/mont-saint-michel-inrap.jpeg","width":472,"height":314},{"@type":"BreadcrumbList","@id":"https:\/\/batijournal.com\/index.php\/decouverte-inattendue-dun-cimetiere-mont-saint-michel\/94819\/#breadcrumb","itemListElement":[{"@type":"ListItem","position":1,"name":"Accueil","item":"https:\/\/batijournal.com\/"},{"@type":"ListItem","position":2,"name":"Actualit\u00e9s","item":"https:\/\/batijournal.com\/index.php\/category\/actualites\/"},{"@type":"ListItem","position":3,"name":"D\u00e9couverte inattendue d&rsquo;un cimeti\u00e8re au Mont-Saint-Michel"}]},{"@type":"WebSite","@id":"https:\/\/batijournal.com\/#website","url":"https:\/\/batijournal.com\/","name":"Batijournal","description":"L&#039;actualit\u00e9 du b\u00e2timent","potentialAction":[{"@type":"SearchAction","target":{"@type":"EntryPoint","urlTemplate":"https:\/\/batijournal.com\/?s={search_term_string}"},"query-input":{"@type":"PropertyValueSpecification","valueRequired":true,"valueName":"search_term_string"}}],"inLanguage":"fr-FR"},{"@type":"Person","@id":"https:\/\/batijournal.com\/#\/schema\/person\/1dc96ec6957aa1ccb25ebe78bb19f100","name":"St\u00e9phane Miget","image":{"@type":"ImageObject","inLanguage":"fr-FR","@id":"https:\/\/secure.gravatar.com\/avatar\/89915563d925342126b8ef0281b93d9d7fc337043e8df017f780908eb9644451?s=96&d=mm&r=g","url":"https:\/\/secure.gravatar.com\/avatar\/89915563d925342126b8ef0281b93d9d7fc337043e8df017f780908eb9644451?s=96&d=mm&r=g","contentUrl":"https:\/\/secure.gravatar.com\/avatar\/89915563d925342126b8ef0281b93d9d7fc337043e8df017f780908eb9644451?s=96&d=mm&r=g","caption":"St\u00e9phane Miget"},"url":"https:\/\/batijournal.com\/index.php\/author\/stephane\/"}]}},"_links":{"self":[{"href":"https:\/\/batijournal.com\/index.php\/wp-json\/wp\/v2\/posts\/94819","targetHints":{"allow":["GET"]}}],"collection":[{"href":"https:\/\/batijournal.com\/index.php\/wp-json\/wp\/v2\/posts"}],"about":[{"href":"https:\/\/batijournal.com\/index.php\/wp-json\/wp\/v2\/types\/post"}],"author":[{"embeddable":true,"href":"https:\/\/batijournal.com\/index.php\/wp-json\/wp\/v2\/users\/17"}],"replies":[{"embeddable":true,"href":"https:\/\/batijournal.com\/index.php\/wp-json\/wp\/v2\/comments?post=94819"}],"version-history":[{"count":0,"href":"https:\/\/batijournal.com\/index.php\/wp-json\/wp\/v2\/posts\/94819\/revisions"}],"wp:featuredmedia":[{"embeddable":true,"href":"https:\/\/batijournal.com\/index.php\/wp-json\/wp\/v2\/media\/94820"}],"wp:attachment":[{"href":"https:\/\/batijournal.com\/index.php\/wp-json\/wp\/v2\/media?parent=94819"}],"wp:term":[{"taxonomy":"category","embeddable":true,"href":"https:\/\/batijournal.com\/index.php\/wp-json\/wp\/v2\/categories?post=94819"},{"taxonomy":"post_tag","embeddable":true,"href":"https:\/\/batijournal.com\/index.php\/wp-json\/wp\/v2\/tags?post=94819"}],"curies":[{"name":"wp","href":"https:\/\/api.w.org\/{rel}","templated":true}]}}