{"id":94834,"date":"2017-01-26T10:59:46","date_gmt":"2017-01-26T09:59:46","guid":{"rendered":"http:\/\/batijournal.com\/?p=94834"},"modified":"2019-07-15T12:20:04","modified_gmt":"2019-07-15T10:20:04","slug":"rehabilitation-residentielle","status":"publish","type":"post","link":"https:\/\/batijournal.com\/index.php\/rehabilitation-residentielle\/94834\/","title":{"rendered":"R\u00e9habilitation r\u00e9sidentielle"},"content":{"rendered":"<p>Des panneaux semi-rigides de laine de verre thermo-acoustique ventil\u00e9e (Isover), des plaques en ciment composite (Cembrit Planatural, de James Hardie) rapport\u00e9s sur les parties courantes, tandis que des profils horizontaux en bois (Selekta, de Werzalit) distinguent les fa\u00e7ades des escaliers. C&rsquo;est le nouveau traitement ITE des trois b\u00e2timents R + 4 des r\u00e9sidences Quai-Lucie, La Fontaine et \u00cele-d\u2019Amour, \u00e0 Champigny-sur-Marne. Ce patrimoine datant de 1958 a ainsi vu am\u00e9lior\u00e9e de classe D \u00e0 C sa performance \u00e9nerg\u00e9tique.<\/p>\n<p>Ma\u00eetrise d&rsquo;ouvrage\u00a0: Ogif<br \/>\nMa\u00eetrise d\u2019\u0153uvre\u00a0: Tectum Architectes, Bim Ing\u00e9nierie<br \/>\nTravaux fa\u00e7ade\u00a0: \u00c9meraude<br \/>\nTravaux menuiseries ext\u00e9rieures\u00a0: Lorillard<\/p>\n<p>Photo\u00a0: Fr\u00e9d\u00e9ric Achdou<\/p>\n","protected":false},"excerpt":{"rendered":"<p>Des panneaux semi-rigides de laine de verre thermo-acoustique ventil\u00e9e (Isover), des plaques en ciment composite (Cembrit Planatural, de James Hardie) rapport\u00e9s sur les parties courantes, tandis que des profils horizontaux en bois (Selekta, de Werzalit) distinguent les fa\u00e7ades des escaliers. C&rsquo;est le nouveau traitement ITE des trois b\u00e2timents R + 4 des r\u00e9sidences Quai-Lucie, La [&hellip;]<\/p>\n","protected":false},"author":17,"featured_media":94835,"comment_status":"closed","ping_status":"closed","sticky":false,"template":"","format":"standard","meta":{"_et_pb_use_builder":"","_et_pb_old_content":"","_et_gb_content_width":"","footnotes":""},"categories":[10530,6340,6351,10775],"tags":[70,9547],"class_list":["post-94834","post","type-post","status-publish","format-standard","has-post-thumbnail","hentry","category-actualites","category-architecture-conception","category-energie-environnement","category-actualites-5facades","tag-ite","tag-rehabilitation-thermique"],"yoast_head":"<!-- This site is optimized with the Yoast SEO plugin v27.4 - https:\/\/yoast.com\/product\/yoast-seo-wordpress\/ -->\n<title>R\u00e9habilitation r\u00e9sidentielle<\/title>\n<meta name=\"robots\" content=\"index, follow, max-snippet:-1, max-image-preview:large, max-video-preview:-1\" \/>\n<link rel=\"canonical\" href=\"https:\/\/batijournal.com\/index.php\/rehabilitation-residentielle\/94834\/\" \/>\n<meta property=\"og:locale\" content=\"fr_FR\" \/>\n<meta property=\"og:type\" content=\"article\" \/>\n<meta property=\"og:title\" content=\"R\u00e9habilitation r\u00e9sidentielle\" \/>\n<meta property=\"og:description\" content=\"Des panneaux semi-rigides de laine de verre thermo-acoustique ventil\u00e9e (Isover), des plaques en ciment composite (Cembrit Planatural, de James Hardie) rapport\u00e9s sur les parties courantes, tandis que des profils horizontaux en bois (Selekta, de Werzalit) distinguent les fa\u00e7ades des escaliers. C&rsquo;est le nouveau traitement ITE des trois b\u00e2timents R + 4 des r\u00e9sidences Quai-Lucie, La [&hellip;]\" \/>\n<meta property=\"og:url\" content=\"https:\/\/batijournal.com\/index.php\/rehabilitation-residentielle\/94834\/\" \/>\n<meta property=\"og:site_name\" content=\"Batijournal\" \/>\n<meta property=\"article:published_time\" content=\"2017-01-26T09:59:46+00:00\" \/>\n<meta property=\"article:modified_time\" content=\"2019-07-15T10:20:04+00:00\" \/>\n<meta property=\"og:image\" content=\"https:\/\/batijournal.com\/wp-content\/uploads\/2017\/01\/Rehabilitation-residentielle.jpg\" \/>\n\t<meta property=\"og:image:width\" content=\"675\" \/>\n\t<meta property=\"og:image:height\" content=\"1200\" \/>\n\t<meta property=\"og:image:type\" content=\"image\/jpeg\" \/>\n<meta name=\"author\" content=\"St\u00e9phane Miget\" \/>\n<meta name=\"twitter:card\" content=\"summary_large_image\" \/>\n<meta name=\"twitter:creator\" content=\"@bati_journal\" \/>\n<meta name=\"twitter:site\" content=\"@bati_journal\" \/>\n<meta name=\"twitter:label1\" content=\"\u00c9crit par\" \/>\n\t<meta name=\"twitter:data1\" content=\"St\u00e9phane Miget\" \/>\n\t<meta name=\"twitter:label2\" content=\"Dur\u00e9e de lecture estim\u00e9e\" \/>\n\t<meta name=\"twitter:data2\" content=\"1 minute\" \/>\n<script type=\"application\/ld+json\" class=\"yoast-schema-graph\">{\"@context\":\"https:\\\/\\\/schema.org\",\"@graph\":[{\"@type\":\"Article\",\"@id\":\"https:\\\/\\\/batijournal.com\\\/index.php\\\/rehabilitation-residentielle\\\/94834\\\/#article\",\"isPartOf\":{\"@id\":\"https:\\\/\\\/batijournal.com\\\/index.php\\\/rehabilitation-residentielle\\\/94834\\\/\"},\"author\":{\"name\":\"St\u00e9phane Miget\",\"@id\":\"https:\\\/\\\/batijournal.com\\\/#\\\/schema\\\/person\\\/1dc96ec6957aa1ccb25ebe78bb19f100\"},\"headline\":\"R\u00e9habilitation r\u00e9sidentielle\",\"datePublished\":\"2017-01-26T09:59:46+00:00\",\"dateModified\":\"2019-07-15T10:20:04+00:00\",\"mainEntityOfPage\":{\"@id\":\"https:\\\/\\\/batijournal.com\\\/index.php\\\/rehabilitation-residentielle\\\/94834\\\/\"},\"wordCount\":114,\"image\":{\"@id\":\"https:\\\/\\\/batijournal.com\\\/index.php\\\/rehabilitation-residentielle\\\/94834\\\/#primaryimage\"},\"thumbnailUrl\":\"https:\\\/\\\/batijournal.com\\\/wp-content\\\/uploads\\\/2017\\\/01\\\/Rehabilitation-residentielle.jpg\",\"keywords\":[\"ITE\",\"rehabilitation thermique\"],\"articleSection\":[\"Actualit\u00e9s\",\"Architecture &amp; Conception\",\"\u00c9nergie &amp; Environnement\",\"zz_Actualit\u00e9s - 5fa\u00e7ades\"],\"inLanguage\":\"fr-FR\"},{\"@type\":\"WebPage\",\"@id\":\"https:\\\/\\\/batijournal.com\\\/index.php\\\/rehabilitation-residentielle\\\/94834\\\/\",\"url\":\"https:\\\/\\\/batijournal.com\\\/index.php\\\/rehabilitation-residentielle\\\/94834\\\/\",\"name\":\"R\u00e9habilitation r\u00e9sidentielle\",\"isPartOf\":{\"@id\":\"https:\\\/\\\/batijournal.com\\\/#website\"},\"primaryImageOfPage\":{\"@id\":\"https:\\\/\\\/batijournal.com\\\/index.php\\\/rehabilitation-residentielle\\\/94834\\\/#primaryimage\"},\"image\":{\"@id\":\"https:\\\/\\\/batijournal.com\\\/index.php\\\/rehabilitation-residentielle\\\/94834\\\/#primaryimage\"},\"thumbnailUrl\":\"https:\\\/\\\/batijournal.com\\\/wp-content\\\/uploads\\\/2017\\\/01\\\/Rehabilitation-residentielle.jpg\",\"datePublished\":\"2017-01-26T09:59:46+00:00\",\"dateModified\":\"2019-07-15T10:20:04+00:00\",\"author\":{\"@id\":\"https:\\\/\\\/batijournal.com\\\/#\\\/schema\\\/person\\\/1dc96ec6957aa1ccb25ebe78bb19f100\"},\"breadcrumb\":{\"@id\":\"https:\\\/\\\/batijournal.com\\\/index.php\\\/rehabilitation-residentielle\\\/94834\\\/#breadcrumb\"},\"inLanguage\":\"fr-FR\",\"potentialAction\":[{\"@type\":\"ReadAction\",\"target\":[\"https:\\\/\\\/batijournal.com\\\/index.php\\\/rehabilitation-residentielle\\\/94834\\\/\"]}]},{\"@type\":\"ImageObject\",\"inLanguage\":\"fr-FR\",\"@id\":\"https:\\\/\\\/batijournal.com\\\/index.php\\\/rehabilitation-residentielle\\\/94834\\\/#primaryimage\",\"url\":\"https:\\\/\\\/batijournal.com\\\/wp-content\\\/uploads\\\/2017\\\/01\\\/Rehabilitation-residentielle.jpg\",\"contentUrl\":\"https:\\\/\\\/batijournal.com\\\/wp-content\\\/uploads\\\/2017\\\/01\\\/Rehabilitation-residentielle.jpg\",\"width\":675,\"height\":1200},{\"@type\":\"BreadcrumbList\",\"@id\":\"https:\\\/\\\/batijournal.com\\\/index.php\\\/rehabilitation-residentielle\\\/94834\\\/#breadcrumb\",\"itemListElement\":[{\"@type\":\"ListItem\",\"position\":1,\"name\":\"Accueil\",\"item\":\"https:\\\/\\\/batijournal.com\\\/\"},{\"@type\":\"ListItem\",\"position\":2,\"name\":\"Actualit\u00e9s\",\"item\":\"https:\\\/\\\/batijournal.com\\\/index.php\\\/category\\\/actualites\\\/\"},{\"@type\":\"ListItem\",\"position\":3,\"name\":\"R\u00e9habilitation r\u00e9sidentielle\"}]},{\"@type\":\"WebSite\",\"@id\":\"https:\\\/\\\/batijournal.com\\\/#website\",\"url\":\"https:\\\/\\\/batijournal.com\\\/\",\"name\":\"Batijournal\",\"description\":\"L&#039;actualit\u00e9 du b\u00e2timent\",\"potentialAction\":[{\"@type\":\"SearchAction\",\"target\":{\"@type\":\"EntryPoint\",\"urlTemplate\":\"https:\\\/\\\/batijournal.com\\\/?s={search_term_string}\"},\"query-input\":{\"@type\":\"PropertyValueSpecification\",\"valueRequired\":true,\"valueName\":\"search_term_string\"}}],\"inLanguage\":\"fr-FR\"},{\"@type\":\"Person\",\"@id\":\"https:\\\/\\\/batijournal.com\\\/#\\\/schema\\\/person\\\/1dc96ec6957aa1ccb25ebe78bb19f100\",\"name\":\"St\u00e9phane Miget\",\"image\":{\"@type\":\"ImageObject\",\"inLanguage\":\"fr-FR\",\"@id\":\"https:\\\/\\\/secure.gravatar.com\\\/avatar\\\/89915563d925342126b8ef0281b93d9d7fc337043e8df017f780908eb9644451?s=96&d=mm&r=g\",\"url\":\"https:\\\/\\\/secure.gravatar.com\\\/avatar\\\/89915563d925342126b8ef0281b93d9d7fc337043e8df017f780908eb9644451?s=96&d=mm&r=g\",\"contentUrl\":\"https:\\\/\\\/secure.gravatar.com\\\/avatar\\\/89915563d925342126b8ef0281b93d9d7fc337043e8df017f780908eb9644451?s=96&d=mm&r=g\",\"caption\":\"St\u00e9phane Miget\"},\"url\":\"https:\\\/\\\/batijournal.com\\\/index.php\\\/author\\\/stephane\\\/\"}]}<\/script>\n<!-- \/ Yoast SEO plugin. -->","yoast_head_json":{"title":"R\u00e9habilitation r\u00e9sidentielle","robots":{"index":"index","follow":"follow","max-snippet":"max-snippet:-1","max-image-preview":"max-image-preview:large","max-video-preview":"max-video-preview:-1"},"canonical":"https:\/\/batijournal.com\/index.php\/rehabilitation-residentielle\/94834\/","og_locale":"fr_FR","og_type":"article","og_title":"R\u00e9habilitation r\u00e9sidentielle","og_description":"Des panneaux semi-rigides de laine de verre thermo-acoustique ventil\u00e9e (Isover), des plaques en ciment composite (Cembrit Planatural, de James Hardie) rapport\u00e9s sur les parties courantes, tandis que des profils horizontaux en bois (Selekta, de Werzalit) distinguent les fa\u00e7ades des escaliers. C&rsquo;est le nouveau traitement ITE des trois b\u00e2timents R + 4 des r\u00e9sidences Quai-Lucie, La [&hellip;]","og_url":"https:\/\/batijournal.com\/index.php\/rehabilitation-residentielle\/94834\/","og_site_name":"Batijournal","article_published_time":"2017-01-26T09:59:46+00:00","article_modified_time":"2019-07-15T10:20:04+00:00","og_image":[{"width":675,"height":1200,"url":"https:\/\/batijournal.com\/wp-content\/uploads\/2017\/01\/Rehabilitation-residentielle.jpg","type":"image\/jpeg"}],"author":"St\u00e9phane Miget","twitter_card":"summary_large_image","twitter_creator":"@bati_journal","twitter_site":"@bati_journal","twitter_misc":{"\u00c9crit par":"St\u00e9phane Miget","Dur\u00e9e de lecture estim\u00e9e":"1 minute"},"schema":{"@context":"https:\/\/schema.org","@graph":[{"@type":"Article","@id":"https:\/\/batijournal.com\/index.php\/rehabilitation-residentielle\/94834\/#article","isPartOf":{"@id":"https:\/\/batijournal.com\/index.php\/rehabilitation-residentielle\/94834\/"},"author":{"name":"St\u00e9phane Miget","@id":"https:\/\/batijournal.com\/#\/schema\/person\/1dc96ec6957aa1ccb25ebe78bb19f100"},"headline":"R\u00e9habilitation r\u00e9sidentielle","datePublished":"2017-01-26T09:59:46+00:00","dateModified":"2019-07-15T10:20:04+00:00","mainEntityOfPage":{"@id":"https:\/\/batijournal.com\/index.php\/rehabilitation-residentielle\/94834\/"},"wordCount":114,"image":{"@id":"https:\/\/batijournal.com\/index.php\/rehabilitation-residentielle\/94834\/#primaryimage"},"thumbnailUrl":"https:\/\/batijournal.com\/wp-content\/uploads\/2017\/01\/Rehabilitation-residentielle.jpg","keywords":["ITE","rehabilitation thermique"],"articleSection":["Actualit\u00e9s","Architecture &amp; Conception","\u00c9nergie &amp; Environnement","zz_Actualit\u00e9s - 5fa\u00e7ades"],"inLanguage":"fr-FR"},{"@type":"WebPage","@id":"https:\/\/batijournal.com\/index.php\/rehabilitation-residentielle\/94834\/","url":"https:\/\/batijournal.com\/index.php\/rehabilitation-residentielle\/94834\/","name":"R\u00e9habilitation r\u00e9sidentielle","isPartOf":{"@id":"https:\/\/batijournal.com\/#website"},"primaryImageOfPage":{"@id":"https:\/\/batijournal.com\/index.php\/rehabilitation-residentielle\/94834\/#primaryimage"},"image":{"@id":"https:\/\/batijournal.com\/index.php\/rehabilitation-residentielle\/94834\/#primaryimage"},"thumbnailUrl":"https:\/\/batijournal.com\/wp-content\/uploads\/2017\/01\/Rehabilitation-residentielle.jpg","datePublished":"2017-01-26T09:59:46+00:00","dateModified":"2019-07-15T10:20:04+00:00","author":{"@id":"https:\/\/batijournal.com\/#\/schema\/person\/1dc96ec6957aa1ccb25ebe78bb19f100"},"breadcrumb":{"@id":"https:\/\/batijournal.com\/index.php\/rehabilitation-residentielle\/94834\/#breadcrumb"},"inLanguage":"fr-FR","potentialAction":[{"@type":"ReadAction","target":["https:\/\/batijournal.com\/index.php\/rehabilitation-residentielle\/94834\/"]}]},{"@type":"ImageObject","inLanguage":"fr-FR","@id":"https:\/\/batijournal.com\/index.php\/rehabilitation-residentielle\/94834\/#primaryimage","url":"https:\/\/batijournal.com\/wp-content\/uploads\/2017\/01\/Rehabilitation-residentielle.jpg","contentUrl":"https:\/\/batijournal.com\/wp-content\/uploads\/2017\/01\/Rehabilitation-residentielle.jpg","width":675,"height":1200},{"@type":"BreadcrumbList","@id":"https:\/\/batijournal.com\/index.php\/rehabilitation-residentielle\/94834\/#breadcrumb","itemListElement":[{"@type":"ListItem","position":1,"name":"Accueil","item":"https:\/\/batijournal.com\/"},{"@type":"ListItem","position":2,"name":"Actualit\u00e9s","item":"https:\/\/batijournal.com\/index.php\/category\/actualites\/"},{"@type":"ListItem","position":3,"name":"R\u00e9habilitation r\u00e9sidentielle"}]},{"@type":"WebSite","@id":"https:\/\/batijournal.com\/#website","url":"https:\/\/batijournal.com\/","name":"Batijournal","description":"L&#039;actualit\u00e9 du b\u00e2timent","potentialAction":[{"@type":"SearchAction","target":{"@type":"EntryPoint","urlTemplate":"https:\/\/batijournal.com\/?s={search_term_string}"},"query-input":{"@type":"PropertyValueSpecification","valueRequired":true,"valueName":"search_term_string"}}],"inLanguage":"fr-FR"},{"@type":"Person","@id":"https:\/\/batijournal.com\/#\/schema\/person\/1dc96ec6957aa1ccb25ebe78bb19f100","name":"St\u00e9phane Miget","image":{"@type":"ImageObject","inLanguage":"fr-FR","@id":"https:\/\/secure.gravatar.com\/avatar\/89915563d925342126b8ef0281b93d9d7fc337043e8df017f780908eb9644451?s=96&d=mm&r=g","url":"https:\/\/secure.gravatar.com\/avatar\/89915563d925342126b8ef0281b93d9d7fc337043e8df017f780908eb9644451?s=96&d=mm&r=g","contentUrl":"https:\/\/secure.gravatar.com\/avatar\/89915563d925342126b8ef0281b93d9d7fc337043e8df017f780908eb9644451?s=96&d=mm&r=g","caption":"St\u00e9phane Miget"},"url":"https:\/\/batijournal.com\/index.php\/author\/stephane\/"}]}},"_links":{"self":[{"href":"https:\/\/batijournal.com\/index.php\/wp-json\/wp\/v2\/posts\/94834","targetHints":{"allow":["GET"]}}],"collection":[{"href":"https:\/\/batijournal.com\/index.php\/wp-json\/wp\/v2\/posts"}],"about":[{"href":"https:\/\/batijournal.com\/index.php\/wp-json\/wp\/v2\/types\/post"}],"author":[{"embeddable":true,"href":"https:\/\/batijournal.com\/index.php\/wp-json\/wp\/v2\/users\/17"}],"replies":[{"embeddable":true,"href":"https:\/\/batijournal.com\/index.php\/wp-json\/wp\/v2\/comments?post=94834"}],"version-history":[{"count":0,"href":"https:\/\/batijournal.com\/index.php\/wp-json\/wp\/v2\/posts\/94834\/revisions"}],"wp:featuredmedia":[{"embeddable":true,"href":"https:\/\/batijournal.com\/index.php\/wp-json\/wp\/v2\/media\/94835"}],"wp:attachment":[{"href":"https:\/\/batijournal.com\/index.php\/wp-json\/wp\/v2\/media?parent=94834"}],"wp:term":[{"taxonomy":"category","embeddable":true,"href":"https:\/\/batijournal.com\/index.php\/wp-json\/wp\/v2\/categories?post=94834"},{"taxonomy":"post_tag","embeddable":true,"href":"https:\/\/batijournal.com\/index.php\/wp-json\/wp\/v2\/tags?post=94834"}],"curies":[{"name":"wp","href":"https:\/\/api.w.org\/{rel}","templated":true}]}}