{"id":94853,"date":"2017-01-27T08:35:50","date_gmt":"2017-01-27T07:35:50","guid":{"rendered":"http:\/\/batijournal.com\/?p=94853"},"modified":"2019-07-15T12:02:07","modified_gmt":"2019-07-15T10:02:07","slug":"produits-de-construction-optimisme-modere","status":"publish","type":"post","link":"https:\/\/batijournal.com\/index.php\/produits-de-construction-optimisme-modere\/94853\/","title":{"rendered":"Produits de la construction : un optimisme mod\u00e9r\u00e9"},"content":{"rendered":"<p>Herv\u00e9 de Maistre, pr\u00e9sident de l\u2019Association fran\u00e7aise des industries des produits de construction (AIMCC) a pr\u00e9sent\u00e9 le 26 janvier 2017 les r\u00e9sultats de la premi\u00e8re enqu\u00eate d\u2019opinion men\u00e9e aupr\u00e8s des 80 organisations professionnelles membres de l\u2019AIMCC. Apr\u00e8s huit ans de r\u00e9cession, huit ans de contraction des volumes de production et des chiffres d\u2019affaires dans la construction, 2016 a \u00e9t\u00e9 sous le signe de la reprise de l\u2019activit\u00e9. Dans ce climat, les industriels\/fabricants de la construction, ont per\u00e7u un fr\u00e9missement conjoncturel : plus des deux tiers des organisations professionnelles interrog\u00e9es ont confirm\u00e9 que leur activit\u00e9 avait cess\u00e9 de reculer en 2016. Pour 38 % d\u2019entre elles, cette activit\u00e9 s\u2019est stabilis\u00e9e \u00e0 son niveau de 2015 tandis qu\u2019elle a l\u00e9g\u00e8rement augment\u00e9 entre +1 % et +5 %, pour un tiers d\u2019entre elles. Ce redressement est d\u2019ailleurs plus sensible chez les professionnels du gros \u0153uvre et des \u00e9quipements, dont plus de 80\u00a0% ont stabilis\u00e9 ou augment\u00e9 faiblement leur volume d\u2019activit\u00e9, que chez ceux du second \u0153uvre qui, pour 41\u00a0% d\u2019entre eux, ont encore enregistr\u00e9 des replis compris entre -1% et -5%. La quasi-totalit\u00e9 des professionnels (95 %) s\u2019attend \u00e0 une activit\u00e9 haussi\u00e8re en 2017. En effet, aucune profession ne pr\u00e9voit de baisse et seulement 8 % des professionnels du gros \u0153uvre envisagent encore une stagnation des volumes produits contre 10 % pour les \u00e9quipementiers. Cette reprise pourrait rester probablement mod\u00e9r\u00e9e puisque seulement 1 % des organisations professionnelles interrog\u00e9es entrevoit des taux de croissance sup\u00e9rieurs \u00e0 5 %.<\/p>\n","protected":false},"excerpt":{"rendered":"<p>Herv\u00e9 de Maistre, pr\u00e9sident de l\u2019Association fran\u00e7aise des industries des produits de construction (AIMCC) a pr\u00e9sent\u00e9 le 26 janvier 2017 les r\u00e9sultats de la premi\u00e8re enqu\u00eate d\u2019opinion men\u00e9e aupr\u00e8s des 80 organisations professionnelles membres de l\u2019AIMCC. Apr\u00e8s huit ans de r\u00e9cession, huit ans de contraction des volumes de production et des chiffres d\u2019affaires dans la [&hellip;]<\/p>\n","protected":false},"author":17,"featured_media":94855,"comment_status":"closed","ping_status":"closed","sticky":false,"template":"","format":"standard","meta":{"_et_pb_use_builder":"","_et_pb_old_content":"","_et_gb_content_width":"","footnotes":""},"categories":[10530,6345],"tags":[1338],"class_list":["post-94853","post","type-post","status-publish","format-standard","has-post-thumbnail","hentry","category-actualites","category-economie-marches","tag-statistiques"],"yoast_head":"<!-- This site is optimized with the Yoast SEO plugin v27.4 - https:\/\/yoast.com\/product\/yoast-seo-wordpress\/ -->\n<title>Produits de la construction : un optimisme mod\u00e9r\u00e9<\/title>\n<meta name=\"robots\" content=\"index, follow, max-snippet:-1, max-image-preview:large, max-video-preview:-1\" \/>\n<link rel=\"canonical\" href=\"https:\/\/batijournal.com\/index.php\/produits-de-construction-optimisme-modere\/94853\/\" \/>\n<meta property=\"og:locale\" content=\"fr_FR\" \/>\n<meta property=\"og:type\" content=\"article\" \/>\n<meta property=\"og:title\" content=\"Produits de la construction : un optimisme mod\u00e9r\u00e9\" \/>\n<meta property=\"og:description\" content=\"Herv\u00e9 de Maistre, pr\u00e9sident de l\u2019Association fran\u00e7aise des industries des produits de construction (AIMCC) a pr\u00e9sent\u00e9 le 26 janvier 2017 les r\u00e9sultats de la premi\u00e8re enqu\u00eate d\u2019opinion men\u00e9e aupr\u00e8s des 80 organisations professionnelles membres de l\u2019AIMCC. Apr\u00e8s huit ans de r\u00e9cession, huit ans de contraction des volumes de production et des chiffres d\u2019affaires dans la [&hellip;]\" \/>\n<meta property=\"og:url\" content=\"https:\/\/batijournal.com\/index.php\/produits-de-construction-optimisme-modere\/94853\/\" \/>\n<meta property=\"og:site_name\" content=\"Batijournal\" \/>\n<meta property=\"article:published_time\" content=\"2017-01-27T07:35:50+00:00\" \/>\n<meta property=\"article:modified_time\" content=\"2019-07-15T10:02:07+00:00\" \/>\n<meta property=\"og:image\" content=\"https:\/\/batijournal.com\/wp-content\/uploads\/2017\/01\/statistiques-AIMCC-1-1.jpg\" \/>\n\t<meta property=\"og:image:width\" content=\"1200\" \/>\n\t<meta property=\"og:image:height\" content=\"675\" \/>\n\t<meta property=\"og:image:type\" content=\"image\/jpeg\" \/>\n<meta name=\"author\" content=\"St\u00e9phane Miget\" \/>\n<meta name=\"twitter:card\" content=\"summary_large_image\" \/>\n<meta name=\"twitter:creator\" content=\"@bati_journal\" \/>\n<meta name=\"twitter:site\" content=\"@bati_journal\" \/>\n<meta name=\"twitter:label1\" content=\"\u00c9crit par\" \/>\n\t<meta name=\"twitter:data1\" content=\"St\u00e9phane Miget\" \/>\n\t<meta name=\"twitter:label2\" content=\"Dur\u00e9e de lecture estim\u00e9e\" \/>\n\t<meta name=\"twitter:data2\" content=\"1 minute\" \/>\n<script type=\"application\/ld+json\" class=\"yoast-schema-graph\">{\"@context\":\"https:\\\/\\\/schema.org\",\"@graph\":[{\"@type\":\"Article\",\"@id\":\"https:\\\/\\\/batijournal.com\\\/index.php\\\/produits-de-construction-optimisme-modere\\\/94853\\\/#article\",\"isPartOf\":{\"@id\":\"https:\\\/\\\/batijournal.com\\\/index.php\\\/produits-de-construction-optimisme-modere\\\/94853\\\/\"},\"author\":{\"name\":\"St\u00e9phane Miget\",\"@id\":\"https:\\\/\\\/batijournal.com\\\/#\\\/schema\\\/person\\\/1dc96ec6957aa1ccb25ebe78bb19f100\"},\"headline\":\"Produits de la construction : un optimisme mod\u00e9r\u00e9\",\"datePublished\":\"2017-01-27T07:35:50+00:00\",\"dateModified\":\"2019-07-15T10:02:07+00:00\",\"mainEntityOfPage\":{\"@id\":\"https:\\\/\\\/batijournal.com\\\/index.php\\\/produits-de-construction-optimisme-modere\\\/94853\\\/\"},\"wordCount\":259,\"image\":{\"@id\":\"https:\\\/\\\/batijournal.com\\\/index.php\\\/produits-de-construction-optimisme-modere\\\/94853\\\/#primaryimage\"},\"thumbnailUrl\":\"https:\\\/\\\/batijournal.com\\\/wp-content\\\/uploads\\\/2017\\\/01\\\/statistiques-AIMCC-1-1.jpg\",\"keywords\":[\"statistiques\"],\"articleSection\":[\"Actualit\u00e9s\",\"\u00c9conomie &amp; March\u00e9s\"],\"inLanguage\":\"fr-FR\"},{\"@type\":\"WebPage\",\"@id\":\"https:\\\/\\\/batijournal.com\\\/index.php\\\/produits-de-construction-optimisme-modere\\\/94853\\\/\",\"url\":\"https:\\\/\\\/batijournal.com\\\/index.php\\\/produits-de-construction-optimisme-modere\\\/94853\\\/\",\"name\":\"Produits de la construction : un optimisme mod\u00e9r\u00e9\",\"isPartOf\":{\"@id\":\"https:\\\/\\\/batijournal.com\\\/#website\"},\"primaryImageOfPage\":{\"@id\":\"https:\\\/\\\/batijournal.com\\\/index.php\\\/produits-de-construction-optimisme-modere\\\/94853\\\/#primaryimage\"},\"image\":{\"@id\":\"https:\\\/\\\/batijournal.com\\\/index.php\\\/produits-de-construction-optimisme-modere\\\/94853\\\/#primaryimage\"},\"thumbnailUrl\":\"https:\\\/\\\/batijournal.com\\\/wp-content\\\/uploads\\\/2017\\\/01\\\/statistiques-AIMCC-1-1.jpg\",\"datePublished\":\"2017-01-27T07:35:50+00:00\",\"dateModified\":\"2019-07-15T10:02:07+00:00\",\"author\":{\"@id\":\"https:\\\/\\\/batijournal.com\\\/#\\\/schema\\\/person\\\/1dc96ec6957aa1ccb25ebe78bb19f100\"},\"breadcrumb\":{\"@id\":\"https:\\\/\\\/batijournal.com\\\/index.php\\\/produits-de-construction-optimisme-modere\\\/94853\\\/#breadcrumb\"},\"inLanguage\":\"fr-FR\",\"potentialAction\":[{\"@type\":\"ReadAction\",\"target\":[\"https:\\\/\\\/batijournal.com\\\/index.php\\\/produits-de-construction-optimisme-modere\\\/94853\\\/\"]}]},{\"@type\":\"ImageObject\",\"inLanguage\":\"fr-FR\",\"@id\":\"https:\\\/\\\/batijournal.com\\\/index.php\\\/produits-de-construction-optimisme-modere\\\/94853\\\/#primaryimage\",\"url\":\"https:\\\/\\\/batijournal.com\\\/wp-content\\\/uploads\\\/2017\\\/01\\\/statistiques-AIMCC-1-1.jpg\",\"contentUrl\":\"https:\\\/\\\/batijournal.com\\\/wp-content\\\/uploads\\\/2017\\\/01\\\/statistiques-AIMCC-1-1.jpg\",\"width\":1200,\"height\":675},{\"@type\":\"BreadcrumbList\",\"@id\":\"https:\\\/\\\/batijournal.com\\\/index.php\\\/produits-de-construction-optimisme-modere\\\/94853\\\/#breadcrumb\",\"itemListElement\":[{\"@type\":\"ListItem\",\"position\":1,\"name\":\"Accueil\",\"item\":\"https:\\\/\\\/batijournal.com\\\/\"},{\"@type\":\"ListItem\",\"position\":2,\"name\":\"Actualit\u00e9s\",\"item\":\"https:\\\/\\\/batijournal.com\\\/index.php\\\/category\\\/actualites\\\/\"},{\"@type\":\"ListItem\",\"position\":3,\"name\":\"Produits de la construction : un optimisme mod\u00e9r\u00e9\"}]},{\"@type\":\"WebSite\",\"@id\":\"https:\\\/\\\/batijournal.com\\\/#website\",\"url\":\"https:\\\/\\\/batijournal.com\\\/\",\"name\":\"Batijournal\",\"description\":\"L&#039;actualit\u00e9 du b\u00e2timent\",\"potentialAction\":[{\"@type\":\"SearchAction\",\"target\":{\"@type\":\"EntryPoint\",\"urlTemplate\":\"https:\\\/\\\/batijournal.com\\\/?s={search_term_string}\"},\"query-input\":{\"@type\":\"PropertyValueSpecification\",\"valueRequired\":true,\"valueName\":\"search_term_string\"}}],\"inLanguage\":\"fr-FR\"},{\"@type\":\"Person\",\"@id\":\"https:\\\/\\\/batijournal.com\\\/#\\\/schema\\\/person\\\/1dc96ec6957aa1ccb25ebe78bb19f100\",\"name\":\"St\u00e9phane Miget\",\"image\":{\"@type\":\"ImageObject\",\"inLanguage\":\"fr-FR\",\"@id\":\"https:\\\/\\\/secure.gravatar.com\\\/avatar\\\/89915563d925342126b8ef0281b93d9d7fc337043e8df017f780908eb9644451?s=96&d=mm&r=g\",\"url\":\"https:\\\/\\\/secure.gravatar.com\\\/avatar\\\/89915563d925342126b8ef0281b93d9d7fc337043e8df017f780908eb9644451?s=96&d=mm&r=g\",\"contentUrl\":\"https:\\\/\\\/secure.gravatar.com\\\/avatar\\\/89915563d925342126b8ef0281b93d9d7fc337043e8df017f780908eb9644451?s=96&d=mm&r=g\",\"caption\":\"St\u00e9phane Miget\"},\"url\":\"https:\\\/\\\/batijournal.com\\\/index.php\\\/author\\\/stephane\\\/\"}]}<\/script>\n<!-- \/ Yoast SEO plugin. -->","yoast_head_json":{"title":"Produits de la construction : un optimisme mod\u00e9r\u00e9","robots":{"index":"index","follow":"follow","max-snippet":"max-snippet:-1","max-image-preview":"max-image-preview:large","max-video-preview":"max-video-preview:-1"},"canonical":"https:\/\/batijournal.com\/index.php\/produits-de-construction-optimisme-modere\/94853\/","og_locale":"fr_FR","og_type":"article","og_title":"Produits de la construction : un optimisme mod\u00e9r\u00e9","og_description":"Herv\u00e9 de Maistre, pr\u00e9sident de l\u2019Association fran\u00e7aise des industries des produits de construction (AIMCC) a pr\u00e9sent\u00e9 le 26 janvier 2017 les r\u00e9sultats de la premi\u00e8re enqu\u00eate d\u2019opinion men\u00e9e aupr\u00e8s des 80 organisations professionnelles membres de l\u2019AIMCC. Apr\u00e8s huit ans de r\u00e9cession, huit ans de contraction des volumes de production et des chiffres d\u2019affaires dans la [&hellip;]","og_url":"https:\/\/batijournal.com\/index.php\/produits-de-construction-optimisme-modere\/94853\/","og_site_name":"Batijournal","article_published_time":"2017-01-27T07:35:50+00:00","article_modified_time":"2019-07-15T10:02:07+00:00","og_image":[{"width":1200,"height":675,"url":"https:\/\/batijournal.com\/wp-content\/uploads\/2017\/01\/statistiques-AIMCC-1-1.jpg","type":"image\/jpeg"}],"author":"St\u00e9phane Miget","twitter_card":"summary_large_image","twitter_creator":"@bati_journal","twitter_site":"@bati_journal","twitter_misc":{"\u00c9crit par":"St\u00e9phane Miget","Dur\u00e9e de lecture estim\u00e9e":"1 minute"},"schema":{"@context":"https:\/\/schema.org","@graph":[{"@type":"Article","@id":"https:\/\/batijournal.com\/index.php\/produits-de-construction-optimisme-modere\/94853\/#article","isPartOf":{"@id":"https:\/\/batijournal.com\/index.php\/produits-de-construction-optimisme-modere\/94853\/"},"author":{"name":"St\u00e9phane Miget","@id":"https:\/\/batijournal.com\/#\/schema\/person\/1dc96ec6957aa1ccb25ebe78bb19f100"},"headline":"Produits de la construction : un optimisme mod\u00e9r\u00e9","datePublished":"2017-01-27T07:35:50+00:00","dateModified":"2019-07-15T10:02:07+00:00","mainEntityOfPage":{"@id":"https:\/\/batijournal.com\/index.php\/produits-de-construction-optimisme-modere\/94853\/"},"wordCount":259,"image":{"@id":"https:\/\/batijournal.com\/index.php\/produits-de-construction-optimisme-modere\/94853\/#primaryimage"},"thumbnailUrl":"https:\/\/batijournal.com\/wp-content\/uploads\/2017\/01\/statistiques-AIMCC-1-1.jpg","keywords":["statistiques"],"articleSection":["Actualit\u00e9s","\u00c9conomie &amp; March\u00e9s"],"inLanguage":"fr-FR"},{"@type":"WebPage","@id":"https:\/\/batijournal.com\/index.php\/produits-de-construction-optimisme-modere\/94853\/","url":"https:\/\/batijournal.com\/index.php\/produits-de-construction-optimisme-modere\/94853\/","name":"Produits de la construction : un optimisme mod\u00e9r\u00e9","isPartOf":{"@id":"https:\/\/batijournal.com\/#website"},"primaryImageOfPage":{"@id":"https:\/\/batijournal.com\/index.php\/produits-de-construction-optimisme-modere\/94853\/#primaryimage"},"image":{"@id":"https:\/\/batijournal.com\/index.php\/produits-de-construction-optimisme-modere\/94853\/#primaryimage"},"thumbnailUrl":"https:\/\/batijournal.com\/wp-content\/uploads\/2017\/01\/statistiques-AIMCC-1-1.jpg","datePublished":"2017-01-27T07:35:50+00:00","dateModified":"2019-07-15T10:02:07+00:00","author":{"@id":"https:\/\/batijournal.com\/#\/schema\/person\/1dc96ec6957aa1ccb25ebe78bb19f100"},"breadcrumb":{"@id":"https:\/\/batijournal.com\/index.php\/produits-de-construction-optimisme-modere\/94853\/#breadcrumb"},"inLanguage":"fr-FR","potentialAction":[{"@type":"ReadAction","target":["https:\/\/batijournal.com\/index.php\/produits-de-construction-optimisme-modere\/94853\/"]}]},{"@type":"ImageObject","inLanguage":"fr-FR","@id":"https:\/\/batijournal.com\/index.php\/produits-de-construction-optimisme-modere\/94853\/#primaryimage","url":"https:\/\/batijournal.com\/wp-content\/uploads\/2017\/01\/statistiques-AIMCC-1-1.jpg","contentUrl":"https:\/\/batijournal.com\/wp-content\/uploads\/2017\/01\/statistiques-AIMCC-1-1.jpg","width":1200,"height":675},{"@type":"BreadcrumbList","@id":"https:\/\/batijournal.com\/index.php\/produits-de-construction-optimisme-modere\/94853\/#breadcrumb","itemListElement":[{"@type":"ListItem","position":1,"name":"Accueil","item":"https:\/\/batijournal.com\/"},{"@type":"ListItem","position":2,"name":"Actualit\u00e9s","item":"https:\/\/batijournal.com\/index.php\/category\/actualites\/"},{"@type":"ListItem","position":3,"name":"Produits de la construction : un optimisme mod\u00e9r\u00e9"}]},{"@type":"WebSite","@id":"https:\/\/batijournal.com\/#website","url":"https:\/\/batijournal.com\/","name":"Batijournal","description":"L&#039;actualit\u00e9 du b\u00e2timent","potentialAction":[{"@type":"SearchAction","target":{"@type":"EntryPoint","urlTemplate":"https:\/\/batijournal.com\/?s={search_term_string}"},"query-input":{"@type":"PropertyValueSpecification","valueRequired":true,"valueName":"search_term_string"}}],"inLanguage":"fr-FR"},{"@type":"Person","@id":"https:\/\/batijournal.com\/#\/schema\/person\/1dc96ec6957aa1ccb25ebe78bb19f100","name":"St\u00e9phane Miget","image":{"@type":"ImageObject","inLanguage":"fr-FR","@id":"https:\/\/secure.gravatar.com\/avatar\/89915563d925342126b8ef0281b93d9d7fc337043e8df017f780908eb9644451?s=96&d=mm&r=g","url":"https:\/\/secure.gravatar.com\/avatar\/89915563d925342126b8ef0281b93d9d7fc337043e8df017f780908eb9644451?s=96&d=mm&r=g","contentUrl":"https:\/\/secure.gravatar.com\/avatar\/89915563d925342126b8ef0281b93d9d7fc337043e8df017f780908eb9644451?s=96&d=mm&r=g","caption":"St\u00e9phane Miget"},"url":"https:\/\/batijournal.com\/index.php\/author\/stephane\/"}]}},"_links":{"self":[{"href":"https:\/\/batijournal.com\/index.php\/wp-json\/wp\/v2\/posts\/94853","targetHints":{"allow":["GET"]}}],"collection":[{"href":"https:\/\/batijournal.com\/index.php\/wp-json\/wp\/v2\/posts"}],"about":[{"href":"https:\/\/batijournal.com\/index.php\/wp-json\/wp\/v2\/types\/post"}],"author":[{"embeddable":true,"href":"https:\/\/batijournal.com\/index.php\/wp-json\/wp\/v2\/users\/17"}],"replies":[{"embeddable":true,"href":"https:\/\/batijournal.com\/index.php\/wp-json\/wp\/v2\/comments?post=94853"}],"version-history":[{"count":0,"href":"https:\/\/batijournal.com\/index.php\/wp-json\/wp\/v2\/posts\/94853\/revisions"}],"wp:featuredmedia":[{"embeddable":true,"href":"https:\/\/batijournal.com\/index.php\/wp-json\/wp\/v2\/media\/94855"}],"wp:attachment":[{"href":"https:\/\/batijournal.com\/index.php\/wp-json\/wp\/v2\/media?parent=94853"}],"wp:term":[{"taxonomy":"category","embeddable":true,"href":"https:\/\/batijournal.com\/index.php\/wp-json\/wp\/v2\/categories?post=94853"},{"taxonomy":"post_tag","embeddable":true,"href":"https:\/\/batijournal.com\/index.php\/wp-json\/wp\/v2\/tags?post=94853"}],"curies":[{"name":"wp","href":"https:\/\/api.w.org\/{rel}","templated":true}]}}