{"id":94871,"date":"2017-01-30T15:52:05","date_gmt":"2017-01-30T14:52:05","guid":{"rendered":"http:\/\/batijournal.com\/?p=94871"},"modified":"2019-07-15T12:10:59","modified_gmt":"2019-07-15T10:10:59","slug":"plan-batiment-durable-point-programme-defficacite-energetique","status":"publish","type":"post","link":"https:\/\/batijournal.com\/index.php\/plan-batiment-durable-point-programme-defficacite-energetique\/94871\/","title":{"rendered":"Le Plan B\u00e2timent Durable fait le point sur le programme d\u2019efficacit\u00e9 \u00e9nerg\u00e9tique"},"content":{"rendered":"<p>Le rapport d\u2019activit\u00e9 2016 du Plan B\u00e2timent Durable dresse le panorama du d\u00e9ploiement du programme d\u2019efficacit\u00e9 \u00e9nerg\u00e9tique des b\u00e2timents pour l\u2019ann\u00e9e 2016 et pr\u00e9sente \u00e9galement des perspectives pour l\u2019ann\u00e9e \u00e0 venir. Un grand nombre d\u2019id\u00e9es port\u00e9es par le Plan B\u00e2timent Durable ont trouv\u00e9 leur traduction concr\u00e8te cette ann\u00e9e : principe de l\u2019embarquement de la performance \u00e9nerg\u00e9tique, approche environnementale de la future r\u00e9glementation en mati\u00e8re de construction neuve, identification de nouveaux leviers de r\u00e9novation, d\u00e9veloppement de la plate-forme MOOC B\u00e2timent Durable. Une activit\u00e9 soutenue en 2016 par les d\u00e9marches collectives et volontaires de la fili\u00e8re, au plan national comme au plan r\u00e9gional, avec le dynamisme des Plans B\u00e2timent Durable r\u00e9gionaux.<\/p>\n<p><a href=\"http:\/\/www.planbatimentdurable.fr\/IMG\/pdf\/rapport_activite_pbd_2016-web.pdf\" target=\"_blank\" rel=\"noopener noreferrer\">http:\/\/www.planbatimentdurable.fr\/IMG\/pdf\/rapport_activite_pbd_2016-web.pdf<\/a><\/p>\n","protected":false},"excerpt":{"rendered":"<p>Le rapport d\u2019activit\u00e9 2016 du Plan B\u00e2timent Durable dresse le panorama du d\u00e9ploiement du programme d\u2019efficacit\u00e9 \u00e9nerg\u00e9tique des b\u00e2timents pour l\u2019ann\u00e9e 2016 et pr\u00e9sente \u00e9galement des perspectives pour l\u2019ann\u00e9e \u00e0 venir. Un grand nombre d\u2019id\u00e9es port\u00e9es par le Plan B\u00e2timent Durable ont trouv\u00e9 leur traduction concr\u00e8te cette ann\u00e9e : principe de l\u2019embarquement de la performance [&hellip;]<\/p>\n","protected":false},"author":17,"featured_media":94872,"comment_status":"closed","ping_status":"closed","sticky":false,"template":"","format":"standard","meta":{"_et_pb_use_builder":"","_et_pb_old_content":"","_et_gb_content_width":"","footnotes":""},"categories":[10530,6340],"tags":[2684,11059],"class_list":["post-94871","post","type-post","status-publish","format-standard","has-post-thumbnail","hentry","category-actualites","category-architecture-conception","tag-plan-batiment-durable","tag-transition-energetique"],"yoast_head":"<!-- This site is optimized with the Yoast SEO plugin v27.4 - https:\/\/yoast.com\/product\/yoast-seo-wordpress\/ -->\n<title>Le Plan B\u00e2timent Durable fait le point sur le programme d\u2019efficacit\u00e9 \u00e9nerg\u00e9tique<\/title>\n<meta name=\"robots\" content=\"index, follow, max-snippet:-1, max-image-preview:large, max-video-preview:-1\" \/>\n<link rel=\"canonical\" href=\"https:\/\/batijournal.com\/index.php\/plan-batiment-durable-point-programme-defficacite-energetique\/94871\/\" \/>\n<meta property=\"og:locale\" content=\"fr_FR\" \/>\n<meta property=\"og:type\" content=\"article\" \/>\n<meta property=\"og:title\" content=\"Le Plan B\u00e2timent Durable fait le point sur le programme d\u2019efficacit\u00e9 \u00e9nerg\u00e9tique\" \/>\n<meta property=\"og:description\" content=\"Le rapport d\u2019activit\u00e9 2016 du Plan B\u00e2timent Durable dresse le panorama du d\u00e9ploiement du programme d\u2019efficacit\u00e9 \u00e9nerg\u00e9tique des b\u00e2timents pour l\u2019ann\u00e9e 2016 et pr\u00e9sente \u00e9galement des perspectives pour l\u2019ann\u00e9e \u00e0 venir. Un grand nombre d\u2019id\u00e9es port\u00e9es par le Plan B\u00e2timent Durable ont trouv\u00e9 leur traduction concr\u00e8te cette ann\u00e9e : principe de l\u2019embarquement de la performance [&hellip;]\" \/>\n<meta property=\"og:url\" content=\"https:\/\/batijournal.com\/index.php\/plan-batiment-durable-point-programme-defficacite-energetique\/94871\/\" \/>\n<meta property=\"og:site_name\" content=\"Batijournal\" \/>\n<meta property=\"article:published_time\" content=\"2017-01-30T14:52:05+00:00\" \/>\n<meta property=\"article:modified_time\" content=\"2019-07-15T10:10:59+00:00\" \/>\n<meta property=\"og:image\" content=\"https:\/\/batijournal.com\/wp-content\/uploads\/2017\/01\/rapport-2016-plan-batiment-durable.png\" \/>\n\t<meta property=\"og:image:width\" content=\"514\" \/>\n\t<meta property=\"og:image:height\" content=\"711\" \/>\n\t<meta property=\"og:image:type\" content=\"image\/png\" \/>\n<meta name=\"author\" content=\"St\u00e9phane Miget\" \/>\n<meta name=\"twitter:card\" content=\"summary_large_image\" \/>\n<meta name=\"twitter:creator\" content=\"@bati_journal\" \/>\n<meta name=\"twitter:site\" content=\"@bati_journal\" \/>\n<meta name=\"twitter:label1\" content=\"\u00c9crit par\" \/>\n\t<meta name=\"twitter:data1\" content=\"St\u00e9phane Miget\" \/>\n\t<meta name=\"twitter:label2\" content=\"Dur\u00e9e de lecture estim\u00e9e\" \/>\n\t<meta name=\"twitter:data2\" content=\"1 minute\" \/>\n<script type=\"application\/ld+json\" class=\"yoast-schema-graph\">{\"@context\":\"https:\\\/\\\/schema.org\",\"@graph\":[{\"@type\":\"Article\",\"@id\":\"https:\\\/\\\/batijournal.com\\\/index.php\\\/plan-batiment-durable-point-programme-defficacite-energetique\\\/94871\\\/#article\",\"isPartOf\":{\"@id\":\"https:\\\/\\\/batijournal.com\\\/index.php\\\/plan-batiment-durable-point-programme-defficacite-energetique\\\/94871\\\/\"},\"author\":{\"name\":\"St\u00e9phane Miget\",\"@id\":\"https:\\\/\\\/batijournal.com\\\/#\\\/schema\\\/person\\\/1dc96ec6957aa1ccb25ebe78bb19f100\"},\"headline\":\"Le Plan B\u00e2timent Durable fait le point sur le programme d\u2019efficacit\u00e9 \u00e9nerg\u00e9tique\",\"datePublished\":\"2017-01-30T14:52:05+00:00\",\"dateModified\":\"2019-07-15T10:10:59+00:00\",\"mainEntityOfPage\":{\"@id\":\"https:\\\/\\\/batijournal.com\\\/index.php\\\/plan-batiment-durable-point-programme-defficacite-energetique\\\/94871\\\/\"},\"wordCount\":159,\"image\":{\"@id\":\"https:\\\/\\\/batijournal.com\\\/index.php\\\/plan-batiment-durable-point-programme-defficacite-energetique\\\/94871\\\/#primaryimage\"},\"thumbnailUrl\":\"https:\\\/\\\/batijournal.com\\\/wp-content\\\/uploads\\\/2017\\\/01\\\/rapport-2016-plan-batiment-durable.png\",\"keywords\":[\"plan b\u00e2timent durable\",\"transition \u00e9nerg\u00e9tique\"],\"articleSection\":[\"Actualit\u00e9s\",\"Architecture &amp; Conception\"],\"inLanguage\":\"fr-FR\"},{\"@type\":\"WebPage\",\"@id\":\"https:\\\/\\\/batijournal.com\\\/index.php\\\/plan-batiment-durable-point-programme-defficacite-energetique\\\/94871\\\/\",\"url\":\"https:\\\/\\\/batijournal.com\\\/index.php\\\/plan-batiment-durable-point-programme-defficacite-energetique\\\/94871\\\/\",\"name\":\"Le Plan B\u00e2timent Durable fait le point sur le programme d\u2019efficacit\u00e9 \u00e9nerg\u00e9tique\",\"isPartOf\":{\"@id\":\"https:\\\/\\\/batijournal.com\\\/#website\"},\"primaryImageOfPage\":{\"@id\":\"https:\\\/\\\/batijournal.com\\\/index.php\\\/plan-batiment-durable-point-programme-defficacite-energetique\\\/94871\\\/#primaryimage\"},\"image\":{\"@id\":\"https:\\\/\\\/batijournal.com\\\/index.php\\\/plan-batiment-durable-point-programme-defficacite-energetique\\\/94871\\\/#primaryimage\"},\"thumbnailUrl\":\"https:\\\/\\\/batijournal.com\\\/wp-content\\\/uploads\\\/2017\\\/01\\\/rapport-2016-plan-batiment-durable.png\",\"datePublished\":\"2017-01-30T14:52:05+00:00\",\"dateModified\":\"2019-07-15T10:10:59+00:00\",\"author\":{\"@id\":\"https:\\\/\\\/batijournal.com\\\/#\\\/schema\\\/person\\\/1dc96ec6957aa1ccb25ebe78bb19f100\"},\"breadcrumb\":{\"@id\":\"https:\\\/\\\/batijournal.com\\\/index.php\\\/plan-batiment-durable-point-programme-defficacite-energetique\\\/94871\\\/#breadcrumb\"},\"inLanguage\":\"fr-FR\",\"potentialAction\":[{\"@type\":\"ReadAction\",\"target\":[\"https:\\\/\\\/batijournal.com\\\/index.php\\\/plan-batiment-durable-point-programme-defficacite-energetique\\\/94871\\\/\"]}]},{\"@type\":\"ImageObject\",\"inLanguage\":\"fr-FR\",\"@id\":\"https:\\\/\\\/batijournal.com\\\/index.php\\\/plan-batiment-durable-point-programme-defficacite-energetique\\\/94871\\\/#primaryimage\",\"url\":\"https:\\\/\\\/batijournal.com\\\/wp-content\\\/uploads\\\/2017\\\/01\\\/rapport-2016-plan-batiment-durable.png\",\"contentUrl\":\"https:\\\/\\\/batijournal.com\\\/wp-content\\\/uploads\\\/2017\\\/01\\\/rapport-2016-plan-batiment-durable.png\",\"width\":514,\"height\":711},{\"@type\":\"BreadcrumbList\",\"@id\":\"https:\\\/\\\/batijournal.com\\\/index.php\\\/plan-batiment-durable-point-programme-defficacite-energetique\\\/94871\\\/#breadcrumb\",\"itemListElement\":[{\"@type\":\"ListItem\",\"position\":1,\"name\":\"Accueil\",\"item\":\"https:\\\/\\\/batijournal.com\\\/\"},{\"@type\":\"ListItem\",\"position\":2,\"name\":\"Actualit\u00e9s\",\"item\":\"https:\\\/\\\/batijournal.com\\\/index.php\\\/category\\\/actualites\\\/\"},{\"@type\":\"ListItem\",\"position\":3,\"name\":\"Le Plan B\u00e2timent Durable fait le point sur le programme d\u2019efficacit\u00e9 \u00e9nerg\u00e9tique\"}]},{\"@type\":\"WebSite\",\"@id\":\"https:\\\/\\\/batijournal.com\\\/#website\",\"url\":\"https:\\\/\\\/batijournal.com\\\/\",\"name\":\"Batijournal\",\"description\":\"L&#039;actualit\u00e9 du b\u00e2timent\",\"potentialAction\":[{\"@type\":\"SearchAction\",\"target\":{\"@type\":\"EntryPoint\",\"urlTemplate\":\"https:\\\/\\\/batijournal.com\\\/?s={search_term_string}\"},\"query-input\":{\"@type\":\"PropertyValueSpecification\",\"valueRequired\":true,\"valueName\":\"search_term_string\"}}],\"inLanguage\":\"fr-FR\"},{\"@type\":\"Person\",\"@id\":\"https:\\\/\\\/batijournal.com\\\/#\\\/schema\\\/person\\\/1dc96ec6957aa1ccb25ebe78bb19f100\",\"name\":\"St\u00e9phane Miget\",\"image\":{\"@type\":\"ImageObject\",\"inLanguage\":\"fr-FR\",\"@id\":\"https:\\\/\\\/secure.gravatar.com\\\/avatar\\\/89915563d925342126b8ef0281b93d9d7fc337043e8df017f780908eb9644451?s=96&d=mm&r=g\",\"url\":\"https:\\\/\\\/secure.gravatar.com\\\/avatar\\\/89915563d925342126b8ef0281b93d9d7fc337043e8df017f780908eb9644451?s=96&d=mm&r=g\",\"contentUrl\":\"https:\\\/\\\/secure.gravatar.com\\\/avatar\\\/89915563d925342126b8ef0281b93d9d7fc337043e8df017f780908eb9644451?s=96&d=mm&r=g\",\"caption\":\"St\u00e9phane Miget\"},\"url\":\"https:\\\/\\\/batijournal.com\\\/index.php\\\/author\\\/stephane\\\/\"}]}<\/script>\n<!-- \/ Yoast SEO plugin. -->","yoast_head_json":{"title":"Le Plan B\u00e2timent Durable fait le point sur le programme d\u2019efficacit\u00e9 \u00e9nerg\u00e9tique","robots":{"index":"index","follow":"follow","max-snippet":"max-snippet:-1","max-image-preview":"max-image-preview:large","max-video-preview":"max-video-preview:-1"},"canonical":"https:\/\/batijournal.com\/index.php\/plan-batiment-durable-point-programme-defficacite-energetique\/94871\/","og_locale":"fr_FR","og_type":"article","og_title":"Le Plan B\u00e2timent Durable fait le point sur le programme d\u2019efficacit\u00e9 \u00e9nerg\u00e9tique","og_description":"Le rapport d\u2019activit\u00e9 2016 du Plan B\u00e2timent Durable dresse le panorama du d\u00e9ploiement du programme d\u2019efficacit\u00e9 \u00e9nerg\u00e9tique des b\u00e2timents pour l\u2019ann\u00e9e 2016 et pr\u00e9sente \u00e9galement des perspectives pour l\u2019ann\u00e9e \u00e0 venir. Un grand nombre d\u2019id\u00e9es port\u00e9es par le Plan B\u00e2timent Durable ont trouv\u00e9 leur traduction concr\u00e8te cette ann\u00e9e : principe de l\u2019embarquement de la performance [&hellip;]","og_url":"https:\/\/batijournal.com\/index.php\/plan-batiment-durable-point-programme-defficacite-energetique\/94871\/","og_site_name":"Batijournal","article_published_time":"2017-01-30T14:52:05+00:00","article_modified_time":"2019-07-15T10:10:59+00:00","og_image":[{"width":514,"height":711,"url":"https:\/\/batijournal.com\/wp-content\/uploads\/2017\/01\/rapport-2016-plan-batiment-durable.png","type":"image\/png"}],"author":"St\u00e9phane Miget","twitter_card":"summary_large_image","twitter_creator":"@bati_journal","twitter_site":"@bati_journal","twitter_misc":{"\u00c9crit par":"St\u00e9phane Miget","Dur\u00e9e de lecture estim\u00e9e":"1 minute"},"schema":{"@context":"https:\/\/schema.org","@graph":[{"@type":"Article","@id":"https:\/\/batijournal.com\/index.php\/plan-batiment-durable-point-programme-defficacite-energetique\/94871\/#article","isPartOf":{"@id":"https:\/\/batijournal.com\/index.php\/plan-batiment-durable-point-programme-defficacite-energetique\/94871\/"},"author":{"name":"St\u00e9phane Miget","@id":"https:\/\/batijournal.com\/#\/schema\/person\/1dc96ec6957aa1ccb25ebe78bb19f100"},"headline":"Le Plan B\u00e2timent Durable fait le point sur le programme d\u2019efficacit\u00e9 \u00e9nerg\u00e9tique","datePublished":"2017-01-30T14:52:05+00:00","dateModified":"2019-07-15T10:10:59+00:00","mainEntityOfPage":{"@id":"https:\/\/batijournal.com\/index.php\/plan-batiment-durable-point-programme-defficacite-energetique\/94871\/"},"wordCount":159,"image":{"@id":"https:\/\/batijournal.com\/index.php\/plan-batiment-durable-point-programme-defficacite-energetique\/94871\/#primaryimage"},"thumbnailUrl":"https:\/\/batijournal.com\/wp-content\/uploads\/2017\/01\/rapport-2016-plan-batiment-durable.png","keywords":["plan b\u00e2timent durable","transition \u00e9nerg\u00e9tique"],"articleSection":["Actualit\u00e9s","Architecture &amp; Conception"],"inLanguage":"fr-FR"},{"@type":"WebPage","@id":"https:\/\/batijournal.com\/index.php\/plan-batiment-durable-point-programme-defficacite-energetique\/94871\/","url":"https:\/\/batijournal.com\/index.php\/plan-batiment-durable-point-programme-defficacite-energetique\/94871\/","name":"Le Plan B\u00e2timent Durable fait le point sur le programme d\u2019efficacit\u00e9 \u00e9nerg\u00e9tique","isPartOf":{"@id":"https:\/\/batijournal.com\/#website"},"primaryImageOfPage":{"@id":"https:\/\/batijournal.com\/index.php\/plan-batiment-durable-point-programme-defficacite-energetique\/94871\/#primaryimage"},"image":{"@id":"https:\/\/batijournal.com\/index.php\/plan-batiment-durable-point-programme-defficacite-energetique\/94871\/#primaryimage"},"thumbnailUrl":"https:\/\/batijournal.com\/wp-content\/uploads\/2017\/01\/rapport-2016-plan-batiment-durable.png","datePublished":"2017-01-30T14:52:05+00:00","dateModified":"2019-07-15T10:10:59+00:00","author":{"@id":"https:\/\/batijournal.com\/#\/schema\/person\/1dc96ec6957aa1ccb25ebe78bb19f100"},"breadcrumb":{"@id":"https:\/\/batijournal.com\/index.php\/plan-batiment-durable-point-programme-defficacite-energetique\/94871\/#breadcrumb"},"inLanguage":"fr-FR","potentialAction":[{"@type":"ReadAction","target":["https:\/\/batijournal.com\/index.php\/plan-batiment-durable-point-programme-defficacite-energetique\/94871\/"]}]},{"@type":"ImageObject","inLanguage":"fr-FR","@id":"https:\/\/batijournal.com\/index.php\/plan-batiment-durable-point-programme-defficacite-energetique\/94871\/#primaryimage","url":"https:\/\/batijournal.com\/wp-content\/uploads\/2017\/01\/rapport-2016-plan-batiment-durable.png","contentUrl":"https:\/\/batijournal.com\/wp-content\/uploads\/2017\/01\/rapport-2016-plan-batiment-durable.png","width":514,"height":711},{"@type":"BreadcrumbList","@id":"https:\/\/batijournal.com\/index.php\/plan-batiment-durable-point-programme-defficacite-energetique\/94871\/#breadcrumb","itemListElement":[{"@type":"ListItem","position":1,"name":"Accueil","item":"https:\/\/batijournal.com\/"},{"@type":"ListItem","position":2,"name":"Actualit\u00e9s","item":"https:\/\/batijournal.com\/index.php\/category\/actualites\/"},{"@type":"ListItem","position":3,"name":"Le Plan B\u00e2timent Durable fait le point sur le programme d\u2019efficacit\u00e9 \u00e9nerg\u00e9tique"}]},{"@type":"WebSite","@id":"https:\/\/batijournal.com\/#website","url":"https:\/\/batijournal.com\/","name":"Batijournal","description":"L&#039;actualit\u00e9 du b\u00e2timent","potentialAction":[{"@type":"SearchAction","target":{"@type":"EntryPoint","urlTemplate":"https:\/\/batijournal.com\/?s={search_term_string}"},"query-input":{"@type":"PropertyValueSpecification","valueRequired":true,"valueName":"search_term_string"}}],"inLanguage":"fr-FR"},{"@type":"Person","@id":"https:\/\/batijournal.com\/#\/schema\/person\/1dc96ec6957aa1ccb25ebe78bb19f100","name":"St\u00e9phane Miget","image":{"@type":"ImageObject","inLanguage":"fr-FR","@id":"https:\/\/secure.gravatar.com\/avatar\/89915563d925342126b8ef0281b93d9d7fc337043e8df017f780908eb9644451?s=96&d=mm&r=g","url":"https:\/\/secure.gravatar.com\/avatar\/89915563d925342126b8ef0281b93d9d7fc337043e8df017f780908eb9644451?s=96&d=mm&r=g","contentUrl":"https:\/\/secure.gravatar.com\/avatar\/89915563d925342126b8ef0281b93d9d7fc337043e8df017f780908eb9644451?s=96&d=mm&r=g","caption":"St\u00e9phane Miget"},"url":"https:\/\/batijournal.com\/index.php\/author\/stephane\/"}]}},"_links":{"self":[{"href":"https:\/\/batijournal.com\/index.php\/wp-json\/wp\/v2\/posts\/94871","targetHints":{"allow":["GET"]}}],"collection":[{"href":"https:\/\/batijournal.com\/index.php\/wp-json\/wp\/v2\/posts"}],"about":[{"href":"https:\/\/batijournal.com\/index.php\/wp-json\/wp\/v2\/types\/post"}],"author":[{"embeddable":true,"href":"https:\/\/batijournal.com\/index.php\/wp-json\/wp\/v2\/users\/17"}],"replies":[{"embeddable":true,"href":"https:\/\/batijournal.com\/index.php\/wp-json\/wp\/v2\/comments?post=94871"}],"version-history":[{"count":0,"href":"https:\/\/batijournal.com\/index.php\/wp-json\/wp\/v2\/posts\/94871\/revisions"}],"wp:featuredmedia":[{"embeddable":true,"href":"https:\/\/batijournal.com\/index.php\/wp-json\/wp\/v2\/media\/94872"}],"wp:attachment":[{"href":"https:\/\/batijournal.com\/index.php\/wp-json\/wp\/v2\/media?parent=94871"}],"wp:term":[{"taxonomy":"category","embeddable":true,"href":"https:\/\/batijournal.com\/index.php\/wp-json\/wp\/v2\/categories?post=94871"},{"taxonomy":"post_tag","embeddable":true,"href":"https:\/\/batijournal.com\/index.php\/wp-json\/wp\/v2\/tags?post=94871"}],"curies":[{"name":"wp","href":"https:\/\/api.w.org\/{rel}","templated":true}]}}