{"id":94889,"date":"2017-01-31T17:27:09","date_gmt":"2017-01-31T16:27:09","guid":{"rendered":"http:\/\/batijournal.com\/?p=94889"},"modified":"2017-01-31T17:27:09","modified_gmt":"2017-01-31T16:27:09","slug":"nouveau-president-charpentiers-21","status":"publish","type":"post","link":"https:\/\/batijournal.com\/index.php\/nouveau-president-charpentiers-21\/94889\/","title":{"rendered":"Nouveau pr\u00e9sident pour les Charpentiers 21"},"content":{"rendered":"<p>L\u2019assembl\u00e9e g\u00e9n\u00e9rale des chartes de qualit\u00e9 Charpentes 21, Maisons bois 21 et Constructions bois 21, qui s\u2019est d\u00e9roul\u00e9e le 18 janvier 2017, a \u00e9lu son nouveau pr\u00e9sident, Christian Larrouy, dirigeant de l\u2019entreprise Pyr\u00e9n\u00e9es Charpentes (65). Il succ\u00e8de \u00e0 S\u00e9bastien Meha, directeur de l\u2019entreprise \u00e9ponyme dans le Val de Marne, en place depuis 4 ans et l\u2019un des fondateurs de Charpentes 21 en 2006. Christian Larrouy a nomm\u00e9 le comit\u00e9 de suivi des trois chartes en charge de surveiller le respect des engagements techniques, environnementaux et soci\u00e9taux des signataires.<\/p>\n<p><a href=\"http:\/\/www.chartes21.com\">www.chartes21.com<\/a><\/p>\n","protected":false},"excerpt":{"rendered":"<p>L\u2019assembl\u00e9e g\u00e9n\u00e9rale des chartes de qualit\u00e9 Charpentes 21, Maisons bois 21 et Constructions bois 21, qui s\u2019est d\u00e9roul\u00e9e le 18 janvier 2017, a \u00e9lu son nouveau pr\u00e9sident, Christian Larrouy, dirigeant de l\u2019entreprise Pyr\u00e9n\u00e9es Charpentes (65). Il succ\u00e8de \u00e0 S\u00e9bastien Meha, directeur de l\u2019entreprise \u00e9ponyme dans le Val de Marne, en place depuis 4 ans et [&hellip;]<\/p>\n","protected":false},"author":17,"featured_media":94890,"comment_status":"closed","ping_status":"closed","sticky":false,"template":"","format":"standard","meta":{"_et_pb_use_builder":"","_et_pb_old_content":"","_et_gb_content_width":"","footnotes":""},"categories":[10530,10768,10764],"tags":[],"class_list":["post-94889","post","type-post","status-publish","format-standard","has-post-thumbnail","hentry","category-actualites","category-nouvelles-tetes","category-woodsurfer"],"yoast_head":"<!-- This site is optimized with the Yoast SEO plugin v27.4 - https:\/\/yoast.com\/product\/yoast-seo-wordpress\/ -->\n<title>Nouveau pr\u00e9sident pour les Charpentiers 21<\/title>\n<meta name=\"robots\" content=\"index, follow, max-snippet:-1, max-image-preview:large, max-video-preview:-1\" \/>\n<link rel=\"canonical\" href=\"https:\/\/batijournal.com\/index.php\/nouveau-president-charpentiers-21\/94889\/\" \/>\n<meta property=\"og:locale\" content=\"fr_FR\" \/>\n<meta property=\"og:type\" content=\"article\" \/>\n<meta property=\"og:title\" content=\"Nouveau pr\u00e9sident pour les Charpentiers 21\" \/>\n<meta property=\"og:description\" content=\"L\u2019assembl\u00e9e g\u00e9n\u00e9rale des chartes de qualit\u00e9 Charpentes 21, Maisons bois 21 et Constructions bois 21, qui s\u2019est d\u00e9roul\u00e9e le 18 janvier 2017, a \u00e9lu son nouveau pr\u00e9sident, Christian Larrouy, dirigeant de l\u2019entreprise Pyr\u00e9n\u00e9es Charpentes (65). Il succ\u00e8de \u00e0 S\u00e9bastien Meha, directeur de l\u2019entreprise \u00e9ponyme dans le Val de Marne, en place depuis 4 ans et [&hellip;]\" \/>\n<meta property=\"og:url\" content=\"https:\/\/batijournal.com\/index.php\/nouveau-president-charpentiers-21\/94889\/\" \/>\n<meta property=\"og:site_name\" content=\"Batijournal\" \/>\n<meta property=\"article:published_time\" content=\"2017-01-31T16:27:09+00:00\" \/>\n<meta property=\"og:image\" content=\"https:\/\/batijournal.com\/wp-content\/uploads\/2017\/01\/Christian-LARROUY-pf.jpg\" \/>\n\t<meta property=\"og:image:width\" content=\"2832\" \/>\n\t<meta property=\"og:image:height\" content=\"4256\" \/>\n\t<meta property=\"og:image:type\" content=\"image\/jpeg\" \/>\n<meta name=\"author\" content=\"St\u00e9phane Miget\" \/>\n<meta name=\"twitter:card\" content=\"summary_large_image\" \/>\n<meta name=\"twitter:creator\" content=\"@bati_journal\" \/>\n<meta name=\"twitter:site\" content=\"@bati_journal\" \/>\n<meta name=\"twitter:label1\" content=\"\u00c9crit par\" \/>\n\t<meta name=\"twitter:data1\" content=\"St\u00e9phane Miget\" \/>\n<script type=\"application\/ld+json\" class=\"yoast-schema-graph\">{\"@context\":\"https:\\\/\\\/schema.org\",\"@graph\":[{\"@type\":\"Article\",\"@id\":\"https:\\\/\\\/batijournal.com\\\/index.php\\\/nouveau-president-charpentiers-21\\\/94889\\\/#article\",\"isPartOf\":{\"@id\":\"https:\\\/\\\/batijournal.com\\\/index.php\\\/nouveau-president-charpentiers-21\\\/94889\\\/\"},\"author\":{\"name\":\"St\u00e9phane Miget\",\"@id\":\"https:\\\/\\\/batijournal.com\\\/#\\\/schema\\\/person\\\/1dc96ec6957aa1ccb25ebe78bb19f100\"},\"headline\":\"Nouveau pr\u00e9sident pour les Charpentiers 21\",\"datePublished\":\"2017-01-31T16:27:09+00:00\",\"mainEntityOfPage\":{\"@id\":\"https:\\\/\\\/batijournal.com\\\/index.php\\\/nouveau-president-charpentiers-21\\\/94889\\\/\"},\"wordCount\":103,\"image\":{\"@id\":\"https:\\\/\\\/batijournal.com\\\/index.php\\\/nouveau-president-charpentiers-21\\\/94889\\\/#primaryimage\"},\"thumbnailUrl\":\"https:\\\/\\\/batijournal.com\\\/wp-content\\\/uploads\\\/2017\\\/01\\\/Christian-LARROUY-pf.jpg\",\"articleSection\":[\"Actualit\u00e9s\",\"zz_Nouvelles t\u00eates - Woodsurfer\",\"zz_Woodsurfer\"],\"inLanguage\":\"fr-FR\"},{\"@type\":\"WebPage\",\"@id\":\"https:\\\/\\\/batijournal.com\\\/index.php\\\/nouveau-president-charpentiers-21\\\/94889\\\/\",\"url\":\"https:\\\/\\\/batijournal.com\\\/index.php\\\/nouveau-president-charpentiers-21\\\/94889\\\/\",\"name\":\"Nouveau pr\u00e9sident pour les Charpentiers 21\",\"isPartOf\":{\"@id\":\"https:\\\/\\\/batijournal.com\\\/#website\"},\"primaryImageOfPage\":{\"@id\":\"https:\\\/\\\/batijournal.com\\\/index.php\\\/nouveau-president-charpentiers-21\\\/94889\\\/#primaryimage\"},\"image\":{\"@id\":\"https:\\\/\\\/batijournal.com\\\/index.php\\\/nouveau-president-charpentiers-21\\\/94889\\\/#primaryimage\"},\"thumbnailUrl\":\"https:\\\/\\\/batijournal.com\\\/wp-content\\\/uploads\\\/2017\\\/01\\\/Christian-LARROUY-pf.jpg\",\"datePublished\":\"2017-01-31T16:27:09+00:00\",\"author\":{\"@id\":\"https:\\\/\\\/batijournal.com\\\/#\\\/schema\\\/person\\\/1dc96ec6957aa1ccb25ebe78bb19f100\"},\"breadcrumb\":{\"@id\":\"https:\\\/\\\/batijournal.com\\\/index.php\\\/nouveau-president-charpentiers-21\\\/94889\\\/#breadcrumb\"},\"inLanguage\":\"fr-FR\",\"potentialAction\":[{\"@type\":\"ReadAction\",\"target\":[\"https:\\\/\\\/batijournal.com\\\/index.php\\\/nouveau-president-charpentiers-21\\\/94889\\\/\"]}]},{\"@type\":\"ImageObject\",\"inLanguage\":\"fr-FR\",\"@id\":\"https:\\\/\\\/batijournal.com\\\/index.php\\\/nouveau-president-charpentiers-21\\\/94889\\\/#primaryimage\",\"url\":\"https:\\\/\\\/batijournal.com\\\/wp-content\\\/uploads\\\/2017\\\/01\\\/Christian-LARROUY-pf.jpg\",\"contentUrl\":\"https:\\\/\\\/batijournal.com\\\/wp-content\\\/uploads\\\/2017\\\/01\\\/Christian-LARROUY-pf.jpg\",\"width\":2832,\"height\":4256},{\"@type\":\"BreadcrumbList\",\"@id\":\"https:\\\/\\\/batijournal.com\\\/index.php\\\/nouveau-president-charpentiers-21\\\/94889\\\/#breadcrumb\",\"itemListElement\":[{\"@type\":\"ListItem\",\"position\":1,\"name\":\"Accueil\",\"item\":\"https:\\\/\\\/batijournal.com\\\/\"},{\"@type\":\"ListItem\",\"position\":2,\"name\":\"Actualit\u00e9s\",\"item\":\"https:\\\/\\\/batijournal.com\\\/index.php\\\/category\\\/actualites\\\/\"},{\"@type\":\"ListItem\",\"position\":3,\"name\":\"Nouveau pr\u00e9sident pour les Charpentiers 21\"}]},{\"@type\":\"WebSite\",\"@id\":\"https:\\\/\\\/batijournal.com\\\/#website\",\"url\":\"https:\\\/\\\/batijournal.com\\\/\",\"name\":\"Batijournal\",\"description\":\"L&#039;actualit\u00e9 du b\u00e2timent\",\"potentialAction\":[{\"@type\":\"SearchAction\",\"target\":{\"@type\":\"EntryPoint\",\"urlTemplate\":\"https:\\\/\\\/batijournal.com\\\/?s={search_term_string}\"},\"query-input\":{\"@type\":\"PropertyValueSpecification\",\"valueRequired\":true,\"valueName\":\"search_term_string\"}}],\"inLanguage\":\"fr-FR\"},{\"@type\":\"Person\",\"@id\":\"https:\\\/\\\/batijournal.com\\\/#\\\/schema\\\/person\\\/1dc96ec6957aa1ccb25ebe78bb19f100\",\"name\":\"St\u00e9phane Miget\",\"image\":{\"@type\":\"ImageObject\",\"inLanguage\":\"fr-FR\",\"@id\":\"https:\\\/\\\/secure.gravatar.com\\\/avatar\\\/89915563d925342126b8ef0281b93d9d7fc337043e8df017f780908eb9644451?s=96&d=mm&r=g\",\"url\":\"https:\\\/\\\/secure.gravatar.com\\\/avatar\\\/89915563d925342126b8ef0281b93d9d7fc337043e8df017f780908eb9644451?s=96&d=mm&r=g\",\"contentUrl\":\"https:\\\/\\\/secure.gravatar.com\\\/avatar\\\/89915563d925342126b8ef0281b93d9d7fc337043e8df017f780908eb9644451?s=96&d=mm&r=g\",\"caption\":\"St\u00e9phane Miget\"},\"url\":\"https:\\\/\\\/batijournal.com\\\/index.php\\\/author\\\/stephane\\\/\"}]}<\/script>\n<!-- \/ Yoast SEO plugin. -->","yoast_head_json":{"title":"Nouveau pr\u00e9sident pour les Charpentiers 21","robots":{"index":"index","follow":"follow","max-snippet":"max-snippet:-1","max-image-preview":"max-image-preview:large","max-video-preview":"max-video-preview:-1"},"canonical":"https:\/\/batijournal.com\/index.php\/nouveau-president-charpentiers-21\/94889\/","og_locale":"fr_FR","og_type":"article","og_title":"Nouveau pr\u00e9sident pour les Charpentiers 21","og_description":"L\u2019assembl\u00e9e g\u00e9n\u00e9rale des chartes de qualit\u00e9 Charpentes 21, Maisons bois 21 et Constructions bois 21, qui s\u2019est d\u00e9roul\u00e9e le 18 janvier 2017, a \u00e9lu son nouveau pr\u00e9sident, Christian Larrouy, dirigeant de l\u2019entreprise Pyr\u00e9n\u00e9es Charpentes (65). Il succ\u00e8de \u00e0 S\u00e9bastien Meha, directeur de l\u2019entreprise \u00e9ponyme dans le Val de Marne, en place depuis 4 ans et [&hellip;]","og_url":"https:\/\/batijournal.com\/index.php\/nouveau-president-charpentiers-21\/94889\/","og_site_name":"Batijournal","article_published_time":"2017-01-31T16:27:09+00:00","og_image":[{"width":2832,"height":4256,"url":"https:\/\/batijournal.com\/wp-content\/uploads\/2017\/01\/Christian-LARROUY-pf.jpg","type":"image\/jpeg"}],"author":"St\u00e9phane Miget","twitter_card":"summary_large_image","twitter_creator":"@bati_journal","twitter_site":"@bati_journal","twitter_misc":{"\u00c9crit par":"St\u00e9phane Miget"},"schema":{"@context":"https:\/\/schema.org","@graph":[{"@type":"Article","@id":"https:\/\/batijournal.com\/index.php\/nouveau-president-charpentiers-21\/94889\/#article","isPartOf":{"@id":"https:\/\/batijournal.com\/index.php\/nouveau-president-charpentiers-21\/94889\/"},"author":{"name":"St\u00e9phane Miget","@id":"https:\/\/batijournal.com\/#\/schema\/person\/1dc96ec6957aa1ccb25ebe78bb19f100"},"headline":"Nouveau pr\u00e9sident pour les Charpentiers 21","datePublished":"2017-01-31T16:27:09+00:00","mainEntityOfPage":{"@id":"https:\/\/batijournal.com\/index.php\/nouveau-president-charpentiers-21\/94889\/"},"wordCount":103,"image":{"@id":"https:\/\/batijournal.com\/index.php\/nouveau-president-charpentiers-21\/94889\/#primaryimage"},"thumbnailUrl":"https:\/\/batijournal.com\/wp-content\/uploads\/2017\/01\/Christian-LARROUY-pf.jpg","articleSection":["Actualit\u00e9s","zz_Nouvelles t\u00eates - Woodsurfer","zz_Woodsurfer"],"inLanguage":"fr-FR"},{"@type":"WebPage","@id":"https:\/\/batijournal.com\/index.php\/nouveau-president-charpentiers-21\/94889\/","url":"https:\/\/batijournal.com\/index.php\/nouveau-president-charpentiers-21\/94889\/","name":"Nouveau pr\u00e9sident pour les Charpentiers 21","isPartOf":{"@id":"https:\/\/batijournal.com\/#website"},"primaryImageOfPage":{"@id":"https:\/\/batijournal.com\/index.php\/nouveau-president-charpentiers-21\/94889\/#primaryimage"},"image":{"@id":"https:\/\/batijournal.com\/index.php\/nouveau-president-charpentiers-21\/94889\/#primaryimage"},"thumbnailUrl":"https:\/\/batijournal.com\/wp-content\/uploads\/2017\/01\/Christian-LARROUY-pf.jpg","datePublished":"2017-01-31T16:27:09+00:00","author":{"@id":"https:\/\/batijournal.com\/#\/schema\/person\/1dc96ec6957aa1ccb25ebe78bb19f100"},"breadcrumb":{"@id":"https:\/\/batijournal.com\/index.php\/nouveau-president-charpentiers-21\/94889\/#breadcrumb"},"inLanguage":"fr-FR","potentialAction":[{"@type":"ReadAction","target":["https:\/\/batijournal.com\/index.php\/nouveau-president-charpentiers-21\/94889\/"]}]},{"@type":"ImageObject","inLanguage":"fr-FR","@id":"https:\/\/batijournal.com\/index.php\/nouveau-president-charpentiers-21\/94889\/#primaryimage","url":"https:\/\/batijournal.com\/wp-content\/uploads\/2017\/01\/Christian-LARROUY-pf.jpg","contentUrl":"https:\/\/batijournal.com\/wp-content\/uploads\/2017\/01\/Christian-LARROUY-pf.jpg","width":2832,"height":4256},{"@type":"BreadcrumbList","@id":"https:\/\/batijournal.com\/index.php\/nouveau-president-charpentiers-21\/94889\/#breadcrumb","itemListElement":[{"@type":"ListItem","position":1,"name":"Accueil","item":"https:\/\/batijournal.com\/"},{"@type":"ListItem","position":2,"name":"Actualit\u00e9s","item":"https:\/\/batijournal.com\/index.php\/category\/actualites\/"},{"@type":"ListItem","position":3,"name":"Nouveau pr\u00e9sident pour les Charpentiers 21"}]},{"@type":"WebSite","@id":"https:\/\/batijournal.com\/#website","url":"https:\/\/batijournal.com\/","name":"Batijournal","description":"L&#039;actualit\u00e9 du b\u00e2timent","potentialAction":[{"@type":"SearchAction","target":{"@type":"EntryPoint","urlTemplate":"https:\/\/batijournal.com\/?s={search_term_string}"},"query-input":{"@type":"PropertyValueSpecification","valueRequired":true,"valueName":"search_term_string"}}],"inLanguage":"fr-FR"},{"@type":"Person","@id":"https:\/\/batijournal.com\/#\/schema\/person\/1dc96ec6957aa1ccb25ebe78bb19f100","name":"St\u00e9phane Miget","image":{"@type":"ImageObject","inLanguage":"fr-FR","@id":"https:\/\/secure.gravatar.com\/avatar\/89915563d925342126b8ef0281b93d9d7fc337043e8df017f780908eb9644451?s=96&d=mm&r=g","url":"https:\/\/secure.gravatar.com\/avatar\/89915563d925342126b8ef0281b93d9d7fc337043e8df017f780908eb9644451?s=96&d=mm&r=g","contentUrl":"https:\/\/secure.gravatar.com\/avatar\/89915563d925342126b8ef0281b93d9d7fc337043e8df017f780908eb9644451?s=96&d=mm&r=g","caption":"St\u00e9phane Miget"},"url":"https:\/\/batijournal.com\/index.php\/author\/stephane\/"}]}},"_links":{"self":[{"href":"https:\/\/batijournal.com\/index.php\/wp-json\/wp\/v2\/posts\/94889","targetHints":{"allow":["GET"]}}],"collection":[{"href":"https:\/\/batijournal.com\/index.php\/wp-json\/wp\/v2\/posts"}],"about":[{"href":"https:\/\/batijournal.com\/index.php\/wp-json\/wp\/v2\/types\/post"}],"author":[{"embeddable":true,"href":"https:\/\/batijournal.com\/index.php\/wp-json\/wp\/v2\/users\/17"}],"replies":[{"embeddable":true,"href":"https:\/\/batijournal.com\/index.php\/wp-json\/wp\/v2\/comments?post=94889"}],"version-history":[{"count":0,"href":"https:\/\/batijournal.com\/index.php\/wp-json\/wp\/v2\/posts\/94889\/revisions"}],"wp:featuredmedia":[{"embeddable":true,"href":"https:\/\/batijournal.com\/index.php\/wp-json\/wp\/v2\/media\/94890"}],"wp:attachment":[{"href":"https:\/\/batijournal.com\/index.php\/wp-json\/wp\/v2\/media?parent=94889"}],"wp:term":[{"taxonomy":"category","embeddable":true,"href":"https:\/\/batijournal.com\/index.php\/wp-json\/wp\/v2\/categories?post=94889"},{"taxonomy":"post_tag","embeddable":true,"href":"https:\/\/batijournal.com\/index.php\/wp-json\/wp\/v2\/tags?post=94889"}],"curies":[{"name":"wp","href":"https:\/\/api.w.org\/{rel}","templated":true}]}}