{"id":94903,"date":"2017-02-01T07:48:09","date_gmt":"2017-02-01T06:48:09","guid":{"rendered":"http:\/\/batijournal.com\/?p=94903"},"modified":"2019-07-15T11:16:08","modified_gmt":"2019-07-15T09:16:08","slug":"nimes-sites-memoriels-de-premiere-guerre-mondiale-candidats-patrimoine-mondial-de-lunesco","status":"publish","type":"post","link":"https:\/\/batijournal.com\/index.php\/nimes-sites-memoriels-de-premiere-guerre-mondiale-candidats-patrimoine-mondial-de-lunesco\/94903\/","title":{"rendered":"N\u00eemes et les sites m\u00e9moriels de la Premi\u00e8re Guerre Mondiale candidats au patrimoine mondial de l\u2019UNESCO"},"content":{"rendered":"<p><strong>Audrey Azoulay, ministre de la Culture et de la Communication, a annonc\u00e9 la candidature \u00e0 l\u2019inscription sur la liste du patrimoine mondial de l\u2019UNESCO de \u00ab N\u00eemes, l\u2019Antiquit\u00e9 au pr\u00e9sent \u00bb et des \u00ab Les sites fun\u00e9raires et m\u00e9moriels de la Premi\u00e8re Guerre Mondiale (Front Ouest) \u00bb.<\/strong><\/p>\n<p>La candidature de \u00ab N\u00eemes, l\u2019Antiquit\u00e9 au pr\u00e9sent \u00bb s\u2019articule autour des notions d\u2019influence et de citations de l\u2019Antiquit\u00e9 au fil des si\u00e8cles. Elle illustre aussi l\u2019exceptionnelle adaptation d\u2019un urbanisme visant \u00e0 valoriser les monuments antiques, qui sont \u00e0 la fois des mod\u00e8les et des points d\u2019ancrage dans l\u2019espace urbain, et structurent la ville. N\u00eemes illustre vingt si\u00e8cles d\u2019histoire urbaine marqu\u00e9e par l\u2019empreinte d\u2019Auguste. Encore aujourd\u2019hui, l&rsquo;urbanisme et l&rsquo;architecture contemporaine dialoguent avec cet h\u00e9ritage fascinant du monde romain. La ville de N\u00eemes s\u2019est construite de fa\u00e7on remarquable autour de ses monuments romains, et avec eux. C\u2019est cette architecture antique, d\u00e9clin\u00e9e au fil des si\u00e8cles, qui a donn\u00e9 \u00e0 la ville son identit\u00e9, sa personnalit\u00e9 et sa singularit\u00e9, lui conf\u00e9rant une valeur universelle exceptionnelle.<\/p>\n<p>La candidature des \u00ab sites fun\u00e9raires et m\u00e9moriels de la Premi\u00e8re Guerre Mondial (Front Ouest) \u00bb est transnationale, d\u00e9pos\u00e9e conjointement avec la Belgique. R\u00e9sultat d\u2019une intense collaboration entre l\u2019Agence du Patrimoine de Flandre, le D\u00e9partement du Patrimoine de Wallonie et le minist\u00e8re de la Culture et de la Communication en France, cette proposition d\u2019inscription s\u00e9rielle transnationale b\u00e9n\u00e9ficie du soutien des principales structures charg\u00e9es de la gestion et de la valorisation de ces sites. 139 sites composent cette proposition : 96 sont situ\u00e9s en France, 27 en Flandre et 16 en Wallonie. Ils t\u00e9moignent de l\u2019apparition au cours du premier conflit mondial d\u2019un nouveau culte des morts : chaque d\u00e9funt dispose d\u00e9sormais d\u2019une s\u00e9pulture ou, au moins, d\u2019un lieu o\u00f9 son nom est inscrit et o\u00f9 il est possible de lui rendre hommage. L\u2019ensemble des bellig\u00e9rants cr\u00e9ent des cimeti\u00e8res militaires, espaces particuliers consacr\u00e9s \u00e0 l\u2019inhumation, \u00e0 l\u2019hommage et au recueillement. Tous les alli\u00e9s ou ennemis d\u2019hier sont ainsi pr\u00e9sents et reconnus dans leur individualit\u00e9 et leurs souffrances. Ces nouveaux sites fun\u00e9raires sont devenus des mod\u00e8les qui perdurent jusqu\u2019\u00e0 nos jours. Cette candidature rev\u00eat une r\u00e9elle dimension mondiale par la pr\u00e9sence, dans ces sites et m\u00e9moriaux, des d\u00e9pouilles et noms de soldats venus du monde entier combattre sur le front ouest de la Grande Guerre.<\/p>\n<p>Ces deux candidatures seront examin\u00e9es par le Comit\u00e9 du Patrimoine mondial lors de sa session de juillet 2018. Le prochain Comit\u00e9 du patrimoine mondial qui se r\u00e9unira du 2 au 12 juillet 2017 \u00e0 Cracovie, en Pologne, examinera les candidatures de \u00ab Taputapu\u0101tea \u00bb et de \u00ab Strasbourg, la Grande-\u00cele et la Neustadt \u00bb.<\/p>\n<p>Photo : Ville de N\u00eemes<\/p>\n","protected":false},"excerpt":{"rendered":"<p>Audrey Azoulay, ministre de la Culture et de la Communication, a annonc\u00e9 la candidature \u00e0 l\u2019inscription sur la liste du patrimoine mondial de l\u2019UNESCO de \u00ab N\u00eemes, l\u2019Antiquit\u00e9 au pr\u00e9sent \u00bb et des \u00ab Les sites fun\u00e9raires et m\u00e9moriels de la Premi\u00e8re Guerre Mondiale (Front Ouest) \u00bb. La candidature de \u00ab N\u00eemes, l\u2019Antiquit\u00e9 au pr\u00e9sent [&hellip;]<\/p>\n","protected":false},"author":17,"featured_media":94904,"comment_status":"closed","ping_status":"closed","sticky":false,"template":"","format":"standard","meta":{"_et_pb_use_builder":"","_et_pb_old_content":"","_et_gb_content_width":"","footnotes":""},"categories":[6340],"tags":[8674,516],"class_list":["post-94903","post","type-post","status-publish","format-standard","has-post-thumbnail","hentry","category-architecture-conception","tag-patrimoine-mondial-de-lunesco","tag-unesco"],"yoast_head":"<!-- This site is optimized with the Yoast SEO plugin v27.4 - https:\/\/yoast.com\/product\/yoast-seo-wordpress\/ -->\n<title>N\u00eemes et les sites m\u00e9moriels de la Premi\u00e8re Guerre Mondiale candidats au patrimoine mondial de l\u2019UNESCO<\/title>\n<meta name=\"robots\" content=\"index, follow, max-snippet:-1, max-image-preview:large, max-video-preview:-1\" \/>\n<link rel=\"canonical\" href=\"https:\/\/batijournal.com\/index.php\/nimes-sites-memoriels-de-premiere-guerre-mondiale-candidats-patrimoine-mondial-de-lunesco\/94903\/\" \/>\n<meta property=\"og:locale\" content=\"fr_FR\" \/>\n<meta property=\"og:type\" content=\"article\" \/>\n<meta property=\"og:title\" content=\"N\u00eemes et les sites m\u00e9moriels de la Premi\u00e8re Guerre Mondiale candidats au patrimoine mondial de l\u2019UNESCO\" \/>\n<meta property=\"og:description\" content=\"Audrey Azoulay, ministre de la Culture et de la Communication, a annonc\u00e9 la candidature \u00e0 l\u2019inscription sur la liste du patrimoine mondial de l\u2019UNESCO de \u00ab N\u00eemes, l\u2019Antiquit\u00e9 au pr\u00e9sent \u00bb et des \u00ab Les sites fun\u00e9raires et m\u00e9moriels de la Premi\u00e8re Guerre Mondiale (Front Ouest) \u00bb. La candidature de \u00ab N\u00eemes, l\u2019Antiquit\u00e9 au pr\u00e9sent [&hellip;]\" \/>\n<meta property=\"og:url\" content=\"https:\/\/batijournal.com\/index.php\/nimes-sites-memoriels-de-premiere-guerre-mondiale-candidats-patrimoine-mondial-de-lunesco\/94903\/\" \/>\n<meta property=\"og:site_name\" content=\"Batijournal\" \/>\n<meta property=\"article:published_time\" content=\"2017-02-01T06:48:09+00:00\" \/>\n<meta property=\"article:modified_time\" content=\"2019-07-15T09:16:08+00:00\" \/>\n<meta property=\"og:image\" content=\"https:\/\/batijournal.com\/wp-content\/uploads\/2017\/02\/La-Maison-Carree-et-le-Carre-d-Art.jpg\" \/>\n\t<meta property=\"og:image:width\" content=\"1200\" \/>\n\t<meta property=\"og:image:height\" content=\"798\" \/>\n\t<meta property=\"og:image:type\" content=\"image\/jpeg\" \/>\n<meta name=\"author\" content=\"St\u00e9phane Miget\" \/>\n<meta name=\"twitter:card\" content=\"summary_large_image\" \/>\n<meta name=\"twitter:creator\" content=\"@bati_journal\" \/>\n<meta name=\"twitter:site\" content=\"@bati_journal\" \/>\n<meta name=\"twitter:label1\" content=\"\u00c9crit par\" \/>\n\t<meta name=\"twitter:data1\" content=\"St\u00e9phane Miget\" \/>\n\t<meta name=\"twitter:label2\" content=\"Dur\u00e9e de lecture estim\u00e9e\" \/>\n\t<meta name=\"twitter:data2\" content=\"2 minutes\" \/>\n<script type=\"application\/ld+json\" class=\"yoast-schema-graph\">{\"@context\":\"https:\\\/\\\/schema.org\",\"@graph\":[{\"@type\":\"Article\",\"@id\":\"https:\\\/\\\/batijournal.com\\\/index.php\\\/nimes-sites-memoriels-de-premiere-guerre-mondiale-candidats-patrimoine-mondial-de-lunesco\\\/94903\\\/#article\",\"isPartOf\":{\"@id\":\"https:\\\/\\\/batijournal.com\\\/index.php\\\/nimes-sites-memoriels-de-premiere-guerre-mondiale-candidats-patrimoine-mondial-de-lunesco\\\/94903\\\/\"},\"author\":{\"name\":\"St\u00e9phane Miget\",\"@id\":\"https:\\\/\\\/batijournal.com\\\/#\\\/schema\\\/person\\\/1dc96ec6957aa1ccb25ebe78bb19f100\"},\"headline\":\"N\u00eemes et les sites m\u00e9moriels de la Premi\u00e8re Guerre Mondiale candidats au patrimoine mondial de l\u2019UNESCO\",\"datePublished\":\"2017-02-01T06:48:09+00:00\",\"dateModified\":\"2019-07-15T09:16:08+00:00\",\"mainEntityOfPage\":{\"@id\":\"https:\\\/\\\/batijournal.com\\\/index.php\\\/nimes-sites-memoriels-de-premiere-guerre-mondiale-candidats-patrimoine-mondial-de-lunesco\\\/94903\\\/\"},\"wordCount\":516,\"image\":{\"@id\":\"https:\\\/\\\/batijournal.com\\\/index.php\\\/nimes-sites-memoriels-de-premiere-guerre-mondiale-candidats-patrimoine-mondial-de-lunesco\\\/94903\\\/#primaryimage\"},\"thumbnailUrl\":\"https:\\\/\\\/batijournal.com\\\/wp-content\\\/uploads\\\/2017\\\/02\\\/La-Maison-Carree-et-le-Carre-d-Art.jpg\",\"keywords\":[\"patrimoine mondial de lunesco\",\"unesco\"],\"articleSection\":[\"Architecture &amp; Conception\"],\"inLanguage\":\"fr-FR\"},{\"@type\":\"WebPage\",\"@id\":\"https:\\\/\\\/batijournal.com\\\/index.php\\\/nimes-sites-memoriels-de-premiere-guerre-mondiale-candidats-patrimoine-mondial-de-lunesco\\\/94903\\\/\",\"url\":\"https:\\\/\\\/batijournal.com\\\/index.php\\\/nimes-sites-memoriels-de-premiere-guerre-mondiale-candidats-patrimoine-mondial-de-lunesco\\\/94903\\\/\",\"name\":\"N\u00eemes et les sites m\u00e9moriels de la Premi\u00e8re Guerre Mondiale candidats au patrimoine mondial de l\u2019UNESCO\",\"isPartOf\":{\"@id\":\"https:\\\/\\\/batijournal.com\\\/#website\"},\"primaryImageOfPage\":{\"@id\":\"https:\\\/\\\/batijournal.com\\\/index.php\\\/nimes-sites-memoriels-de-premiere-guerre-mondiale-candidats-patrimoine-mondial-de-lunesco\\\/94903\\\/#primaryimage\"},\"image\":{\"@id\":\"https:\\\/\\\/batijournal.com\\\/index.php\\\/nimes-sites-memoriels-de-premiere-guerre-mondiale-candidats-patrimoine-mondial-de-lunesco\\\/94903\\\/#primaryimage\"},\"thumbnailUrl\":\"https:\\\/\\\/batijournal.com\\\/wp-content\\\/uploads\\\/2017\\\/02\\\/La-Maison-Carree-et-le-Carre-d-Art.jpg\",\"datePublished\":\"2017-02-01T06:48:09+00:00\",\"dateModified\":\"2019-07-15T09:16:08+00:00\",\"author\":{\"@id\":\"https:\\\/\\\/batijournal.com\\\/#\\\/schema\\\/person\\\/1dc96ec6957aa1ccb25ebe78bb19f100\"},\"breadcrumb\":{\"@id\":\"https:\\\/\\\/batijournal.com\\\/index.php\\\/nimes-sites-memoriels-de-premiere-guerre-mondiale-candidats-patrimoine-mondial-de-lunesco\\\/94903\\\/#breadcrumb\"},\"inLanguage\":\"fr-FR\",\"potentialAction\":[{\"@type\":\"ReadAction\",\"target\":[\"https:\\\/\\\/batijournal.com\\\/index.php\\\/nimes-sites-memoriels-de-premiere-guerre-mondiale-candidats-patrimoine-mondial-de-lunesco\\\/94903\\\/\"]}]},{\"@type\":\"ImageObject\",\"inLanguage\":\"fr-FR\",\"@id\":\"https:\\\/\\\/batijournal.com\\\/index.php\\\/nimes-sites-memoriels-de-premiere-guerre-mondiale-candidats-patrimoine-mondial-de-lunesco\\\/94903\\\/#primaryimage\",\"url\":\"https:\\\/\\\/batijournal.com\\\/wp-content\\\/uploads\\\/2017\\\/02\\\/La-Maison-Carree-et-le-Carre-d-Art.jpg\",\"contentUrl\":\"https:\\\/\\\/batijournal.com\\\/wp-content\\\/uploads\\\/2017\\\/02\\\/La-Maison-Carree-et-le-Carre-d-Art.jpg\",\"width\":1200,\"height\":798},{\"@type\":\"BreadcrumbList\",\"@id\":\"https:\\\/\\\/batijournal.com\\\/index.php\\\/nimes-sites-memoriels-de-premiere-guerre-mondiale-candidats-patrimoine-mondial-de-lunesco\\\/94903\\\/#breadcrumb\",\"itemListElement\":[{\"@type\":\"ListItem\",\"position\":1,\"name\":\"Accueil\",\"item\":\"https:\\\/\\\/batijournal.com\\\/\"},{\"@type\":\"ListItem\",\"position\":2,\"name\":\"Actualit\u00e9s\",\"item\":\"https:\\\/\\\/batijournal.com\\\/index.php\\\/category\\\/actualites\\\/\"},{\"@type\":\"ListItem\",\"position\":3,\"name\":\"Architecture &amp; Conception\",\"item\":\"https:\\\/\\\/batijournal.com\\\/index.php\\\/category\\\/actualites\\\/architecture-conception\\\/\"},{\"@type\":\"ListItem\",\"position\":4,\"name\":\"N\u00eemes et les sites m\u00e9moriels de la Premi\u00e8re Guerre Mondiale candidats au patrimoine mondial de l\u2019UNESCO\"}]},{\"@type\":\"WebSite\",\"@id\":\"https:\\\/\\\/batijournal.com\\\/#website\",\"url\":\"https:\\\/\\\/batijournal.com\\\/\",\"name\":\"Batijournal\",\"description\":\"L&#039;actualit\u00e9 du b\u00e2timent\",\"potentialAction\":[{\"@type\":\"SearchAction\",\"target\":{\"@type\":\"EntryPoint\",\"urlTemplate\":\"https:\\\/\\\/batijournal.com\\\/?s={search_term_string}\"},\"query-input\":{\"@type\":\"PropertyValueSpecification\",\"valueRequired\":true,\"valueName\":\"search_term_string\"}}],\"inLanguage\":\"fr-FR\"},{\"@type\":\"Person\",\"@id\":\"https:\\\/\\\/batijournal.com\\\/#\\\/schema\\\/person\\\/1dc96ec6957aa1ccb25ebe78bb19f100\",\"name\":\"St\u00e9phane Miget\",\"image\":{\"@type\":\"ImageObject\",\"inLanguage\":\"fr-FR\",\"@id\":\"https:\\\/\\\/secure.gravatar.com\\\/avatar\\\/89915563d925342126b8ef0281b93d9d7fc337043e8df017f780908eb9644451?s=96&d=mm&r=g\",\"url\":\"https:\\\/\\\/secure.gravatar.com\\\/avatar\\\/89915563d925342126b8ef0281b93d9d7fc337043e8df017f780908eb9644451?s=96&d=mm&r=g\",\"contentUrl\":\"https:\\\/\\\/secure.gravatar.com\\\/avatar\\\/89915563d925342126b8ef0281b93d9d7fc337043e8df017f780908eb9644451?s=96&d=mm&r=g\",\"caption\":\"St\u00e9phane Miget\"},\"url\":\"https:\\\/\\\/batijournal.com\\\/index.php\\\/author\\\/stephane\\\/\"}]}<\/script>\n<!-- \/ Yoast SEO plugin. -->","yoast_head_json":{"title":"N\u00eemes et les sites m\u00e9moriels de la Premi\u00e8re Guerre Mondiale candidats au patrimoine mondial de l\u2019UNESCO","robots":{"index":"index","follow":"follow","max-snippet":"max-snippet:-1","max-image-preview":"max-image-preview:large","max-video-preview":"max-video-preview:-1"},"canonical":"https:\/\/batijournal.com\/index.php\/nimes-sites-memoriels-de-premiere-guerre-mondiale-candidats-patrimoine-mondial-de-lunesco\/94903\/","og_locale":"fr_FR","og_type":"article","og_title":"N\u00eemes et les sites m\u00e9moriels de la Premi\u00e8re Guerre Mondiale candidats au patrimoine mondial de l\u2019UNESCO","og_description":"Audrey Azoulay, ministre de la Culture et de la Communication, a annonc\u00e9 la candidature \u00e0 l\u2019inscription sur la liste du patrimoine mondial de l\u2019UNESCO de \u00ab N\u00eemes, l\u2019Antiquit\u00e9 au pr\u00e9sent \u00bb et des \u00ab Les sites fun\u00e9raires et m\u00e9moriels de la Premi\u00e8re Guerre Mondiale (Front Ouest) \u00bb. La candidature de \u00ab N\u00eemes, l\u2019Antiquit\u00e9 au pr\u00e9sent [&hellip;]","og_url":"https:\/\/batijournal.com\/index.php\/nimes-sites-memoriels-de-premiere-guerre-mondiale-candidats-patrimoine-mondial-de-lunesco\/94903\/","og_site_name":"Batijournal","article_published_time":"2017-02-01T06:48:09+00:00","article_modified_time":"2019-07-15T09:16:08+00:00","og_image":[{"width":1200,"height":798,"url":"https:\/\/batijournal.com\/wp-content\/uploads\/2017\/02\/La-Maison-Carree-et-le-Carre-d-Art.jpg","type":"image\/jpeg"}],"author":"St\u00e9phane Miget","twitter_card":"summary_large_image","twitter_creator":"@bati_journal","twitter_site":"@bati_journal","twitter_misc":{"\u00c9crit par":"St\u00e9phane Miget","Dur\u00e9e de lecture estim\u00e9e":"2 minutes"},"schema":{"@context":"https:\/\/schema.org","@graph":[{"@type":"Article","@id":"https:\/\/batijournal.com\/index.php\/nimes-sites-memoriels-de-premiere-guerre-mondiale-candidats-patrimoine-mondial-de-lunesco\/94903\/#article","isPartOf":{"@id":"https:\/\/batijournal.com\/index.php\/nimes-sites-memoriels-de-premiere-guerre-mondiale-candidats-patrimoine-mondial-de-lunesco\/94903\/"},"author":{"name":"St\u00e9phane Miget","@id":"https:\/\/batijournal.com\/#\/schema\/person\/1dc96ec6957aa1ccb25ebe78bb19f100"},"headline":"N\u00eemes et les sites m\u00e9moriels de la Premi\u00e8re Guerre Mondiale candidats au patrimoine mondial de l\u2019UNESCO","datePublished":"2017-02-01T06:48:09+00:00","dateModified":"2019-07-15T09:16:08+00:00","mainEntityOfPage":{"@id":"https:\/\/batijournal.com\/index.php\/nimes-sites-memoriels-de-premiere-guerre-mondiale-candidats-patrimoine-mondial-de-lunesco\/94903\/"},"wordCount":516,"image":{"@id":"https:\/\/batijournal.com\/index.php\/nimes-sites-memoriels-de-premiere-guerre-mondiale-candidats-patrimoine-mondial-de-lunesco\/94903\/#primaryimage"},"thumbnailUrl":"https:\/\/batijournal.com\/wp-content\/uploads\/2017\/02\/La-Maison-Carree-et-le-Carre-d-Art.jpg","keywords":["patrimoine mondial de lunesco","unesco"],"articleSection":["Architecture &amp; Conception"],"inLanguage":"fr-FR"},{"@type":"WebPage","@id":"https:\/\/batijournal.com\/index.php\/nimes-sites-memoriels-de-premiere-guerre-mondiale-candidats-patrimoine-mondial-de-lunesco\/94903\/","url":"https:\/\/batijournal.com\/index.php\/nimes-sites-memoriels-de-premiere-guerre-mondiale-candidats-patrimoine-mondial-de-lunesco\/94903\/","name":"N\u00eemes et les sites m\u00e9moriels de la Premi\u00e8re Guerre Mondiale candidats au patrimoine mondial de l\u2019UNESCO","isPartOf":{"@id":"https:\/\/batijournal.com\/#website"},"primaryImageOfPage":{"@id":"https:\/\/batijournal.com\/index.php\/nimes-sites-memoriels-de-premiere-guerre-mondiale-candidats-patrimoine-mondial-de-lunesco\/94903\/#primaryimage"},"image":{"@id":"https:\/\/batijournal.com\/index.php\/nimes-sites-memoriels-de-premiere-guerre-mondiale-candidats-patrimoine-mondial-de-lunesco\/94903\/#primaryimage"},"thumbnailUrl":"https:\/\/batijournal.com\/wp-content\/uploads\/2017\/02\/La-Maison-Carree-et-le-Carre-d-Art.jpg","datePublished":"2017-02-01T06:48:09+00:00","dateModified":"2019-07-15T09:16:08+00:00","author":{"@id":"https:\/\/batijournal.com\/#\/schema\/person\/1dc96ec6957aa1ccb25ebe78bb19f100"},"breadcrumb":{"@id":"https:\/\/batijournal.com\/index.php\/nimes-sites-memoriels-de-premiere-guerre-mondiale-candidats-patrimoine-mondial-de-lunesco\/94903\/#breadcrumb"},"inLanguage":"fr-FR","potentialAction":[{"@type":"ReadAction","target":["https:\/\/batijournal.com\/index.php\/nimes-sites-memoriels-de-premiere-guerre-mondiale-candidats-patrimoine-mondial-de-lunesco\/94903\/"]}]},{"@type":"ImageObject","inLanguage":"fr-FR","@id":"https:\/\/batijournal.com\/index.php\/nimes-sites-memoriels-de-premiere-guerre-mondiale-candidats-patrimoine-mondial-de-lunesco\/94903\/#primaryimage","url":"https:\/\/batijournal.com\/wp-content\/uploads\/2017\/02\/La-Maison-Carree-et-le-Carre-d-Art.jpg","contentUrl":"https:\/\/batijournal.com\/wp-content\/uploads\/2017\/02\/La-Maison-Carree-et-le-Carre-d-Art.jpg","width":1200,"height":798},{"@type":"BreadcrumbList","@id":"https:\/\/batijournal.com\/index.php\/nimes-sites-memoriels-de-premiere-guerre-mondiale-candidats-patrimoine-mondial-de-lunesco\/94903\/#breadcrumb","itemListElement":[{"@type":"ListItem","position":1,"name":"Accueil","item":"https:\/\/batijournal.com\/"},{"@type":"ListItem","position":2,"name":"Actualit\u00e9s","item":"https:\/\/batijournal.com\/index.php\/category\/actualites\/"},{"@type":"ListItem","position":3,"name":"Architecture &amp; Conception","item":"https:\/\/batijournal.com\/index.php\/category\/actualites\/architecture-conception\/"},{"@type":"ListItem","position":4,"name":"N\u00eemes et les sites m\u00e9moriels de la Premi\u00e8re Guerre Mondiale candidats au patrimoine mondial de l\u2019UNESCO"}]},{"@type":"WebSite","@id":"https:\/\/batijournal.com\/#website","url":"https:\/\/batijournal.com\/","name":"Batijournal","description":"L&#039;actualit\u00e9 du b\u00e2timent","potentialAction":[{"@type":"SearchAction","target":{"@type":"EntryPoint","urlTemplate":"https:\/\/batijournal.com\/?s={search_term_string}"},"query-input":{"@type":"PropertyValueSpecification","valueRequired":true,"valueName":"search_term_string"}}],"inLanguage":"fr-FR"},{"@type":"Person","@id":"https:\/\/batijournal.com\/#\/schema\/person\/1dc96ec6957aa1ccb25ebe78bb19f100","name":"St\u00e9phane Miget","image":{"@type":"ImageObject","inLanguage":"fr-FR","@id":"https:\/\/secure.gravatar.com\/avatar\/89915563d925342126b8ef0281b93d9d7fc337043e8df017f780908eb9644451?s=96&d=mm&r=g","url":"https:\/\/secure.gravatar.com\/avatar\/89915563d925342126b8ef0281b93d9d7fc337043e8df017f780908eb9644451?s=96&d=mm&r=g","contentUrl":"https:\/\/secure.gravatar.com\/avatar\/89915563d925342126b8ef0281b93d9d7fc337043e8df017f780908eb9644451?s=96&d=mm&r=g","caption":"St\u00e9phane Miget"},"url":"https:\/\/batijournal.com\/index.php\/author\/stephane\/"}]}},"_links":{"self":[{"href":"https:\/\/batijournal.com\/index.php\/wp-json\/wp\/v2\/posts\/94903","targetHints":{"allow":["GET"]}}],"collection":[{"href":"https:\/\/batijournal.com\/index.php\/wp-json\/wp\/v2\/posts"}],"about":[{"href":"https:\/\/batijournal.com\/index.php\/wp-json\/wp\/v2\/types\/post"}],"author":[{"embeddable":true,"href":"https:\/\/batijournal.com\/index.php\/wp-json\/wp\/v2\/users\/17"}],"replies":[{"embeddable":true,"href":"https:\/\/batijournal.com\/index.php\/wp-json\/wp\/v2\/comments?post=94903"}],"version-history":[{"count":0,"href":"https:\/\/batijournal.com\/index.php\/wp-json\/wp\/v2\/posts\/94903\/revisions"}],"wp:featuredmedia":[{"embeddable":true,"href":"https:\/\/batijournal.com\/index.php\/wp-json\/wp\/v2\/media\/94904"}],"wp:attachment":[{"href":"https:\/\/batijournal.com\/index.php\/wp-json\/wp\/v2\/media?parent=94903"}],"wp:term":[{"taxonomy":"category","embeddable":true,"href":"https:\/\/batijournal.com\/index.php\/wp-json\/wp\/v2\/categories?post=94903"},{"taxonomy":"post_tag","embeddable":true,"href":"https:\/\/batijournal.com\/index.php\/wp-json\/wp\/v2\/tags?post=94903"}],"curies":[{"name":"wp","href":"https:\/\/api.w.org\/{rel}","templated":true}]}}