{"id":94911,"date":"2017-02-01T13:16:04","date_gmt":"2017-02-01T12:16:04","guid":{"rendered":"http:\/\/batijournal.com\/?p=94911"},"modified":"2019-07-15T12:22:03","modified_gmt":"2019-07-15T10:22:03","slug":"98-francais-encouragent-developpement-energies-renouvelables","status":"publish","type":"post","link":"https:\/\/batijournal.com\/index.php\/98-francais-encouragent-developpement-energies-renouvelables\/94911\/","title":{"rendered":"98% des Fran\u00e7ais encouragent le d\u00e9veloppement des \u00e9nergies renouvelables"},"content":{"rendered":"<p>Dans le barom\u00e8tre annuel de Qualit\u2019EnR, la confiance des Fran\u00e7ais dans les \u00e9nergies renouvelables est au beau fixe : 96% expriment leur confiance dans au moins une de ces \u00e9nergies et 98% encouragent le d\u00e9veloppement d\u2019au moins une fili\u00e8re verte. Ils souhaitent voir se d\u00e9velopper le solaire thermique (92%, +5 points), l\u2019\u00e9olien (85%, +7 points), les pompes \u00e0 chaleur (83%, +1 point), les panneaux photovolta\u00efques (82%, +1 point) et le bois-\u00e9nergie (69%, &#8211; 4 points). Apr\u00e8s avoir connu de fortes baisses d\u2019int\u00e9r\u00eat en 2016, les \u00e9nergies fossiles remontent l\u00e9g\u00e8rement : la fili\u00e8re nucl\u00e9aire (40% +1 point), le fioul (22% +2 points) et le charbon (17% +1 point), seul le gaz de schiste continue d\u2019enregistrer une baisse (20%, -4 points).<\/p>\n<p>Dans un contexte \u00e9conomique allouant moins de pouvoir d\u2019achat aux m\u00e9nages, 1 Fran\u00e7ais sur 3 d\u00e9clare \u00eatre \u00e9quip\u00e9 d\u2019un dispositif utilisant des \u00e9nergies renouvelables (32%, -5 points par rapport \u00e0 la vague pr\u00e9c\u00e9dente). A l\u2019occasion de la r\u00e9novation de leur logement, 87% pourraient envisager de s\u2019\u00e9quiper en \u00e9nergies renouvelables. Ils demeurent toutefois frein\u00e9s par les prix et la m\u00e9connaissance des aides qu\u2019ils pourraient obtenir pour effectuer ces travaux.<\/p>\n<p>La\u00a0th\u00e9matique soit davantage \u00eatre abord\u00e9e dans les programmes des candidats \u00e0 l\u2019\u00e9lection pr\u00e9sidentielle : 77% des Fran\u00e7ais estiment que cette question n\u2019est pas suffisamment pr\u00e9sente dans les d\u00e9bats et les programmes. Les jeunes accordent une importance particuli\u00e8re \u00e0 cette question, 81% des 18-24 ans consid\u00e8rent que ce sujet n\u2019est pas assez abord\u00e9, tout comme les ruraux pour 84%.<\/p>\n","protected":false},"excerpt":{"rendered":"<p>Dans le barom\u00e8tre annuel de Qualit\u2019EnR, la confiance des Fran\u00e7ais dans les \u00e9nergies renouvelables est au beau fixe : 96% expriment leur confiance dans au moins une de ces \u00e9nergies et 98% encouragent le d\u00e9veloppement d\u2019au moins une fili\u00e8re verte. Ils souhaitent voir se d\u00e9velopper le solaire thermique (92%, +5 points), l\u2019\u00e9olien (85%, +7 points), [&hellip;]<\/p>\n","protected":false},"author":17,"featured_media":94915,"comment_status":"closed","ping_status":"closed","sticky":false,"template":"","format":"standard","meta":{"_et_pb_use_builder":"","_et_pb_old_content":"","_et_gb_content_width":"","footnotes":""},"categories":[10736,6351],"tags":[1628,3585],"class_list":["post-94911","post","type-post","status-publish","format-standard","has-post-thumbnail","hentry","category-a-la-une","category-energie-environnement","tag-energies-renouvelables","tag-qualitenr"],"yoast_head":"<!-- This site is optimized with the Yoast SEO plugin v27.4 - https:\/\/yoast.com\/product\/yoast-seo-wordpress\/ -->\n<title>98% des Fran\u00e7ais encouragent le d\u00e9veloppement des \u00e9nergies renouvelables<\/title>\n<meta name=\"robots\" content=\"index, follow, max-snippet:-1, max-image-preview:large, max-video-preview:-1\" \/>\n<link rel=\"canonical\" href=\"https:\/\/batijournal.com\/index.php\/98-francais-encouragent-developpement-energies-renouvelables\/94911\/\" \/>\n<meta property=\"og:locale\" content=\"fr_FR\" \/>\n<meta property=\"og:type\" content=\"article\" \/>\n<meta property=\"og:title\" content=\"98% des Fran\u00e7ais encouragent le d\u00e9veloppement des \u00e9nergies renouvelables\" \/>\n<meta property=\"og:description\" content=\"Dans le barom\u00e8tre annuel de Qualit\u2019EnR, la confiance des Fran\u00e7ais dans les \u00e9nergies renouvelables est au beau fixe : 96% expriment leur confiance dans au moins une de ces \u00e9nergies et 98% encouragent le d\u00e9veloppement d\u2019au moins une fili\u00e8re verte. Ils souhaitent voir se d\u00e9velopper le solaire thermique (92%, +5 points), l\u2019\u00e9olien (85%, +7 points), [&hellip;]\" \/>\n<meta property=\"og:url\" content=\"https:\/\/batijournal.com\/index.php\/98-francais-encouragent-developpement-energies-renouvelables\/94911\/\" \/>\n<meta property=\"og:site_name\" content=\"Batijournal\" \/>\n<meta property=\"article:published_time\" content=\"2017-02-01T12:16:04+00:00\" \/>\n<meta property=\"article:modified_time\" content=\"2019-07-15T10:22:03+00:00\" \/>\n<meta property=\"og:image\" content=\"https:\/\/batijournal.com\/wp-content\/uploads\/2017\/02\/barometre-qualitenr.png\" \/>\n\t<meta property=\"og:image:width\" content=\"1209\" \/>\n\t<meta property=\"og:image:height\" content=\"773\" \/>\n\t<meta property=\"og:image:type\" content=\"image\/png\" \/>\n<meta name=\"author\" content=\"St\u00e9phane Miget\" \/>\n<meta name=\"twitter:card\" content=\"summary_large_image\" \/>\n<meta name=\"twitter:creator\" content=\"@bati_journal\" \/>\n<meta name=\"twitter:site\" content=\"@bati_journal\" \/>\n<meta name=\"twitter:label1\" content=\"\u00c9crit par\" \/>\n\t<meta name=\"twitter:data1\" content=\"St\u00e9phane Miget\" \/>\n\t<meta name=\"twitter:label2\" content=\"Dur\u00e9e de lecture estim\u00e9e\" \/>\n\t<meta name=\"twitter:data2\" content=\"1 minute\" \/>\n<script type=\"application\/ld+json\" class=\"yoast-schema-graph\">{\"@context\":\"https:\\\/\\\/schema.org\",\"@graph\":[{\"@type\":\"Article\",\"@id\":\"https:\\\/\\\/batijournal.com\\\/index.php\\\/98-francais-encouragent-developpement-energies-renouvelables\\\/94911\\\/#article\",\"isPartOf\":{\"@id\":\"https:\\\/\\\/batijournal.com\\\/index.php\\\/98-francais-encouragent-developpement-energies-renouvelables\\\/94911\\\/\"},\"author\":{\"name\":\"St\u00e9phane Miget\",\"@id\":\"https:\\\/\\\/batijournal.com\\\/#\\\/schema\\\/person\\\/1dc96ec6957aa1ccb25ebe78bb19f100\"},\"headline\":\"98% des Fran\u00e7ais encouragent le d\u00e9veloppement des \u00e9nergies renouvelables\",\"datePublished\":\"2017-02-01T12:16:04+00:00\",\"dateModified\":\"2019-07-15T10:22:03+00:00\",\"mainEntityOfPage\":{\"@id\":\"https:\\\/\\\/batijournal.com\\\/index.php\\\/98-francais-encouragent-developpement-energies-renouvelables\\\/94911\\\/\"},\"wordCount\":265,\"image\":{\"@id\":\"https:\\\/\\\/batijournal.com\\\/index.php\\\/98-francais-encouragent-developpement-energies-renouvelables\\\/94911\\\/#primaryimage\"},\"thumbnailUrl\":\"https:\\\/\\\/batijournal.com\\\/wp-content\\\/uploads\\\/2017\\\/02\\\/barometre-qualitenr.png\",\"keywords\":[\"\u00e9nergies renouvelables\",\"Qualit'EnR\"],\"articleSection\":[\"A la Une\",\"\u00c9nergie &amp; Environnement\"],\"inLanguage\":\"fr-FR\"},{\"@type\":\"WebPage\",\"@id\":\"https:\\\/\\\/batijournal.com\\\/index.php\\\/98-francais-encouragent-developpement-energies-renouvelables\\\/94911\\\/\",\"url\":\"https:\\\/\\\/batijournal.com\\\/index.php\\\/98-francais-encouragent-developpement-energies-renouvelables\\\/94911\\\/\",\"name\":\"98% des Fran\u00e7ais encouragent le d\u00e9veloppement des \u00e9nergies renouvelables\",\"isPartOf\":{\"@id\":\"https:\\\/\\\/batijournal.com\\\/#website\"},\"primaryImageOfPage\":{\"@id\":\"https:\\\/\\\/batijournal.com\\\/index.php\\\/98-francais-encouragent-developpement-energies-renouvelables\\\/94911\\\/#primaryimage\"},\"image\":{\"@id\":\"https:\\\/\\\/batijournal.com\\\/index.php\\\/98-francais-encouragent-developpement-energies-renouvelables\\\/94911\\\/#primaryimage\"},\"thumbnailUrl\":\"https:\\\/\\\/batijournal.com\\\/wp-content\\\/uploads\\\/2017\\\/02\\\/barometre-qualitenr.png\",\"datePublished\":\"2017-02-01T12:16:04+00:00\",\"dateModified\":\"2019-07-15T10:22:03+00:00\",\"author\":{\"@id\":\"https:\\\/\\\/batijournal.com\\\/#\\\/schema\\\/person\\\/1dc96ec6957aa1ccb25ebe78bb19f100\"},\"breadcrumb\":{\"@id\":\"https:\\\/\\\/batijournal.com\\\/index.php\\\/98-francais-encouragent-developpement-energies-renouvelables\\\/94911\\\/#breadcrumb\"},\"inLanguage\":\"fr-FR\",\"potentialAction\":[{\"@type\":\"ReadAction\",\"target\":[\"https:\\\/\\\/batijournal.com\\\/index.php\\\/98-francais-encouragent-developpement-energies-renouvelables\\\/94911\\\/\"]}]},{\"@type\":\"ImageObject\",\"inLanguage\":\"fr-FR\",\"@id\":\"https:\\\/\\\/batijournal.com\\\/index.php\\\/98-francais-encouragent-developpement-energies-renouvelables\\\/94911\\\/#primaryimage\",\"url\":\"https:\\\/\\\/batijournal.com\\\/wp-content\\\/uploads\\\/2017\\\/02\\\/barometre-qualitenr.png\",\"contentUrl\":\"https:\\\/\\\/batijournal.com\\\/wp-content\\\/uploads\\\/2017\\\/02\\\/barometre-qualitenr.png\",\"width\":1209,\"height\":773},{\"@type\":\"BreadcrumbList\",\"@id\":\"https:\\\/\\\/batijournal.com\\\/index.php\\\/98-francais-encouragent-developpement-energies-renouvelables\\\/94911\\\/#breadcrumb\",\"itemListElement\":[{\"@type\":\"ListItem\",\"position\":1,\"name\":\"Accueil\",\"item\":\"https:\\\/\\\/batijournal.com\\\/\"},{\"@type\":\"ListItem\",\"position\":2,\"name\":\"A la Une\",\"item\":\"https:\\\/\\\/batijournal.com\\\/index.php\\\/category\\\/a-la-une\\\/\"},{\"@type\":\"ListItem\",\"position\":3,\"name\":\"98% des Fran\u00e7ais encouragent le d\u00e9veloppement des \u00e9nergies renouvelables\"}]},{\"@type\":\"WebSite\",\"@id\":\"https:\\\/\\\/batijournal.com\\\/#website\",\"url\":\"https:\\\/\\\/batijournal.com\\\/\",\"name\":\"Batijournal\",\"description\":\"L&#039;actualit\u00e9 du b\u00e2timent\",\"potentialAction\":[{\"@type\":\"SearchAction\",\"target\":{\"@type\":\"EntryPoint\",\"urlTemplate\":\"https:\\\/\\\/batijournal.com\\\/?s={search_term_string}\"},\"query-input\":{\"@type\":\"PropertyValueSpecification\",\"valueRequired\":true,\"valueName\":\"search_term_string\"}}],\"inLanguage\":\"fr-FR\"},{\"@type\":\"Person\",\"@id\":\"https:\\\/\\\/batijournal.com\\\/#\\\/schema\\\/person\\\/1dc96ec6957aa1ccb25ebe78bb19f100\",\"name\":\"St\u00e9phane Miget\",\"image\":{\"@type\":\"ImageObject\",\"inLanguage\":\"fr-FR\",\"@id\":\"https:\\\/\\\/secure.gravatar.com\\\/avatar\\\/89915563d925342126b8ef0281b93d9d7fc337043e8df017f780908eb9644451?s=96&d=mm&r=g\",\"url\":\"https:\\\/\\\/secure.gravatar.com\\\/avatar\\\/89915563d925342126b8ef0281b93d9d7fc337043e8df017f780908eb9644451?s=96&d=mm&r=g\",\"contentUrl\":\"https:\\\/\\\/secure.gravatar.com\\\/avatar\\\/89915563d925342126b8ef0281b93d9d7fc337043e8df017f780908eb9644451?s=96&d=mm&r=g\",\"caption\":\"St\u00e9phane Miget\"},\"url\":\"https:\\\/\\\/batijournal.com\\\/index.php\\\/author\\\/stephane\\\/\"}]}<\/script>\n<!-- \/ Yoast SEO plugin. -->","yoast_head_json":{"title":"98% des Fran\u00e7ais encouragent le d\u00e9veloppement des \u00e9nergies renouvelables","robots":{"index":"index","follow":"follow","max-snippet":"max-snippet:-1","max-image-preview":"max-image-preview:large","max-video-preview":"max-video-preview:-1"},"canonical":"https:\/\/batijournal.com\/index.php\/98-francais-encouragent-developpement-energies-renouvelables\/94911\/","og_locale":"fr_FR","og_type":"article","og_title":"98% des Fran\u00e7ais encouragent le d\u00e9veloppement des \u00e9nergies renouvelables","og_description":"Dans le barom\u00e8tre annuel de Qualit\u2019EnR, la confiance des Fran\u00e7ais dans les \u00e9nergies renouvelables est au beau fixe : 96% expriment leur confiance dans au moins une de ces \u00e9nergies et 98% encouragent le d\u00e9veloppement d\u2019au moins une fili\u00e8re verte. Ils souhaitent voir se d\u00e9velopper le solaire thermique (92%, +5 points), l\u2019\u00e9olien (85%, +7 points), [&hellip;]","og_url":"https:\/\/batijournal.com\/index.php\/98-francais-encouragent-developpement-energies-renouvelables\/94911\/","og_site_name":"Batijournal","article_published_time":"2017-02-01T12:16:04+00:00","article_modified_time":"2019-07-15T10:22:03+00:00","og_image":[{"width":1209,"height":773,"url":"https:\/\/batijournal.com\/wp-content\/uploads\/2017\/02\/barometre-qualitenr.png","type":"image\/png"}],"author":"St\u00e9phane Miget","twitter_card":"summary_large_image","twitter_creator":"@bati_journal","twitter_site":"@bati_journal","twitter_misc":{"\u00c9crit par":"St\u00e9phane Miget","Dur\u00e9e de lecture estim\u00e9e":"1 minute"},"schema":{"@context":"https:\/\/schema.org","@graph":[{"@type":"Article","@id":"https:\/\/batijournal.com\/index.php\/98-francais-encouragent-developpement-energies-renouvelables\/94911\/#article","isPartOf":{"@id":"https:\/\/batijournal.com\/index.php\/98-francais-encouragent-developpement-energies-renouvelables\/94911\/"},"author":{"name":"St\u00e9phane Miget","@id":"https:\/\/batijournal.com\/#\/schema\/person\/1dc96ec6957aa1ccb25ebe78bb19f100"},"headline":"98% des Fran\u00e7ais encouragent le d\u00e9veloppement des \u00e9nergies renouvelables","datePublished":"2017-02-01T12:16:04+00:00","dateModified":"2019-07-15T10:22:03+00:00","mainEntityOfPage":{"@id":"https:\/\/batijournal.com\/index.php\/98-francais-encouragent-developpement-energies-renouvelables\/94911\/"},"wordCount":265,"image":{"@id":"https:\/\/batijournal.com\/index.php\/98-francais-encouragent-developpement-energies-renouvelables\/94911\/#primaryimage"},"thumbnailUrl":"https:\/\/batijournal.com\/wp-content\/uploads\/2017\/02\/barometre-qualitenr.png","keywords":["\u00e9nergies renouvelables","Qualit'EnR"],"articleSection":["A la Une","\u00c9nergie &amp; Environnement"],"inLanguage":"fr-FR"},{"@type":"WebPage","@id":"https:\/\/batijournal.com\/index.php\/98-francais-encouragent-developpement-energies-renouvelables\/94911\/","url":"https:\/\/batijournal.com\/index.php\/98-francais-encouragent-developpement-energies-renouvelables\/94911\/","name":"98% des Fran\u00e7ais encouragent le d\u00e9veloppement des \u00e9nergies renouvelables","isPartOf":{"@id":"https:\/\/batijournal.com\/#website"},"primaryImageOfPage":{"@id":"https:\/\/batijournal.com\/index.php\/98-francais-encouragent-developpement-energies-renouvelables\/94911\/#primaryimage"},"image":{"@id":"https:\/\/batijournal.com\/index.php\/98-francais-encouragent-developpement-energies-renouvelables\/94911\/#primaryimage"},"thumbnailUrl":"https:\/\/batijournal.com\/wp-content\/uploads\/2017\/02\/barometre-qualitenr.png","datePublished":"2017-02-01T12:16:04+00:00","dateModified":"2019-07-15T10:22:03+00:00","author":{"@id":"https:\/\/batijournal.com\/#\/schema\/person\/1dc96ec6957aa1ccb25ebe78bb19f100"},"breadcrumb":{"@id":"https:\/\/batijournal.com\/index.php\/98-francais-encouragent-developpement-energies-renouvelables\/94911\/#breadcrumb"},"inLanguage":"fr-FR","potentialAction":[{"@type":"ReadAction","target":["https:\/\/batijournal.com\/index.php\/98-francais-encouragent-developpement-energies-renouvelables\/94911\/"]}]},{"@type":"ImageObject","inLanguage":"fr-FR","@id":"https:\/\/batijournal.com\/index.php\/98-francais-encouragent-developpement-energies-renouvelables\/94911\/#primaryimage","url":"https:\/\/batijournal.com\/wp-content\/uploads\/2017\/02\/barometre-qualitenr.png","contentUrl":"https:\/\/batijournal.com\/wp-content\/uploads\/2017\/02\/barometre-qualitenr.png","width":1209,"height":773},{"@type":"BreadcrumbList","@id":"https:\/\/batijournal.com\/index.php\/98-francais-encouragent-developpement-energies-renouvelables\/94911\/#breadcrumb","itemListElement":[{"@type":"ListItem","position":1,"name":"Accueil","item":"https:\/\/batijournal.com\/"},{"@type":"ListItem","position":2,"name":"A la Une","item":"https:\/\/batijournal.com\/index.php\/category\/a-la-une\/"},{"@type":"ListItem","position":3,"name":"98% des Fran\u00e7ais encouragent le d\u00e9veloppement des \u00e9nergies renouvelables"}]},{"@type":"WebSite","@id":"https:\/\/batijournal.com\/#website","url":"https:\/\/batijournal.com\/","name":"Batijournal","description":"L&#039;actualit\u00e9 du b\u00e2timent","potentialAction":[{"@type":"SearchAction","target":{"@type":"EntryPoint","urlTemplate":"https:\/\/batijournal.com\/?s={search_term_string}"},"query-input":{"@type":"PropertyValueSpecification","valueRequired":true,"valueName":"search_term_string"}}],"inLanguage":"fr-FR"},{"@type":"Person","@id":"https:\/\/batijournal.com\/#\/schema\/person\/1dc96ec6957aa1ccb25ebe78bb19f100","name":"St\u00e9phane Miget","image":{"@type":"ImageObject","inLanguage":"fr-FR","@id":"https:\/\/secure.gravatar.com\/avatar\/89915563d925342126b8ef0281b93d9d7fc337043e8df017f780908eb9644451?s=96&d=mm&r=g","url":"https:\/\/secure.gravatar.com\/avatar\/89915563d925342126b8ef0281b93d9d7fc337043e8df017f780908eb9644451?s=96&d=mm&r=g","contentUrl":"https:\/\/secure.gravatar.com\/avatar\/89915563d925342126b8ef0281b93d9d7fc337043e8df017f780908eb9644451?s=96&d=mm&r=g","caption":"St\u00e9phane Miget"},"url":"https:\/\/batijournal.com\/index.php\/author\/stephane\/"}]}},"_links":{"self":[{"href":"https:\/\/batijournal.com\/index.php\/wp-json\/wp\/v2\/posts\/94911","targetHints":{"allow":["GET"]}}],"collection":[{"href":"https:\/\/batijournal.com\/index.php\/wp-json\/wp\/v2\/posts"}],"about":[{"href":"https:\/\/batijournal.com\/index.php\/wp-json\/wp\/v2\/types\/post"}],"author":[{"embeddable":true,"href":"https:\/\/batijournal.com\/index.php\/wp-json\/wp\/v2\/users\/17"}],"replies":[{"embeddable":true,"href":"https:\/\/batijournal.com\/index.php\/wp-json\/wp\/v2\/comments?post=94911"}],"version-history":[{"count":0,"href":"https:\/\/batijournal.com\/index.php\/wp-json\/wp\/v2\/posts\/94911\/revisions"}],"wp:featuredmedia":[{"embeddable":true,"href":"https:\/\/batijournal.com\/index.php\/wp-json\/wp\/v2\/media\/94915"}],"wp:attachment":[{"href":"https:\/\/batijournal.com\/index.php\/wp-json\/wp\/v2\/media?parent=94911"}],"wp:term":[{"taxonomy":"category","embeddable":true,"href":"https:\/\/batijournal.com\/index.php\/wp-json\/wp\/v2\/categories?post=94911"},{"taxonomy":"post_tag","embeddable":true,"href":"https:\/\/batijournal.com\/index.php\/wp-json\/wp\/v2\/tags?post=94911"}],"curies":[{"name":"wp","href":"https:\/\/api.w.org\/{rel}","templated":true}]}}