{"id":94951,"date":"2017-02-06T18:09:05","date_gmt":"2017-02-06T17:09:05","guid":{"rendered":"http:\/\/batijournal.com\/?p=94951"},"modified":"2017-02-06T18:09:05","modified_gmt":"2017-02-06T17:09:05","slug":"convention-grdf-anah-securisation-installations-logements-chauffes-gaz","status":"publish","type":"post","link":"https:\/\/batijournal.com\/index.php\/convention-grdf-anah-securisation-installations-logements-chauffes-gaz\/94951\/","title":{"rendered":"Convention GRDF \u2013 Anah pour la s\u00e9curisation des installations des logements chauff\u00e9s au gaz"},"content":{"rendered":"<p>Emmanuelle Cosse, ministre du Logement et de l\u2019Habitat durable, a sign\u00e9 le 6 f\u00e9vrier 2017\u00a0une convention avec Edouard Sauvage, directeur g\u00e9n\u00e9ral de GRDF, et Blanche Guillemot, directrice g\u00e9n\u00e9rale de l\u2019Anah, pour la s\u00e9curisation des logements chauff\u00e9s au gaz occup\u00e9s par des propri\u00e9taires aux revenus modestes et tr\u00e8s modestes. A travers cette convention, GRDF s\u2019engage \u00e0 accompagner 5 000 logements sur 2 ans sur des aspects tr\u00e8s op\u00e9rationnels de maintenance : GRDF r\u00e9alisera, \u00e0 ses frais, le diagnostic de l\u2019installation de gaz du propri\u00e9taire et lui mettra gratuitement \u00e0 disposition un tuyau flexible m\u00e9tallique, \u00e0 dur\u00e9e de vie illimit\u00e9e, pour le raccordement de son appareil de cuisson. L\u2019op\u00e9rateur remboursera par ailleurs le remplacement du robinet de commande de son l\u2019appareil de cuisson dans la limite de 150 \u20ac et versera un montant forfaitaire de 100 \u20ac pour l\u2019achat d\u2019un appareil de cuisson muni d\u2019une s\u00e9curit\u00e9 de flamme. Des actions d\u2019information et de formation seront mises en \u0153uvre pour informer les propri\u00e9taires sur les r\u00e8gles de s\u00e9curit\u00e9 de l\u2019installation de gaz naturel et les \u00e9co-gestes. L&rsquo;op\u00e9rateur fournira \u00e9galement un appui financier \u00e0 l\u2019Anah et aux collectivit\u00e9s pour renforcer l\u2019ing\u00e9nierie d\u2019accompagnement et augmenter le nombre de m\u00e9nages b\u00e9n\u00e9ficiant de travaux de r\u00e9novation : cette aide pourra atteindre 575 000 \u20ac par an dont 100 000 euros seront vers\u00e9s par anticipation \u00e0 l\u2019Anah. Cet appui financier sur l\u2019ing\u00e9nierie d\u2019accompagnement vise \u00e0 soutenir l\u2019Anah dans l\u2019atteinte des objectifs des 100 000 logements r\u00e9nov\u00e9s en 2017 dans le cadre du programme \u00ab Habiter mieux \u00bb.<\/p>\n","protected":false},"excerpt":{"rendered":"<p>Emmanuelle Cosse, ministre du Logement et de l\u2019Habitat durable, a sign\u00e9 le 6 f\u00e9vrier 2017\u00a0une convention avec Edouard Sauvage, directeur g\u00e9n\u00e9ral de GRDF, et Blanche Guillemot, directrice g\u00e9n\u00e9rale de l\u2019Anah, pour la s\u00e9curisation des logements chauff\u00e9s au gaz occup\u00e9s par des propri\u00e9taires aux revenus modestes et tr\u00e8s modestes. A travers cette convention, GRDF s\u2019engage \u00e0 [&hellip;]<\/p>\n","protected":false},"author":17,"featured_media":94952,"comment_status":"closed","ping_status":"closed","sticky":false,"template":"","format":"standard","meta":{"_et_pb_use_builder":"","_et_pb_old_content":"","_et_gb_content_width":"","footnotes":""},"categories":[6351],"tags":[7928],"class_list":["post-94951","post","type-post","status-publish","format-standard","has-post-thumbnail","hentry","category-energie-environnement","tag-chaudiere-a-gaz"],"yoast_head":"<!-- This site is optimized with the Yoast SEO plugin v27.4 - https:\/\/yoast.com\/product\/yoast-seo-wordpress\/ -->\n<title>Convention GRDF \u2013 Anah pour la s\u00e9curisation des installations des logements chauff\u00e9s au gaz<\/title>\n<meta name=\"robots\" content=\"index, follow, max-snippet:-1, max-image-preview:large, max-video-preview:-1\" \/>\n<link rel=\"canonical\" href=\"https:\/\/batijournal.com\/index.php\/convention-grdf-anah-securisation-installations-logements-chauffes-gaz\/94951\/\" \/>\n<meta property=\"og:locale\" content=\"fr_FR\" \/>\n<meta property=\"og:type\" content=\"article\" \/>\n<meta property=\"og:title\" content=\"Convention GRDF \u2013 Anah pour la s\u00e9curisation des installations des logements chauff\u00e9s au gaz\" \/>\n<meta property=\"og:description\" content=\"Emmanuelle Cosse, ministre du Logement et de l\u2019Habitat durable, a sign\u00e9 le 6 f\u00e9vrier 2017\u00a0une convention avec Edouard Sauvage, directeur g\u00e9n\u00e9ral de GRDF, et Blanche Guillemot, directrice g\u00e9n\u00e9rale de l\u2019Anah, pour la s\u00e9curisation des logements chauff\u00e9s au gaz occup\u00e9s par des propri\u00e9taires aux revenus modestes et tr\u00e8s modestes. A travers cette convention, GRDF s\u2019engage \u00e0 [&hellip;]\" \/>\n<meta property=\"og:url\" content=\"https:\/\/batijournal.com\/index.php\/convention-grdf-anah-securisation-installations-logements-chauffes-gaz\/94951\/\" \/>\n<meta property=\"og:site_name\" content=\"Batijournal\" \/>\n<meta property=\"article:published_time\" content=\"2017-02-06T17:09:05+00:00\" \/>\n<meta property=\"og:image\" content=\"https:\/\/batijournal.com\/wp-content\/uploads\/2017\/02\/flamme-gaz.jpg\" \/>\n\t<meta property=\"og:image:width\" content=\"1000\" \/>\n\t<meta property=\"og:image:height\" content=\"465\" \/>\n\t<meta property=\"og:image:type\" content=\"image\/jpeg\" \/>\n<meta name=\"author\" content=\"St\u00e9phane Miget\" \/>\n<meta name=\"twitter:card\" content=\"summary_large_image\" \/>\n<meta name=\"twitter:creator\" content=\"@bati_journal\" \/>\n<meta name=\"twitter:site\" content=\"@bati_journal\" \/>\n<meta name=\"twitter:label1\" content=\"\u00c9crit par\" \/>\n\t<meta name=\"twitter:data1\" content=\"St\u00e9phane Miget\" \/>\n\t<meta name=\"twitter:label2\" content=\"Dur\u00e9e de lecture estim\u00e9e\" \/>\n\t<meta name=\"twitter:data2\" content=\"1 minute\" \/>\n<script type=\"application\/ld+json\" class=\"yoast-schema-graph\">{\"@context\":\"https:\\\/\\\/schema.org\",\"@graph\":[{\"@type\":\"Article\",\"@id\":\"https:\\\/\\\/batijournal.com\\\/index.php\\\/convention-grdf-anah-securisation-installations-logements-chauffes-gaz\\\/94951\\\/#article\",\"isPartOf\":{\"@id\":\"https:\\\/\\\/batijournal.com\\\/index.php\\\/convention-grdf-anah-securisation-installations-logements-chauffes-gaz\\\/94951\\\/\"},\"author\":{\"name\":\"St\u00e9phane Miget\",\"@id\":\"https:\\\/\\\/batijournal.com\\\/#\\\/schema\\\/person\\\/1dc96ec6957aa1ccb25ebe78bb19f100\"},\"headline\":\"Convention GRDF \u2013 Anah pour la s\u00e9curisation des installations des logements chauff\u00e9s au gaz\",\"datePublished\":\"2017-02-06T17:09:05+00:00\",\"mainEntityOfPage\":{\"@id\":\"https:\\\/\\\/batijournal.com\\\/index.php\\\/convention-grdf-anah-securisation-installations-logements-chauffes-gaz\\\/94951\\\/\"},\"wordCount\":290,\"image\":{\"@id\":\"https:\\\/\\\/batijournal.com\\\/index.php\\\/convention-grdf-anah-securisation-installations-logements-chauffes-gaz\\\/94951\\\/#primaryimage\"},\"thumbnailUrl\":\"https:\\\/\\\/batijournal.com\\\/wp-content\\\/uploads\\\/2017\\\/02\\\/flamme-gaz.jpg\",\"keywords\":[\"chaudiere a gaz\"],\"articleSection\":[\"\u00c9nergie &amp; Environnement\"],\"inLanguage\":\"fr-FR\"},{\"@type\":\"WebPage\",\"@id\":\"https:\\\/\\\/batijournal.com\\\/index.php\\\/convention-grdf-anah-securisation-installations-logements-chauffes-gaz\\\/94951\\\/\",\"url\":\"https:\\\/\\\/batijournal.com\\\/index.php\\\/convention-grdf-anah-securisation-installations-logements-chauffes-gaz\\\/94951\\\/\",\"name\":\"Convention GRDF \u2013 Anah pour la s\u00e9curisation des installations des logements chauff\u00e9s au gaz\",\"isPartOf\":{\"@id\":\"https:\\\/\\\/batijournal.com\\\/#website\"},\"primaryImageOfPage\":{\"@id\":\"https:\\\/\\\/batijournal.com\\\/index.php\\\/convention-grdf-anah-securisation-installations-logements-chauffes-gaz\\\/94951\\\/#primaryimage\"},\"image\":{\"@id\":\"https:\\\/\\\/batijournal.com\\\/index.php\\\/convention-grdf-anah-securisation-installations-logements-chauffes-gaz\\\/94951\\\/#primaryimage\"},\"thumbnailUrl\":\"https:\\\/\\\/batijournal.com\\\/wp-content\\\/uploads\\\/2017\\\/02\\\/flamme-gaz.jpg\",\"datePublished\":\"2017-02-06T17:09:05+00:00\",\"author\":{\"@id\":\"https:\\\/\\\/batijournal.com\\\/#\\\/schema\\\/person\\\/1dc96ec6957aa1ccb25ebe78bb19f100\"},\"breadcrumb\":{\"@id\":\"https:\\\/\\\/batijournal.com\\\/index.php\\\/convention-grdf-anah-securisation-installations-logements-chauffes-gaz\\\/94951\\\/#breadcrumb\"},\"inLanguage\":\"fr-FR\",\"potentialAction\":[{\"@type\":\"ReadAction\",\"target\":[\"https:\\\/\\\/batijournal.com\\\/index.php\\\/convention-grdf-anah-securisation-installations-logements-chauffes-gaz\\\/94951\\\/\"]}]},{\"@type\":\"ImageObject\",\"inLanguage\":\"fr-FR\",\"@id\":\"https:\\\/\\\/batijournal.com\\\/index.php\\\/convention-grdf-anah-securisation-installations-logements-chauffes-gaz\\\/94951\\\/#primaryimage\",\"url\":\"https:\\\/\\\/batijournal.com\\\/wp-content\\\/uploads\\\/2017\\\/02\\\/flamme-gaz.jpg\",\"contentUrl\":\"https:\\\/\\\/batijournal.com\\\/wp-content\\\/uploads\\\/2017\\\/02\\\/flamme-gaz.jpg\",\"width\":1000,\"height\":465},{\"@type\":\"BreadcrumbList\",\"@id\":\"https:\\\/\\\/batijournal.com\\\/index.php\\\/convention-grdf-anah-securisation-installations-logements-chauffes-gaz\\\/94951\\\/#breadcrumb\",\"itemListElement\":[{\"@type\":\"ListItem\",\"position\":1,\"name\":\"Accueil\",\"item\":\"https:\\\/\\\/batijournal.com\\\/\"},{\"@type\":\"ListItem\",\"position\":2,\"name\":\"Actualit\u00e9s\",\"item\":\"https:\\\/\\\/batijournal.com\\\/index.php\\\/category\\\/actualites\\\/\"},{\"@type\":\"ListItem\",\"position\":3,\"name\":\"\u00c9nergie &amp; Environnement\",\"item\":\"https:\\\/\\\/batijournal.com\\\/index.php\\\/category\\\/actualites\\\/energie-environnement\\\/\"},{\"@type\":\"ListItem\",\"position\":4,\"name\":\"Convention GRDF \u2013 Anah pour la s\u00e9curisation des installations des logements chauff\u00e9s au gaz\"}]},{\"@type\":\"WebSite\",\"@id\":\"https:\\\/\\\/batijournal.com\\\/#website\",\"url\":\"https:\\\/\\\/batijournal.com\\\/\",\"name\":\"Batijournal\",\"description\":\"L&#039;actualit\u00e9 du b\u00e2timent\",\"potentialAction\":[{\"@type\":\"SearchAction\",\"target\":{\"@type\":\"EntryPoint\",\"urlTemplate\":\"https:\\\/\\\/batijournal.com\\\/?s={search_term_string}\"},\"query-input\":{\"@type\":\"PropertyValueSpecification\",\"valueRequired\":true,\"valueName\":\"search_term_string\"}}],\"inLanguage\":\"fr-FR\"},{\"@type\":\"Person\",\"@id\":\"https:\\\/\\\/batijournal.com\\\/#\\\/schema\\\/person\\\/1dc96ec6957aa1ccb25ebe78bb19f100\",\"name\":\"St\u00e9phane Miget\",\"image\":{\"@type\":\"ImageObject\",\"inLanguage\":\"fr-FR\",\"@id\":\"https:\\\/\\\/secure.gravatar.com\\\/avatar\\\/89915563d925342126b8ef0281b93d9d7fc337043e8df017f780908eb9644451?s=96&d=mm&r=g\",\"url\":\"https:\\\/\\\/secure.gravatar.com\\\/avatar\\\/89915563d925342126b8ef0281b93d9d7fc337043e8df017f780908eb9644451?s=96&d=mm&r=g\",\"contentUrl\":\"https:\\\/\\\/secure.gravatar.com\\\/avatar\\\/89915563d925342126b8ef0281b93d9d7fc337043e8df017f780908eb9644451?s=96&d=mm&r=g\",\"caption\":\"St\u00e9phane Miget\"},\"url\":\"https:\\\/\\\/batijournal.com\\\/index.php\\\/author\\\/stephane\\\/\"}]}<\/script>\n<!-- \/ Yoast SEO plugin. -->","yoast_head_json":{"title":"Convention GRDF \u2013 Anah pour la s\u00e9curisation des installations des logements chauff\u00e9s au gaz","robots":{"index":"index","follow":"follow","max-snippet":"max-snippet:-1","max-image-preview":"max-image-preview:large","max-video-preview":"max-video-preview:-1"},"canonical":"https:\/\/batijournal.com\/index.php\/convention-grdf-anah-securisation-installations-logements-chauffes-gaz\/94951\/","og_locale":"fr_FR","og_type":"article","og_title":"Convention GRDF \u2013 Anah pour la s\u00e9curisation des installations des logements chauff\u00e9s au gaz","og_description":"Emmanuelle Cosse, ministre du Logement et de l\u2019Habitat durable, a sign\u00e9 le 6 f\u00e9vrier 2017\u00a0une convention avec Edouard Sauvage, directeur g\u00e9n\u00e9ral de GRDF, et Blanche Guillemot, directrice g\u00e9n\u00e9rale de l\u2019Anah, pour la s\u00e9curisation des logements chauff\u00e9s au gaz occup\u00e9s par des propri\u00e9taires aux revenus modestes et tr\u00e8s modestes. A travers cette convention, GRDF s\u2019engage \u00e0 [&hellip;]","og_url":"https:\/\/batijournal.com\/index.php\/convention-grdf-anah-securisation-installations-logements-chauffes-gaz\/94951\/","og_site_name":"Batijournal","article_published_time":"2017-02-06T17:09:05+00:00","og_image":[{"width":1000,"height":465,"url":"https:\/\/batijournal.com\/wp-content\/uploads\/2017\/02\/flamme-gaz.jpg","type":"image\/jpeg"}],"author":"St\u00e9phane Miget","twitter_card":"summary_large_image","twitter_creator":"@bati_journal","twitter_site":"@bati_journal","twitter_misc":{"\u00c9crit par":"St\u00e9phane Miget","Dur\u00e9e de lecture estim\u00e9e":"1 minute"},"schema":{"@context":"https:\/\/schema.org","@graph":[{"@type":"Article","@id":"https:\/\/batijournal.com\/index.php\/convention-grdf-anah-securisation-installations-logements-chauffes-gaz\/94951\/#article","isPartOf":{"@id":"https:\/\/batijournal.com\/index.php\/convention-grdf-anah-securisation-installations-logements-chauffes-gaz\/94951\/"},"author":{"name":"St\u00e9phane Miget","@id":"https:\/\/batijournal.com\/#\/schema\/person\/1dc96ec6957aa1ccb25ebe78bb19f100"},"headline":"Convention GRDF \u2013 Anah pour la s\u00e9curisation des installations des logements chauff\u00e9s au gaz","datePublished":"2017-02-06T17:09:05+00:00","mainEntityOfPage":{"@id":"https:\/\/batijournal.com\/index.php\/convention-grdf-anah-securisation-installations-logements-chauffes-gaz\/94951\/"},"wordCount":290,"image":{"@id":"https:\/\/batijournal.com\/index.php\/convention-grdf-anah-securisation-installations-logements-chauffes-gaz\/94951\/#primaryimage"},"thumbnailUrl":"https:\/\/batijournal.com\/wp-content\/uploads\/2017\/02\/flamme-gaz.jpg","keywords":["chaudiere a gaz"],"articleSection":["\u00c9nergie &amp; Environnement"],"inLanguage":"fr-FR"},{"@type":"WebPage","@id":"https:\/\/batijournal.com\/index.php\/convention-grdf-anah-securisation-installations-logements-chauffes-gaz\/94951\/","url":"https:\/\/batijournal.com\/index.php\/convention-grdf-anah-securisation-installations-logements-chauffes-gaz\/94951\/","name":"Convention GRDF \u2013 Anah pour la s\u00e9curisation des installations des logements chauff\u00e9s au gaz","isPartOf":{"@id":"https:\/\/batijournal.com\/#website"},"primaryImageOfPage":{"@id":"https:\/\/batijournal.com\/index.php\/convention-grdf-anah-securisation-installations-logements-chauffes-gaz\/94951\/#primaryimage"},"image":{"@id":"https:\/\/batijournal.com\/index.php\/convention-grdf-anah-securisation-installations-logements-chauffes-gaz\/94951\/#primaryimage"},"thumbnailUrl":"https:\/\/batijournal.com\/wp-content\/uploads\/2017\/02\/flamme-gaz.jpg","datePublished":"2017-02-06T17:09:05+00:00","author":{"@id":"https:\/\/batijournal.com\/#\/schema\/person\/1dc96ec6957aa1ccb25ebe78bb19f100"},"breadcrumb":{"@id":"https:\/\/batijournal.com\/index.php\/convention-grdf-anah-securisation-installations-logements-chauffes-gaz\/94951\/#breadcrumb"},"inLanguage":"fr-FR","potentialAction":[{"@type":"ReadAction","target":["https:\/\/batijournal.com\/index.php\/convention-grdf-anah-securisation-installations-logements-chauffes-gaz\/94951\/"]}]},{"@type":"ImageObject","inLanguage":"fr-FR","@id":"https:\/\/batijournal.com\/index.php\/convention-grdf-anah-securisation-installations-logements-chauffes-gaz\/94951\/#primaryimage","url":"https:\/\/batijournal.com\/wp-content\/uploads\/2017\/02\/flamme-gaz.jpg","contentUrl":"https:\/\/batijournal.com\/wp-content\/uploads\/2017\/02\/flamme-gaz.jpg","width":1000,"height":465},{"@type":"BreadcrumbList","@id":"https:\/\/batijournal.com\/index.php\/convention-grdf-anah-securisation-installations-logements-chauffes-gaz\/94951\/#breadcrumb","itemListElement":[{"@type":"ListItem","position":1,"name":"Accueil","item":"https:\/\/batijournal.com\/"},{"@type":"ListItem","position":2,"name":"Actualit\u00e9s","item":"https:\/\/batijournal.com\/index.php\/category\/actualites\/"},{"@type":"ListItem","position":3,"name":"\u00c9nergie &amp; Environnement","item":"https:\/\/batijournal.com\/index.php\/category\/actualites\/energie-environnement\/"},{"@type":"ListItem","position":4,"name":"Convention GRDF \u2013 Anah pour la s\u00e9curisation des installations des logements chauff\u00e9s au gaz"}]},{"@type":"WebSite","@id":"https:\/\/batijournal.com\/#website","url":"https:\/\/batijournal.com\/","name":"Batijournal","description":"L&#039;actualit\u00e9 du b\u00e2timent","potentialAction":[{"@type":"SearchAction","target":{"@type":"EntryPoint","urlTemplate":"https:\/\/batijournal.com\/?s={search_term_string}"},"query-input":{"@type":"PropertyValueSpecification","valueRequired":true,"valueName":"search_term_string"}}],"inLanguage":"fr-FR"},{"@type":"Person","@id":"https:\/\/batijournal.com\/#\/schema\/person\/1dc96ec6957aa1ccb25ebe78bb19f100","name":"St\u00e9phane Miget","image":{"@type":"ImageObject","inLanguage":"fr-FR","@id":"https:\/\/secure.gravatar.com\/avatar\/89915563d925342126b8ef0281b93d9d7fc337043e8df017f780908eb9644451?s=96&d=mm&r=g","url":"https:\/\/secure.gravatar.com\/avatar\/89915563d925342126b8ef0281b93d9d7fc337043e8df017f780908eb9644451?s=96&d=mm&r=g","contentUrl":"https:\/\/secure.gravatar.com\/avatar\/89915563d925342126b8ef0281b93d9d7fc337043e8df017f780908eb9644451?s=96&d=mm&r=g","caption":"St\u00e9phane Miget"},"url":"https:\/\/batijournal.com\/index.php\/author\/stephane\/"}]}},"_links":{"self":[{"href":"https:\/\/batijournal.com\/index.php\/wp-json\/wp\/v2\/posts\/94951","targetHints":{"allow":["GET"]}}],"collection":[{"href":"https:\/\/batijournal.com\/index.php\/wp-json\/wp\/v2\/posts"}],"about":[{"href":"https:\/\/batijournal.com\/index.php\/wp-json\/wp\/v2\/types\/post"}],"author":[{"embeddable":true,"href":"https:\/\/batijournal.com\/index.php\/wp-json\/wp\/v2\/users\/17"}],"replies":[{"embeddable":true,"href":"https:\/\/batijournal.com\/index.php\/wp-json\/wp\/v2\/comments?post=94951"}],"version-history":[{"count":0,"href":"https:\/\/batijournal.com\/index.php\/wp-json\/wp\/v2\/posts\/94951\/revisions"}],"wp:featuredmedia":[{"embeddable":true,"href":"https:\/\/batijournal.com\/index.php\/wp-json\/wp\/v2\/media\/94952"}],"wp:attachment":[{"href":"https:\/\/batijournal.com\/index.php\/wp-json\/wp\/v2\/media?parent=94951"}],"wp:term":[{"taxonomy":"category","embeddable":true,"href":"https:\/\/batijournal.com\/index.php\/wp-json\/wp\/v2\/categories?post=94951"},{"taxonomy":"post_tag","embeddable":true,"href":"https:\/\/batijournal.com\/index.php\/wp-json\/wp\/v2\/tags?post=94951"}],"curies":[{"name":"wp","href":"https:\/\/api.w.org\/{rel}","templated":true}]}}