{"id":94993,"date":"2017-02-08T17:53:09","date_gmt":"2017-02-08T16:53:09","guid":{"rendered":"http:\/\/batijournal.com\/?p=94993"},"modified":"2019-07-15T12:13:17","modified_gmt":"2019-07-15T10:13:17","slug":"suis-tete-de-lart","status":"publish","type":"post","link":"https:\/\/batijournal.com\/index.php\/suis-tete-de-lart\/94993\/","title":{"rendered":"\u00ab Je suis une t\u00eate de l\u2019art \u00bb"},"content":{"rendered":"<p>Du 14 au 16 juillet prochain le Centre International de Deauville et l\u2019Association Art et Verre de Touques ouvrent les portes du premier Festival des M\u00e9tiers d\u2019Art de Deauville pour promouvoir l\u2019excellence de savoir-faire et faire rena\u00eetre des m\u00e9tiers. Les organisateurs lancent une campagne de communication \u00ab JE SUIS UNE T\u00caTE DE L\u2019ART \u00bb. <em>\u00ab Avec ce message humoriste et humanisant, nous soulignons la d\u00e9termination des artisans d\u2019art qui se sont lanc\u00e9s avec passion dans des m\u00e9tiers parfois totalement oubli\u00e9s \u00bb<\/em> souligne Katia Birnbaum, directrice communication du Centre International de Deauville. Les portraits des artisans pris en photo dans leurs ateliers sont principalement relay\u00e9s sur le site internet <a href=\"https:\/\/festival-metiers-art.fr\/\" target=\"_blank\" rel=\"noopener noreferrer\">https:\/\/festival-metiers-art.fr\/<\/a> et les r\u00e9seaux sociaux.<\/p>\n<p>Affiche : Cyril, Ma\u00eetre Verrier \u00e0 Touques et coorganisateur du Festival<\/p>\n","protected":false},"excerpt":{"rendered":"<p>Du 14 au 16 juillet prochain le Centre International de Deauville et l\u2019Association Art et Verre de Touques ouvrent les portes du premier Festival des M\u00e9tiers d\u2019Art de Deauville pour promouvoir l\u2019excellence de savoir-faire et faire rena\u00eetre des m\u00e9tiers. Les organisateurs lancent une campagne de communication \u00ab JE SUIS UNE T\u00caTE DE L\u2019ART \u00bb. \u00ab [&hellip;]<\/p>\n","protected":false},"author":17,"featured_media":94994,"comment_status":"closed","ping_status":"closed","sticky":false,"template":"","format":"standard","meta":{"_et_pb_use_builder":"","_et_pb_old_content":"","_et_gb_content_width":"","footnotes":""},"categories":[10530,6345,9192],"tags":[6188],"class_list":["post-94993","post","type-post","status-publish","format-standard","has-post-thumbnail","hentry","category-actualites","category-economie-marches","category-evenements","tag-metiers-dart"],"yoast_head":"<!-- This site is optimized with the Yoast SEO plugin v27.4 - https:\/\/yoast.com\/product\/yoast-seo-wordpress\/ -->\n<title>\u00ab Je suis une t\u00eate de l\u2019art \u00bb<\/title>\n<meta name=\"robots\" content=\"index, follow, max-snippet:-1, max-image-preview:large, max-video-preview:-1\" \/>\n<link rel=\"canonical\" href=\"https:\/\/batijournal.com\/index.php\/suis-tete-de-lart\/94993\/\" \/>\n<meta property=\"og:locale\" content=\"fr_FR\" \/>\n<meta property=\"og:type\" content=\"article\" \/>\n<meta property=\"og:title\" content=\"\u00ab Je suis une t\u00eate de l\u2019art \u00bb\" \/>\n<meta property=\"og:description\" content=\"Du 14 au 16 juillet prochain le Centre International de Deauville et l\u2019Association Art et Verre de Touques ouvrent les portes du premier Festival des M\u00e9tiers d\u2019Art de Deauville pour promouvoir l\u2019excellence de savoir-faire et faire rena\u00eetre des m\u00e9tiers. Les organisateurs lancent une campagne de communication \u00ab JE SUIS UNE T\u00caTE DE L\u2019ART \u00bb. \u00ab [&hellip;]\" \/>\n<meta property=\"og:url\" content=\"https:\/\/batijournal.com\/index.php\/suis-tete-de-lart\/94993\/\" \/>\n<meta property=\"og:site_name\" content=\"Batijournal\" \/>\n<meta property=\"article:published_time\" content=\"2017-02-08T16:53:09+00:00\" \/>\n<meta property=\"article:modified_time\" content=\"2019-07-15T10:13:17+00:00\" \/>\n<meta property=\"og:image\" content=\"https:\/\/batijournal.com\/wp-content\/uploads\/2017\/02\/crilgouty_tete_de_l_art_798.jpg\" \/>\n\t<meta property=\"og:image:width\" content=\"850\" \/>\n\t<meta property=\"og:image:height\" content=\"700\" \/>\n\t<meta property=\"og:image:type\" content=\"image\/jpeg\" \/>\n<meta name=\"author\" content=\"St\u00e9phane Miget\" \/>\n<meta name=\"twitter:card\" content=\"summary_large_image\" \/>\n<meta name=\"twitter:creator\" content=\"@bati_journal\" \/>\n<meta name=\"twitter:site\" content=\"@bati_journal\" \/>\n<meta name=\"twitter:label1\" content=\"\u00c9crit par\" \/>\n\t<meta name=\"twitter:data1\" content=\"St\u00e9phane Miget\" \/>\n\t<meta name=\"twitter:label2\" content=\"Dur\u00e9e de lecture estim\u00e9e\" \/>\n\t<meta name=\"twitter:data2\" content=\"1 minute\" \/>\n<script type=\"application\/ld+json\" class=\"yoast-schema-graph\">{\"@context\":\"https:\\\/\\\/schema.org\",\"@graph\":[{\"@type\":\"Article\",\"@id\":\"https:\\\/\\\/batijournal.com\\\/index.php\\\/suis-tete-de-lart\\\/94993\\\/#article\",\"isPartOf\":{\"@id\":\"https:\\\/\\\/batijournal.com\\\/index.php\\\/suis-tete-de-lart\\\/94993\\\/\"},\"author\":{\"name\":\"St\u00e9phane Miget\",\"@id\":\"https:\\\/\\\/batijournal.com\\\/#\\\/schema\\\/person\\\/1dc96ec6957aa1ccb25ebe78bb19f100\"},\"headline\":\"\u00ab Je suis une t\u00eate de l\u2019art \u00bb\",\"datePublished\":\"2017-02-08T16:53:09+00:00\",\"dateModified\":\"2019-07-15T10:13:17+00:00\",\"mainEntityOfPage\":{\"@id\":\"https:\\\/\\\/batijournal.com\\\/index.php\\\/suis-tete-de-lart\\\/94993\\\/\"},\"wordCount\":142,\"image\":{\"@id\":\"https:\\\/\\\/batijournal.com\\\/index.php\\\/suis-tete-de-lart\\\/94993\\\/#primaryimage\"},\"thumbnailUrl\":\"https:\\\/\\\/batijournal.com\\\/wp-content\\\/uploads\\\/2017\\\/02\\\/crilgouty_tete_de_l_art_798.jpg\",\"keywords\":[\"m\u00e9tiers d'art\"],\"articleSection\":[\"Actualit\u00e9s\",\"\u00c9conomie &amp; March\u00e9s\",\"\u00c9v\u00e9nements\"],\"inLanguage\":\"fr-FR\"},{\"@type\":\"WebPage\",\"@id\":\"https:\\\/\\\/batijournal.com\\\/index.php\\\/suis-tete-de-lart\\\/94993\\\/\",\"url\":\"https:\\\/\\\/batijournal.com\\\/index.php\\\/suis-tete-de-lart\\\/94993\\\/\",\"name\":\"\u00ab Je suis une t\u00eate de l\u2019art \u00bb\",\"isPartOf\":{\"@id\":\"https:\\\/\\\/batijournal.com\\\/#website\"},\"primaryImageOfPage\":{\"@id\":\"https:\\\/\\\/batijournal.com\\\/index.php\\\/suis-tete-de-lart\\\/94993\\\/#primaryimage\"},\"image\":{\"@id\":\"https:\\\/\\\/batijournal.com\\\/index.php\\\/suis-tete-de-lart\\\/94993\\\/#primaryimage\"},\"thumbnailUrl\":\"https:\\\/\\\/batijournal.com\\\/wp-content\\\/uploads\\\/2017\\\/02\\\/crilgouty_tete_de_l_art_798.jpg\",\"datePublished\":\"2017-02-08T16:53:09+00:00\",\"dateModified\":\"2019-07-15T10:13:17+00:00\",\"author\":{\"@id\":\"https:\\\/\\\/batijournal.com\\\/#\\\/schema\\\/person\\\/1dc96ec6957aa1ccb25ebe78bb19f100\"},\"breadcrumb\":{\"@id\":\"https:\\\/\\\/batijournal.com\\\/index.php\\\/suis-tete-de-lart\\\/94993\\\/#breadcrumb\"},\"inLanguage\":\"fr-FR\",\"potentialAction\":[{\"@type\":\"ReadAction\",\"target\":[\"https:\\\/\\\/batijournal.com\\\/index.php\\\/suis-tete-de-lart\\\/94993\\\/\"]}]},{\"@type\":\"ImageObject\",\"inLanguage\":\"fr-FR\",\"@id\":\"https:\\\/\\\/batijournal.com\\\/index.php\\\/suis-tete-de-lart\\\/94993\\\/#primaryimage\",\"url\":\"https:\\\/\\\/batijournal.com\\\/wp-content\\\/uploads\\\/2017\\\/02\\\/crilgouty_tete_de_l_art_798.jpg\",\"contentUrl\":\"https:\\\/\\\/batijournal.com\\\/wp-content\\\/uploads\\\/2017\\\/02\\\/crilgouty_tete_de_l_art_798.jpg\",\"width\":850,\"height\":700},{\"@type\":\"BreadcrumbList\",\"@id\":\"https:\\\/\\\/batijournal.com\\\/index.php\\\/suis-tete-de-lart\\\/94993\\\/#breadcrumb\",\"itemListElement\":[{\"@type\":\"ListItem\",\"position\":1,\"name\":\"Accueil\",\"item\":\"https:\\\/\\\/batijournal.com\\\/\"},{\"@type\":\"ListItem\",\"position\":2,\"name\":\"Actualit\u00e9s\",\"item\":\"https:\\\/\\\/batijournal.com\\\/index.php\\\/category\\\/actualites\\\/\"},{\"@type\":\"ListItem\",\"position\":3,\"name\":\"\u00ab Je suis une t\u00eate de l\u2019art \u00bb\"}]},{\"@type\":\"WebSite\",\"@id\":\"https:\\\/\\\/batijournal.com\\\/#website\",\"url\":\"https:\\\/\\\/batijournal.com\\\/\",\"name\":\"Batijournal\",\"description\":\"L&#039;actualit\u00e9 du b\u00e2timent\",\"potentialAction\":[{\"@type\":\"SearchAction\",\"target\":{\"@type\":\"EntryPoint\",\"urlTemplate\":\"https:\\\/\\\/batijournal.com\\\/?s={search_term_string}\"},\"query-input\":{\"@type\":\"PropertyValueSpecification\",\"valueRequired\":true,\"valueName\":\"search_term_string\"}}],\"inLanguage\":\"fr-FR\"},{\"@type\":\"Person\",\"@id\":\"https:\\\/\\\/batijournal.com\\\/#\\\/schema\\\/person\\\/1dc96ec6957aa1ccb25ebe78bb19f100\",\"name\":\"St\u00e9phane Miget\",\"image\":{\"@type\":\"ImageObject\",\"inLanguage\":\"fr-FR\",\"@id\":\"https:\\\/\\\/secure.gravatar.com\\\/avatar\\\/89915563d925342126b8ef0281b93d9d7fc337043e8df017f780908eb9644451?s=96&d=mm&r=g\",\"url\":\"https:\\\/\\\/secure.gravatar.com\\\/avatar\\\/89915563d925342126b8ef0281b93d9d7fc337043e8df017f780908eb9644451?s=96&d=mm&r=g\",\"contentUrl\":\"https:\\\/\\\/secure.gravatar.com\\\/avatar\\\/89915563d925342126b8ef0281b93d9d7fc337043e8df017f780908eb9644451?s=96&d=mm&r=g\",\"caption\":\"St\u00e9phane Miget\"},\"url\":\"https:\\\/\\\/batijournal.com\\\/index.php\\\/author\\\/stephane\\\/\"}]}<\/script>\n<!-- \/ Yoast SEO plugin. -->","yoast_head_json":{"title":"\u00ab Je suis une t\u00eate de l\u2019art \u00bb","robots":{"index":"index","follow":"follow","max-snippet":"max-snippet:-1","max-image-preview":"max-image-preview:large","max-video-preview":"max-video-preview:-1"},"canonical":"https:\/\/batijournal.com\/index.php\/suis-tete-de-lart\/94993\/","og_locale":"fr_FR","og_type":"article","og_title":"\u00ab Je suis une t\u00eate de l\u2019art \u00bb","og_description":"Du 14 au 16 juillet prochain le Centre International de Deauville et l\u2019Association Art et Verre de Touques ouvrent les portes du premier Festival des M\u00e9tiers d\u2019Art de Deauville pour promouvoir l\u2019excellence de savoir-faire et faire rena\u00eetre des m\u00e9tiers. Les organisateurs lancent une campagne de communication \u00ab JE SUIS UNE T\u00caTE DE L\u2019ART \u00bb. \u00ab [&hellip;]","og_url":"https:\/\/batijournal.com\/index.php\/suis-tete-de-lart\/94993\/","og_site_name":"Batijournal","article_published_time":"2017-02-08T16:53:09+00:00","article_modified_time":"2019-07-15T10:13:17+00:00","og_image":[{"width":850,"height":700,"url":"https:\/\/batijournal.com\/wp-content\/uploads\/2017\/02\/crilgouty_tete_de_l_art_798.jpg","type":"image\/jpeg"}],"author":"St\u00e9phane Miget","twitter_card":"summary_large_image","twitter_creator":"@bati_journal","twitter_site":"@bati_journal","twitter_misc":{"\u00c9crit par":"St\u00e9phane Miget","Dur\u00e9e de lecture estim\u00e9e":"1 minute"},"schema":{"@context":"https:\/\/schema.org","@graph":[{"@type":"Article","@id":"https:\/\/batijournal.com\/index.php\/suis-tete-de-lart\/94993\/#article","isPartOf":{"@id":"https:\/\/batijournal.com\/index.php\/suis-tete-de-lart\/94993\/"},"author":{"name":"St\u00e9phane Miget","@id":"https:\/\/batijournal.com\/#\/schema\/person\/1dc96ec6957aa1ccb25ebe78bb19f100"},"headline":"\u00ab Je suis une t\u00eate de l\u2019art \u00bb","datePublished":"2017-02-08T16:53:09+00:00","dateModified":"2019-07-15T10:13:17+00:00","mainEntityOfPage":{"@id":"https:\/\/batijournal.com\/index.php\/suis-tete-de-lart\/94993\/"},"wordCount":142,"image":{"@id":"https:\/\/batijournal.com\/index.php\/suis-tete-de-lart\/94993\/#primaryimage"},"thumbnailUrl":"https:\/\/batijournal.com\/wp-content\/uploads\/2017\/02\/crilgouty_tete_de_l_art_798.jpg","keywords":["m\u00e9tiers d'art"],"articleSection":["Actualit\u00e9s","\u00c9conomie &amp; March\u00e9s","\u00c9v\u00e9nements"],"inLanguage":"fr-FR"},{"@type":"WebPage","@id":"https:\/\/batijournal.com\/index.php\/suis-tete-de-lart\/94993\/","url":"https:\/\/batijournal.com\/index.php\/suis-tete-de-lart\/94993\/","name":"\u00ab Je suis une t\u00eate de l\u2019art \u00bb","isPartOf":{"@id":"https:\/\/batijournal.com\/#website"},"primaryImageOfPage":{"@id":"https:\/\/batijournal.com\/index.php\/suis-tete-de-lart\/94993\/#primaryimage"},"image":{"@id":"https:\/\/batijournal.com\/index.php\/suis-tete-de-lart\/94993\/#primaryimage"},"thumbnailUrl":"https:\/\/batijournal.com\/wp-content\/uploads\/2017\/02\/crilgouty_tete_de_l_art_798.jpg","datePublished":"2017-02-08T16:53:09+00:00","dateModified":"2019-07-15T10:13:17+00:00","author":{"@id":"https:\/\/batijournal.com\/#\/schema\/person\/1dc96ec6957aa1ccb25ebe78bb19f100"},"breadcrumb":{"@id":"https:\/\/batijournal.com\/index.php\/suis-tete-de-lart\/94993\/#breadcrumb"},"inLanguage":"fr-FR","potentialAction":[{"@type":"ReadAction","target":["https:\/\/batijournal.com\/index.php\/suis-tete-de-lart\/94993\/"]}]},{"@type":"ImageObject","inLanguage":"fr-FR","@id":"https:\/\/batijournal.com\/index.php\/suis-tete-de-lart\/94993\/#primaryimage","url":"https:\/\/batijournal.com\/wp-content\/uploads\/2017\/02\/crilgouty_tete_de_l_art_798.jpg","contentUrl":"https:\/\/batijournal.com\/wp-content\/uploads\/2017\/02\/crilgouty_tete_de_l_art_798.jpg","width":850,"height":700},{"@type":"BreadcrumbList","@id":"https:\/\/batijournal.com\/index.php\/suis-tete-de-lart\/94993\/#breadcrumb","itemListElement":[{"@type":"ListItem","position":1,"name":"Accueil","item":"https:\/\/batijournal.com\/"},{"@type":"ListItem","position":2,"name":"Actualit\u00e9s","item":"https:\/\/batijournal.com\/index.php\/category\/actualites\/"},{"@type":"ListItem","position":3,"name":"\u00ab Je suis une t\u00eate de l\u2019art \u00bb"}]},{"@type":"WebSite","@id":"https:\/\/batijournal.com\/#website","url":"https:\/\/batijournal.com\/","name":"Batijournal","description":"L&#039;actualit\u00e9 du b\u00e2timent","potentialAction":[{"@type":"SearchAction","target":{"@type":"EntryPoint","urlTemplate":"https:\/\/batijournal.com\/?s={search_term_string}"},"query-input":{"@type":"PropertyValueSpecification","valueRequired":true,"valueName":"search_term_string"}}],"inLanguage":"fr-FR"},{"@type":"Person","@id":"https:\/\/batijournal.com\/#\/schema\/person\/1dc96ec6957aa1ccb25ebe78bb19f100","name":"St\u00e9phane Miget","image":{"@type":"ImageObject","inLanguage":"fr-FR","@id":"https:\/\/secure.gravatar.com\/avatar\/89915563d925342126b8ef0281b93d9d7fc337043e8df017f780908eb9644451?s=96&d=mm&r=g","url":"https:\/\/secure.gravatar.com\/avatar\/89915563d925342126b8ef0281b93d9d7fc337043e8df017f780908eb9644451?s=96&d=mm&r=g","contentUrl":"https:\/\/secure.gravatar.com\/avatar\/89915563d925342126b8ef0281b93d9d7fc337043e8df017f780908eb9644451?s=96&d=mm&r=g","caption":"St\u00e9phane Miget"},"url":"https:\/\/batijournal.com\/index.php\/author\/stephane\/"}]}},"_links":{"self":[{"href":"https:\/\/batijournal.com\/index.php\/wp-json\/wp\/v2\/posts\/94993","targetHints":{"allow":["GET"]}}],"collection":[{"href":"https:\/\/batijournal.com\/index.php\/wp-json\/wp\/v2\/posts"}],"about":[{"href":"https:\/\/batijournal.com\/index.php\/wp-json\/wp\/v2\/types\/post"}],"author":[{"embeddable":true,"href":"https:\/\/batijournal.com\/index.php\/wp-json\/wp\/v2\/users\/17"}],"replies":[{"embeddable":true,"href":"https:\/\/batijournal.com\/index.php\/wp-json\/wp\/v2\/comments?post=94993"}],"version-history":[{"count":0,"href":"https:\/\/batijournal.com\/index.php\/wp-json\/wp\/v2\/posts\/94993\/revisions"}],"wp:featuredmedia":[{"embeddable":true,"href":"https:\/\/batijournal.com\/index.php\/wp-json\/wp\/v2\/media\/94994"}],"wp:attachment":[{"href":"https:\/\/batijournal.com\/index.php\/wp-json\/wp\/v2\/media?parent=94993"}],"wp:term":[{"taxonomy":"category","embeddable":true,"href":"https:\/\/batijournal.com\/index.php\/wp-json\/wp\/v2\/categories?post=94993"},{"taxonomy":"post_tag","embeddable":true,"href":"https:\/\/batijournal.com\/index.php\/wp-json\/wp\/v2\/tags?post=94993"}],"curies":[{"name":"wp","href":"https:\/\/api.w.org\/{rel}","templated":true}]}}