{"id":95021,"date":"2017-02-09T15:53:08","date_gmt":"2017-02-09T14:53:08","guid":{"rendered":"http:\/\/batijournal.com\/?p=95021"},"modified":"2017-02-09T15:53:08","modified_gmt":"2017-02-09T14:53:08","slug":"granit-breton-a-indication-geographique","status":"publish","type":"post","link":"https:\/\/batijournal.com\/index.php\/granit-breton-a-indication-geographique\/95021\/","title":{"rendered":"Le granit breton a son Indication G\u00e9ographique"},"content":{"rendered":"<p>L\u2019INPI a homologu\u00e9 l\u2019Indication G\u00e9ographique (IG) \u00ab Granit de Bretagne \u00bb. Cette IG, la premi\u00e8re dans le secteur des pierres naturelles, a pour objectif de prot\u00e9ger les granits extraits de carri\u00e8res implant\u00e9es en Bretagne et dans la commune de Saint-James (50), ainsi que les produits fabriqu\u00e9s \u00e0 partir de ces granits, dans cette m\u00eame zone g\u00e9ographique, et de garantir l\u2019authenticit\u00e9 des produits mis sur le march\u00e9.<\/p>\n<p><img loading=\"lazy\" decoding=\"async\" class=\"aligncenter size-full wp-image-95022\" src=\"https:\/\/batijournal.com\/wp-content\/uploads\/2017\/02\/Indication-G\u00e9ographique-1.png\" alt=\"\" width=\"597\" height=\"262\" srcset=\"https:\/\/batijournal.com\/wp-content\/uploads\/2017\/02\/Indication-G\u00e9ographique-1.png 597w, https:\/\/batijournal.com\/wp-content\/uploads\/2017\/02\/Indication-G\u00e9ographique-1-150x66.png 150w, https:\/\/batijournal.com\/wp-content\/uploads\/2017\/02\/Indication-G\u00e9ographique-1-300x132.png 300w\" sizes=\"(max-width: 597px) 100vw, 597px\" \/><\/p>\n<p>L\u2019UNICEM se r\u00e9jouit de cette d\u00e9marche de protection du granit breton face \u00e0 une concurrence internationale \u00e0 bas prix, et appelle de ses v\u0153ux l\u2019homologation des d\u00e9marches d\u2019indication g\u00e9ographique engag\u00e9es par d\u2019autres pierres naturelles. Elle rappelle que le caract\u00e8re local des activit\u00e9s des industries de carri\u00e8res et mat\u00e9riaux de construction est un v\u00e9ritable atout pour les territoires qui les accueillent. Tr\u00e8s largement implant\u00e9es en milieu rural, ces activit\u00e9s participent pleinement \u00e0 l\u2019am\u00e9nagement et \u00e0 la dynamique \u00e9conomique des territoires.<\/p>\n","protected":false},"excerpt":{"rendered":"<p>L\u2019INPI a homologu\u00e9 l\u2019Indication G\u00e9ographique (IG) \u00ab Granit de Bretagne \u00bb. Cette IG, la premi\u00e8re dans le secteur des pierres naturelles, a pour objectif de prot\u00e9ger les granits extraits de carri\u00e8res implant\u00e9es en Bretagne et dans la commune de Saint-James (50), ainsi que les produits fabriqu\u00e9s \u00e0 partir de ces granits, dans cette m\u00eame zone [&hellip;]<\/p>\n","protected":false},"author":17,"featured_media":95023,"comment_status":"closed","ping_status":"closed","sticky":false,"template":"","format":"standard","meta":{"_et_pb_use_builder":"","_et_pb_old_content":"","_et_gb_content_width":"","footnotes":""},"categories":[10530],"tags":[2384,2673,2403,6669],"class_list":["post-95021","post","type-post","status-publish","format-standard","has-post-thumbnail","hentry","category-actualites","tag-bretagne","tag-carriere","tag-pierre","tag-unicem"],"yoast_head":"<!-- This site is optimized with the Yoast SEO plugin v27.4 - https:\/\/yoast.com\/product\/yoast-seo-wordpress\/ -->\n<title>Le granit breton a son Indication G\u00e9ographique<\/title>\n<meta name=\"robots\" content=\"index, follow, max-snippet:-1, max-image-preview:large, max-video-preview:-1\" \/>\n<link rel=\"canonical\" href=\"https:\/\/batijournal.com\/index.php\/granit-breton-a-indication-geographique\/95021\/\" \/>\n<meta property=\"og:locale\" content=\"fr_FR\" \/>\n<meta property=\"og:type\" content=\"article\" \/>\n<meta property=\"og:title\" content=\"Le granit breton a son Indication G\u00e9ographique\" \/>\n<meta property=\"og:description\" content=\"L\u2019INPI a homologu\u00e9 l\u2019Indication G\u00e9ographique (IG) \u00ab Granit de Bretagne \u00bb. Cette IG, la premi\u00e8re dans le secteur des pierres naturelles, a pour objectif de prot\u00e9ger les granits extraits de carri\u00e8res implant\u00e9es en Bretagne et dans la commune de Saint-James (50), ainsi que les produits fabriqu\u00e9s \u00e0 partir de ces granits, dans cette m\u00eame zone [&hellip;]\" \/>\n<meta property=\"og:url\" content=\"https:\/\/batijournal.com\/index.php\/granit-breton-a-indication-geographique\/95021\/\" \/>\n<meta property=\"og:site_name\" content=\"Batijournal\" \/>\n<meta property=\"article:published_time\" content=\"2017-02-09T14:53:08+00:00\" \/>\n<meta property=\"og:image\" content=\"https:\/\/batijournal.com\/wp-content\/uploads\/2017\/02\/Indication-G\u00e9ographique-2.png\" \/>\n\t<meta property=\"og:image:width\" content=\"705\" \/>\n\t<meta property=\"og:image:height\" content=\"394\" \/>\n\t<meta property=\"og:image:type\" content=\"image\/png\" \/>\n<meta name=\"author\" content=\"St\u00e9phane Miget\" \/>\n<meta name=\"twitter:card\" content=\"summary_large_image\" \/>\n<meta name=\"twitter:creator\" content=\"@bati_journal\" \/>\n<meta name=\"twitter:site\" content=\"@bati_journal\" \/>\n<meta name=\"twitter:label1\" content=\"\u00c9crit par\" \/>\n\t<meta name=\"twitter:data1\" content=\"St\u00e9phane Miget\" \/>\n\t<meta name=\"twitter:label2\" content=\"Dur\u00e9e de lecture estim\u00e9e\" \/>\n\t<meta name=\"twitter:data2\" content=\"1 minute\" \/>\n<script type=\"application\/ld+json\" class=\"yoast-schema-graph\">{\"@context\":\"https:\\\/\\\/schema.org\",\"@graph\":[{\"@type\":\"Article\",\"@id\":\"https:\\\/\\\/batijournal.com\\\/index.php\\\/granit-breton-a-indication-geographique\\\/95021\\\/#article\",\"isPartOf\":{\"@id\":\"https:\\\/\\\/batijournal.com\\\/index.php\\\/granit-breton-a-indication-geographique\\\/95021\\\/\"},\"author\":{\"name\":\"St\u00e9phane Miget\",\"@id\":\"https:\\\/\\\/batijournal.com\\\/#\\\/schema\\\/person\\\/1dc96ec6957aa1ccb25ebe78bb19f100\"},\"headline\":\"Le granit breton a son Indication G\u00e9ographique\",\"datePublished\":\"2017-02-09T14:53:08+00:00\",\"mainEntityOfPage\":{\"@id\":\"https:\\\/\\\/batijournal.com\\\/index.php\\\/granit-breton-a-indication-geographique\\\/95021\\\/\"},\"wordCount\":176,\"image\":{\"@id\":\"https:\\\/\\\/batijournal.com\\\/index.php\\\/granit-breton-a-indication-geographique\\\/95021\\\/#primaryimage\"},\"thumbnailUrl\":\"https:\\\/\\\/batijournal.com\\\/wp-content\\\/uploads\\\/2017\\\/02\\\/Indication-G\u00e9ographique-2.png\",\"keywords\":[\"Bretagne\",\"Carri\u00e8re\",\"pierre\",\"unicem\"],\"articleSection\":[\"Actualit\u00e9s\"],\"inLanguage\":\"fr-FR\"},{\"@type\":\"WebPage\",\"@id\":\"https:\\\/\\\/batijournal.com\\\/index.php\\\/granit-breton-a-indication-geographique\\\/95021\\\/\",\"url\":\"https:\\\/\\\/batijournal.com\\\/index.php\\\/granit-breton-a-indication-geographique\\\/95021\\\/\",\"name\":\"Le granit breton a son Indication G\u00e9ographique\",\"isPartOf\":{\"@id\":\"https:\\\/\\\/batijournal.com\\\/#website\"},\"primaryImageOfPage\":{\"@id\":\"https:\\\/\\\/batijournal.com\\\/index.php\\\/granit-breton-a-indication-geographique\\\/95021\\\/#primaryimage\"},\"image\":{\"@id\":\"https:\\\/\\\/batijournal.com\\\/index.php\\\/granit-breton-a-indication-geographique\\\/95021\\\/#primaryimage\"},\"thumbnailUrl\":\"https:\\\/\\\/batijournal.com\\\/wp-content\\\/uploads\\\/2017\\\/02\\\/Indication-G\u00e9ographique-2.png\",\"datePublished\":\"2017-02-09T14:53:08+00:00\",\"author\":{\"@id\":\"https:\\\/\\\/batijournal.com\\\/#\\\/schema\\\/person\\\/1dc96ec6957aa1ccb25ebe78bb19f100\"},\"breadcrumb\":{\"@id\":\"https:\\\/\\\/batijournal.com\\\/index.php\\\/granit-breton-a-indication-geographique\\\/95021\\\/#breadcrumb\"},\"inLanguage\":\"fr-FR\",\"potentialAction\":[{\"@type\":\"ReadAction\",\"target\":[\"https:\\\/\\\/batijournal.com\\\/index.php\\\/granit-breton-a-indication-geographique\\\/95021\\\/\"]}]},{\"@type\":\"ImageObject\",\"inLanguage\":\"fr-FR\",\"@id\":\"https:\\\/\\\/batijournal.com\\\/index.php\\\/granit-breton-a-indication-geographique\\\/95021\\\/#primaryimage\",\"url\":\"https:\\\/\\\/batijournal.com\\\/wp-content\\\/uploads\\\/2017\\\/02\\\/Indication-G\u00e9ographique-2.png\",\"contentUrl\":\"https:\\\/\\\/batijournal.com\\\/wp-content\\\/uploads\\\/2017\\\/02\\\/Indication-G\u00e9ographique-2.png\",\"width\":705,\"height\":394},{\"@type\":\"BreadcrumbList\",\"@id\":\"https:\\\/\\\/batijournal.com\\\/index.php\\\/granit-breton-a-indication-geographique\\\/95021\\\/#breadcrumb\",\"itemListElement\":[{\"@type\":\"ListItem\",\"position\":1,\"name\":\"Accueil\",\"item\":\"https:\\\/\\\/batijournal.com\\\/\"},{\"@type\":\"ListItem\",\"position\":2,\"name\":\"Actualit\u00e9s\",\"item\":\"https:\\\/\\\/batijournal.com\\\/index.php\\\/category\\\/actualites\\\/\"},{\"@type\":\"ListItem\",\"position\":3,\"name\":\"Le granit breton a son Indication G\u00e9ographique\"}]},{\"@type\":\"WebSite\",\"@id\":\"https:\\\/\\\/batijournal.com\\\/#website\",\"url\":\"https:\\\/\\\/batijournal.com\\\/\",\"name\":\"Batijournal\",\"description\":\"L&#039;actualit\u00e9 du b\u00e2timent\",\"potentialAction\":[{\"@type\":\"SearchAction\",\"target\":{\"@type\":\"EntryPoint\",\"urlTemplate\":\"https:\\\/\\\/batijournal.com\\\/?s={search_term_string}\"},\"query-input\":{\"@type\":\"PropertyValueSpecification\",\"valueRequired\":true,\"valueName\":\"search_term_string\"}}],\"inLanguage\":\"fr-FR\"},{\"@type\":\"Person\",\"@id\":\"https:\\\/\\\/batijournal.com\\\/#\\\/schema\\\/person\\\/1dc96ec6957aa1ccb25ebe78bb19f100\",\"name\":\"St\u00e9phane Miget\",\"image\":{\"@type\":\"ImageObject\",\"inLanguage\":\"fr-FR\",\"@id\":\"https:\\\/\\\/secure.gravatar.com\\\/avatar\\\/89915563d925342126b8ef0281b93d9d7fc337043e8df017f780908eb9644451?s=96&d=mm&r=g\",\"url\":\"https:\\\/\\\/secure.gravatar.com\\\/avatar\\\/89915563d925342126b8ef0281b93d9d7fc337043e8df017f780908eb9644451?s=96&d=mm&r=g\",\"contentUrl\":\"https:\\\/\\\/secure.gravatar.com\\\/avatar\\\/89915563d925342126b8ef0281b93d9d7fc337043e8df017f780908eb9644451?s=96&d=mm&r=g\",\"caption\":\"St\u00e9phane Miget\"},\"url\":\"https:\\\/\\\/batijournal.com\\\/index.php\\\/author\\\/stephane\\\/\"}]}<\/script>\n<!-- \/ Yoast SEO plugin. -->","yoast_head_json":{"title":"Le granit breton a son Indication G\u00e9ographique","robots":{"index":"index","follow":"follow","max-snippet":"max-snippet:-1","max-image-preview":"max-image-preview:large","max-video-preview":"max-video-preview:-1"},"canonical":"https:\/\/batijournal.com\/index.php\/granit-breton-a-indication-geographique\/95021\/","og_locale":"fr_FR","og_type":"article","og_title":"Le granit breton a son Indication G\u00e9ographique","og_description":"L\u2019INPI a homologu\u00e9 l\u2019Indication G\u00e9ographique (IG) \u00ab Granit de Bretagne \u00bb. Cette IG, la premi\u00e8re dans le secteur des pierres naturelles, a pour objectif de prot\u00e9ger les granits extraits de carri\u00e8res implant\u00e9es en Bretagne et dans la commune de Saint-James (50), ainsi que les produits fabriqu\u00e9s \u00e0 partir de ces granits, dans cette m\u00eame zone [&hellip;]","og_url":"https:\/\/batijournal.com\/index.php\/granit-breton-a-indication-geographique\/95021\/","og_site_name":"Batijournal","article_published_time":"2017-02-09T14:53:08+00:00","og_image":[{"width":705,"height":394,"url":"https:\/\/batijournal.com\/wp-content\/uploads\/2017\/02\/Indication-G\u00e9ographique-2.png","type":"image\/png"}],"author":"St\u00e9phane Miget","twitter_card":"summary_large_image","twitter_creator":"@bati_journal","twitter_site":"@bati_journal","twitter_misc":{"\u00c9crit par":"St\u00e9phane Miget","Dur\u00e9e de lecture estim\u00e9e":"1 minute"},"schema":{"@context":"https:\/\/schema.org","@graph":[{"@type":"Article","@id":"https:\/\/batijournal.com\/index.php\/granit-breton-a-indication-geographique\/95021\/#article","isPartOf":{"@id":"https:\/\/batijournal.com\/index.php\/granit-breton-a-indication-geographique\/95021\/"},"author":{"name":"St\u00e9phane Miget","@id":"https:\/\/batijournal.com\/#\/schema\/person\/1dc96ec6957aa1ccb25ebe78bb19f100"},"headline":"Le granit breton a son Indication G\u00e9ographique","datePublished":"2017-02-09T14:53:08+00:00","mainEntityOfPage":{"@id":"https:\/\/batijournal.com\/index.php\/granit-breton-a-indication-geographique\/95021\/"},"wordCount":176,"image":{"@id":"https:\/\/batijournal.com\/index.php\/granit-breton-a-indication-geographique\/95021\/#primaryimage"},"thumbnailUrl":"https:\/\/batijournal.com\/wp-content\/uploads\/2017\/02\/Indication-G\u00e9ographique-2.png","keywords":["Bretagne","Carri\u00e8re","pierre","unicem"],"articleSection":["Actualit\u00e9s"],"inLanguage":"fr-FR"},{"@type":"WebPage","@id":"https:\/\/batijournal.com\/index.php\/granit-breton-a-indication-geographique\/95021\/","url":"https:\/\/batijournal.com\/index.php\/granit-breton-a-indication-geographique\/95021\/","name":"Le granit breton a son Indication G\u00e9ographique","isPartOf":{"@id":"https:\/\/batijournal.com\/#website"},"primaryImageOfPage":{"@id":"https:\/\/batijournal.com\/index.php\/granit-breton-a-indication-geographique\/95021\/#primaryimage"},"image":{"@id":"https:\/\/batijournal.com\/index.php\/granit-breton-a-indication-geographique\/95021\/#primaryimage"},"thumbnailUrl":"https:\/\/batijournal.com\/wp-content\/uploads\/2017\/02\/Indication-G\u00e9ographique-2.png","datePublished":"2017-02-09T14:53:08+00:00","author":{"@id":"https:\/\/batijournal.com\/#\/schema\/person\/1dc96ec6957aa1ccb25ebe78bb19f100"},"breadcrumb":{"@id":"https:\/\/batijournal.com\/index.php\/granit-breton-a-indication-geographique\/95021\/#breadcrumb"},"inLanguage":"fr-FR","potentialAction":[{"@type":"ReadAction","target":["https:\/\/batijournal.com\/index.php\/granit-breton-a-indication-geographique\/95021\/"]}]},{"@type":"ImageObject","inLanguage":"fr-FR","@id":"https:\/\/batijournal.com\/index.php\/granit-breton-a-indication-geographique\/95021\/#primaryimage","url":"https:\/\/batijournal.com\/wp-content\/uploads\/2017\/02\/Indication-G\u00e9ographique-2.png","contentUrl":"https:\/\/batijournal.com\/wp-content\/uploads\/2017\/02\/Indication-G\u00e9ographique-2.png","width":705,"height":394},{"@type":"BreadcrumbList","@id":"https:\/\/batijournal.com\/index.php\/granit-breton-a-indication-geographique\/95021\/#breadcrumb","itemListElement":[{"@type":"ListItem","position":1,"name":"Accueil","item":"https:\/\/batijournal.com\/"},{"@type":"ListItem","position":2,"name":"Actualit\u00e9s","item":"https:\/\/batijournal.com\/index.php\/category\/actualites\/"},{"@type":"ListItem","position":3,"name":"Le granit breton a son Indication G\u00e9ographique"}]},{"@type":"WebSite","@id":"https:\/\/batijournal.com\/#website","url":"https:\/\/batijournal.com\/","name":"Batijournal","description":"L&#039;actualit\u00e9 du b\u00e2timent","potentialAction":[{"@type":"SearchAction","target":{"@type":"EntryPoint","urlTemplate":"https:\/\/batijournal.com\/?s={search_term_string}"},"query-input":{"@type":"PropertyValueSpecification","valueRequired":true,"valueName":"search_term_string"}}],"inLanguage":"fr-FR"},{"@type":"Person","@id":"https:\/\/batijournal.com\/#\/schema\/person\/1dc96ec6957aa1ccb25ebe78bb19f100","name":"St\u00e9phane Miget","image":{"@type":"ImageObject","inLanguage":"fr-FR","@id":"https:\/\/secure.gravatar.com\/avatar\/89915563d925342126b8ef0281b93d9d7fc337043e8df017f780908eb9644451?s=96&d=mm&r=g","url":"https:\/\/secure.gravatar.com\/avatar\/89915563d925342126b8ef0281b93d9d7fc337043e8df017f780908eb9644451?s=96&d=mm&r=g","contentUrl":"https:\/\/secure.gravatar.com\/avatar\/89915563d925342126b8ef0281b93d9d7fc337043e8df017f780908eb9644451?s=96&d=mm&r=g","caption":"St\u00e9phane Miget"},"url":"https:\/\/batijournal.com\/index.php\/author\/stephane\/"}]}},"_links":{"self":[{"href":"https:\/\/batijournal.com\/index.php\/wp-json\/wp\/v2\/posts\/95021","targetHints":{"allow":["GET"]}}],"collection":[{"href":"https:\/\/batijournal.com\/index.php\/wp-json\/wp\/v2\/posts"}],"about":[{"href":"https:\/\/batijournal.com\/index.php\/wp-json\/wp\/v2\/types\/post"}],"author":[{"embeddable":true,"href":"https:\/\/batijournal.com\/index.php\/wp-json\/wp\/v2\/users\/17"}],"replies":[{"embeddable":true,"href":"https:\/\/batijournal.com\/index.php\/wp-json\/wp\/v2\/comments?post=95021"}],"version-history":[{"count":0,"href":"https:\/\/batijournal.com\/index.php\/wp-json\/wp\/v2\/posts\/95021\/revisions"}],"wp:featuredmedia":[{"embeddable":true,"href":"https:\/\/batijournal.com\/index.php\/wp-json\/wp\/v2\/media\/95023"}],"wp:attachment":[{"href":"https:\/\/batijournal.com\/index.php\/wp-json\/wp\/v2\/media?parent=95021"}],"wp:term":[{"taxonomy":"category","embeddable":true,"href":"https:\/\/batijournal.com\/index.php\/wp-json\/wp\/v2\/categories?post=95021"},{"taxonomy":"post_tag","embeddable":true,"href":"https:\/\/batijournal.com\/index.php\/wp-json\/wp\/v2\/tags?post=95021"}],"curies":[{"name":"wp","href":"https:\/\/api.w.org\/{rel}","templated":true}]}}