{"id":95035,"date":"2017-02-10T09:29:51","date_gmt":"2017-02-10T08:29:51","guid":{"rendered":"http:\/\/batijournal.com\/?p=95035"},"modified":"2019-07-15T12:03:57","modified_gmt":"2019-07-15T10:03:57","slug":"105-accords-de-cession-de-terrains-de-letat-benefice-logement-abordable","status":"publish","type":"post","link":"https:\/\/batijournal.com\/index.php\/105-accords-de-cession-de-terrains-de-letat-benefice-logement-abordable\/95035\/","title":{"rendered":"105 accords de cession de terrains de l\u2019\u00c9tat au b\u00e9n\u00e9fice du logement abordable"},"content":{"rendered":"<p>Le rapport annuel de la Commission nationale de l\u2019am\u00e9nagement, de l\u2019urbanisme et du foncier (CNAUF) sur la mobilisation du foncier public en faveur du logement a \u00e9t\u00e9 remis \u00e0 Emmanuelle Cosse, ministre du Logement et de l\u2019Habitat durable, par Thierry Repentin, pr\u00e9sident de la CNAUF. L\u2019ann\u00e9e 2016 marque une acc\u00e9l\u00e9ration de l\u2019application des d\u00e9cotes au profit du logement social, sur les 105 accords de cession enregistr\u00e9s, 36 terrains ont \u00e9t\u00e9 vendus avec une d\u00e9cote moyenne de 45% de leur valeur v\u00e9nale. 13 terrains en avaient b\u00e9n\u00e9fici\u00e9 en 2013 et 2014, 20 en 2015. Pour l\u2019ensemble des cessions, le montant total des d\u00e9cotes est de plus de 50 millions d\u2019euros consentis au profit du logement social, soit une moyenne de 45 % de la valeur v\u00e9nale des cessions de 2016. Pour la premi\u00e8re fois, ce taux a atteint 100% et deux terrains ont \u00e9t\u00e9 c\u00e9d\u00e9s \u00e0 titre gratuit : \u00e0 Lille pour un centre d\u2019h\u00e9bergement et de r\u00e9insertion sociale de 51 places et \u00e0 Lyon pour une r\u00e9sidence sociale de 239 logements.<\/p>\n<p>Photo : M.Bouquet\/Terra<\/p>\n","protected":false},"excerpt":{"rendered":"<p>Le rapport annuel de la Commission nationale de l\u2019am\u00e9nagement, de l\u2019urbanisme et du foncier (CNAUF) sur la mobilisation du foncier public en faveur du logement a \u00e9t\u00e9 remis \u00e0 Emmanuelle Cosse, ministre du Logement et de l\u2019Habitat durable, par Thierry Repentin, pr\u00e9sident de la CNAUF. L\u2019ann\u00e9e 2016 marque une acc\u00e9l\u00e9ration de l\u2019application des d\u00e9cotes au [&hellip;]<\/p>\n","protected":false},"author":17,"featured_media":95036,"comment_status":"closed","ping_status":"closed","sticky":false,"template":"","format":"standard","meta":{"_et_pb_use_builder":"","_et_pb_old_content":"","_et_gb_content_width":"","footnotes":""},"categories":[10530,6345],"tags":[7407],"class_list":["post-95035","post","type-post","status-publish","format-standard","has-post-thumbnail","hentry","category-actualites","category-economie-marches","tag-foncier-public"],"yoast_head":"<!-- This site is optimized with the Yoast SEO plugin v27.4 - https:\/\/yoast.com\/product\/yoast-seo-wordpress\/ -->\n<title>105 accords de cession de terrains de l\u2019\u00c9tat au b\u00e9n\u00e9fice du logement abordable<\/title>\n<meta name=\"robots\" content=\"index, follow, max-snippet:-1, max-image-preview:large, max-video-preview:-1\" \/>\n<link rel=\"canonical\" href=\"https:\/\/batijournal.com\/index.php\/105-accords-de-cession-de-terrains-de-letat-benefice-logement-abordable\/95035\/\" \/>\n<meta property=\"og:locale\" content=\"fr_FR\" \/>\n<meta property=\"og:type\" content=\"article\" \/>\n<meta property=\"og:title\" content=\"105 accords de cession de terrains de l\u2019\u00c9tat au b\u00e9n\u00e9fice du logement abordable\" \/>\n<meta property=\"og:description\" content=\"Le rapport annuel de la Commission nationale de l\u2019am\u00e9nagement, de l\u2019urbanisme et du foncier (CNAUF) sur la mobilisation du foncier public en faveur du logement a \u00e9t\u00e9 remis \u00e0 Emmanuelle Cosse, ministre du Logement et de l\u2019Habitat durable, par Thierry Repentin, pr\u00e9sident de la CNAUF. L\u2019ann\u00e9e 2016 marque une acc\u00e9l\u00e9ration de l\u2019application des d\u00e9cotes au [&hellip;]\" \/>\n<meta property=\"og:url\" content=\"https:\/\/batijournal.com\/index.php\/105-accords-de-cession-de-terrains-de-letat-benefice-logement-abordable\/95035\/\" \/>\n<meta property=\"og:site_name\" content=\"Batijournal\" \/>\n<meta property=\"article:published_time\" content=\"2017-02-10T08:29:51+00:00\" \/>\n<meta property=\"article:modified_time\" content=\"2019-07-15T10:03:57+00:00\" \/>\n<meta property=\"og:image\" content=\"https:\/\/batijournal.com\/wp-content\/uploads\/2017\/02\/cession-foncier-public-emmanuelle-cosse-repentin.jpg\" \/>\n\t<meta property=\"og:image:width\" content=\"738\" \/>\n\t<meta property=\"og:image:height\" content=\"490\" \/>\n\t<meta property=\"og:image:type\" content=\"image\/jpeg\" \/>\n<meta name=\"author\" content=\"St\u00e9phane Miget\" \/>\n<meta name=\"twitter:card\" content=\"summary_large_image\" \/>\n<meta name=\"twitter:creator\" content=\"@bati_journal\" \/>\n<meta name=\"twitter:site\" content=\"@bati_journal\" \/>\n<meta name=\"twitter:label1\" content=\"\u00c9crit par\" \/>\n\t<meta name=\"twitter:data1\" content=\"St\u00e9phane Miget\" \/>\n\t<meta name=\"twitter:label2\" content=\"Dur\u00e9e de lecture estim\u00e9e\" \/>\n\t<meta name=\"twitter:data2\" content=\"1 minute\" \/>\n<script type=\"application\/ld+json\" class=\"yoast-schema-graph\">{\"@context\":\"https:\\\/\\\/schema.org\",\"@graph\":[{\"@type\":\"Article\",\"@id\":\"https:\\\/\\\/batijournal.com\\\/index.php\\\/105-accords-de-cession-de-terrains-de-letat-benefice-logement-abordable\\\/95035\\\/#article\",\"isPartOf\":{\"@id\":\"https:\\\/\\\/batijournal.com\\\/index.php\\\/105-accords-de-cession-de-terrains-de-letat-benefice-logement-abordable\\\/95035\\\/\"},\"author\":{\"name\":\"St\u00e9phane Miget\",\"@id\":\"https:\\\/\\\/batijournal.com\\\/#\\\/schema\\\/person\\\/1dc96ec6957aa1ccb25ebe78bb19f100\"},\"headline\":\"105 accords de cession de terrains de l\u2019\u00c9tat au b\u00e9n\u00e9fice du logement abordable\",\"datePublished\":\"2017-02-10T08:29:51+00:00\",\"dateModified\":\"2019-07-15T10:03:57+00:00\",\"mainEntityOfPage\":{\"@id\":\"https:\\\/\\\/batijournal.com\\\/index.php\\\/105-accords-de-cession-de-terrains-de-letat-benefice-logement-abordable\\\/95035\\\/\"},\"wordCount\":196,\"image\":{\"@id\":\"https:\\\/\\\/batijournal.com\\\/index.php\\\/105-accords-de-cession-de-terrains-de-letat-benefice-logement-abordable\\\/95035\\\/#primaryimage\"},\"thumbnailUrl\":\"https:\\\/\\\/batijournal.com\\\/wp-content\\\/uploads\\\/2017\\\/02\\\/cession-foncier-public-emmanuelle-cosse-repentin.jpg\",\"keywords\":[\"foncier public\"],\"articleSection\":[\"Actualit\u00e9s\",\"\u00c9conomie &amp; March\u00e9s\"],\"inLanguage\":\"fr-FR\"},{\"@type\":\"WebPage\",\"@id\":\"https:\\\/\\\/batijournal.com\\\/index.php\\\/105-accords-de-cession-de-terrains-de-letat-benefice-logement-abordable\\\/95035\\\/\",\"url\":\"https:\\\/\\\/batijournal.com\\\/index.php\\\/105-accords-de-cession-de-terrains-de-letat-benefice-logement-abordable\\\/95035\\\/\",\"name\":\"105 accords de cession de terrains de l\u2019\u00c9tat au b\u00e9n\u00e9fice du logement abordable\",\"isPartOf\":{\"@id\":\"https:\\\/\\\/batijournal.com\\\/#website\"},\"primaryImageOfPage\":{\"@id\":\"https:\\\/\\\/batijournal.com\\\/index.php\\\/105-accords-de-cession-de-terrains-de-letat-benefice-logement-abordable\\\/95035\\\/#primaryimage\"},\"image\":{\"@id\":\"https:\\\/\\\/batijournal.com\\\/index.php\\\/105-accords-de-cession-de-terrains-de-letat-benefice-logement-abordable\\\/95035\\\/#primaryimage\"},\"thumbnailUrl\":\"https:\\\/\\\/batijournal.com\\\/wp-content\\\/uploads\\\/2017\\\/02\\\/cession-foncier-public-emmanuelle-cosse-repentin.jpg\",\"datePublished\":\"2017-02-10T08:29:51+00:00\",\"dateModified\":\"2019-07-15T10:03:57+00:00\",\"author\":{\"@id\":\"https:\\\/\\\/batijournal.com\\\/#\\\/schema\\\/person\\\/1dc96ec6957aa1ccb25ebe78bb19f100\"},\"breadcrumb\":{\"@id\":\"https:\\\/\\\/batijournal.com\\\/index.php\\\/105-accords-de-cession-de-terrains-de-letat-benefice-logement-abordable\\\/95035\\\/#breadcrumb\"},\"inLanguage\":\"fr-FR\",\"potentialAction\":[{\"@type\":\"ReadAction\",\"target\":[\"https:\\\/\\\/batijournal.com\\\/index.php\\\/105-accords-de-cession-de-terrains-de-letat-benefice-logement-abordable\\\/95035\\\/\"]}]},{\"@type\":\"ImageObject\",\"inLanguage\":\"fr-FR\",\"@id\":\"https:\\\/\\\/batijournal.com\\\/index.php\\\/105-accords-de-cession-de-terrains-de-letat-benefice-logement-abordable\\\/95035\\\/#primaryimage\",\"url\":\"https:\\\/\\\/batijournal.com\\\/wp-content\\\/uploads\\\/2017\\\/02\\\/cession-foncier-public-emmanuelle-cosse-repentin.jpg\",\"contentUrl\":\"https:\\\/\\\/batijournal.com\\\/wp-content\\\/uploads\\\/2017\\\/02\\\/cession-foncier-public-emmanuelle-cosse-repentin.jpg\",\"width\":738,\"height\":490},{\"@type\":\"BreadcrumbList\",\"@id\":\"https:\\\/\\\/batijournal.com\\\/index.php\\\/105-accords-de-cession-de-terrains-de-letat-benefice-logement-abordable\\\/95035\\\/#breadcrumb\",\"itemListElement\":[{\"@type\":\"ListItem\",\"position\":1,\"name\":\"Accueil\",\"item\":\"https:\\\/\\\/batijournal.com\\\/\"},{\"@type\":\"ListItem\",\"position\":2,\"name\":\"Actualit\u00e9s\",\"item\":\"https:\\\/\\\/batijournal.com\\\/index.php\\\/category\\\/actualites\\\/\"},{\"@type\":\"ListItem\",\"position\":3,\"name\":\"105 accords de cession de terrains de l\u2019\u00c9tat au b\u00e9n\u00e9fice du logement abordable\"}]},{\"@type\":\"WebSite\",\"@id\":\"https:\\\/\\\/batijournal.com\\\/#website\",\"url\":\"https:\\\/\\\/batijournal.com\\\/\",\"name\":\"Batijournal\",\"description\":\"L&#039;actualit\u00e9 du b\u00e2timent\",\"potentialAction\":[{\"@type\":\"SearchAction\",\"target\":{\"@type\":\"EntryPoint\",\"urlTemplate\":\"https:\\\/\\\/batijournal.com\\\/?s={search_term_string}\"},\"query-input\":{\"@type\":\"PropertyValueSpecification\",\"valueRequired\":true,\"valueName\":\"search_term_string\"}}],\"inLanguage\":\"fr-FR\"},{\"@type\":\"Person\",\"@id\":\"https:\\\/\\\/batijournal.com\\\/#\\\/schema\\\/person\\\/1dc96ec6957aa1ccb25ebe78bb19f100\",\"name\":\"St\u00e9phane Miget\",\"image\":{\"@type\":\"ImageObject\",\"inLanguage\":\"fr-FR\",\"@id\":\"https:\\\/\\\/secure.gravatar.com\\\/avatar\\\/89915563d925342126b8ef0281b93d9d7fc337043e8df017f780908eb9644451?s=96&d=mm&r=g\",\"url\":\"https:\\\/\\\/secure.gravatar.com\\\/avatar\\\/89915563d925342126b8ef0281b93d9d7fc337043e8df017f780908eb9644451?s=96&d=mm&r=g\",\"contentUrl\":\"https:\\\/\\\/secure.gravatar.com\\\/avatar\\\/89915563d925342126b8ef0281b93d9d7fc337043e8df017f780908eb9644451?s=96&d=mm&r=g\",\"caption\":\"St\u00e9phane Miget\"},\"url\":\"https:\\\/\\\/batijournal.com\\\/index.php\\\/author\\\/stephane\\\/\"}]}<\/script>\n<!-- \/ Yoast SEO plugin. -->","yoast_head_json":{"title":"105 accords de cession de terrains de l\u2019\u00c9tat au b\u00e9n\u00e9fice du logement abordable","robots":{"index":"index","follow":"follow","max-snippet":"max-snippet:-1","max-image-preview":"max-image-preview:large","max-video-preview":"max-video-preview:-1"},"canonical":"https:\/\/batijournal.com\/index.php\/105-accords-de-cession-de-terrains-de-letat-benefice-logement-abordable\/95035\/","og_locale":"fr_FR","og_type":"article","og_title":"105 accords de cession de terrains de l\u2019\u00c9tat au b\u00e9n\u00e9fice du logement abordable","og_description":"Le rapport annuel de la Commission nationale de l\u2019am\u00e9nagement, de l\u2019urbanisme et du foncier (CNAUF) sur la mobilisation du foncier public en faveur du logement a \u00e9t\u00e9 remis \u00e0 Emmanuelle Cosse, ministre du Logement et de l\u2019Habitat durable, par Thierry Repentin, pr\u00e9sident de la CNAUF. L\u2019ann\u00e9e 2016 marque une acc\u00e9l\u00e9ration de l\u2019application des d\u00e9cotes au [&hellip;]","og_url":"https:\/\/batijournal.com\/index.php\/105-accords-de-cession-de-terrains-de-letat-benefice-logement-abordable\/95035\/","og_site_name":"Batijournal","article_published_time":"2017-02-10T08:29:51+00:00","article_modified_time":"2019-07-15T10:03:57+00:00","og_image":[{"width":738,"height":490,"url":"https:\/\/batijournal.com\/wp-content\/uploads\/2017\/02\/cession-foncier-public-emmanuelle-cosse-repentin.jpg","type":"image\/jpeg"}],"author":"St\u00e9phane Miget","twitter_card":"summary_large_image","twitter_creator":"@bati_journal","twitter_site":"@bati_journal","twitter_misc":{"\u00c9crit par":"St\u00e9phane Miget","Dur\u00e9e de lecture estim\u00e9e":"1 minute"},"schema":{"@context":"https:\/\/schema.org","@graph":[{"@type":"Article","@id":"https:\/\/batijournal.com\/index.php\/105-accords-de-cession-de-terrains-de-letat-benefice-logement-abordable\/95035\/#article","isPartOf":{"@id":"https:\/\/batijournal.com\/index.php\/105-accords-de-cession-de-terrains-de-letat-benefice-logement-abordable\/95035\/"},"author":{"name":"St\u00e9phane Miget","@id":"https:\/\/batijournal.com\/#\/schema\/person\/1dc96ec6957aa1ccb25ebe78bb19f100"},"headline":"105 accords de cession de terrains de l\u2019\u00c9tat au b\u00e9n\u00e9fice du logement abordable","datePublished":"2017-02-10T08:29:51+00:00","dateModified":"2019-07-15T10:03:57+00:00","mainEntityOfPage":{"@id":"https:\/\/batijournal.com\/index.php\/105-accords-de-cession-de-terrains-de-letat-benefice-logement-abordable\/95035\/"},"wordCount":196,"image":{"@id":"https:\/\/batijournal.com\/index.php\/105-accords-de-cession-de-terrains-de-letat-benefice-logement-abordable\/95035\/#primaryimage"},"thumbnailUrl":"https:\/\/batijournal.com\/wp-content\/uploads\/2017\/02\/cession-foncier-public-emmanuelle-cosse-repentin.jpg","keywords":["foncier public"],"articleSection":["Actualit\u00e9s","\u00c9conomie &amp; March\u00e9s"],"inLanguage":"fr-FR"},{"@type":"WebPage","@id":"https:\/\/batijournal.com\/index.php\/105-accords-de-cession-de-terrains-de-letat-benefice-logement-abordable\/95035\/","url":"https:\/\/batijournal.com\/index.php\/105-accords-de-cession-de-terrains-de-letat-benefice-logement-abordable\/95035\/","name":"105 accords de cession de terrains de l\u2019\u00c9tat au b\u00e9n\u00e9fice du logement abordable","isPartOf":{"@id":"https:\/\/batijournal.com\/#website"},"primaryImageOfPage":{"@id":"https:\/\/batijournal.com\/index.php\/105-accords-de-cession-de-terrains-de-letat-benefice-logement-abordable\/95035\/#primaryimage"},"image":{"@id":"https:\/\/batijournal.com\/index.php\/105-accords-de-cession-de-terrains-de-letat-benefice-logement-abordable\/95035\/#primaryimage"},"thumbnailUrl":"https:\/\/batijournal.com\/wp-content\/uploads\/2017\/02\/cession-foncier-public-emmanuelle-cosse-repentin.jpg","datePublished":"2017-02-10T08:29:51+00:00","dateModified":"2019-07-15T10:03:57+00:00","author":{"@id":"https:\/\/batijournal.com\/#\/schema\/person\/1dc96ec6957aa1ccb25ebe78bb19f100"},"breadcrumb":{"@id":"https:\/\/batijournal.com\/index.php\/105-accords-de-cession-de-terrains-de-letat-benefice-logement-abordable\/95035\/#breadcrumb"},"inLanguage":"fr-FR","potentialAction":[{"@type":"ReadAction","target":["https:\/\/batijournal.com\/index.php\/105-accords-de-cession-de-terrains-de-letat-benefice-logement-abordable\/95035\/"]}]},{"@type":"ImageObject","inLanguage":"fr-FR","@id":"https:\/\/batijournal.com\/index.php\/105-accords-de-cession-de-terrains-de-letat-benefice-logement-abordable\/95035\/#primaryimage","url":"https:\/\/batijournal.com\/wp-content\/uploads\/2017\/02\/cession-foncier-public-emmanuelle-cosse-repentin.jpg","contentUrl":"https:\/\/batijournal.com\/wp-content\/uploads\/2017\/02\/cession-foncier-public-emmanuelle-cosse-repentin.jpg","width":738,"height":490},{"@type":"BreadcrumbList","@id":"https:\/\/batijournal.com\/index.php\/105-accords-de-cession-de-terrains-de-letat-benefice-logement-abordable\/95035\/#breadcrumb","itemListElement":[{"@type":"ListItem","position":1,"name":"Accueil","item":"https:\/\/batijournal.com\/"},{"@type":"ListItem","position":2,"name":"Actualit\u00e9s","item":"https:\/\/batijournal.com\/index.php\/category\/actualites\/"},{"@type":"ListItem","position":3,"name":"105 accords de cession de terrains de l\u2019\u00c9tat au b\u00e9n\u00e9fice du logement abordable"}]},{"@type":"WebSite","@id":"https:\/\/batijournal.com\/#website","url":"https:\/\/batijournal.com\/","name":"Batijournal","description":"L&#039;actualit\u00e9 du b\u00e2timent","potentialAction":[{"@type":"SearchAction","target":{"@type":"EntryPoint","urlTemplate":"https:\/\/batijournal.com\/?s={search_term_string}"},"query-input":{"@type":"PropertyValueSpecification","valueRequired":true,"valueName":"search_term_string"}}],"inLanguage":"fr-FR"},{"@type":"Person","@id":"https:\/\/batijournal.com\/#\/schema\/person\/1dc96ec6957aa1ccb25ebe78bb19f100","name":"St\u00e9phane Miget","image":{"@type":"ImageObject","inLanguage":"fr-FR","@id":"https:\/\/secure.gravatar.com\/avatar\/89915563d925342126b8ef0281b93d9d7fc337043e8df017f780908eb9644451?s=96&d=mm&r=g","url":"https:\/\/secure.gravatar.com\/avatar\/89915563d925342126b8ef0281b93d9d7fc337043e8df017f780908eb9644451?s=96&d=mm&r=g","contentUrl":"https:\/\/secure.gravatar.com\/avatar\/89915563d925342126b8ef0281b93d9d7fc337043e8df017f780908eb9644451?s=96&d=mm&r=g","caption":"St\u00e9phane Miget"},"url":"https:\/\/batijournal.com\/index.php\/author\/stephane\/"}]}},"_links":{"self":[{"href":"https:\/\/batijournal.com\/index.php\/wp-json\/wp\/v2\/posts\/95035","targetHints":{"allow":["GET"]}}],"collection":[{"href":"https:\/\/batijournal.com\/index.php\/wp-json\/wp\/v2\/posts"}],"about":[{"href":"https:\/\/batijournal.com\/index.php\/wp-json\/wp\/v2\/types\/post"}],"author":[{"embeddable":true,"href":"https:\/\/batijournal.com\/index.php\/wp-json\/wp\/v2\/users\/17"}],"replies":[{"embeddable":true,"href":"https:\/\/batijournal.com\/index.php\/wp-json\/wp\/v2\/comments?post=95035"}],"version-history":[{"count":0,"href":"https:\/\/batijournal.com\/index.php\/wp-json\/wp\/v2\/posts\/95035\/revisions"}],"wp:featuredmedia":[{"embeddable":true,"href":"https:\/\/batijournal.com\/index.php\/wp-json\/wp\/v2\/media\/95036"}],"wp:attachment":[{"href":"https:\/\/batijournal.com\/index.php\/wp-json\/wp\/v2\/media?parent=95035"}],"wp:term":[{"taxonomy":"category","embeddable":true,"href":"https:\/\/batijournal.com\/index.php\/wp-json\/wp\/v2\/categories?post=95035"},{"taxonomy":"post_tag","embeddable":true,"href":"https:\/\/batijournal.com\/index.php\/wp-json\/wp\/v2\/tags?post=95035"}],"curies":[{"name":"wp","href":"https:\/\/api.w.org\/{rel}","templated":true}]}}