{"id":95037,"date":"2017-02-15T07:44:28","date_gmt":"2017-02-15T06:44:28","guid":{"rendered":"http:\/\/batijournal.com\/?p=95037"},"modified":"2019-07-15T11:16:06","modified_gmt":"2019-07-15T09:16:06","slug":"300-millions-deuros-valoriser-tour-eiffel","status":"publish","type":"post","link":"https:\/\/batijournal.com\/index.php\/300-millions-deuros-valoriser-tour-eiffel\/95037\/","title":{"rendered":"300 millions d&rsquo;euros pour valoriser la Tour Eiffel"},"content":{"rendered":"<p>La Pr\u00e9fecture de Police et l&rsquo;architecte des b\u00e2timents de France ont soumis une proposition de mise en valeur de la Tour Eiffel avec un budget de 300 millions d&rsquo;euros sur 15 ans. Cette proposition s&rsquo;axe sur trois objectifs :<\/p>\n<ul>\n<li>l&rsquo;am\u00e9lioration des dispositifs de s\u00e9curit\u00e9 aux abords du monuments et le renforcement de la protection des visiteurs et du personnel<\/li>\n<li>l&rsquo;esth\u00e9tique<\/li>\n<li>la fluidification des acc\u00e8s<\/li>\n<\/ul>\n<p>Ainsi, outre la mise en place de nouveaux espaces d&rsquo;accueil, la modernisation des ascenseurs et le d\u00e9capage et la mise en peinture, l&rsquo;architecte pr\u00e9conise l&rsquo;installation de panneaux de verre en lieu et place des grilles install\u00e9es pour la s\u00e9curit\u00e9. Ces panneaux de verres seront install\u00e9s sur les axes nord et sud et offriront une vue id\u00e9ale sur le Champs de Mars et le pont d&rsquo;I\u00e9na. L&rsquo;entr\u00e9e se fera sur les jardins.<\/p>\n<p>Avant mise en oeuvre, le projet sera soumis \u00e0 la Commission des sites en charge de la protection des paysages et des lieux \u00e0 caract\u00e8res exceptionnels puis par la ministre de l&rsquo;Environnement.<\/p>\n<p><a href=\"http:\/\/www.paris.fr\" target=\"_blank\" rel=\"noopener noreferrer\">www.paris.fr<\/a><\/p>\n","protected":false},"excerpt":{"rendered":"<p>La Pr\u00e9fecture de Police et l&rsquo;architecte des b\u00e2timents de France ont soumis une proposition de mise en valeur de la Tour Eiffel avec un budget de 300 millions d&rsquo;euros sur 15 ans. Cette proposition s&rsquo;axe sur trois objectifs : l&rsquo;am\u00e9lioration des dispositifs de s\u00e9curit\u00e9 aux abords du monuments et le renforcement de la protection des [&hellip;]<\/p>\n","protected":false},"author":1,"featured_media":95038,"comment_status":"closed","ping_status":"closed","sticky":false,"template":"","format":"standard","meta":{"_et_pb_use_builder":"","_et_pb_old_content":"","_et_gb_content_width":"","footnotes":""},"categories":[6340],"tags":[1625,1564,5828],"class_list":["post-95037","post","type-post","status-publish","format-standard","has-post-thumbnail","hentry","category-architecture-conception","tag-paris","tag-securite","tag-tour-eiffel"],"yoast_head":"<!-- This site is optimized with the Yoast SEO plugin v27.4 - https:\/\/yoast.com\/product\/yoast-seo-wordpress\/ -->\n<title>300 millions d&#039;euros pour valoriser la Tour Eiffel<\/title>\n<meta name=\"robots\" content=\"index, follow, max-snippet:-1, max-image-preview:large, max-video-preview:-1\" \/>\n<link rel=\"canonical\" href=\"https:\/\/batijournal.com\/index.php\/300-millions-deuros-valoriser-tour-eiffel\/95037\/\" \/>\n<meta property=\"og:locale\" content=\"fr_FR\" \/>\n<meta property=\"og:type\" content=\"article\" \/>\n<meta property=\"og:title\" content=\"300 millions d&#039;euros pour valoriser la Tour Eiffel\" \/>\n<meta property=\"og:description\" content=\"La Pr\u00e9fecture de Police et l&rsquo;architecte des b\u00e2timents de France ont soumis une proposition de mise en valeur de la Tour Eiffel avec un budget de 300 millions d&rsquo;euros sur 15 ans. Cette proposition s&rsquo;axe sur trois objectifs : l&rsquo;am\u00e9lioration des dispositifs de s\u00e9curit\u00e9 aux abords du monuments et le renforcement de la protection des [&hellip;]\" \/>\n<meta property=\"og:url\" content=\"https:\/\/batijournal.com\/index.php\/300-millions-deuros-valoriser-tour-eiffel\/95037\/\" \/>\n<meta property=\"og:site_name\" content=\"Batijournal\" \/>\n<meta property=\"article:published_time\" content=\"2017-02-15T06:44:28+00:00\" \/>\n<meta property=\"article:modified_time\" content=\"2019-07-15T09:16:06+00:00\" \/>\n<meta property=\"og:image\" content=\"https:\/\/batijournal.com\/wp-content\/uploads\/2017\/02\/tour-eiffel.jpeg\" \/>\n\t<meta property=\"og:image:width\" content=\"3964\" \/>\n\t<meta property=\"og:image:height\" content=\"2227\" \/>\n\t<meta property=\"og:image:type\" content=\"image\/jpeg\" \/>\n<meta name=\"author\" content=\"Bati-journal\" \/>\n<meta name=\"twitter:card\" content=\"summary_large_image\" \/>\n<meta name=\"twitter:creator\" content=\"@bati_journal\" \/>\n<meta name=\"twitter:site\" content=\"@bati_journal\" \/>\n<meta name=\"twitter:label1\" content=\"\u00c9crit par\" \/>\n\t<meta name=\"twitter:data1\" content=\"Bati-journal\" \/>\n\t<meta name=\"twitter:label2\" content=\"Dur\u00e9e de lecture estim\u00e9e\" \/>\n\t<meta name=\"twitter:data2\" content=\"1 minute\" \/>\n<script type=\"application\/ld+json\" class=\"yoast-schema-graph\">{\"@context\":\"https:\\\/\\\/schema.org\",\"@graph\":[{\"@type\":\"Article\",\"@id\":\"https:\\\/\\\/batijournal.com\\\/index.php\\\/300-millions-deuros-valoriser-tour-eiffel\\\/95037\\\/#article\",\"isPartOf\":{\"@id\":\"https:\\\/\\\/batijournal.com\\\/index.php\\\/300-millions-deuros-valoriser-tour-eiffel\\\/95037\\\/\"},\"author\":{\"name\":\"Bati-journal\",\"@id\":\"https:\\\/\\\/batijournal.com\\\/#\\\/schema\\\/person\\\/6a657e8967569e1b299972574848aa76\"},\"headline\":\"300 millions d&rsquo;euros pour valoriser la Tour Eiffel\",\"datePublished\":\"2017-02-15T06:44:28+00:00\",\"dateModified\":\"2019-07-15T09:16:06+00:00\",\"mainEntityOfPage\":{\"@id\":\"https:\\\/\\\/batijournal.com\\\/index.php\\\/300-millions-deuros-valoriser-tour-eiffel\\\/95037\\\/\"},\"wordCount\":199,\"image\":{\"@id\":\"https:\\\/\\\/batijournal.com\\\/index.php\\\/300-millions-deuros-valoriser-tour-eiffel\\\/95037\\\/#primaryimage\"},\"thumbnailUrl\":\"https:\\\/\\\/batijournal.com\\\/wp-content\\\/uploads\\\/2017\\\/02\\\/tour-eiffel.jpeg\",\"keywords\":[\"paris\",\"securite\",\"tour Eiffel\"],\"articleSection\":[\"Architecture &amp; Conception\"],\"inLanguage\":\"fr-FR\"},{\"@type\":\"WebPage\",\"@id\":\"https:\\\/\\\/batijournal.com\\\/index.php\\\/300-millions-deuros-valoriser-tour-eiffel\\\/95037\\\/\",\"url\":\"https:\\\/\\\/batijournal.com\\\/index.php\\\/300-millions-deuros-valoriser-tour-eiffel\\\/95037\\\/\",\"name\":\"300 millions d'euros pour valoriser la Tour Eiffel\",\"isPartOf\":{\"@id\":\"https:\\\/\\\/batijournal.com\\\/#website\"},\"primaryImageOfPage\":{\"@id\":\"https:\\\/\\\/batijournal.com\\\/index.php\\\/300-millions-deuros-valoriser-tour-eiffel\\\/95037\\\/#primaryimage\"},\"image\":{\"@id\":\"https:\\\/\\\/batijournal.com\\\/index.php\\\/300-millions-deuros-valoriser-tour-eiffel\\\/95037\\\/#primaryimage\"},\"thumbnailUrl\":\"https:\\\/\\\/batijournal.com\\\/wp-content\\\/uploads\\\/2017\\\/02\\\/tour-eiffel.jpeg\",\"datePublished\":\"2017-02-15T06:44:28+00:00\",\"dateModified\":\"2019-07-15T09:16:06+00:00\",\"author\":{\"@id\":\"https:\\\/\\\/batijournal.com\\\/#\\\/schema\\\/person\\\/6a657e8967569e1b299972574848aa76\"},\"breadcrumb\":{\"@id\":\"https:\\\/\\\/batijournal.com\\\/index.php\\\/300-millions-deuros-valoriser-tour-eiffel\\\/95037\\\/#breadcrumb\"},\"inLanguage\":\"fr-FR\",\"potentialAction\":[{\"@type\":\"ReadAction\",\"target\":[\"https:\\\/\\\/batijournal.com\\\/index.php\\\/300-millions-deuros-valoriser-tour-eiffel\\\/95037\\\/\"]}]},{\"@type\":\"ImageObject\",\"inLanguage\":\"fr-FR\",\"@id\":\"https:\\\/\\\/batijournal.com\\\/index.php\\\/300-millions-deuros-valoriser-tour-eiffel\\\/95037\\\/#primaryimage\",\"url\":\"https:\\\/\\\/batijournal.com\\\/wp-content\\\/uploads\\\/2017\\\/02\\\/tour-eiffel.jpeg\",\"contentUrl\":\"https:\\\/\\\/batijournal.com\\\/wp-content\\\/uploads\\\/2017\\\/02\\\/tour-eiffel.jpeg\",\"width\":3964,\"height\":2227},{\"@type\":\"BreadcrumbList\",\"@id\":\"https:\\\/\\\/batijournal.com\\\/index.php\\\/300-millions-deuros-valoriser-tour-eiffel\\\/95037\\\/#breadcrumb\",\"itemListElement\":[{\"@type\":\"ListItem\",\"position\":1,\"name\":\"Accueil\",\"item\":\"https:\\\/\\\/batijournal.com\\\/\"},{\"@type\":\"ListItem\",\"position\":2,\"name\":\"Actualit\u00e9s\",\"item\":\"https:\\\/\\\/batijournal.com\\\/index.php\\\/category\\\/actualites\\\/\"},{\"@type\":\"ListItem\",\"position\":3,\"name\":\"Architecture &amp; Conception\",\"item\":\"https:\\\/\\\/batijournal.com\\\/index.php\\\/category\\\/actualites\\\/architecture-conception\\\/\"},{\"@type\":\"ListItem\",\"position\":4,\"name\":\"300 millions d&rsquo;euros pour valoriser la Tour Eiffel\"}]},{\"@type\":\"WebSite\",\"@id\":\"https:\\\/\\\/batijournal.com\\\/#website\",\"url\":\"https:\\\/\\\/batijournal.com\\\/\",\"name\":\"Batijournal\",\"description\":\"L&#039;actualit\u00e9 du b\u00e2timent\",\"potentialAction\":[{\"@type\":\"SearchAction\",\"target\":{\"@type\":\"EntryPoint\",\"urlTemplate\":\"https:\\\/\\\/batijournal.com\\\/?s={search_term_string}\"},\"query-input\":{\"@type\":\"PropertyValueSpecification\",\"valueRequired\":true,\"valueName\":\"search_term_string\"}}],\"inLanguage\":\"fr-FR\"},{\"@type\":\"Person\",\"@id\":\"https:\\\/\\\/batijournal.com\\\/#\\\/schema\\\/person\\\/6a657e8967569e1b299972574848aa76\",\"name\":\"Bati-journal\",\"image\":{\"@type\":\"ImageObject\",\"inLanguage\":\"fr-FR\",\"@id\":\"https:\\\/\\\/secure.gravatar.com\\\/avatar\\\/a64364ea26392f9b4dd47e017ddaec74ff03aefc073b49e492e847201258f777?s=96&d=mm&r=g\",\"url\":\"https:\\\/\\\/secure.gravatar.com\\\/avatar\\\/a64364ea26392f9b4dd47e017ddaec74ff03aefc073b49e492e847201258f777?s=96&d=mm&r=g\",\"contentUrl\":\"https:\\\/\\\/secure.gravatar.com\\\/avatar\\\/a64364ea26392f9b4dd47e017ddaec74ff03aefc073b49e492e847201258f777?s=96&d=mm&r=g\",\"caption\":\"Bati-journal\"},\"url\":\"https:\\\/\\\/batijournal.com\\\/index.php\\\/author\\\/elodie\\\/\"}]}<\/script>\n<!-- \/ Yoast SEO plugin. -->","yoast_head_json":{"title":"300 millions d'euros pour valoriser la Tour Eiffel","robots":{"index":"index","follow":"follow","max-snippet":"max-snippet:-1","max-image-preview":"max-image-preview:large","max-video-preview":"max-video-preview:-1"},"canonical":"https:\/\/batijournal.com\/index.php\/300-millions-deuros-valoriser-tour-eiffel\/95037\/","og_locale":"fr_FR","og_type":"article","og_title":"300 millions d'euros pour valoriser la Tour Eiffel","og_description":"La Pr\u00e9fecture de Police et l&rsquo;architecte des b\u00e2timents de France ont soumis une proposition de mise en valeur de la Tour Eiffel avec un budget de 300 millions d&rsquo;euros sur 15 ans. Cette proposition s&rsquo;axe sur trois objectifs : l&rsquo;am\u00e9lioration des dispositifs de s\u00e9curit\u00e9 aux abords du monuments et le renforcement de la protection des [&hellip;]","og_url":"https:\/\/batijournal.com\/index.php\/300-millions-deuros-valoriser-tour-eiffel\/95037\/","og_site_name":"Batijournal","article_published_time":"2017-02-15T06:44:28+00:00","article_modified_time":"2019-07-15T09:16:06+00:00","og_image":[{"width":3964,"height":2227,"url":"https:\/\/batijournal.com\/wp-content\/uploads\/2017\/02\/tour-eiffel.jpeg","type":"image\/jpeg"}],"author":"Bati-journal","twitter_card":"summary_large_image","twitter_creator":"@bati_journal","twitter_site":"@bati_journal","twitter_misc":{"\u00c9crit par":"Bati-journal","Dur\u00e9e de lecture estim\u00e9e":"1 minute"},"schema":{"@context":"https:\/\/schema.org","@graph":[{"@type":"Article","@id":"https:\/\/batijournal.com\/index.php\/300-millions-deuros-valoriser-tour-eiffel\/95037\/#article","isPartOf":{"@id":"https:\/\/batijournal.com\/index.php\/300-millions-deuros-valoriser-tour-eiffel\/95037\/"},"author":{"name":"Bati-journal","@id":"https:\/\/batijournal.com\/#\/schema\/person\/6a657e8967569e1b299972574848aa76"},"headline":"300 millions d&rsquo;euros pour valoriser la Tour Eiffel","datePublished":"2017-02-15T06:44:28+00:00","dateModified":"2019-07-15T09:16:06+00:00","mainEntityOfPage":{"@id":"https:\/\/batijournal.com\/index.php\/300-millions-deuros-valoriser-tour-eiffel\/95037\/"},"wordCount":199,"image":{"@id":"https:\/\/batijournal.com\/index.php\/300-millions-deuros-valoriser-tour-eiffel\/95037\/#primaryimage"},"thumbnailUrl":"https:\/\/batijournal.com\/wp-content\/uploads\/2017\/02\/tour-eiffel.jpeg","keywords":["paris","securite","tour Eiffel"],"articleSection":["Architecture &amp; Conception"],"inLanguage":"fr-FR"},{"@type":"WebPage","@id":"https:\/\/batijournal.com\/index.php\/300-millions-deuros-valoriser-tour-eiffel\/95037\/","url":"https:\/\/batijournal.com\/index.php\/300-millions-deuros-valoriser-tour-eiffel\/95037\/","name":"300 millions d'euros pour valoriser la Tour Eiffel","isPartOf":{"@id":"https:\/\/batijournal.com\/#website"},"primaryImageOfPage":{"@id":"https:\/\/batijournal.com\/index.php\/300-millions-deuros-valoriser-tour-eiffel\/95037\/#primaryimage"},"image":{"@id":"https:\/\/batijournal.com\/index.php\/300-millions-deuros-valoriser-tour-eiffel\/95037\/#primaryimage"},"thumbnailUrl":"https:\/\/batijournal.com\/wp-content\/uploads\/2017\/02\/tour-eiffel.jpeg","datePublished":"2017-02-15T06:44:28+00:00","dateModified":"2019-07-15T09:16:06+00:00","author":{"@id":"https:\/\/batijournal.com\/#\/schema\/person\/6a657e8967569e1b299972574848aa76"},"breadcrumb":{"@id":"https:\/\/batijournal.com\/index.php\/300-millions-deuros-valoriser-tour-eiffel\/95037\/#breadcrumb"},"inLanguage":"fr-FR","potentialAction":[{"@type":"ReadAction","target":["https:\/\/batijournal.com\/index.php\/300-millions-deuros-valoriser-tour-eiffel\/95037\/"]}]},{"@type":"ImageObject","inLanguage":"fr-FR","@id":"https:\/\/batijournal.com\/index.php\/300-millions-deuros-valoriser-tour-eiffel\/95037\/#primaryimage","url":"https:\/\/batijournal.com\/wp-content\/uploads\/2017\/02\/tour-eiffel.jpeg","contentUrl":"https:\/\/batijournal.com\/wp-content\/uploads\/2017\/02\/tour-eiffel.jpeg","width":3964,"height":2227},{"@type":"BreadcrumbList","@id":"https:\/\/batijournal.com\/index.php\/300-millions-deuros-valoriser-tour-eiffel\/95037\/#breadcrumb","itemListElement":[{"@type":"ListItem","position":1,"name":"Accueil","item":"https:\/\/batijournal.com\/"},{"@type":"ListItem","position":2,"name":"Actualit\u00e9s","item":"https:\/\/batijournal.com\/index.php\/category\/actualites\/"},{"@type":"ListItem","position":3,"name":"Architecture &amp; Conception","item":"https:\/\/batijournal.com\/index.php\/category\/actualites\/architecture-conception\/"},{"@type":"ListItem","position":4,"name":"300 millions d&rsquo;euros pour valoriser la Tour Eiffel"}]},{"@type":"WebSite","@id":"https:\/\/batijournal.com\/#website","url":"https:\/\/batijournal.com\/","name":"Batijournal","description":"L&#039;actualit\u00e9 du b\u00e2timent","potentialAction":[{"@type":"SearchAction","target":{"@type":"EntryPoint","urlTemplate":"https:\/\/batijournal.com\/?s={search_term_string}"},"query-input":{"@type":"PropertyValueSpecification","valueRequired":true,"valueName":"search_term_string"}}],"inLanguage":"fr-FR"},{"@type":"Person","@id":"https:\/\/batijournal.com\/#\/schema\/person\/6a657e8967569e1b299972574848aa76","name":"Bati-journal","image":{"@type":"ImageObject","inLanguage":"fr-FR","@id":"https:\/\/secure.gravatar.com\/avatar\/a64364ea26392f9b4dd47e017ddaec74ff03aefc073b49e492e847201258f777?s=96&d=mm&r=g","url":"https:\/\/secure.gravatar.com\/avatar\/a64364ea26392f9b4dd47e017ddaec74ff03aefc073b49e492e847201258f777?s=96&d=mm&r=g","contentUrl":"https:\/\/secure.gravatar.com\/avatar\/a64364ea26392f9b4dd47e017ddaec74ff03aefc073b49e492e847201258f777?s=96&d=mm&r=g","caption":"Bati-journal"},"url":"https:\/\/batijournal.com\/index.php\/author\/elodie\/"}]}},"_links":{"self":[{"href":"https:\/\/batijournal.com\/index.php\/wp-json\/wp\/v2\/posts\/95037","targetHints":{"allow":["GET"]}}],"collection":[{"href":"https:\/\/batijournal.com\/index.php\/wp-json\/wp\/v2\/posts"}],"about":[{"href":"https:\/\/batijournal.com\/index.php\/wp-json\/wp\/v2\/types\/post"}],"author":[{"embeddable":true,"href":"https:\/\/batijournal.com\/index.php\/wp-json\/wp\/v2\/users\/1"}],"replies":[{"embeddable":true,"href":"https:\/\/batijournal.com\/index.php\/wp-json\/wp\/v2\/comments?post=95037"}],"version-history":[{"count":0,"href":"https:\/\/batijournal.com\/index.php\/wp-json\/wp\/v2\/posts\/95037\/revisions"}],"wp:featuredmedia":[{"embeddable":true,"href":"https:\/\/batijournal.com\/index.php\/wp-json\/wp\/v2\/media\/95038"}],"wp:attachment":[{"href":"https:\/\/batijournal.com\/index.php\/wp-json\/wp\/v2\/media?parent=95037"}],"wp:term":[{"taxonomy":"category","embeddable":true,"href":"https:\/\/batijournal.com\/index.php\/wp-json\/wp\/v2\/categories?post=95037"},{"taxonomy":"post_tag","embeddable":true,"href":"https:\/\/batijournal.com\/index.php\/wp-json\/wp\/v2\/tags?post=95037"}],"curies":[{"name":"wp","href":"https:\/\/api.w.org\/{rel}","templated":true}]}}