{"id":95050,"date":"2017-02-13T10:16:16","date_gmt":"2017-02-13T09:16:16","guid":{"rendered":"http:\/\/batijournal.com\/?p=95050"},"modified":"2019-07-15T12:23:38","modified_gmt":"2019-07-15T10:23:38","slug":"programme-national-de-foret-bois-approuve","status":"publish","type":"post","link":"https:\/\/batijournal.com\/index.php\/programme-national-de-foret-bois-approuve\/95050\/","title":{"rendered":"Le programme national de la for\u00eat et du bois est approuv\u00e9"},"content":{"rendered":"<p>Le ministre de l&rsquo;Agriculture, de l&rsquo;Agroalimentaire et de la For\u00eat, St\u00e9phane Le Foll, vient d\u2019approuver par d\u00e9cret le programme national de la for\u00eat et du bois (PNFB). Le PNFB fixe les orientations de la politique foresti\u00e8re, en for\u00eat publique et priv\u00e9e, en m\u00e9tropole et en outre-mer, pour une p\u00e9riode de dix ans. Il se donne 4 objectifs : cr\u00e9er de la valeur en France, en mobilisant la ressource durablement ; r\u00e9pondre aux attentes des citoyens et s\u2019int\u00e9grer aux projets de territoires ; conjuguer att\u00e9nuation et adaptation des for\u00eats au changement climatique \u00a0et d\u00e9velopper des synergies entre for\u00eat et industrie.\u00a0Il\u00a0est issu d&rsquo;une large concertation avec l&rsquo;ensemble des parties prenantes de la fili\u00e8re for\u00eat-bois. En 2016, le Conseil sup\u00e9rieur de la for\u00eat et du bois (CSFB) ainsi que l\u2019Autorit\u00e9 environnementale se sont prononc\u00e9s dessus. Celui-ci a ensuite \u00e9t\u00e9 soumis \u00e0 la consultation du public, c&rsquo;est la premi\u00e8re fois que la soci\u00e9t\u00e9 civile a \u00e9t\u00e9 associ\u00e9e \u00e0 la d\u00e9finition de la politique foresti\u00e8re de la nation.<\/p>\n<p><a href=\"http:\/\/agriculture.gouv.fr\/telecharger\/83848\" target=\"_blank\" rel=\"noopener noreferrer\">http:\/\/agriculture.gouv.fr\/telecharger\/83848<\/a><\/p>\n<p>&nbsp;<\/p>\n","protected":false},"excerpt":{"rendered":"<p>Le ministre de l&rsquo;Agriculture, de l&rsquo;Agroalimentaire et de la For\u00eat, St\u00e9phane Le Foll, vient d\u2019approuver par d\u00e9cret le programme national de la for\u00eat et du bois (PNFB). Le PNFB fixe les orientations de la politique foresti\u00e8re, en for\u00eat publique et priv\u00e9e, en m\u00e9tropole et en outre-mer, pour une p\u00e9riode de dix ans. Il se donne [&hellip;]<\/p>\n","protected":false},"author":17,"featured_media":93371,"comment_status":"closed","ping_status":"closed","sticky":false,"template":"","format":"standard","meta":{"_et_pb_use_builder":"","_et_pb_old_content":"","_et_gb_content_width":"","footnotes":""},"categories":[10530,6351],"tags":[1017,772],"class_list":["post-95050","post","type-post","status-publish","format-standard","has-post-thumbnail","hentry","category-actualites","category-energie-environnement","tag-filiere-bois","tag-foret"],"yoast_head":"<!-- This site is optimized with the Yoast SEO plugin v27.4 - https:\/\/yoast.com\/product\/yoast-seo-wordpress\/ -->\n<title>Le programme national de la for\u00eat et du bois est approuv\u00e9<\/title>\n<meta name=\"robots\" content=\"index, follow, max-snippet:-1, max-image-preview:large, max-video-preview:-1\" \/>\n<link rel=\"canonical\" href=\"https:\/\/batijournal.com\/index.php\/programme-national-de-foret-bois-approuve\/95050\/\" \/>\n<meta property=\"og:locale\" content=\"fr_FR\" \/>\n<meta property=\"og:type\" content=\"article\" \/>\n<meta property=\"og:title\" content=\"Le programme national de la for\u00eat et du bois est approuv\u00e9\" \/>\n<meta property=\"og:description\" content=\"Le ministre de l&rsquo;Agriculture, de l&rsquo;Agroalimentaire et de la For\u00eat, St\u00e9phane Le Foll, vient d\u2019approuver par d\u00e9cret le programme national de la for\u00eat et du bois (PNFB). Le PNFB fixe les orientations de la politique foresti\u00e8re, en for\u00eat publique et priv\u00e9e, en m\u00e9tropole et en outre-mer, pour une p\u00e9riode de dix ans. Il se donne [&hellip;]\" \/>\n<meta property=\"og:url\" content=\"https:\/\/batijournal.com\/index.php\/programme-national-de-foret-bois-approuve\/95050\/\" \/>\n<meta property=\"og:site_name\" content=\"Batijournal\" \/>\n<meta property=\"article:published_time\" content=\"2017-02-13T09:16:16+00:00\" \/>\n<meta property=\"article:modified_time\" content=\"2019-07-15T10:23:38+00:00\" \/>\n<meta property=\"og:image\" content=\"https:\/\/batijournal.com\/wp-content\/uploads\/2016\/07\/forets.jpg\" \/>\n\t<meta property=\"og:image:width\" content=\"1000\" \/>\n\t<meta property=\"og:image:height\" content=\"609\" \/>\n\t<meta property=\"og:image:type\" content=\"image\/jpeg\" \/>\n<meta name=\"author\" content=\"St\u00e9phane Miget\" \/>\n<meta name=\"twitter:card\" content=\"summary_large_image\" \/>\n<meta name=\"twitter:creator\" content=\"@bati_journal\" \/>\n<meta name=\"twitter:site\" content=\"@bati_journal\" \/>\n<meta name=\"twitter:label1\" content=\"\u00c9crit par\" \/>\n\t<meta name=\"twitter:data1\" content=\"St\u00e9phane Miget\" \/>\n\t<meta name=\"twitter:label2\" content=\"Dur\u00e9e de lecture estim\u00e9e\" \/>\n\t<meta name=\"twitter:data2\" content=\"1 minute\" \/>\n<script type=\"application\/ld+json\" class=\"yoast-schema-graph\">{\"@context\":\"https:\\\/\\\/schema.org\",\"@graph\":[{\"@type\":\"Article\",\"@id\":\"https:\\\/\\\/batijournal.com\\\/index.php\\\/programme-national-de-foret-bois-approuve\\\/95050\\\/#article\",\"isPartOf\":{\"@id\":\"https:\\\/\\\/batijournal.com\\\/index.php\\\/programme-national-de-foret-bois-approuve\\\/95050\\\/\"},\"author\":{\"name\":\"St\u00e9phane Miget\",\"@id\":\"https:\\\/\\\/batijournal.com\\\/#\\\/schema\\\/person\\\/1dc96ec6957aa1ccb25ebe78bb19f100\"},\"headline\":\"Le programme national de la for\u00eat et du bois est approuv\u00e9\",\"datePublished\":\"2017-02-13T09:16:16+00:00\",\"dateModified\":\"2019-07-15T10:23:38+00:00\",\"mainEntityOfPage\":{\"@id\":\"https:\\\/\\\/batijournal.com\\\/index.php\\\/programme-national-de-foret-bois-approuve\\\/95050\\\/\"},\"wordCount\":210,\"image\":{\"@id\":\"https:\\\/\\\/batijournal.com\\\/index.php\\\/programme-national-de-foret-bois-approuve\\\/95050\\\/#primaryimage\"},\"thumbnailUrl\":\"https:\\\/\\\/batijournal.com\\\/wp-content\\\/uploads\\\/2016\\\/07\\\/forets.jpg\",\"keywords\":[\"fili\u00e8re bois\",\"for\u00eat\"],\"articleSection\":[\"Actualit\u00e9s\",\"\u00c9nergie &amp; Environnement\"],\"inLanguage\":\"fr-FR\"},{\"@type\":\"WebPage\",\"@id\":\"https:\\\/\\\/batijournal.com\\\/index.php\\\/programme-national-de-foret-bois-approuve\\\/95050\\\/\",\"url\":\"https:\\\/\\\/batijournal.com\\\/index.php\\\/programme-national-de-foret-bois-approuve\\\/95050\\\/\",\"name\":\"Le programme national de la for\u00eat et du bois est approuv\u00e9\",\"isPartOf\":{\"@id\":\"https:\\\/\\\/batijournal.com\\\/#website\"},\"primaryImageOfPage\":{\"@id\":\"https:\\\/\\\/batijournal.com\\\/index.php\\\/programme-national-de-foret-bois-approuve\\\/95050\\\/#primaryimage\"},\"image\":{\"@id\":\"https:\\\/\\\/batijournal.com\\\/index.php\\\/programme-national-de-foret-bois-approuve\\\/95050\\\/#primaryimage\"},\"thumbnailUrl\":\"https:\\\/\\\/batijournal.com\\\/wp-content\\\/uploads\\\/2016\\\/07\\\/forets.jpg\",\"datePublished\":\"2017-02-13T09:16:16+00:00\",\"dateModified\":\"2019-07-15T10:23:38+00:00\",\"author\":{\"@id\":\"https:\\\/\\\/batijournal.com\\\/#\\\/schema\\\/person\\\/1dc96ec6957aa1ccb25ebe78bb19f100\"},\"breadcrumb\":{\"@id\":\"https:\\\/\\\/batijournal.com\\\/index.php\\\/programme-national-de-foret-bois-approuve\\\/95050\\\/#breadcrumb\"},\"inLanguage\":\"fr-FR\",\"potentialAction\":[{\"@type\":\"ReadAction\",\"target\":[\"https:\\\/\\\/batijournal.com\\\/index.php\\\/programme-national-de-foret-bois-approuve\\\/95050\\\/\"]}]},{\"@type\":\"ImageObject\",\"inLanguage\":\"fr-FR\",\"@id\":\"https:\\\/\\\/batijournal.com\\\/index.php\\\/programme-national-de-foret-bois-approuve\\\/95050\\\/#primaryimage\",\"url\":\"https:\\\/\\\/batijournal.com\\\/wp-content\\\/uploads\\\/2016\\\/07\\\/forets.jpg\",\"contentUrl\":\"https:\\\/\\\/batijournal.com\\\/wp-content\\\/uploads\\\/2016\\\/07\\\/forets.jpg\",\"width\":1000,\"height\":609},{\"@type\":\"BreadcrumbList\",\"@id\":\"https:\\\/\\\/batijournal.com\\\/index.php\\\/programme-national-de-foret-bois-approuve\\\/95050\\\/#breadcrumb\",\"itemListElement\":[{\"@type\":\"ListItem\",\"position\":1,\"name\":\"Accueil\",\"item\":\"https:\\\/\\\/batijournal.com\\\/\"},{\"@type\":\"ListItem\",\"position\":2,\"name\":\"Actualit\u00e9s\",\"item\":\"https:\\\/\\\/batijournal.com\\\/index.php\\\/category\\\/actualites\\\/\"},{\"@type\":\"ListItem\",\"position\":3,\"name\":\"Le programme national de la for\u00eat et du bois est approuv\u00e9\"}]},{\"@type\":\"WebSite\",\"@id\":\"https:\\\/\\\/batijournal.com\\\/#website\",\"url\":\"https:\\\/\\\/batijournal.com\\\/\",\"name\":\"Batijournal\",\"description\":\"L&#039;actualit\u00e9 du b\u00e2timent\",\"potentialAction\":[{\"@type\":\"SearchAction\",\"target\":{\"@type\":\"EntryPoint\",\"urlTemplate\":\"https:\\\/\\\/batijournal.com\\\/?s={search_term_string}\"},\"query-input\":{\"@type\":\"PropertyValueSpecification\",\"valueRequired\":true,\"valueName\":\"search_term_string\"}}],\"inLanguage\":\"fr-FR\"},{\"@type\":\"Person\",\"@id\":\"https:\\\/\\\/batijournal.com\\\/#\\\/schema\\\/person\\\/1dc96ec6957aa1ccb25ebe78bb19f100\",\"name\":\"St\u00e9phane Miget\",\"image\":{\"@type\":\"ImageObject\",\"inLanguage\":\"fr-FR\",\"@id\":\"https:\\\/\\\/secure.gravatar.com\\\/avatar\\\/89915563d925342126b8ef0281b93d9d7fc337043e8df017f780908eb9644451?s=96&d=mm&r=g\",\"url\":\"https:\\\/\\\/secure.gravatar.com\\\/avatar\\\/89915563d925342126b8ef0281b93d9d7fc337043e8df017f780908eb9644451?s=96&d=mm&r=g\",\"contentUrl\":\"https:\\\/\\\/secure.gravatar.com\\\/avatar\\\/89915563d925342126b8ef0281b93d9d7fc337043e8df017f780908eb9644451?s=96&d=mm&r=g\",\"caption\":\"St\u00e9phane Miget\"},\"url\":\"https:\\\/\\\/batijournal.com\\\/index.php\\\/author\\\/stephane\\\/\"}]}<\/script>\n<!-- \/ Yoast SEO plugin. -->","yoast_head_json":{"title":"Le programme national de la for\u00eat et du bois est approuv\u00e9","robots":{"index":"index","follow":"follow","max-snippet":"max-snippet:-1","max-image-preview":"max-image-preview:large","max-video-preview":"max-video-preview:-1"},"canonical":"https:\/\/batijournal.com\/index.php\/programme-national-de-foret-bois-approuve\/95050\/","og_locale":"fr_FR","og_type":"article","og_title":"Le programme national de la for\u00eat et du bois est approuv\u00e9","og_description":"Le ministre de l&rsquo;Agriculture, de l&rsquo;Agroalimentaire et de la For\u00eat, St\u00e9phane Le Foll, vient d\u2019approuver par d\u00e9cret le programme national de la for\u00eat et du bois (PNFB). Le PNFB fixe les orientations de la politique foresti\u00e8re, en for\u00eat publique et priv\u00e9e, en m\u00e9tropole et en outre-mer, pour une p\u00e9riode de dix ans. Il se donne [&hellip;]","og_url":"https:\/\/batijournal.com\/index.php\/programme-national-de-foret-bois-approuve\/95050\/","og_site_name":"Batijournal","article_published_time":"2017-02-13T09:16:16+00:00","article_modified_time":"2019-07-15T10:23:38+00:00","og_image":[{"width":1000,"height":609,"url":"https:\/\/batijournal.com\/wp-content\/uploads\/2016\/07\/forets.jpg","type":"image\/jpeg"}],"author":"St\u00e9phane Miget","twitter_card":"summary_large_image","twitter_creator":"@bati_journal","twitter_site":"@bati_journal","twitter_misc":{"\u00c9crit par":"St\u00e9phane Miget","Dur\u00e9e de lecture estim\u00e9e":"1 minute"},"schema":{"@context":"https:\/\/schema.org","@graph":[{"@type":"Article","@id":"https:\/\/batijournal.com\/index.php\/programme-national-de-foret-bois-approuve\/95050\/#article","isPartOf":{"@id":"https:\/\/batijournal.com\/index.php\/programme-national-de-foret-bois-approuve\/95050\/"},"author":{"name":"St\u00e9phane Miget","@id":"https:\/\/batijournal.com\/#\/schema\/person\/1dc96ec6957aa1ccb25ebe78bb19f100"},"headline":"Le programme national de la for\u00eat et du bois est approuv\u00e9","datePublished":"2017-02-13T09:16:16+00:00","dateModified":"2019-07-15T10:23:38+00:00","mainEntityOfPage":{"@id":"https:\/\/batijournal.com\/index.php\/programme-national-de-foret-bois-approuve\/95050\/"},"wordCount":210,"image":{"@id":"https:\/\/batijournal.com\/index.php\/programme-national-de-foret-bois-approuve\/95050\/#primaryimage"},"thumbnailUrl":"https:\/\/batijournal.com\/wp-content\/uploads\/2016\/07\/forets.jpg","keywords":["fili\u00e8re bois","for\u00eat"],"articleSection":["Actualit\u00e9s","\u00c9nergie &amp; Environnement"],"inLanguage":"fr-FR"},{"@type":"WebPage","@id":"https:\/\/batijournal.com\/index.php\/programme-national-de-foret-bois-approuve\/95050\/","url":"https:\/\/batijournal.com\/index.php\/programme-national-de-foret-bois-approuve\/95050\/","name":"Le programme national de la for\u00eat et du bois est approuv\u00e9","isPartOf":{"@id":"https:\/\/batijournal.com\/#website"},"primaryImageOfPage":{"@id":"https:\/\/batijournal.com\/index.php\/programme-national-de-foret-bois-approuve\/95050\/#primaryimage"},"image":{"@id":"https:\/\/batijournal.com\/index.php\/programme-national-de-foret-bois-approuve\/95050\/#primaryimage"},"thumbnailUrl":"https:\/\/batijournal.com\/wp-content\/uploads\/2016\/07\/forets.jpg","datePublished":"2017-02-13T09:16:16+00:00","dateModified":"2019-07-15T10:23:38+00:00","author":{"@id":"https:\/\/batijournal.com\/#\/schema\/person\/1dc96ec6957aa1ccb25ebe78bb19f100"},"breadcrumb":{"@id":"https:\/\/batijournal.com\/index.php\/programme-national-de-foret-bois-approuve\/95050\/#breadcrumb"},"inLanguage":"fr-FR","potentialAction":[{"@type":"ReadAction","target":["https:\/\/batijournal.com\/index.php\/programme-national-de-foret-bois-approuve\/95050\/"]}]},{"@type":"ImageObject","inLanguage":"fr-FR","@id":"https:\/\/batijournal.com\/index.php\/programme-national-de-foret-bois-approuve\/95050\/#primaryimage","url":"https:\/\/batijournal.com\/wp-content\/uploads\/2016\/07\/forets.jpg","contentUrl":"https:\/\/batijournal.com\/wp-content\/uploads\/2016\/07\/forets.jpg","width":1000,"height":609},{"@type":"BreadcrumbList","@id":"https:\/\/batijournal.com\/index.php\/programme-national-de-foret-bois-approuve\/95050\/#breadcrumb","itemListElement":[{"@type":"ListItem","position":1,"name":"Accueil","item":"https:\/\/batijournal.com\/"},{"@type":"ListItem","position":2,"name":"Actualit\u00e9s","item":"https:\/\/batijournal.com\/index.php\/category\/actualites\/"},{"@type":"ListItem","position":3,"name":"Le programme national de la for\u00eat et du bois est approuv\u00e9"}]},{"@type":"WebSite","@id":"https:\/\/batijournal.com\/#website","url":"https:\/\/batijournal.com\/","name":"Batijournal","description":"L&#039;actualit\u00e9 du b\u00e2timent","potentialAction":[{"@type":"SearchAction","target":{"@type":"EntryPoint","urlTemplate":"https:\/\/batijournal.com\/?s={search_term_string}"},"query-input":{"@type":"PropertyValueSpecification","valueRequired":true,"valueName":"search_term_string"}}],"inLanguage":"fr-FR"},{"@type":"Person","@id":"https:\/\/batijournal.com\/#\/schema\/person\/1dc96ec6957aa1ccb25ebe78bb19f100","name":"St\u00e9phane Miget","image":{"@type":"ImageObject","inLanguage":"fr-FR","@id":"https:\/\/secure.gravatar.com\/avatar\/89915563d925342126b8ef0281b93d9d7fc337043e8df017f780908eb9644451?s=96&d=mm&r=g","url":"https:\/\/secure.gravatar.com\/avatar\/89915563d925342126b8ef0281b93d9d7fc337043e8df017f780908eb9644451?s=96&d=mm&r=g","contentUrl":"https:\/\/secure.gravatar.com\/avatar\/89915563d925342126b8ef0281b93d9d7fc337043e8df017f780908eb9644451?s=96&d=mm&r=g","caption":"St\u00e9phane Miget"},"url":"https:\/\/batijournal.com\/index.php\/author\/stephane\/"}]}},"_links":{"self":[{"href":"https:\/\/batijournal.com\/index.php\/wp-json\/wp\/v2\/posts\/95050","targetHints":{"allow":["GET"]}}],"collection":[{"href":"https:\/\/batijournal.com\/index.php\/wp-json\/wp\/v2\/posts"}],"about":[{"href":"https:\/\/batijournal.com\/index.php\/wp-json\/wp\/v2\/types\/post"}],"author":[{"embeddable":true,"href":"https:\/\/batijournal.com\/index.php\/wp-json\/wp\/v2\/users\/17"}],"replies":[{"embeddable":true,"href":"https:\/\/batijournal.com\/index.php\/wp-json\/wp\/v2\/comments?post=95050"}],"version-history":[{"count":0,"href":"https:\/\/batijournal.com\/index.php\/wp-json\/wp\/v2\/posts\/95050\/revisions"}],"wp:featuredmedia":[{"embeddable":true,"href":"https:\/\/batijournal.com\/index.php\/wp-json\/wp\/v2\/media\/93371"}],"wp:attachment":[{"href":"https:\/\/batijournal.com\/index.php\/wp-json\/wp\/v2\/media?parent=95050"}],"wp:term":[{"taxonomy":"category","embeddable":true,"href":"https:\/\/batijournal.com\/index.php\/wp-json\/wp\/v2\/categories?post=95050"},{"taxonomy":"post_tag","embeddable":true,"href":"https:\/\/batijournal.com\/index.php\/wp-json\/wp\/v2\/tags?post=95050"}],"curies":[{"name":"wp","href":"https:\/\/api.w.org\/{rel}","templated":true}]}}