{"id":95067,"date":"2017-02-13T18:24:00","date_gmt":"2017-02-13T17:24:00","guid":{"rendered":"http:\/\/batijournal.com\/?p=95067"},"modified":"2019-07-15T12:23:37","modified_gmt":"2019-07-15T10:23:37","slug":"800-batiments-impactes-lerosion-de-cote-francaise-a-lhorizon-2026","status":"publish","type":"post","link":"https:\/\/batijournal.com\/index.php\/800-batiments-impactes-lerosion-de-cote-francaise-a-lhorizon-2026\/95067\/","title":{"rendered":"800 b\u00e2timents impact\u00e9s par l\u2019\u00e9rosion des c\u00f4tes fran\u00e7aises \u00e0 l&rsquo;horizon 2026"},"content":{"rendered":"<p>Le Centre d&rsquo;\u00e9tudes et d&rsquo;expertise sur les risques, l&rsquo;environnement, la mobilit\u00e9 et l&rsquo;am\u00e9nagement (Cerema) m\u00e8ne actuellement une \u00e9valuation prospective des enjeux potentiellement atteints par le recul du trait de c\u00f4te. Cette d\u00e9marche l&rsquo;a conduit \u00e0 \u00e9laborer l&rsquo;indicateur national de l&rsquo;\u00e9rosion c\u00f4ti\u00e8re d\u00e9termin\u00e9 \u00e0 partir de l&rsquo;\u00e9volution constat\u00e9e du trait de c\u00f4te au cours des soixante derni\u00e8res ann\u00e9es. Cet indicateur est d\u00e9j\u00e0 en place en m\u00e9tropole (hors Corse) avec une valeur tous les 200 m\u00e8tres, environ 14 000 points de calcul, et plus de 5 200 ouvrages cartographi\u00e9s. \u00c0 partir de cet indicateur, le Cerema a d\u00e9termin\u00e9 un premier ordre de grandeur pour le b\u00e2ti susceptible d&rsquo;\u00eatre affect\u00e9 \u00e0 diff\u00e9rents horizons temporels : 2026, 2040 et 2100. Les estimations seraient ainsi de l&rsquo;ordre de 300 b\u00e2timents impact\u00e9s en 2026, 800 en 2040, environ 1 500 logements et 400 locaux d&rsquo;activit\u00e9s, et 4 000 b\u00e2timents impact\u00e9s \u00e0 horizon 2100, soit 10 000 logements et 1 000 locaux d&rsquo;activit\u00e9. Ces premiers r\u00e9sultats doivent encore \u00eatre affin\u00e9s dans la mesure o\u00f9 le taux d&rsquo;\u00e9volution historiquement constat\u00e9 ne prend pas en compte la g\u00e9omorphologie du terrain qui viendrait freiner ou acc\u00e9l\u00e9rer l&rsquo;\u00e9rosion constat\u00e9e jusqu&rsquo;ici. De plus, les effets \u00e0 venir du changement climatique ne sont pas explicitement pris en compte dans ces calculs, et viennent ajouter de l&rsquo;incertitude. Enfin, les territoires littoraux connaissent une forte attractivit\u00e9 et une croissance importante des activit\u00e9s humaines, qui accentuent les vuln\u00e9rabilit\u00e9s.<\/p>\n<p>Source : <a href=\"http:\/\/www.senat.fr\/rap\/l16-266\/l16-2662.html\" target=\"_blank\" rel=\"noopener noreferrer\">S\u00e9nat<\/a><\/p>\n<p>&nbsp;<\/p>\n<p>Photo : \u00e9rosion coti\u00e8re sur la plage Santocha ou plage de la Savane \u00e0 Capbreton (Landes, France) avec le club de surf Santocha et le CERS. Tangopaso \u2014 Photographie personnelle, Domaine public, Wikim\u00e9dia Commons<\/p>\n<p>&nbsp;<\/p>\n","protected":false},"excerpt":{"rendered":"<p>Le Centre d&rsquo;\u00e9tudes et d&rsquo;expertise sur les risques, l&rsquo;environnement, la mobilit\u00e9 et l&rsquo;am\u00e9nagement (Cerema) m\u00e8ne actuellement une \u00e9valuation prospective des enjeux potentiellement atteints par le recul du trait de c\u00f4te. Cette d\u00e9marche l&rsquo;a conduit \u00e0 \u00e9laborer l&rsquo;indicateur national de l&rsquo;\u00e9rosion c\u00f4ti\u00e8re d\u00e9termin\u00e9 \u00e0 partir de l&rsquo;\u00e9volution constat\u00e9e du trait de c\u00f4te au cours des soixante [&hellip;]<\/p>\n","protected":false},"author":17,"featured_media":95068,"comment_status":"closed","ping_status":"closed","sticky":false,"template":"","format":"standard","meta":{"_et_pb_use_builder":"","_et_pb_old_content":"","_et_gb_content_width":"","footnotes":""},"categories":[10530,6351],"tags":[8251],"class_list":["post-95067","post","type-post","status-publish","format-standard","has-post-thumbnail","hentry","category-actualites","category-energie-environnement","tag-rechauffement-climatique"],"yoast_head":"<!-- This site is optimized with the Yoast SEO plugin v27.4 - https:\/\/yoast.com\/product\/yoast-seo-wordpress\/ -->\n<title>800 b\u00e2timents impact\u00e9s par l\u2019\u00e9rosion des c\u00f4tes fran\u00e7aises \u00e0 l&#039;horizon 2026<\/title>\n<meta name=\"robots\" content=\"index, follow, max-snippet:-1, max-image-preview:large, max-video-preview:-1\" \/>\n<link rel=\"canonical\" href=\"https:\/\/batijournal.com\/index.php\/800-batiments-impactes-lerosion-de-cote-francaise-a-lhorizon-2026\/95067\/\" \/>\n<meta property=\"og:locale\" content=\"fr_FR\" \/>\n<meta property=\"og:type\" content=\"article\" \/>\n<meta property=\"og:title\" content=\"800 b\u00e2timents impact\u00e9s par l\u2019\u00e9rosion des c\u00f4tes fran\u00e7aises \u00e0 l&#039;horizon 2026\" \/>\n<meta property=\"og:description\" content=\"Le Centre d&rsquo;\u00e9tudes et d&rsquo;expertise sur les risques, l&rsquo;environnement, la mobilit\u00e9 et l&rsquo;am\u00e9nagement (Cerema) m\u00e8ne actuellement une \u00e9valuation prospective des enjeux potentiellement atteints par le recul du trait de c\u00f4te. Cette d\u00e9marche l&rsquo;a conduit \u00e0 \u00e9laborer l&rsquo;indicateur national de l&rsquo;\u00e9rosion c\u00f4ti\u00e8re d\u00e9termin\u00e9 \u00e0 partir de l&rsquo;\u00e9volution constat\u00e9e du trait de c\u00f4te au cours des soixante [&hellip;]\" \/>\n<meta property=\"og:url\" content=\"https:\/\/batijournal.com\/index.php\/800-batiments-impactes-lerosion-de-cote-francaise-a-lhorizon-2026\/95067\/\" \/>\n<meta property=\"og:site_name\" content=\"Batijournal\" \/>\n<meta property=\"article:published_time\" content=\"2017-02-13T17:24:00+00:00\" \/>\n<meta property=\"article:modified_time\" content=\"2019-07-15T10:23:37+00:00\" \/>\n<meta property=\"og:image\" content=\"https:\/\/batijournal.com\/wp-content\/uploads\/2017\/02\/erosion_cotiere_Santocha_beach_Capbreton.jpg\" \/>\n\t<meta property=\"og:image:width\" content=\"1024\" \/>\n\t<meta property=\"og:image:height\" content=\"768\" \/>\n\t<meta property=\"og:image:type\" content=\"image\/jpeg\" \/>\n<meta name=\"author\" content=\"St\u00e9phane Miget\" \/>\n<meta name=\"twitter:card\" content=\"summary_large_image\" \/>\n<meta name=\"twitter:creator\" content=\"@bati_journal\" \/>\n<meta name=\"twitter:site\" content=\"@bati_journal\" \/>\n<meta name=\"twitter:label1\" content=\"\u00c9crit par\" \/>\n\t<meta name=\"twitter:data1\" content=\"St\u00e9phane Miget\" \/>\n\t<meta name=\"twitter:label2\" content=\"Dur\u00e9e de lecture estim\u00e9e\" \/>\n\t<meta name=\"twitter:data2\" content=\"1 minute\" \/>\n<script type=\"application\/ld+json\" class=\"yoast-schema-graph\">{\"@context\":\"https:\\\/\\\/schema.org\",\"@graph\":[{\"@type\":\"Article\",\"@id\":\"https:\\\/\\\/batijournal.com\\\/index.php\\\/800-batiments-impactes-lerosion-de-cote-francaise-a-lhorizon-2026\\\/95067\\\/#article\",\"isPartOf\":{\"@id\":\"https:\\\/\\\/batijournal.com\\\/index.php\\\/800-batiments-impactes-lerosion-de-cote-francaise-a-lhorizon-2026\\\/95067\\\/\"},\"author\":{\"name\":\"St\u00e9phane Miget\",\"@id\":\"https:\\\/\\\/batijournal.com\\\/#\\\/schema\\\/person\\\/1dc96ec6957aa1ccb25ebe78bb19f100\"},\"headline\":\"800 b\u00e2timents impact\u00e9s par l\u2019\u00e9rosion des c\u00f4tes fran\u00e7aises \u00e0 l&rsquo;horizon 2026\",\"datePublished\":\"2017-02-13T17:24:00+00:00\",\"dateModified\":\"2019-07-15T10:23:37+00:00\",\"mainEntityOfPage\":{\"@id\":\"https:\\\/\\\/batijournal.com\\\/index.php\\\/800-batiments-impactes-lerosion-de-cote-francaise-a-lhorizon-2026\\\/95067\\\/\"},\"wordCount\":303,\"image\":{\"@id\":\"https:\\\/\\\/batijournal.com\\\/index.php\\\/800-batiments-impactes-lerosion-de-cote-francaise-a-lhorizon-2026\\\/95067\\\/#primaryimage\"},\"thumbnailUrl\":\"https:\\\/\\\/batijournal.com\\\/wp-content\\\/uploads\\\/2017\\\/02\\\/erosion_cotiere_Santocha_beach_Capbreton.jpg\",\"keywords\":[\"rechauffement climatique\"],\"articleSection\":[\"Actualit\u00e9s\",\"\u00c9nergie &amp; Environnement\"],\"inLanguage\":\"fr-FR\"},{\"@type\":\"WebPage\",\"@id\":\"https:\\\/\\\/batijournal.com\\\/index.php\\\/800-batiments-impactes-lerosion-de-cote-francaise-a-lhorizon-2026\\\/95067\\\/\",\"url\":\"https:\\\/\\\/batijournal.com\\\/index.php\\\/800-batiments-impactes-lerosion-de-cote-francaise-a-lhorizon-2026\\\/95067\\\/\",\"name\":\"800 b\u00e2timents impact\u00e9s par l\u2019\u00e9rosion des c\u00f4tes fran\u00e7aises \u00e0 l'horizon 2026\",\"isPartOf\":{\"@id\":\"https:\\\/\\\/batijournal.com\\\/#website\"},\"primaryImageOfPage\":{\"@id\":\"https:\\\/\\\/batijournal.com\\\/index.php\\\/800-batiments-impactes-lerosion-de-cote-francaise-a-lhorizon-2026\\\/95067\\\/#primaryimage\"},\"image\":{\"@id\":\"https:\\\/\\\/batijournal.com\\\/index.php\\\/800-batiments-impactes-lerosion-de-cote-francaise-a-lhorizon-2026\\\/95067\\\/#primaryimage\"},\"thumbnailUrl\":\"https:\\\/\\\/batijournal.com\\\/wp-content\\\/uploads\\\/2017\\\/02\\\/erosion_cotiere_Santocha_beach_Capbreton.jpg\",\"datePublished\":\"2017-02-13T17:24:00+00:00\",\"dateModified\":\"2019-07-15T10:23:37+00:00\",\"author\":{\"@id\":\"https:\\\/\\\/batijournal.com\\\/#\\\/schema\\\/person\\\/1dc96ec6957aa1ccb25ebe78bb19f100\"},\"breadcrumb\":{\"@id\":\"https:\\\/\\\/batijournal.com\\\/index.php\\\/800-batiments-impactes-lerosion-de-cote-francaise-a-lhorizon-2026\\\/95067\\\/#breadcrumb\"},\"inLanguage\":\"fr-FR\",\"potentialAction\":[{\"@type\":\"ReadAction\",\"target\":[\"https:\\\/\\\/batijournal.com\\\/index.php\\\/800-batiments-impactes-lerosion-de-cote-francaise-a-lhorizon-2026\\\/95067\\\/\"]}]},{\"@type\":\"ImageObject\",\"inLanguage\":\"fr-FR\",\"@id\":\"https:\\\/\\\/batijournal.com\\\/index.php\\\/800-batiments-impactes-lerosion-de-cote-francaise-a-lhorizon-2026\\\/95067\\\/#primaryimage\",\"url\":\"https:\\\/\\\/batijournal.com\\\/wp-content\\\/uploads\\\/2017\\\/02\\\/erosion_cotiere_Santocha_beach_Capbreton.jpg\",\"contentUrl\":\"https:\\\/\\\/batijournal.com\\\/wp-content\\\/uploads\\\/2017\\\/02\\\/erosion_cotiere_Santocha_beach_Capbreton.jpg\",\"width\":1024,\"height\":768},{\"@type\":\"BreadcrumbList\",\"@id\":\"https:\\\/\\\/batijournal.com\\\/index.php\\\/800-batiments-impactes-lerosion-de-cote-francaise-a-lhorizon-2026\\\/95067\\\/#breadcrumb\",\"itemListElement\":[{\"@type\":\"ListItem\",\"position\":1,\"name\":\"Accueil\",\"item\":\"https:\\\/\\\/batijournal.com\\\/\"},{\"@type\":\"ListItem\",\"position\":2,\"name\":\"Actualit\u00e9s\",\"item\":\"https:\\\/\\\/batijournal.com\\\/index.php\\\/category\\\/actualites\\\/\"},{\"@type\":\"ListItem\",\"position\":3,\"name\":\"800 b\u00e2timents impact\u00e9s par l\u2019\u00e9rosion des c\u00f4tes fran\u00e7aises \u00e0 l&rsquo;horizon 2026\"}]},{\"@type\":\"WebSite\",\"@id\":\"https:\\\/\\\/batijournal.com\\\/#website\",\"url\":\"https:\\\/\\\/batijournal.com\\\/\",\"name\":\"Batijournal\",\"description\":\"L&#039;actualit\u00e9 du b\u00e2timent\",\"potentialAction\":[{\"@type\":\"SearchAction\",\"target\":{\"@type\":\"EntryPoint\",\"urlTemplate\":\"https:\\\/\\\/batijournal.com\\\/?s={search_term_string}\"},\"query-input\":{\"@type\":\"PropertyValueSpecification\",\"valueRequired\":true,\"valueName\":\"search_term_string\"}}],\"inLanguage\":\"fr-FR\"},{\"@type\":\"Person\",\"@id\":\"https:\\\/\\\/batijournal.com\\\/#\\\/schema\\\/person\\\/1dc96ec6957aa1ccb25ebe78bb19f100\",\"name\":\"St\u00e9phane Miget\",\"image\":{\"@type\":\"ImageObject\",\"inLanguage\":\"fr-FR\",\"@id\":\"https:\\\/\\\/secure.gravatar.com\\\/avatar\\\/89915563d925342126b8ef0281b93d9d7fc337043e8df017f780908eb9644451?s=96&d=mm&r=g\",\"url\":\"https:\\\/\\\/secure.gravatar.com\\\/avatar\\\/89915563d925342126b8ef0281b93d9d7fc337043e8df017f780908eb9644451?s=96&d=mm&r=g\",\"contentUrl\":\"https:\\\/\\\/secure.gravatar.com\\\/avatar\\\/89915563d925342126b8ef0281b93d9d7fc337043e8df017f780908eb9644451?s=96&d=mm&r=g\",\"caption\":\"St\u00e9phane Miget\"},\"url\":\"https:\\\/\\\/batijournal.com\\\/index.php\\\/author\\\/stephane\\\/\"}]}<\/script>\n<!-- \/ Yoast SEO plugin. -->","yoast_head_json":{"title":"800 b\u00e2timents impact\u00e9s par l\u2019\u00e9rosion des c\u00f4tes fran\u00e7aises \u00e0 l'horizon 2026","robots":{"index":"index","follow":"follow","max-snippet":"max-snippet:-1","max-image-preview":"max-image-preview:large","max-video-preview":"max-video-preview:-1"},"canonical":"https:\/\/batijournal.com\/index.php\/800-batiments-impactes-lerosion-de-cote-francaise-a-lhorizon-2026\/95067\/","og_locale":"fr_FR","og_type":"article","og_title":"800 b\u00e2timents impact\u00e9s par l\u2019\u00e9rosion des c\u00f4tes fran\u00e7aises \u00e0 l'horizon 2026","og_description":"Le Centre d&rsquo;\u00e9tudes et d&rsquo;expertise sur les risques, l&rsquo;environnement, la mobilit\u00e9 et l&rsquo;am\u00e9nagement (Cerema) m\u00e8ne actuellement une \u00e9valuation prospective des enjeux potentiellement atteints par le recul du trait de c\u00f4te. Cette d\u00e9marche l&rsquo;a conduit \u00e0 \u00e9laborer l&rsquo;indicateur national de l&rsquo;\u00e9rosion c\u00f4ti\u00e8re d\u00e9termin\u00e9 \u00e0 partir de l&rsquo;\u00e9volution constat\u00e9e du trait de c\u00f4te au cours des soixante [&hellip;]","og_url":"https:\/\/batijournal.com\/index.php\/800-batiments-impactes-lerosion-de-cote-francaise-a-lhorizon-2026\/95067\/","og_site_name":"Batijournal","article_published_time":"2017-02-13T17:24:00+00:00","article_modified_time":"2019-07-15T10:23:37+00:00","og_image":[{"width":1024,"height":768,"url":"https:\/\/batijournal.com\/wp-content\/uploads\/2017\/02\/erosion_cotiere_Santocha_beach_Capbreton.jpg","type":"image\/jpeg"}],"author":"St\u00e9phane Miget","twitter_card":"summary_large_image","twitter_creator":"@bati_journal","twitter_site":"@bati_journal","twitter_misc":{"\u00c9crit par":"St\u00e9phane Miget","Dur\u00e9e de lecture estim\u00e9e":"1 minute"},"schema":{"@context":"https:\/\/schema.org","@graph":[{"@type":"Article","@id":"https:\/\/batijournal.com\/index.php\/800-batiments-impactes-lerosion-de-cote-francaise-a-lhorizon-2026\/95067\/#article","isPartOf":{"@id":"https:\/\/batijournal.com\/index.php\/800-batiments-impactes-lerosion-de-cote-francaise-a-lhorizon-2026\/95067\/"},"author":{"name":"St\u00e9phane Miget","@id":"https:\/\/batijournal.com\/#\/schema\/person\/1dc96ec6957aa1ccb25ebe78bb19f100"},"headline":"800 b\u00e2timents impact\u00e9s par l\u2019\u00e9rosion des c\u00f4tes fran\u00e7aises \u00e0 l&rsquo;horizon 2026","datePublished":"2017-02-13T17:24:00+00:00","dateModified":"2019-07-15T10:23:37+00:00","mainEntityOfPage":{"@id":"https:\/\/batijournal.com\/index.php\/800-batiments-impactes-lerosion-de-cote-francaise-a-lhorizon-2026\/95067\/"},"wordCount":303,"image":{"@id":"https:\/\/batijournal.com\/index.php\/800-batiments-impactes-lerosion-de-cote-francaise-a-lhorizon-2026\/95067\/#primaryimage"},"thumbnailUrl":"https:\/\/batijournal.com\/wp-content\/uploads\/2017\/02\/erosion_cotiere_Santocha_beach_Capbreton.jpg","keywords":["rechauffement climatique"],"articleSection":["Actualit\u00e9s","\u00c9nergie &amp; Environnement"],"inLanguage":"fr-FR"},{"@type":"WebPage","@id":"https:\/\/batijournal.com\/index.php\/800-batiments-impactes-lerosion-de-cote-francaise-a-lhorizon-2026\/95067\/","url":"https:\/\/batijournal.com\/index.php\/800-batiments-impactes-lerosion-de-cote-francaise-a-lhorizon-2026\/95067\/","name":"800 b\u00e2timents impact\u00e9s par l\u2019\u00e9rosion des c\u00f4tes fran\u00e7aises \u00e0 l'horizon 2026","isPartOf":{"@id":"https:\/\/batijournal.com\/#website"},"primaryImageOfPage":{"@id":"https:\/\/batijournal.com\/index.php\/800-batiments-impactes-lerosion-de-cote-francaise-a-lhorizon-2026\/95067\/#primaryimage"},"image":{"@id":"https:\/\/batijournal.com\/index.php\/800-batiments-impactes-lerosion-de-cote-francaise-a-lhorizon-2026\/95067\/#primaryimage"},"thumbnailUrl":"https:\/\/batijournal.com\/wp-content\/uploads\/2017\/02\/erosion_cotiere_Santocha_beach_Capbreton.jpg","datePublished":"2017-02-13T17:24:00+00:00","dateModified":"2019-07-15T10:23:37+00:00","author":{"@id":"https:\/\/batijournal.com\/#\/schema\/person\/1dc96ec6957aa1ccb25ebe78bb19f100"},"breadcrumb":{"@id":"https:\/\/batijournal.com\/index.php\/800-batiments-impactes-lerosion-de-cote-francaise-a-lhorizon-2026\/95067\/#breadcrumb"},"inLanguage":"fr-FR","potentialAction":[{"@type":"ReadAction","target":["https:\/\/batijournal.com\/index.php\/800-batiments-impactes-lerosion-de-cote-francaise-a-lhorizon-2026\/95067\/"]}]},{"@type":"ImageObject","inLanguage":"fr-FR","@id":"https:\/\/batijournal.com\/index.php\/800-batiments-impactes-lerosion-de-cote-francaise-a-lhorizon-2026\/95067\/#primaryimage","url":"https:\/\/batijournal.com\/wp-content\/uploads\/2017\/02\/erosion_cotiere_Santocha_beach_Capbreton.jpg","contentUrl":"https:\/\/batijournal.com\/wp-content\/uploads\/2017\/02\/erosion_cotiere_Santocha_beach_Capbreton.jpg","width":1024,"height":768},{"@type":"BreadcrumbList","@id":"https:\/\/batijournal.com\/index.php\/800-batiments-impactes-lerosion-de-cote-francaise-a-lhorizon-2026\/95067\/#breadcrumb","itemListElement":[{"@type":"ListItem","position":1,"name":"Accueil","item":"https:\/\/batijournal.com\/"},{"@type":"ListItem","position":2,"name":"Actualit\u00e9s","item":"https:\/\/batijournal.com\/index.php\/category\/actualites\/"},{"@type":"ListItem","position":3,"name":"800 b\u00e2timents impact\u00e9s par l\u2019\u00e9rosion des c\u00f4tes fran\u00e7aises \u00e0 l&rsquo;horizon 2026"}]},{"@type":"WebSite","@id":"https:\/\/batijournal.com\/#website","url":"https:\/\/batijournal.com\/","name":"Batijournal","description":"L&#039;actualit\u00e9 du b\u00e2timent","potentialAction":[{"@type":"SearchAction","target":{"@type":"EntryPoint","urlTemplate":"https:\/\/batijournal.com\/?s={search_term_string}"},"query-input":{"@type":"PropertyValueSpecification","valueRequired":true,"valueName":"search_term_string"}}],"inLanguage":"fr-FR"},{"@type":"Person","@id":"https:\/\/batijournal.com\/#\/schema\/person\/1dc96ec6957aa1ccb25ebe78bb19f100","name":"St\u00e9phane Miget","image":{"@type":"ImageObject","inLanguage":"fr-FR","@id":"https:\/\/secure.gravatar.com\/avatar\/89915563d925342126b8ef0281b93d9d7fc337043e8df017f780908eb9644451?s=96&d=mm&r=g","url":"https:\/\/secure.gravatar.com\/avatar\/89915563d925342126b8ef0281b93d9d7fc337043e8df017f780908eb9644451?s=96&d=mm&r=g","contentUrl":"https:\/\/secure.gravatar.com\/avatar\/89915563d925342126b8ef0281b93d9d7fc337043e8df017f780908eb9644451?s=96&d=mm&r=g","caption":"St\u00e9phane Miget"},"url":"https:\/\/batijournal.com\/index.php\/author\/stephane\/"}]}},"_links":{"self":[{"href":"https:\/\/batijournal.com\/index.php\/wp-json\/wp\/v2\/posts\/95067","targetHints":{"allow":["GET"]}}],"collection":[{"href":"https:\/\/batijournal.com\/index.php\/wp-json\/wp\/v2\/posts"}],"about":[{"href":"https:\/\/batijournal.com\/index.php\/wp-json\/wp\/v2\/types\/post"}],"author":[{"embeddable":true,"href":"https:\/\/batijournal.com\/index.php\/wp-json\/wp\/v2\/users\/17"}],"replies":[{"embeddable":true,"href":"https:\/\/batijournal.com\/index.php\/wp-json\/wp\/v2\/comments?post=95067"}],"version-history":[{"count":0,"href":"https:\/\/batijournal.com\/index.php\/wp-json\/wp\/v2\/posts\/95067\/revisions"}],"wp:featuredmedia":[{"embeddable":true,"href":"https:\/\/batijournal.com\/index.php\/wp-json\/wp\/v2\/media\/95068"}],"wp:attachment":[{"href":"https:\/\/batijournal.com\/index.php\/wp-json\/wp\/v2\/media?parent=95067"}],"wp:term":[{"taxonomy":"category","embeddable":true,"href":"https:\/\/batijournal.com\/index.php\/wp-json\/wp\/v2\/categories?post=95067"},{"taxonomy":"post_tag","embeddable":true,"href":"https:\/\/batijournal.com\/index.php\/wp-json\/wp\/v2\/tags?post=95067"}],"curies":[{"name":"wp","href":"https:\/\/api.w.org\/{rel}","templated":true}]}}