{"id":95069,"date":"2017-02-15T07:59:02","date_gmt":"2017-02-15T06:59:02","guid":{"rendered":"http:\/\/batijournal.com\/?p=95069"},"modified":"2019-07-15T11:16:05","modified_gmt":"2019-07-15T09:16:05","slug":"remise-plan-national-faveur-nouveaux-espaces-proteges","status":"publish","type":"post","link":"https:\/\/batijournal.com\/index.php\/remise-plan-national-faveur-nouveaux-espaces-proteges\/95069\/","title":{"rendered":"Remise du \u00ab Plan national en faveur des nouveaux espaces prot\u00e9g\u00e9s \u00bb"},"content":{"rendered":"<p>Manuel VALLS, avait confi\u00e9 \u00e0 Yves DAUGE, le 15 avril 2016, une mission destin\u00e9e \u00e0 d\u00e9finir les contours d&rsquo;un plan national d&rsquo;accompagnement de la mise en \u0153uvre des sites patrimoniaux remarquables, nouveaux espaces prot\u00e9g\u00e9s cr\u00e9\u00e9s par la loi libert\u00e9 de la cr\u00e9ation, architecture et patrimoine (LCAP). L&rsquo;objectif \u00e9tait de trouver les moyens pour que ces quartiers anciens soient des instruments de revitalisation des territoires, de mixit\u00e9 sociale et de lutte contre l\u2019\u00e9talement urbain. L&rsquo;ancien S\u00e9nateur et Maire de Chinon, vient de remettre son rapport au Premier ministre Bernard CAZENEUVE.<br \/>\nYves DAUGE s\u2019est attach\u00e9 \u00e0 comprendre les ruptures territoriales, \u00e9conomiques, sociales et culturelles qui vont souvent de pair dans ces territoires sous l\u2019effet d\u2019une conjonction de facteurs : baisse de population, concurrence des grands p\u00f4les urbains, d\u00e9gradation de l\u2019habitat ancien et installation des commerces en p\u00e9riph\u00e9rie. Il propose la mise en \u0153uvre d\u2019un plan national permettant de porter une politique partenariale liant l&rsquo;Etat, les collectivit\u00e9s et les diff\u00e9rentes institutions publiques concern\u00e9es. Il pr\u00e9conise un soutien aux villes moyennes, en mati\u00e8re d\u2019ing\u00e9nierie, de commerce et de d\u00e9veloppement touristique. Il pr\u00e9conise au-del\u00e0 plusieurs adaptations de la l\u00e9gislation fiscale et d\u2019urbanisme.<\/p>\n<p>Le Premier ministre consid\u00e8re que la revitalisation des villes moyennes n\u00e9cessite une action sp\u00e9cifique de l\u2019Etat et fera des propositions en ce sens dans les prochains jours. Il a confirm\u00e9 le lancement d\u2019une exp\u00e9rimentation de la d\u00e9marche propos\u00e9e par Yves DAUGE dans une vingtaine de collectivit\u00e9s volontaires situ\u00e9es dans les r\u00e9gions Centre, Grand Est et Occitanie. Cette exp\u00e9rimentation conduite conjointement par les pr\u00e9sidents et pr\u00e9fets de R\u00e9gion sera coordonn\u00e9e par le CGET au niveau national et permettra la mise en synergie des dispositifs existants au b\u00e9n\u00e9fice des villes moyennes. A cet effet, il a annonc\u00e9 que trois ateliers du territoire, un par R\u00e9gion exp\u00e9rimentatrice seront consacr\u00e9s, d\u00e8s cette ann\u00e9e, au th\u00e8me \u00ab\u00a0patrimoine et am\u00e9nagement\u00a0\u00bb. Il a par ailleurs indiqu\u00e9 que les propositions d\u2019adaptation l\u00e9gislative du rapport notamment en mati\u00e8re d\u2019urbanisme et de pr\u00e9servation du patrimoine seraient rapidement expertis\u00e9es par les minist\u00e8res concern\u00e9s.<\/p>\n","protected":false},"excerpt":{"rendered":"<p>Manuel VALLS, avait confi\u00e9 \u00e0 Yves DAUGE, le 15 avril 2016, une mission destin\u00e9e \u00e0 d\u00e9finir les contours d&rsquo;un plan national d&rsquo;accompagnement de la mise en \u0153uvre des sites patrimoniaux remarquables, nouveaux espaces prot\u00e9g\u00e9s cr\u00e9\u00e9s par la loi libert\u00e9 de la cr\u00e9ation, architecture et patrimoine (LCAP). L&rsquo;objectif \u00e9tait de trouver les moyens pour que ces [&hellip;]<\/p>\n","protected":false},"author":17,"featured_media":89741,"comment_status":"closed","ping_status":"closed","sticky":false,"template":"","format":"standard","meta":{"_et_pb_use_builder":"","_et_pb_old_content":"","_et_gb_content_width":"","footnotes":""},"categories":[10530,6340],"tags":[11789,1154],"class_list":["post-95069","post","type-post","status-publish","format-standard","has-post-thumbnail","hentry","category-actualites","category-architecture-conception","tag-lcap","tag-urbanisme"],"yoast_head":"<!-- This site is optimized with the Yoast SEO plugin v27.4 - https:\/\/yoast.com\/product\/yoast-seo-wordpress\/ -->\n<title>Remise du \u00ab Plan national en faveur des nouveaux espaces prot\u00e9g\u00e9s \u00bb<\/title>\n<meta name=\"robots\" content=\"index, follow, max-snippet:-1, max-image-preview:large, max-video-preview:-1\" \/>\n<link rel=\"canonical\" href=\"https:\/\/batijournal.com\/index.php\/remise-plan-national-faveur-nouveaux-espaces-proteges\/95069\/\" \/>\n<meta property=\"og:locale\" content=\"fr_FR\" \/>\n<meta property=\"og:type\" content=\"article\" \/>\n<meta property=\"og:title\" content=\"Remise du \u00ab Plan national en faveur des nouveaux espaces prot\u00e9g\u00e9s \u00bb\" \/>\n<meta property=\"og:description\" content=\"Manuel VALLS, avait confi\u00e9 \u00e0 Yves DAUGE, le 15 avril 2016, une mission destin\u00e9e \u00e0 d\u00e9finir les contours d&rsquo;un plan national d&rsquo;accompagnement de la mise en \u0153uvre des sites patrimoniaux remarquables, nouveaux espaces prot\u00e9g\u00e9s cr\u00e9\u00e9s par la loi libert\u00e9 de la cr\u00e9ation, architecture et patrimoine (LCAP). L&rsquo;objectif \u00e9tait de trouver les moyens pour que ces [&hellip;]\" \/>\n<meta property=\"og:url\" content=\"https:\/\/batijournal.com\/index.php\/remise-plan-national-faveur-nouveaux-espaces-proteges\/95069\/\" \/>\n<meta property=\"og:site_name\" content=\"Batijournal\" \/>\n<meta property=\"article:published_time\" content=\"2017-02-15T06:59:02+00:00\" \/>\n<meta property=\"article:modified_time\" content=\"2019-07-15T09:16:05+00:00\" \/>\n<meta property=\"og:image\" content=\"https:\/\/batijournal.com\/wp-content\/uploads\/2015\/10\/MH-monument-historique.jpg\" \/>\n\t<meta property=\"og:image:width\" content=\"821\" \/>\n\t<meta property=\"og:image:height\" content=\"599\" \/>\n\t<meta property=\"og:image:type\" content=\"image\/jpeg\" \/>\n<meta name=\"author\" content=\"St\u00e9phane Miget\" \/>\n<meta name=\"twitter:card\" content=\"summary_large_image\" \/>\n<meta name=\"twitter:creator\" content=\"@bati_journal\" \/>\n<meta name=\"twitter:site\" content=\"@bati_journal\" \/>\n<meta name=\"twitter:label1\" content=\"\u00c9crit par\" \/>\n\t<meta name=\"twitter:data1\" content=\"St\u00e9phane Miget\" \/>\n\t<meta name=\"twitter:label2\" content=\"Dur\u00e9e de lecture estim\u00e9e\" \/>\n\t<meta name=\"twitter:data2\" content=\"2 minutes\" \/>\n<script type=\"application\/ld+json\" class=\"yoast-schema-graph\">{\"@context\":\"https:\\\/\\\/schema.org\",\"@graph\":[{\"@type\":\"Article\",\"@id\":\"https:\\\/\\\/batijournal.com\\\/index.php\\\/remise-plan-national-faveur-nouveaux-espaces-proteges\\\/95069\\\/#article\",\"isPartOf\":{\"@id\":\"https:\\\/\\\/batijournal.com\\\/index.php\\\/remise-plan-national-faveur-nouveaux-espaces-proteges\\\/95069\\\/\"},\"author\":{\"name\":\"St\u00e9phane Miget\",\"@id\":\"https:\\\/\\\/batijournal.com\\\/#\\\/schema\\\/person\\\/1dc96ec6957aa1ccb25ebe78bb19f100\"},\"headline\":\"Remise du \u00ab Plan national en faveur des nouveaux espaces prot\u00e9g\u00e9s \u00bb\",\"datePublished\":\"2017-02-15T06:59:02+00:00\",\"dateModified\":\"2019-07-15T09:16:05+00:00\",\"mainEntityOfPage\":{\"@id\":\"https:\\\/\\\/batijournal.com\\\/index.php\\\/remise-plan-national-faveur-nouveaux-espaces-proteges\\\/95069\\\/\"},\"wordCount\":401,\"image\":{\"@id\":\"https:\\\/\\\/batijournal.com\\\/index.php\\\/remise-plan-national-faveur-nouveaux-espaces-proteges\\\/95069\\\/#primaryimage\"},\"thumbnailUrl\":\"https:\\\/\\\/batijournal.com\\\/wp-content\\\/uploads\\\/2015\\\/10\\\/MH-monument-historique.jpg\",\"keywords\":[\"LCAP\",\"urbanisme\"],\"articleSection\":[\"Actualit\u00e9s\",\"Architecture &amp; Conception\"],\"inLanguage\":\"fr-FR\"},{\"@type\":\"WebPage\",\"@id\":\"https:\\\/\\\/batijournal.com\\\/index.php\\\/remise-plan-national-faveur-nouveaux-espaces-proteges\\\/95069\\\/\",\"url\":\"https:\\\/\\\/batijournal.com\\\/index.php\\\/remise-plan-national-faveur-nouveaux-espaces-proteges\\\/95069\\\/\",\"name\":\"Remise du \u00ab Plan national en faveur des nouveaux espaces prot\u00e9g\u00e9s \u00bb\",\"isPartOf\":{\"@id\":\"https:\\\/\\\/batijournal.com\\\/#website\"},\"primaryImageOfPage\":{\"@id\":\"https:\\\/\\\/batijournal.com\\\/index.php\\\/remise-plan-national-faveur-nouveaux-espaces-proteges\\\/95069\\\/#primaryimage\"},\"image\":{\"@id\":\"https:\\\/\\\/batijournal.com\\\/index.php\\\/remise-plan-national-faveur-nouveaux-espaces-proteges\\\/95069\\\/#primaryimage\"},\"thumbnailUrl\":\"https:\\\/\\\/batijournal.com\\\/wp-content\\\/uploads\\\/2015\\\/10\\\/MH-monument-historique.jpg\",\"datePublished\":\"2017-02-15T06:59:02+00:00\",\"dateModified\":\"2019-07-15T09:16:05+00:00\",\"author\":{\"@id\":\"https:\\\/\\\/batijournal.com\\\/#\\\/schema\\\/person\\\/1dc96ec6957aa1ccb25ebe78bb19f100\"},\"breadcrumb\":{\"@id\":\"https:\\\/\\\/batijournal.com\\\/index.php\\\/remise-plan-national-faveur-nouveaux-espaces-proteges\\\/95069\\\/#breadcrumb\"},\"inLanguage\":\"fr-FR\",\"potentialAction\":[{\"@type\":\"ReadAction\",\"target\":[\"https:\\\/\\\/batijournal.com\\\/index.php\\\/remise-plan-national-faveur-nouveaux-espaces-proteges\\\/95069\\\/\"]}]},{\"@type\":\"ImageObject\",\"inLanguage\":\"fr-FR\",\"@id\":\"https:\\\/\\\/batijournal.com\\\/index.php\\\/remise-plan-national-faveur-nouveaux-espaces-proteges\\\/95069\\\/#primaryimage\",\"url\":\"https:\\\/\\\/batijournal.com\\\/wp-content\\\/uploads\\\/2015\\\/10\\\/MH-monument-historique.jpg\",\"contentUrl\":\"https:\\\/\\\/batijournal.com\\\/wp-content\\\/uploads\\\/2015\\\/10\\\/MH-monument-historique.jpg\",\"width\":821,\"height\":599},{\"@type\":\"BreadcrumbList\",\"@id\":\"https:\\\/\\\/batijournal.com\\\/index.php\\\/remise-plan-national-faveur-nouveaux-espaces-proteges\\\/95069\\\/#breadcrumb\",\"itemListElement\":[{\"@type\":\"ListItem\",\"position\":1,\"name\":\"Accueil\",\"item\":\"https:\\\/\\\/batijournal.com\\\/\"},{\"@type\":\"ListItem\",\"position\":2,\"name\":\"Actualit\u00e9s\",\"item\":\"https:\\\/\\\/batijournal.com\\\/index.php\\\/category\\\/actualites\\\/\"},{\"@type\":\"ListItem\",\"position\":3,\"name\":\"Remise du \u00ab Plan national en faveur des nouveaux espaces prot\u00e9g\u00e9s \u00bb\"}]},{\"@type\":\"WebSite\",\"@id\":\"https:\\\/\\\/batijournal.com\\\/#website\",\"url\":\"https:\\\/\\\/batijournal.com\\\/\",\"name\":\"Batijournal\",\"description\":\"L&#039;actualit\u00e9 du b\u00e2timent\",\"potentialAction\":[{\"@type\":\"SearchAction\",\"target\":{\"@type\":\"EntryPoint\",\"urlTemplate\":\"https:\\\/\\\/batijournal.com\\\/?s={search_term_string}\"},\"query-input\":{\"@type\":\"PropertyValueSpecification\",\"valueRequired\":true,\"valueName\":\"search_term_string\"}}],\"inLanguage\":\"fr-FR\"},{\"@type\":\"Person\",\"@id\":\"https:\\\/\\\/batijournal.com\\\/#\\\/schema\\\/person\\\/1dc96ec6957aa1ccb25ebe78bb19f100\",\"name\":\"St\u00e9phane Miget\",\"image\":{\"@type\":\"ImageObject\",\"inLanguage\":\"fr-FR\",\"@id\":\"https:\\\/\\\/secure.gravatar.com\\\/avatar\\\/89915563d925342126b8ef0281b93d9d7fc337043e8df017f780908eb9644451?s=96&d=mm&r=g\",\"url\":\"https:\\\/\\\/secure.gravatar.com\\\/avatar\\\/89915563d925342126b8ef0281b93d9d7fc337043e8df017f780908eb9644451?s=96&d=mm&r=g\",\"contentUrl\":\"https:\\\/\\\/secure.gravatar.com\\\/avatar\\\/89915563d925342126b8ef0281b93d9d7fc337043e8df017f780908eb9644451?s=96&d=mm&r=g\",\"caption\":\"St\u00e9phane Miget\"},\"url\":\"https:\\\/\\\/batijournal.com\\\/index.php\\\/author\\\/stephane\\\/\"}]}<\/script>\n<!-- \/ Yoast SEO plugin. -->","yoast_head_json":{"title":"Remise du \u00ab Plan national en faveur des nouveaux espaces prot\u00e9g\u00e9s \u00bb","robots":{"index":"index","follow":"follow","max-snippet":"max-snippet:-1","max-image-preview":"max-image-preview:large","max-video-preview":"max-video-preview:-1"},"canonical":"https:\/\/batijournal.com\/index.php\/remise-plan-national-faveur-nouveaux-espaces-proteges\/95069\/","og_locale":"fr_FR","og_type":"article","og_title":"Remise du \u00ab Plan national en faveur des nouveaux espaces prot\u00e9g\u00e9s \u00bb","og_description":"Manuel VALLS, avait confi\u00e9 \u00e0 Yves DAUGE, le 15 avril 2016, une mission destin\u00e9e \u00e0 d\u00e9finir les contours d&rsquo;un plan national d&rsquo;accompagnement de la mise en \u0153uvre des sites patrimoniaux remarquables, nouveaux espaces prot\u00e9g\u00e9s cr\u00e9\u00e9s par la loi libert\u00e9 de la cr\u00e9ation, architecture et patrimoine (LCAP). L&rsquo;objectif \u00e9tait de trouver les moyens pour que ces [&hellip;]","og_url":"https:\/\/batijournal.com\/index.php\/remise-plan-national-faveur-nouveaux-espaces-proteges\/95069\/","og_site_name":"Batijournal","article_published_time":"2017-02-15T06:59:02+00:00","article_modified_time":"2019-07-15T09:16:05+00:00","og_image":[{"width":821,"height":599,"url":"https:\/\/batijournal.com\/wp-content\/uploads\/2015\/10\/MH-monument-historique.jpg","type":"image\/jpeg"}],"author":"St\u00e9phane Miget","twitter_card":"summary_large_image","twitter_creator":"@bati_journal","twitter_site":"@bati_journal","twitter_misc":{"\u00c9crit par":"St\u00e9phane Miget","Dur\u00e9e de lecture estim\u00e9e":"2 minutes"},"schema":{"@context":"https:\/\/schema.org","@graph":[{"@type":"Article","@id":"https:\/\/batijournal.com\/index.php\/remise-plan-national-faveur-nouveaux-espaces-proteges\/95069\/#article","isPartOf":{"@id":"https:\/\/batijournal.com\/index.php\/remise-plan-national-faveur-nouveaux-espaces-proteges\/95069\/"},"author":{"name":"St\u00e9phane Miget","@id":"https:\/\/batijournal.com\/#\/schema\/person\/1dc96ec6957aa1ccb25ebe78bb19f100"},"headline":"Remise du \u00ab Plan national en faveur des nouveaux espaces prot\u00e9g\u00e9s \u00bb","datePublished":"2017-02-15T06:59:02+00:00","dateModified":"2019-07-15T09:16:05+00:00","mainEntityOfPage":{"@id":"https:\/\/batijournal.com\/index.php\/remise-plan-national-faveur-nouveaux-espaces-proteges\/95069\/"},"wordCount":401,"image":{"@id":"https:\/\/batijournal.com\/index.php\/remise-plan-national-faveur-nouveaux-espaces-proteges\/95069\/#primaryimage"},"thumbnailUrl":"https:\/\/batijournal.com\/wp-content\/uploads\/2015\/10\/MH-monument-historique.jpg","keywords":["LCAP","urbanisme"],"articleSection":["Actualit\u00e9s","Architecture &amp; Conception"],"inLanguage":"fr-FR"},{"@type":"WebPage","@id":"https:\/\/batijournal.com\/index.php\/remise-plan-national-faveur-nouveaux-espaces-proteges\/95069\/","url":"https:\/\/batijournal.com\/index.php\/remise-plan-national-faveur-nouveaux-espaces-proteges\/95069\/","name":"Remise du \u00ab Plan national en faveur des nouveaux espaces prot\u00e9g\u00e9s \u00bb","isPartOf":{"@id":"https:\/\/batijournal.com\/#website"},"primaryImageOfPage":{"@id":"https:\/\/batijournal.com\/index.php\/remise-plan-national-faveur-nouveaux-espaces-proteges\/95069\/#primaryimage"},"image":{"@id":"https:\/\/batijournal.com\/index.php\/remise-plan-national-faveur-nouveaux-espaces-proteges\/95069\/#primaryimage"},"thumbnailUrl":"https:\/\/batijournal.com\/wp-content\/uploads\/2015\/10\/MH-monument-historique.jpg","datePublished":"2017-02-15T06:59:02+00:00","dateModified":"2019-07-15T09:16:05+00:00","author":{"@id":"https:\/\/batijournal.com\/#\/schema\/person\/1dc96ec6957aa1ccb25ebe78bb19f100"},"breadcrumb":{"@id":"https:\/\/batijournal.com\/index.php\/remise-plan-national-faveur-nouveaux-espaces-proteges\/95069\/#breadcrumb"},"inLanguage":"fr-FR","potentialAction":[{"@type":"ReadAction","target":["https:\/\/batijournal.com\/index.php\/remise-plan-national-faveur-nouveaux-espaces-proteges\/95069\/"]}]},{"@type":"ImageObject","inLanguage":"fr-FR","@id":"https:\/\/batijournal.com\/index.php\/remise-plan-national-faveur-nouveaux-espaces-proteges\/95069\/#primaryimage","url":"https:\/\/batijournal.com\/wp-content\/uploads\/2015\/10\/MH-monument-historique.jpg","contentUrl":"https:\/\/batijournal.com\/wp-content\/uploads\/2015\/10\/MH-monument-historique.jpg","width":821,"height":599},{"@type":"BreadcrumbList","@id":"https:\/\/batijournal.com\/index.php\/remise-plan-national-faveur-nouveaux-espaces-proteges\/95069\/#breadcrumb","itemListElement":[{"@type":"ListItem","position":1,"name":"Accueil","item":"https:\/\/batijournal.com\/"},{"@type":"ListItem","position":2,"name":"Actualit\u00e9s","item":"https:\/\/batijournal.com\/index.php\/category\/actualites\/"},{"@type":"ListItem","position":3,"name":"Remise du \u00ab Plan national en faveur des nouveaux espaces prot\u00e9g\u00e9s \u00bb"}]},{"@type":"WebSite","@id":"https:\/\/batijournal.com\/#website","url":"https:\/\/batijournal.com\/","name":"Batijournal","description":"L&#039;actualit\u00e9 du b\u00e2timent","potentialAction":[{"@type":"SearchAction","target":{"@type":"EntryPoint","urlTemplate":"https:\/\/batijournal.com\/?s={search_term_string}"},"query-input":{"@type":"PropertyValueSpecification","valueRequired":true,"valueName":"search_term_string"}}],"inLanguage":"fr-FR"},{"@type":"Person","@id":"https:\/\/batijournal.com\/#\/schema\/person\/1dc96ec6957aa1ccb25ebe78bb19f100","name":"St\u00e9phane Miget","image":{"@type":"ImageObject","inLanguage":"fr-FR","@id":"https:\/\/secure.gravatar.com\/avatar\/89915563d925342126b8ef0281b93d9d7fc337043e8df017f780908eb9644451?s=96&d=mm&r=g","url":"https:\/\/secure.gravatar.com\/avatar\/89915563d925342126b8ef0281b93d9d7fc337043e8df017f780908eb9644451?s=96&d=mm&r=g","contentUrl":"https:\/\/secure.gravatar.com\/avatar\/89915563d925342126b8ef0281b93d9d7fc337043e8df017f780908eb9644451?s=96&d=mm&r=g","caption":"St\u00e9phane Miget"},"url":"https:\/\/batijournal.com\/index.php\/author\/stephane\/"}]}},"_links":{"self":[{"href":"https:\/\/batijournal.com\/index.php\/wp-json\/wp\/v2\/posts\/95069","targetHints":{"allow":["GET"]}}],"collection":[{"href":"https:\/\/batijournal.com\/index.php\/wp-json\/wp\/v2\/posts"}],"about":[{"href":"https:\/\/batijournal.com\/index.php\/wp-json\/wp\/v2\/types\/post"}],"author":[{"embeddable":true,"href":"https:\/\/batijournal.com\/index.php\/wp-json\/wp\/v2\/users\/17"}],"replies":[{"embeddable":true,"href":"https:\/\/batijournal.com\/index.php\/wp-json\/wp\/v2\/comments?post=95069"}],"version-history":[{"count":0,"href":"https:\/\/batijournal.com\/index.php\/wp-json\/wp\/v2\/posts\/95069\/revisions"}],"wp:featuredmedia":[{"embeddable":true,"href":"https:\/\/batijournal.com\/index.php\/wp-json\/wp\/v2\/media\/89741"}],"wp:attachment":[{"href":"https:\/\/batijournal.com\/index.php\/wp-json\/wp\/v2\/media?parent=95069"}],"wp:term":[{"taxonomy":"category","embeddable":true,"href":"https:\/\/batijournal.com\/index.php\/wp-json\/wp\/v2\/categories?post=95069"},{"taxonomy":"post_tag","embeddable":true,"href":"https:\/\/batijournal.com\/index.php\/wp-json\/wp\/v2\/tags?post=95069"}],"curies":[{"name":"wp","href":"https:\/\/api.w.org\/{rel}","templated":true}]}}