{"id":95072,"date":"2017-02-15T10:01:21","date_gmt":"2017-02-15T09:01:21","guid":{"rendered":"http:\/\/batijournal.com\/?p=95072"},"modified":"2019-07-15T12:08:46","modified_gmt":"2019-07-15T10:08:46","slug":"convention-ladaptation-parc-social-a-perte-dautonomie","status":"publish","type":"post","link":"https:\/\/batijournal.com\/index.php\/convention-ladaptation-parc-social-a-perte-dautonomie\/95072\/","title":{"rendered":"Convention pour l\u2019adaptation du parc social \u00e0 la perte d\u2019autonomie"},"content":{"rendered":"<p>Emmanuelle Cosse, ministre du Logement et de l\u2019Habitat durable, S\u00e9gol\u00e8ne Neuville, secr\u00e9taire d\u2019\u00c9tat charg\u00e9e des Personnes handicap\u00e9es et de la Lutte contre l\u2019exclusion, et Pascale Boistard, secr\u00e9taire d\u2019\u00c9tat charg\u00e9e des Personnes \u00e2g\u00e9es et de l\u2019Autonomie, viennent de signer une convention avec l\u2019Union sociale pour l\u2019habitat (USH) pour l\u2019adaptation des logements et du cadre de vie du parc social \u00e0 la perte d\u2019autonomie des r\u00e9sidents li\u00e9e au vieillissement ou au handicap. Cette convention d\u2019une dur\u00e9e de trois ans vise \u00e0 mobiliser les bailleurs sociaux autour des besoins li\u00e9s \u00e0 la prise en compte de la perte d\u2019autonomie li\u00e9s \u00e0 l\u2019\u00e2ge ou au handicap dans tous les registres de la gestion patrimoniale, locative, sociale et de proximit\u00e9. Sa signature engage le mouvement HLM sur trois axes vis-\u00e0-vis de l\u2019\u00c9tat :<br \/>\n&#8211; d\u00e9velopper une offre de logements adapt\u00e9s ;<br \/>\n&#8211; am\u00e9liorer l\u2019articulation avec les politiques locales ;<br \/>\n&#8211; encourager l\u2019innovation et capitaliser les bonnes pratiques.<br \/>\nUn comit\u00e9 de pilotage suivra la mise en \u0153uvre des engagements pr\u00e9vus.<\/p>\n","protected":false},"excerpt":{"rendered":"<p>Emmanuelle Cosse, ministre du Logement et de l\u2019Habitat durable, S\u00e9gol\u00e8ne Neuville, secr\u00e9taire d\u2019\u00c9tat charg\u00e9e des Personnes handicap\u00e9es et de la Lutte contre l\u2019exclusion, et Pascale Boistard, secr\u00e9taire d\u2019\u00c9tat charg\u00e9e des Personnes \u00e2g\u00e9es et de l\u2019Autonomie, viennent de signer une convention avec l\u2019Union sociale pour l\u2019habitat (USH) pour l\u2019adaptation des logements et du cadre de vie [&hellip;]<\/p>\n","protected":false},"author":17,"featured_media":91217,"comment_status":"closed","ping_status":"closed","sticky":false,"template":"","format":"standard","meta":{"_et_pb_use_builder":"","_et_pb_old_content":"","_et_gb_content_width":"","footnotes":""},"categories":[10530,6345],"tags":[6041,11542,2815,5229],"class_list":["post-95072","post","type-post","status-publish","format-standard","has-post-thumbnail","hentry","category-actualites","category-economie-marches","tag-habitat-social","tag-personnes-agees","tag-ush","tag-vieillissement"],"yoast_head":"<!-- This site is optimized with the Yoast SEO plugin v27.4 - https:\/\/yoast.com\/product\/yoast-seo-wordpress\/ -->\n<title>Convention pour l\u2019adaptation du parc social \u00e0 la perte d\u2019autonomie<\/title>\n<meta name=\"robots\" content=\"index, follow, max-snippet:-1, max-image-preview:large, max-video-preview:-1\" \/>\n<link rel=\"canonical\" href=\"https:\/\/batijournal.com\/index.php\/convention-ladaptation-parc-social-a-perte-dautonomie\/95072\/\" \/>\n<meta property=\"og:locale\" content=\"fr_FR\" \/>\n<meta property=\"og:type\" content=\"article\" \/>\n<meta property=\"og:title\" content=\"Convention pour l\u2019adaptation du parc social \u00e0 la perte d\u2019autonomie\" \/>\n<meta property=\"og:description\" content=\"Emmanuelle Cosse, ministre du Logement et de l\u2019Habitat durable, S\u00e9gol\u00e8ne Neuville, secr\u00e9taire d\u2019\u00c9tat charg\u00e9e des Personnes handicap\u00e9es et de la Lutte contre l\u2019exclusion, et Pascale Boistard, secr\u00e9taire d\u2019\u00c9tat charg\u00e9e des Personnes \u00e2g\u00e9es et de l\u2019Autonomie, viennent de signer une convention avec l\u2019Union sociale pour l\u2019habitat (USH) pour l\u2019adaptation des logements et du cadre de vie [&hellip;]\" \/>\n<meta property=\"og:url\" content=\"https:\/\/batijournal.com\/index.php\/convention-ladaptation-parc-social-a-perte-dautonomie\/95072\/\" \/>\n<meta property=\"og:site_name\" content=\"Batijournal\" \/>\n<meta property=\"article:published_time\" content=\"2017-02-15T09:01:21+00:00\" \/>\n<meta property=\"article:modified_time\" content=\"2019-07-15T10:08:46+00:00\" \/>\n<meta property=\"og:image\" content=\"https:\/\/batijournal.com\/wp-content\/uploads\/2016\/01\/accessibilite.jpg\" \/>\n\t<meta property=\"og:image:width\" content=\"2500\" \/>\n\t<meta property=\"og:image:height\" content=\"1250\" \/>\n\t<meta property=\"og:image:type\" content=\"image\/jpeg\" \/>\n<meta name=\"author\" content=\"St\u00e9phane Miget\" \/>\n<meta name=\"twitter:card\" content=\"summary_large_image\" \/>\n<meta name=\"twitter:creator\" content=\"@bati_journal\" \/>\n<meta name=\"twitter:site\" content=\"@bati_journal\" \/>\n<meta name=\"twitter:label1\" content=\"\u00c9crit par\" \/>\n\t<meta name=\"twitter:data1\" content=\"St\u00e9phane Miget\" \/>\n\t<meta name=\"twitter:label2\" content=\"Dur\u00e9e de lecture estim\u00e9e\" \/>\n\t<meta name=\"twitter:data2\" content=\"1 minute\" \/>\n<script type=\"application\/ld+json\" class=\"yoast-schema-graph\">{\"@context\":\"https:\\\/\\\/schema.org\",\"@graph\":[{\"@type\":\"Article\",\"@id\":\"https:\\\/\\\/batijournal.com\\\/index.php\\\/convention-ladaptation-parc-social-a-perte-dautonomie\\\/95072\\\/#article\",\"isPartOf\":{\"@id\":\"https:\\\/\\\/batijournal.com\\\/index.php\\\/convention-ladaptation-parc-social-a-perte-dautonomie\\\/95072\\\/\"},\"author\":{\"name\":\"St\u00e9phane Miget\",\"@id\":\"https:\\\/\\\/batijournal.com\\\/#\\\/schema\\\/person\\\/1dc96ec6957aa1ccb25ebe78bb19f100\"},\"headline\":\"Convention pour l\u2019adaptation du parc social \u00e0 la perte d\u2019autonomie\",\"datePublished\":\"2017-02-15T09:01:21+00:00\",\"dateModified\":\"2019-07-15T10:08:46+00:00\",\"mainEntityOfPage\":{\"@id\":\"https:\\\/\\\/batijournal.com\\\/index.php\\\/convention-ladaptation-parc-social-a-perte-dautonomie\\\/95072\\\/\"},\"wordCount\":201,\"image\":{\"@id\":\"https:\\\/\\\/batijournal.com\\\/index.php\\\/convention-ladaptation-parc-social-a-perte-dautonomie\\\/95072\\\/#primaryimage\"},\"thumbnailUrl\":\"https:\\\/\\\/batijournal.com\\\/wp-content\\\/uploads\\\/2016\\\/01\\\/accessibilite.jpg\",\"keywords\":[\"habitat social\",\"personnes \u00e2g\u00e9es\",\"USH\",\"vieillissement\"],\"articleSection\":[\"Actualit\u00e9s\",\"\u00c9conomie &amp; March\u00e9s\"],\"inLanguage\":\"fr-FR\"},{\"@type\":\"WebPage\",\"@id\":\"https:\\\/\\\/batijournal.com\\\/index.php\\\/convention-ladaptation-parc-social-a-perte-dautonomie\\\/95072\\\/\",\"url\":\"https:\\\/\\\/batijournal.com\\\/index.php\\\/convention-ladaptation-parc-social-a-perte-dautonomie\\\/95072\\\/\",\"name\":\"Convention pour l\u2019adaptation du parc social \u00e0 la perte d\u2019autonomie\",\"isPartOf\":{\"@id\":\"https:\\\/\\\/batijournal.com\\\/#website\"},\"primaryImageOfPage\":{\"@id\":\"https:\\\/\\\/batijournal.com\\\/index.php\\\/convention-ladaptation-parc-social-a-perte-dautonomie\\\/95072\\\/#primaryimage\"},\"image\":{\"@id\":\"https:\\\/\\\/batijournal.com\\\/index.php\\\/convention-ladaptation-parc-social-a-perte-dautonomie\\\/95072\\\/#primaryimage\"},\"thumbnailUrl\":\"https:\\\/\\\/batijournal.com\\\/wp-content\\\/uploads\\\/2016\\\/01\\\/accessibilite.jpg\",\"datePublished\":\"2017-02-15T09:01:21+00:00\",\"dateModified\":\"2019-07-15T10:08:46+00:00\",\"author\":{\"@id\":\"https:\\\/\\\/batijournal.com\\\/#\\\/schema\\\/person\\\/1dc96ec6957aa1ccb25ebe78bb19f100\"},\"breadcrumb\":{\"@id\":\"https:\\\/\\\/batijournal.com\\\/index.php\\\/convention-ladaptation-parc-social-a-perte-dautonomie\\\/95072\\\/#breadcrumb\"},\"inLanguage\":\"fr-FR\",\"potentialAction\":[{\"@type\":\"ReadAction\",\"target\":[\"https:\\\/\\\/batijournal.com\\\/index.php\\\/convention-ladaptation-parc-social-a-perte-dautonomie\\\/95072\\\/\"]}]},{\"@type\":\"ImageObject\",\"inLanguage\":\"fr-FR\",\"@id\":\"https:\\\/\\\/batijournal.com\\\/index.php\\\/convention-ladaptation-parc-social-a-perte-dautonomie\\\/95072\\\/#primaryimage\",\"url\":\"https:\\\/\\\/batijournal.com\\\/wp-content\\\/uploads\\\/2016\\\/01\\\/accessibilite.jpg\",\"contentUrl\":\"https:\\\/\\\/batijournal.com\\\/wp-content\\\/uploads\\\/2016\\\/01\\\/accessibilite.jpg\",\"width\":2500,\"height\":1250},{\"@type\":\"BreadcrumbList\",\"@id\":\"https:\\\/\\\/batijournal.com\\\/index.php\\\/convention-ladaptation-parc-social-a-perte-dautonomie\\\/95072\\\/#breadcrumb\",\"itemListElement\":[{\"@type\":\"ListItem\",\"position\":1,\"name\":\"Accueil\",\"item\":\"https:\\\/\\\/batijournal.com\\\/\"},{\"@type\":\"ListItem\",\"position\":2,\"name\":\"Actualit\u00e9s\",\"item\":\"https:\\\/\\\/batijournal.com\\\/index.php\\\/category\\\/actualites\\\/\"},{\"@type\":\"ListItem\",\"position\":3,\"name\":\"Convention pour l\u2019adaptation du parc social \u00e0 la perte d\u2019autonomie\"}]},{\"@type\":\"WebSite\",\"@id\":\"https:\\\/\\\/batijournal.com\\\/#website\",\"url\":\"https:\\\/\\\/batijournal.com\\\/\",\"name\":\"Batijournal\",\"description\":\"L&#039;actualit\u00e9 du b\u00e2timent\",\"potentialAction\":[{\"@type\":\"SearchAction\",\"target\":{\"@type\":\"EntryPoint\",\"urlTemplate\":\"https:\\\/\\\/batijournal.com\\\/?s={search_term_string}\"},\"query-input\":{\"@type\":\"PropertyValueSpecification\",\"valueRequired\":true,\"valueName\":\"search_term_string\"}}],\"inLanguage\":\"fr-FR\"},{\"@type\":\"Person\",\"@id\":\"https:\\\/\\\/batijournal.com\\\/#\\\/schema\\\/person\\\/1dc96ec6957aa1ccb25ebe78bb19f100\",\"name\":\"St\u00e9phane Miget\",\"image\":{\"@type\":\"ImageObject\",\"inLanguage\":\"fr-FR\",\"@id\":\"https:\\\/\\\/secure.gravatar.com\\\/avatar\\\/89915563d925342126b8ef0281b93d9d7fc337043e8df017f780908eb9644451?s=96&d=mm&r=g\",\"url\":\"https:\\\/\\\/secure.gravatar.com\\\/avatar\\\/89915563d925342126b8ef0281b93d9d7fc337043e8df017f780908eb9644451?s=96&d=mm&r=g\",\"contentUrl\":\"https:\\\/\\\/secure.gravatar.com\\\/avatar\\\/89915563d925342126b8ef0281b93d9d7fc337043e8df017f780908eb9644451?s=96&d=mm&r=g\",\"caption\":\"St\u00e9phane Miget\"},\"url\":\"https:\\\/\\\/batijournal.com\\\/index.php\\\/author\\\/stephane\\\/\"}]}<\/script>\n<!-- \/ Yoast SEO plugin. -->","yoast_head_json":{"title":"Convention pour l\u2019adaptation du parc social \u00e0 la perte d\u2019autonomie","robots":{"index":"index","follow":"follow","max-snippet":"max-snippet:-1","max-image-preview":"max-image-preview:large","max-video-preview":"max-video-preview:-1"},"canonical":"https:\/\/batijournal.com\/index.php\/convention-ladaptation-parc-social-a-perte-dautonomie\/95072\/","og_locale":"fr_FR","og_type":"article","og_title":"Convention pour l\u2019adaptation du parc social \u00e0 la perte d\u2019autonomie","og_description":"Emmanuelle Cosse, ministre du Logement et de l\u2019Habitat durable, S\u00e9gol\u00e8ne Neuville, secr\u00e9taire d\u2019\u00c9tat charg\u00e9e des Personnes handicap\u00e9es et de la Lutte contre l\u2019exclusion, et Pascale Boistard, secr\u00e9taire d\u2019\u00c9tat charg\u00e9e des Personnes \u00e2g\u00e9es et de l\u2019Autonomie, viennent de signer une convention avec l\u2019Union sociale pour l\u2019habitat (USH) pour l\u2019adaptation des logements et du cadre de vie [&hellip;]","og_url":"https:\/\/batijournal.com\/index.php\/convention-ladaptation-parc-social-a-perte-dautonomie\/95072\/","og_site_name":"Batijournal","article_published_time":"2017-02-15T09:01:21+00:00","article_modified_time":"2019-07-15T10:08:46+00:00","og_image":[{"width":2500,"height":1250,"url":"https:\/\/batijournal.com\/wp-content\/uploads\/2016\/01\/accessibilite.jpg","type":"image\/jpeg"}],"author":"St\u00e9phane Miget","twitter_card":"summary_large_image","twitter_creator":"@bati_journal","twitter_site":"@bati_journal","twitter_misc":{"\u00c9crit par":"St\u00e9phane Miget","Dur\u00e9e de lecture estim\u00e9e":"1 minute"},"schema":{"@context":"https:\/\/schema.org","@graph":[{"@type":"Article","@id":"https:\/\/batijournal.com\/index.php\/convention-ladaptation-parc-social-a-perte-dautonomie\/95072\/#article","isPartOf":{"@id":"https:\/\/batijournal.com\/index.php\/convention-ladaptation-parc-social-a-perte-dautonomie\/95072\/"},"author":{"name":"St\u00e9phane Miget","@id":"https:\/\/batijournal.com\/#\/schema\/person\/1dc96ec6957aa1ccb25ebe78bb19f100"},"headline":"Convention pour l\u2019adaptation du parc social \u00e0 la perte d\u2019autonomie","datePublished":"2017-02-15T09:01:21+00:00","dateModified":"2019-07-15T10:08:46+00:00","mainEntityOfPage":{"@id":"https:\/\/batijournal.com\/index.php\/convention-ladaptation-parc-social-a-perte-dautonomie\/95072\/"},"wordCount":201,"image":{"@id":"https:\/\/batijournal.com\/index.php\/convention-ladaptation-parc-social-a-perte-dautonomie\/95072\/#primaryimage"},"thumbnailUrl":"https:\/\/batijournal.com\/wp-content\/uploads\/2016\/01\/accessibilite.jpg","keywords":["habitat social","personnes \u00e2g\u00e9es","USH","vieillissement"],"articleSection":["Actualit\u00e9s","\u00c9conomie &amp; March\u00e9s"],"inLanguage":"fr-FR"},{"@type":"WebPage","@id":"https:\/\/batijournal.com\/index.php\/convention-ladaptation-parc-social-a-perte-dautonomie\/95072\/","url":"https:\/\/batijournal.com\/index.php\/convention-ladaptation-parc-social-a-perte-dautonomie\/95072\/","name":"Convention pour l\u2019adaptation du parc social \u00e0 la perte d\u2019autonomie","isPartOf":{"@id":"https:\/\/batijournal.com\/#website"},"primaryImageOfPage":{"@id":"https:\/\/batijournal.com\/index.php\/convention-ladaptation-parc-social-a-perte-dautonomie\/95072\/#primaryimage"},"image":{"@id":"https:\/\/batijournal.com\/index.php\/convention-ladaptation-parc-social-a-perte-dautonomie\/95072\/#primaryimage"},"thumbnailUrl":"https:\/\/batijournal.com\/wp-content\/uploads\/2016\/01\/accessibilite.jpg","datePublished":"2017-02-15T09:01:21+00:00","dateModified":"2019-07-15T10:08:46+00:00","author":{"@id":"https:\/\/batijournal.com\/#\/schema\/person\/1dc96ec6957aa1ccb25ebe78bb19f100"},"breadcrumb":{"@id":"https:\/\/batijournal.com\/index.php\/convention-ladaptation-parc-social-a-perte-dautonomie\/95072\/#breadcrumb"},"inLanguage":"fr-FR","potentialAction":[{"@type":"ReadAction","target":["https:\/\/batijournal.com\/index.php\/convention-ladaptation-parc-social-a-perte-dautonomie\/95072\/"]}]},{"@type":"ImageObject","inLanguage":"fr-FR","@id":"https:\/\/batijournal.com\/index.php\/convention-ladaptation-parc-social-a-perte-dautonomie\/95072\/#primaryimage","url":"https:\/\/batijournal.com\/wp-content\/uploads\/2016\/01\/accessibilite.jpg","contentUrl":"https:\/\/batijournal.com\/wp-content\/uploads\/2016\/01\/accessibilite.jpg","width":2500,"height":1250},{"@type":"BreadcrumbList","@id":"https:\/\/batijournal.com\/index.php\/convention-ladaptation-parc-social-a-perte-dautonomie\/95072\/#breadcrumb","itemListElement":[{"@type":"ListItem","position":1,"name":"Accueil","item":"https:\/\/batijournal.com\/"},{"@type":"ListItem","position":2,"name":"Actualit\u00e9s","item":"https:\/\/batijournal.com\/index.php\/category\/actualites\/"},{"@type":"ListItem","position":3,"name":"Convention pour l\u2019adaptation du parc social \u00e0 la perte d\u2019autonomie"}]},{"@type":"WebSite","@id":"https:\/\/batijournal.com\/#website","url":"https:\/\/batijournal.com\/","name":"Batijournal","description":"L&#039;actualit\u00e9 du b\u00e2timent","potentialAction":[{"@type":"SearchAction","target":{"@type":"EntryPoint","urlTemplate":"https:\/\/batijournal.com\/?s={search_term_string}"},"query-input":{"@type":"PropertyValueSpecification","valueRequired":true,"valueName":"search_term_string"}}],"inLanguage":"fr-FR"},{"@type":"Person","@id":"https:\/\/batijournal.com\/#\/schema\/person\/1dc96ec6957aa1ccb25ebe78bb19f100","name":"St\u00e9phane Miget","image":{"@type":"ImageObject","inLanguage":"fr-FR","@id":"https:\/\/secure.gravatar.com\/avatar\/89915563d925342126b8ef0281b93d9d7fc337043e8df017f780908eb9644451?s=96&d=mm&r=g","url":"https:\/\/secure.gravatar.com\/avatar\/89915563d925342126b8ef0281b93d9d7fc337043e8df017f780908eb9644451?s=96&d=mm&r=g","contentUrl":"https:\/\/secure.gravatar.com\/avatar\/89915563d925342126b8ef0281b93d9d7fc337043e8df017f780908eb9644451?s=96&d=mm&r=g","caption":"St\u00e9phane Miget"},"url":"https:\/\/batijournal.com\/index.php\/author\/stephane\/"}]}},"_links":{"self":[{"href":"https:\/\/batijournal.com\/index.php\/wp-json\/wp\/v2\/posts\/95072","targetHints":{"allow":["GET"]}}],"collection":[{"href":"https:\/\/batijournal.com\/index.php\/wp-json\/wp\/v2\/posts"}],"about":[{"href":"https:\/\/batijournal.com\/index.php\/wp-json\/wp\/v2\/types\/post"}],"author":[{"embeddable":true,"href":"https:\/\/batijournal.com\/index.php\/wp-json\/wp\/v2\/users\/17"}],"replies":[{"embeddable":true,"href":"https:\/\/batijournal.com\/index.php\/wp-json\/wp\/v2\/comments?post=95072"}],"version-history":[{"count":0,"href":"https:\/\/batijournal.com\/index.php\/wp-json\/wp\/v2\/posts\/95072\/revisions"}],"wp:featuredmedia":[{"embeddable":true,"href":"https:\/\/batijournal.com\/index.php\/wp-json\/wp\/v2\/media\/91217"}],"wp:attachment":[{"href":"https:\/\/batijournal.com\/index.php\/wp-json\/wp\/v2\/media?parent=95072"}],"wp:term":[{"taxonomy":"category","embeddable":true,"href":"https:\/\/batijournal.com\/index.php\/wp-json\/wp\/v2\/categories?post=95072"},{"taxonomy":"post_tag","embeddable":true,"href":"https:\/\/batijournal.com\/index.php\/wp-json\/wp\/v2\/tags?post=95072"}],"curies":[{"name":"wp","href":"https:\/\/api.w.org\/{rel}","templated":true}]}}