{"id":95086,"date":"2017-02-16T10:10:10","date_gmt":"2017-02-16T09:10:10","guid":{"rendered":"http:\/\/batijournal.com\/?p=95086"},"modified":"2019-07-15T11:16:05","modified_gmt":"2019-07-15T09:16:05","slug":"reconstruction-de-fleche-de-basilique-de-saint-denis","status":"publish","type":"post","link":"https:\/\/batijournal.com\/index.php\/reconstruction-de-fleche-de-basilique-de-saint-denis\/95086\/","title":{"rendered":"Reconstruction de la fl\u00e8che de la basilique de Saint-Denis"},"content":{"rendered":"<p>Dans le cadre du projet de reconstruction de la fl\u00e8che de la basilique de Saint-Denis port\u00e9 par l\u2019Association \u00ab Suivez la fl\u00e8che \u00bb, Audrey Azoulay, ministre de la Culture et de la Communication, a saisi pour avis la Commission nationale des monuments historiques. Cette derni\u00e8re a \u00e9mis des r\u00e9serves au regard des principes g\u00e9n\u00e9raux de restauration des monuments historiques et de l&rsquo;anciennet\u00e9 du d\u00e9montage de la fl\u00e8che. La ministre a pris note des recommandations de la Commission quant aux conditions imp\u00e9ratives pr\u00e9alables \u00e0 la poursuite du projet. Les \u00e9lus locaux voient une occasion unique d\u2019impliquer et de f\u00e9d\u00e9rer la population autour de ce patrimoine commun. La ministre souhaite favoriser ce projet de \u00ab chantier \u00e9cole \u00bb et a donn\u00e9 son accord au lancement des \u00e9tudes. Elles doivent permettre de faire la preuve du caract\u00e8re exceptionnel du chantier de la fl\u00e8che en mati\u00e8re d\u2019utilit\u00e9 sociale, d\u2019adh\u00e9sion et de participation populaire, d\u2019apporter toutes les assurances, au regard d&rsquo;investigations compl\u00e9mentaires qui restent \u00e0 conduire, que le massif occidental de la basilique pourra supporter sans dommage le chantier et le poids d&rsquo;une tour et d&rsquo;une fl\u00e8che reconstruite et de d\u00e9montrer que l\u2019op\u00e9ration sera autofinanc\u00e9e par les recettes de visite du chantier et par le m\u00e9c\u00e9nat, pr\u00e9servant ainsi le financement par l\u2019Etat des travaux indispensables pour la basilique. La ministre souhaite \u00e9galement que soit mis en place un comit\u00e9 scientifique.<\/p>\n<p>Photo : Basilique Saint-Denis &#8211; Manuel Cohen \/ MCOHEN<\/p>\n<p>Source : Minist\u00e8re de la Culture<\/p>\n<p>&nbsp;<\/p>\n","protected":false},"excerpt":{"rendered":"<p>Dans le cadre du projet de reconstruction de la fl\u00e8che de la basilique de Saint-Denis port\u00e9 par l\u2019Association \u00ab Suivez la fl\u00e8che \u00bb, Audrey Azoulay, ministre de la Culture et de la Communication, a saisi pour avis la Commission nationale des monuments historiques. Cette derni\u00e8re a \u00e9mis des r\u00e9serves au regard des principes g\u00e9n\u00e9raux de [&hellip;]<\/p>\n","protected":false},"author":17,"featured_media":95087,"comment_status":"closed","ping_status":"closed","sticky":false,"template":"","format":"standard","meta":{"_et_pb_use_builder":"","_et_pb_old_content":"","_et_gb_content_width":"","footnotes":""},"categories":[10530,6340],"tags":[6376],"class_list":["post-95086","post","type-post","status-publish","format-standard","has-post-thumbnail","hentry","category-actualites","category-architecture-conception","tag-monument-historique"],"yoast_head":"<!-- This site is optimized with the Yoast SEO plugin v27.4 - https:\/\/yoast.com\/product\/yoast-seo-wordpress\/ -->\n<title>Reconstruction de la fl\u00e8che de la basilique de Saint-Denis<\/title>\n<meta name=\"robots\" content=\"index, follow, max-snippet:-1, max-image-preview:large, max-video-preview:-1\" \/>\n<link rel=\"canonical\" href=\"https:\/\/batijournal.com\/index.php\/reconstruction-de-fleche-de-basilique-de-saint-denis\/95086\/\" \/>\n<meta property=\"og:locale\" content=\"fr_FR\" \/>\n<meta property=\"og:type\" content=\"article\" \/>\n<meta property=\"og:title\" content=\"Reconstruction de la fl\u00e8che de la basilique de Saint-Denis\" \/>\n<meta property=\"og:description\" content=\"Dans le cadre du projet de reconstruction de la fl\u00e8che de la basilique de Saint-Denis port\u00e9 par l\u2019Association \u00ab Suivez la fl\u00e8che \u00bb, Audrey Azoulay, ministre de la Culture et de la Communication, a saisi pour avis la Commission nationale des monuments historiques. Cette derni\u00e8re a \u00e9mis des r\u00e9serves au regard des principes g\u00e9n\u00e9raux de [&hellip;]\" \/>\n<meta property=\"og:url\" content=\"https:\/\/batijournal.com\/index.php\/reconstruction-de-fleche-de-basilique-de-saint-denis\/95086\/\" \/>\n<meta property=\"og:site_name\" content=\"Batijournal\" \/>\n<meta property=\"article:published_time\" content=\"2017-02-16T09:10:10+00:00\" \/>\n<meta property=\"article:modified_time\" content=\"2019-07-15T09:16:05+00:00\" \/>\n<meta property=\"og:image\" content=\"https:\/\/batijournal.com\/wp-content\/uploads\/2017\/02\/Basilique-Saint-Denis.jpg\" \/>\n\t<meta property=\"og:image:width\" content=\"512\" \/>\n\t<meta property=\"og:image:height\" content=\"348\" \/>\n\t<meta property=\"og:image:type\" content=\"image\/jpeg\" \/>\n<meta name=\"author\" content=\"St\u00e9phane Miget\" \/>\n<meta name=\"twitter:card\" content=\"summary_large_image\" \/>\n<meta name=\"twitter:creator\" content=\"@bati_journal\" \/>\n<meta name=\"twitter:site\" content=\"@bati_journal\" \/>\n<meta name=\"twitter:label1\" content=\"\u00c9crit par\" \/>\n\t<meta name=\"twitter:data1\" content=\"St\u00e9phane Miget\" \/>\n\t<meta name=\"twitter:label2\" content=\"Dur\u00e9e de lecture estim\u00e9e\" \/>\n\t<meta name=\"twitter:data2\" content=\"1 minute\" \/>\n<script type=\"application\/ld+json\" class=\"yoast-schema-graph\">{\"@context\":\"https:\\\/\\\/schema.org\",\"@graph\":[{\"@type\":\"Article\",\"@id\":\"https:\\\/\\\/batijournal.com\\\/index.php\\\/reconstruction-de-fleche-de-basilique-de-saint-denis\\\/95086\\\/#article\",\"isPartOf\":{\"@id\":\"https:\\\/\\\/batijournal.com\\\/index.php\\\/reconstruction-de-fleche-de-basilique-de-saint-denis\\\/95086\\\/\"},\"author\":{\"name\":\"St\u00e9phane Miget\",\"@id\":\"https:\\\/\\\/batijournal.com\\\/#\\\/schema\\\/person\\\/1dc96ec6957aa1ccb25ebe78bb19f100\"},\"headline\":\"Reconstruction de la fl\u00e8che de la basilique de Saint-Denis\",\"datePublished\":\"2017-02-16T09:10:10+00:00\",\"dateModified\":\"2019-07-15T09:16:05+00:00\",\"mainEntityOfPage\":{\"@id\":\"https:\\\/\\\/batijournal.com\\\/index.php\\\/reconstruction-de-fleche-de-basilique-de-saint-denis\\\/95086\\\/\"},\"wordCount\":278,\"image\":{\"@id\":\"https:\\\/\\\/batijournal.com\\\/index.php\\\/reconstruction-de-fleche-de-basilique-de-saint-denis\\\/95086\\\/#primaryimage\"},\"thumbnailUrl\":\"https:\\\/\\\/batijournal.com\\\/wp-content\\\/uploads\\\/2017\\\/02\\\/Basilique-Saint-Denis.jpg\",\"keywords\":[\"monument historique\"],\"articleSection\":[\"Actualit\u00e9s\",\"Architecture &amp; Conception\"],\"inLanguage\":\"fr-FR\"},{\"@type\":\"WebPage\",\"@id\":\"https:\\\/\\\/batijournal.com\\\/index.php\\\/reconstruction-de-fleche-de-basilique-de-saint-denis\\\/95086\\\/\",\"url\":\"https:\\\/\\\/batijournal.com\\\/index.php\\\/reconstruction-de-fleche-de-basilique-de-saint-denis\\\/95086\\\/\",\"name\":\"Reconstruction de la fl\u00e8che de la basilique de Saint-Denis\",\"isPartOf\":{\"@id\":\"https:\\\/\\\/batijournal.com\\\/#website\"},\"primaryImageOfPage\":{\"@id\":\"https:\\\/\\\/batijournal.com\\\/index.php\\\/reconstruction-de-fleche-de-basilique-de-saint-denis\\\/95086\\\/#primaryimage\"},\"image\":{\"@id\":\"https:\\\/\\\/batijournal.com\\\/index.php\\\/reconstruction-de-fleche-de-basilique-de-saint-denis\\\/95086\\\/#primaryimage\"},\"thumbnailUrl\":\"https:\\\/\\\/batijournal.com\\\/wp-content\\\/uploads\\\/2017\\\/02\\\/Basilique-Saint-Denis.jpg\",\"datePublished\":\"2017-02-16T09:10:10+00:00\",\"dateModified\":\"2019-07-15T09:16:05+00:00\",\"author\":{\"@id\":\"https:\\\/\\\/batijournal.com\\\/#\\\/schema\\\/person\\\/1dc96ec6957aa1ccb25ebe78bb19f100\"},\"breadcrumb\":{\"@id\":\"https:\\\/\\\/batijournal.com\\\/index.php\\\/reconstruction-de-fleche-de-basilique-de-saint-denis\\\/95086\\\/#breadcrumb\"},\"inLanguage\":\"fr-FR\",\"potentialAction\":[{\"@type\":\"ReadAction\",\"target\":[\"https:\\\/\\\/batijournal.com\\\/index.php\\\/reconstruction-de-fleche-de-basilique-de-saint-denis\\\/95086\\\/\"]}]},{\"@type\":\"ImageObject\",\"inLanguage\":\"fr-FR\",\"@id\":\"https:\\\/\\\/batijournal.com\\\/index.php\\\/reconstruction-de-fleche-de-basilique-de-saint-denis\\\/95086\\\/#primaryimage\",\"url\":\"https:\\\/\\\/batijournal.com\\\/wp-content\\\/uploads\\\/2017\\\/02\\\/Basilique-Saint-Denis.jpg\",\"contentUrl\":\"https:\\\/\\\/batijournal.com\\\/wp-content\\\/uploads\\\/2017\\\/02\\\/Basilique-Saint-Denis.jpg\",\"width\":512,\"height\":348,\"caption\":\"Front facade, Basilica of Saint Denis, 12th century, Saint Denis, Seine Saint Denis, France. Picture by Manuel Cohen\"},{\"@type\":\"BreadcrumbList\",\"@id\":\"https:\\\/\\\/batijournal.com\\\/index.php\\\/reconstruction-de-fleche-de-basilique-de-saint-denis\\\/95086\\\/#breadcrumb\",\"itemListElement\":[{\"@type\":\"ListItem\",\"position\":1,\"name\":\"Accueil\",\"item\":\"https:\\\/\\\/batijournal.com\\\/\"},{\"@type\":\"ListItem\",\"position\":2,\"name\":\"Actualit\u00e9s\",\"item\":\"https:\\\/\\\/batijournal.com\\\/index.php\\\/category\\\/actualites\\\/\"},{\"@type\":\"ListItem\",\"position\":3,\"name\":\"Architecture &amp; Conception\",\"item\":\"https:\\\/\\\/batijournal.com\\\/index.php\\\/category\\\/actualites\\\/architecture-conception\\\/\"},{\"@type\":\"ListItem\",\"position\":4,\"name\":\"Reconstruction de la fl\u00e8che de la basilique de Saint-Denis\"}]},{\"@type\":\"WebSite\",\"@id\":\"https:\\\/\\\/batijournal.com\\\/#website\",\"url\":\"https:\\\/\\\/batijournal.com\\\/\",\"name\":\"Batijournal\",\"description\":\"L&#039;actualit\u00e9 du b\u00e2timent\",\"potentialAction\":[{\"@type\":\"SearchAction\",\"target\":{\"@type\":\"EntryPoint\",\"urlTemplate\":\"https:\\\/\\\/batijournal.com\\\/?s={search_term_string}\"},\"query-input\":{\"@type\":\"PropertyValueSpecification\",\"valueRequired\":true,\"valueName\":\"search_term_string\"}}],\"inLanguage\":\"fr-FR\"},{\"@type\":\"Person\",\"@id\":\"https:\\\/\\\/batijournal.com\\\/#\\\/schema\\\/person\\\/1dc96ec6957aa1ccb25ebe78bb19f100\",\"name\":\"St\u00e9phane Miget\",\"image\":{\"@type\":\"ImageObject\",\"inLanguage\":\"fr-FR\",\"@id\":\"https:\\\/\\\/secure.gravatar.com\\\/avatar\\\/89915563d925342126b8ef0281b93d9d7fc337043e8df017f780908eb9644451?s=96&d=mm&r=g\",\"url\":\"https:\\\/\\\/secure.gravatar.com\\\/avatar\\\/89915563d925342126b8ef0281b93d9d7fc337043e8df017f780908eb9644451?s=96&d=mm&r=g\",\"contentUrl\":\"https:\\\/\\\/secure.gravatar.com\\\/avatar\\\/89915563d925342126b8ef0281b93d9d7fc337043e8df017f780908eb9644451?s=96&d=mm&r=g\",\"caption\":\"St\u00e9phane Miget\"},\"url\":\"https:\\\/\\\/batijournal.com\\\/index.php\\\/author\\\/stephane\\\/\"}]}<\/script>\n<!-- \/ Yoast SEO plugin. -->","yoast_head_json":{"title":"Reconstruction de la fl\u00e8che de la basilique de Saint-Denis","robots":{"index":"index","follow":"follow","max-snippet":"max-snippet:-1","max-image-preview":"max-image-preview:large","max-video-preview":"max-video-preview:-1"},"canonical":"https:\/\/batijournal.com\/index.php\/reconstruction-de-fleche-de-basilique-de-saint-denis\/95086\/","og_locale":"fr_FR","og_type":"article","og_title":"Reconstruction de la fl\u00e8che de la basilique de Saint-Denis","og_description":"Dans le cadre du projet de reconstruction de la fl\u00e8che de la basilique de Saint-Denis port\u00e9 par l\u2019Association \u00ab Suivez la fl\u00e8che \u00bb, Audrey Azoulay, ministre de la Culture et de la Communication, a saisi pour avis la Commission nationale des monuments historiques. Cette derni\u00e8re a \u00e9mis des r\u00e9serves au regard des principes g\u00e9n\u00e9raux de [&hellip;]","og_url":"https:\/\/batijournal.com\/index.php\/reconstruction-de-fleche-de-basilique-de-saint-denis\/95086\/","og_site_name":"Batijournal","article_published_time":"2017-02-16T09:10:10+00:00","article_modified_time":"2019-07-15T09:16:05+00:00","og_image":[{"width":512,"height":348,"url":"https:\/\/batijournal.com\/wp-content\/uploads\/2017\/02\/Basilique-Saint-Denis.jpg","type":"image\/jpeg"}],"author":"St\u00e9phane Miget","twitter_card":"summary_large_image","twitter_creator":"@bati_journal","twitter_site":"@bati_journal","twitter_misc":{"\u00c9crit par":"St\u00e9phane Miget","Dur\u00e9e de lecture estim\u00e9e":"1 minute"},"schema":{"@context":"https:\/\/schema.org","@graph":[{"@type":"Article","@id":"https:\/\/batijournal.com\/index.php\/reconstruction-de-fleche-de-basilique-de-saint-denis\/95086\/#article","isPartOf":{"@id":"https:\/\/batijournal.com\/index.php\/reconstruction-de-fleche-de-basilique-de-saint-denis\/95086\/"},"author":{"name":"St\u00e9phane Miget","@id":"https:\/\/batijournal.com\/#\/schema\/person\/1dc96ec6957aa1ccb25ebe78bb19f100"},"headline":"Reconstruction de la fl\u00e8che de la basilique de Saint-Denis","datePublished":"2017-02-16T09:10:10+00:00","dateModified":"2019-07-15T09:16:05+00:00","mainEntityOfPage":{"@id":"https:\/\/batijournal.com\/index.php\/reconstruction-de-fleche-de-basilique-de-saint-denis\/95086\/"},"wordCount":278,"image":{"@id":"https:\/\/batijournal.com\/index.php\/reconstruction-de-fleche-de-basilique-de-saint-denis\/95086\/#primaryimage"},"thumbnailUrl":"https:\/\/batijournal.com\/wp-content\/uploads\/2017\/02\/Basilique-Saint-Denis.jpg","keywords":["monument historique"],"articleSection":["Actualit\u00e9s","Architecture &amp; Conception"],"inLanguage":"fr-FR"},{"@type":"WebPage","@id":"https:\/\/batijournal.com\/index.php\/reconstruction-de-fleche-de-basilique-de-saint-denis\/95086\/","url":"https:\/\/batijournal.com\/index.php\/reconstruction-de-fleche-de-basilique-de-saint-denis\/95086\/","name":"Reconstruction de la fl\u00e8che de la basilique de Saint-Denis","isPartOf":{"@id":"https:\/\/batijournal.com\/#website"},"primaryImageOfPage":{"@id":"https:\/\/batijournal.com\/index.php\/reconstruction-de-fleche-de-basilique-de-saint-denis\/95086\/#primaryimage"},"image":{"@id":"https:\/\/batijournal.com\/index.php\/reconstruction-de-fleche-de-basilique-de-saint-denis\/95086\/#primaryimage"},"thumbnailUrl":"https:\/\/batijournal.com\/wp-content\/uploads\/2017\/02\/Basilique-Saint-Denis.jpg","datePublished":"2017-02-16T09:10:10+00:00","dateModified":"2019-07-15T09:16:05+00:00","author":{"@id":"https:\/\/batijournal.com\/#\/schema\/person\/1dc96ec6957aa1ccb25ebe78bb19f100"},"breadcrumb":{"@id":"https:\/\/batijournal.com\/index.php\/reconstruction-de-fleche-de-basilique-de-saint-denis\/95086\/#breadcrumb"},"inLanguage":"fr-FR","potentialAction":[{"@type":"ReadAction","target":["https:\/\/batijournal.com\/index.php\/reconstruction-de-fleche-de-basilique-de-saint-denis\/95086\/"]}]},{"@type":"ImageObject","inLanguage":"fr-FR","@id":"https:\/\/batijournal.com\/index.php\/reconstruction-de-fleche-de-basilique-de-saint-denis\/95086\/#primaryimage","url":"https:\/\/batijournal.com\/wp-content\/uploads\/2017\/02\/Basilique-Saint-Denis.jpg","contentUrl":"https:\/\/batijournal.com\/wp-content\/uploads\/2017\/02\/Basilique-Saint-Denis.jpg","width":512,"height":348,"caption":"Front facade, Basilica of Saint Denis, 12th century, Saint Denis, Seine Saint Denis, France. Picture by Manuel Cohen"},{"@type":"BreadcrumbList","@id":"https:\/\/batijournal.com\/index.php\/reconstruction-de-fleche-de-basilique-de-saint-denis\/95086\/#breadcrumb","itemListElement":[{"@type":"ListItem","position":1,"name":"Accueil","item":"https:\/\/batijournal.com\/"},{"@type":"ListItem","position":2,"name":"Actualit\u00e9s","item":"https:\/\/batijournal.com\/index.php\/category\/actualites\/"},{"@type":"ListItem","position":3,"name":"Architecture &amp; Conception","item":"https:\/\/batijournal.com\/index.php\/category\/actualites\/architecture-conception\/"},{"@type":"ListItem","position":4,"name":"Reconstruction de la fl\u00e8che de la basilique de Saint-Denis"}]},{"@type":"WebSite","@id":"https:\/\/batijournal.com\/#website","url":"https:\/\/batijournal.com\/","name":"Batijournal","description":"L&#039;actualit\u00e9 du b\u00e2timent","potentialAction":[{"@type":"SearchAction","target":{"@type":"EntryPoint","urlTemplate":"https:\/\/batijournal.com\/?s={search_term_string}"},"query-input":{"@type":"PropertyValueSpecification","valueRequired":true,"valueName":"search_term_string"}}],"inLanguage":"fr-FR"},{"@type":"Person","@id":"https:\/\/batijournal.com\/#\/schema\/person\/1dc96ec6957aa1ccb25ebe78bb19f100","name":"St\u00e9phane Miget","image":{"@type":"ImageObject","inLanguage":"fr-FR","@id":"https:\/\/secure.gravatar.com\/avatar\/89915563d925342126b8ef0281b93d9d7fc337043e8df017f780908eb9644451?s=96&d=mm&r=g","url":"https:\/\/secure.gravatar.com\/avatar\/89915563d925342126b8ef0281b93d9d7fc337043e8df017f780908eb9644451?s=96&d=mm&r=g","contentUrl":"https:\/\/secure.gravatar.com\/avatar\/89915563d925342126b8ef0281b93d9d7fc337043e8df017f780908eb9644451?s=96&d=mm&r=g","caption":"St\u00e9phane Miget"},"url":"https:\/\/batijournal.com\/index.php\/author\/stephane\/"}]}},"_links":{"self":[{"href":"https:\/\/batijournal.com\/index.php\/wp-json\/wp\/v2\/posts\/95086","targetHints":{"allow":["GET"]}}],"collection":[{"href":"https:\/\/batijournal.com\/index.php\/wp-json\/wp\/v2\/posts"}],"about":[{"href":"https:\/\/batijournal.com\/index.php\/wp-json\/wp\/v2\/types\/post"}],"author":[{"embeddable":true,"href":"https:\/\/batijournal.com\/index.php\/wp-json\/wp\/v2\/users\/17"}],"replies":[{"embeddable":true,"href":"https:\/\/batijournal.com\/index.php\/wp-json\/wp\/v2\/comments?post=95086"}],"version-history":[{"count":0,"href":"https:\/\/batijournal.com\/index.php\/wp-json\/wp\/v2\/posts\/95086\/revisions"}],"wp:featuredmedia":[{"embeddable":true,"href":"https:\/\/batijournal.com\/index.php\/wp-json\/wp\/v2\/media\/95087"}],"wp:attachment":[{"href":"https:\/\/batijournal.com\/index.php\/wp-json\/wp\/v2\/media?parent=95086"}],"wp:term":[{"taxonomy":"category","embeddable":true,"href":"https:\/\/batijournal.com\/index.php\/wp-json\/wp\/v2\/categories?post=95086"},{"taxonomy":"post_tag","embeddable":true,"href":"https:\/\/batijournal.com\/index.php\/wp-json\/wp\/v2\/tags?post=95086"}],"curies":[{"name":"wp","href":"https:\/\/api.w.org\/{rel}","templated":true}]}}