{"id":95092,"date":"2017-02-17T10:26:23","date_gmt":"2017-02-17T09:26:23","guid":{"rendered":"http:\/\/batijournal.com\/?p=95092"},"modified":"2019-07-15T12:20:04","modified_gmt":"2019-07-15T10:20:04","slug":"collectif-renovons-part-guerre-contre-passoires-energetiques","status":"publish","type":"post","link":"https:\/\/batijournal.com\/index.php\/collectif-renovons-part-guerre-contre-passoires-energetiques\/95092\/","title":{"rendered":"Le collectif \u00ab\u00a0R\u00e9novons !\u00a0\u00bb part en guerre contre les passoires \u00e9nerg\u00e9tiques"},"content":{"rendered":"<p>En finir avec les passoires \u00e9nerg\u00e9tiques, tel est le but de l&rsquo;initiative collective \u00ab\u00a0R\u00e9novons !\u00a0\u00bb. Une \u00e9tude exclusive permet pour la premi\u00e8re fois de chiffrer tous les impacts de la r\u00e9novation des passoires \u00e9nerg\u00e9tiques en France. R\u00e9nover thermiquement plus de 7 millions de logements F et G en France d\u2019ici \u00e0 2025 repr\u00e9sente un investissement suppl\u00e9mentaire net de 1 milliard d\u2019euros par an. Sans l\u2019adoption et la mise en \u0153uvre d\u2019un plan ambitieux de r\u00e9novation de ces logements, la France n\u2019atteindra pas les objectifs de la Loi pour la transition \u00e9nerg\u00e9tique et la croissance verte. Un tel plan permettrait la r\u00e9duction de la pr\u00e9carit\u00e9 \u00e9nerg\u00e9tique, des \u00e9missions de GES et constitue l\u2019opportunit\u00e9 de relancer l\u2019activit\u00e9 \u00e9conomique du b\u00e2timent et la cr\u00e9ation d\u2019emplois. Selon l&rsquo;\u00e9tude, 126 000 emplois nets et non d\u00e9localisables seraient cr\u00e9\u00e9s. 750 millions en d\u00e9penses de sant\u00e9 seraient \u00e9conomis\u00e9s chaque ann\u00e9e. 2,5 millions de m\u00e9nages sortiraient de la pr\u00e9carit\u00e9 \u00e9nerg\u00e9tique d\u2019ici \u00e0 2025, soit plus de la moiti\u00e9 des m\u00e9nages touch\u00e9s. Ces m\u00e9nages feraient en moyenne 512 euros par an d&rsquo;\u00e9conomies. 6 millions de tonnes de CO2 en moins seraient rejet\u00e9s dans l\u2019atmosph\u00e8re par an.<br \/>\nR\u00e9novons ! est une initiative collective, compos\u00e9e d\u2019acteurs divers : associations et fondations sociales et environnementales, op\u00e9rateurs, acteurs \u00e9conomiques\u2026 La Fondation Abb\u00e9 Pierre, Secours Catholique-Caritas France, CLER-R\u00e9seau pour la transition \u00e9nerg\u00e9tique, Le R\u00e9seau Action Climat, SOLIHA-Solidaires pour l\u2019Habitat, le Groupe Effy sont \u00e0 l\u2019origine de l\u2019initiative. D\u2019autres partenaires la rejoignent d\u00e9j\u00e0 : La Fondation Nicolas Hulot, La CFDT, Les amis d\u2019Enercoop-Energie Solidaire, Enercoop, l\u2019Association des Responsables de Copropri\u00e9t\u00e9s, Vesta Conseil Finance, le R\u00e9seau Eco-habitat, Amper, Solibri, Transitions, Enercoop-Ardennes Champagne, SustainD, Avenir 4, ENR-Cert. L&rsquo;\u00e9tude a \u00e9t\u00e9 r\u00e9alis\u00e9e par SIA Partners.<\/p>\n","protected":false},"excerpt":{"rendered":"<p>En finir avec les passoires \u00e9nerg\u00e9tiques, tel est le but de l&rsquo;initiative collective \u00ab\u00a0R\u00e9novons !\u00a0\u00bb. Une \u00e9tude exclusive permet pour la premi\u00e8re fois de chiffrer tous les impacts de la r\u00e9novation des passoires \u00e9nerg\u00e9tiques en France. R\u00e9nover thermiquement plus de 7 millions de logements F et G en France d\u2019ici \u00e0 2025 repr\u00e9sente un investissement [&hellip;]<\/p>\n","protected":false},"author":17,"featured_media":93108,"comment_status":"closed","ping_status":"closed","sticky":false,"template":"","format":"standard","meta":{"_et_pb_use_builder":"","_et_pb_old_content":"","_et_gb_content_width":"","footnotes":""},"categories":[10736,10530,6351],"tags":[1130,11059],"class_list":["post-95092","post","type-post","status-publish","format-standard","has-post-thumbnail","hentry","category-a-la-une","category-actualites","category-energie-environnement","tag-precarite-energetique","tag-transition-energetique"],"yoast_head":"<!-- This site is optimized with the Yoast SEO plugin v27.4 - https:\/\/yoast.com\/product\/yoast-seo-wordpress\/ -->\n<title>Le collectif &quot;R\u00e9novons !&quot; part en guerre contre les passoires \u00e9nerg\u00e9tiques<\/title>\n<meta name=\"robots\" content=\"index, follow, max-snippet:-1, max-image-preview:large, max-video-preview:-1\" \/>\n<link rel=\"canonical\" href=\"https:\/\/batijournal.com\/index.php\/collectif-renovons-part-guerre-contre-passoires-energetiques\/95092\/\" \/>\n<meta property=\"og:locale\" content=\"fr_FR\" \/>\n<meta property=\"og:type\" content=\"article\" \/>\n<meta property=\"og:title\" content=\"Le collectif &quot;R\u00e9novons !&quot; part en guerre contre les passoires \u00e9nerg\u00e9tiques\" \/>\n<meta property=\"og:description\" content=\"En finir avec les passoires \u00e9nerg\u00e9tiques, tel est le but de l&rsquo;initiative collective \u00ab\u00a0R\u00e9novons !\u00a0\u00bb. Une \u00e9tude exclusive permet pour la premi\u00e8re fois de chiffrer tous les impacts de la r\u00e9novation des passoires \u00e9nerg\u00e9tiques en France. R\u00e9nover thermiquement plus de 7 millions de logements F et G en France d\u2019ici \u00e0 2025 repr\u00e9sente un investissement [&hellip;]\" \/>\n<meta property=\"og:url\" content=\"https:\/\/batijournal.com\/index.php\/collectif-renovons-part-guerre-contre-passoires-energetiques\/95092\/\" \/>\n<meta property=\"og:site_name\" content=\"Batijournal\" \/>\n<meta property=\"article:published_time\" content=\"2017-02-17T09:26:23+00:00\" \/>\n<meta property=\"article:modified_time\" content=\"2019-07-15T10:20:04+00:00\" \/>\n<meta property=\"og:image\" content=\"https:\/\/batijournal.com\/wp-content\/uploads\/2016\/06\/chantier-ite.jpg\" \/>\n\t<meta property=\"og:image:width\" content=\"1000\" \/>\n\t<meta property=\"og:image:height\" content=\"547\" \/>\n\t<meta property=\"og:image:type\" content=\"image\/jpeg\" \/>\n<meta name=\"author\" content=\"St\u00e9phane Miget\" \/>\n<meta name=\"twitter:card\" content=\"summary_large_image\" \/>\n<meta name=\"twitter:creator\" content=\"@bati_journal\" \/>\n<meta name=\"twitter:site\" content=\"@bati_journal\" \/>\n<meta name=\"twitter:label1\" content=\"\u00c9crit par\" \/>\n\t<meta name=\"twitter:data1\" content=\"St\u00e9phane Miget\" \/>\n\t<meta name=\"twitter:label2\" content=\"Dur\u00e9e de lecture estim\u00e9e\" \/>\n\t<meta name=\"twitter:data2\" content=\"2 minutes\" \/>\n<script type=\"application\/ld+json\" class=\"yoast-schema-graph\">{\"@context\":\"https:\\\/\\\/schema.org\",\"@graph\":[{\"@type\":\"Article\",\"@id\":\"https:\\\/\\\/batijournal.com\\\/index.php\\\/collectif-renovons-part-guerre-contre-passoires-energetiques\\\/95092\\\/#article\",\"isPartOf\":{\"@id\":\"https:\\\/\\\/batijournal.com\\\/index.php\\\/collectif-renovons-part-guerre-contre-passoires-energetiques\\\/95092\\\/\"},\"author\":{\"name\":\"St\u00e9phane Miget\",\"@id\":\"https:\\\/\\\/batijournal.com\\\/#\\\/schema\\\/person\\\/1dc96ec6957aa1ccb25ebe78bb19f100\"},\"headline\":\"Le collectif \u00ab\u00a0R\u00e9novons !\u00a0\u00bb part en guerre contre les passoires \u00e9nerg\u00e9tiques\",\"datePublished\":\"2017-02-17T09:26:23+00:00\",\"dateModified\":\"2019-07-15T10:20:04+00:00\",\"mainEntityOfPage\":{\"@id\":\"https:\\\/\\\/batijournal.com\\\/index.php\\\/collectif-renovons-part-guerre-contre-passoires-energetiques\\\/95092\\\/\"},\"wordCount\":332,\"image\":{\"@id\":\"https:\\\/\\\/batijournal.com\\\/index.php\\\/collectif-renovons-part-guerre-contre-passoires-energetiques\\\/95092\\\/#primaryimage\"},\"thumbnailUrl\":\"https:\\\/\\\/batijournal.com\\\/wp-content\\\/uploads\\\/2016\\\/06\\\/chantier-ite.jpg\",\"keywords\":[\"pr\u00e9carit\u00e9 \u00e9nerg\u00e9tique\",\"transition \u00e9nerg\u00e9tique\"],\"articleSection\":[\"A la Une\",\"Actualit\u00e9s\",\"\u00c9nergie &amp; Environnement\"],\"inLanguage\":\"fr-FR\"},{\"@type\":\"WebPage\",\"@id\":\"https:\\\/\\\/batijournal.com\\\/index.php\\\/collectif-renovons-part-guerre-contre-passoires-energetiques\\\/95092\\\/\",\"url\":\"https:\\\/\\\/batijournal.com\\\/index.php\\\/collectif-renovons-part-guerre-contre-passoires-energetiques\\\/95092\\\/\",\"name\":\"Le collectif \\\"R\u00e9novons !\\\" part en guerre contre les passoires \u00e9nerg\u00e9tiques\",\"isPartOf\":{\"@id\":\"https:\\\/\\\/batijournal.com\\\/#website\"},\"primaryImageOfPage\":{\"@id\":\"https:\\\/\\\/batijournal.com\\\/index.php\\\/collectif-renovons-part-guerre-contre-passoires-energetiques\\\/95092\\\/#primaryimage\"},\"image\":{\"@id\":\"https:\\\/\\\/batijournal.com\\\/index.php\\\/collectif-renovons-part-guerre-contre-passoires-energetiques\\\/95092\\\/#primaryimage\"},\"thumbnailUrl\":\"https:\\\/\\\/batijournal.com\\\/wp-content\\\/uploads\\\/2016\\\/06\\\/chantier-ite.jpg\",\"datePublished\":\"2017-02-17T09:26:23+00:00\",\"dateModified\":\"2019-07-15T10:20:04+00:00\",\"author\":{\"@id\":\"https:\\\/\\\/batijournal.com\\\/#\\\/schema\\\/person\\\/1dc96ec6957aa1ccb25ebe78bb19f100\"},\"breadcrumb\":{\"@id\":\"https:\\\/\\\/batijournal.com\\\/index.php\\\/collectif-renovons-part-guerre-contre-passoires-energetiques\\\/95092\\\/#breadcrumb\"},\"inLanguage\":\"fr-FR\",\"potentialAction\":[{\"@type\":\"ReadAction\",\"target\":[\"https:\\\/\\\/batijournal.com\\\/index.php\\\/collectif-renovons-part-guerre-contre-passoires-energetiques\\\/95092\\\/\"]}]},{\"@type\":\"ImageObject\",\"inLanguage\":\"fr-FR\",\"@id\":\"https:\\\/\\\/batijournal.com\\\/index.php\\\/collectif-renovons-part-guerre-contre-passoires-energetiques\\\/95092\\\/#primaryimage\",\"url\":\"https:\\\/\\\/batijournal.com\\\/wp-content\\\/uploads\\\/2016\\\/06\\\/chantier-ite.jpg\",\"contentUrl\":\"https:\\\/\\\/batijournal.com\\\/wp-content\\\/uploads\\\/2016\\\/06\\\/chantier-ite.jpg\",\"width\":1000,\"height\":547,\"caption\":\"CITE\"},{\"@type\":\"BreadcrumbList\",\"@id\":\"https:\\\/\\\/batijournal.com\\\/index.php\\\/collectif-renovons-part-guerre-contre-passoires-energetiques\\\/95092\\\/#breadcrumb\",\"itemListElement\":[{\"@type\":\"ListItem\",\"position\":1,\"name\":\"Accueil\",\"item\":\"https:\\\/\\\/batijournal.com\\\/\"},{\"@type\":\"ListItem\",\"position\":2,\"name\":\"Actualit\u00e9s\",\"item\":\"https:\\\/\\\/batijournal.com\\\/index.php\\\/category\\\/actualites\\\/\"},{\"@type\":\"ListItem\",\"position\":3,\"name\":\"Le collectif \u00ab\u00a0R\u00e9novons !\u00a0\u00bb part en guerre contre les passoires \u00e9nerg\u00e9tiques\"}]},{\"@type\":\"WebSite\",\"@id\":\"https:\\\/\\\/batijournal.com\\\/#website\",\"url\":\"https:\\\/\\\/batijournal.com\\\/\",\"name\":\"Batijournal\",\"description\":\"L&#039;actualit\u00e9 du b\u00e2timent\",\"potentialAction\":[{\"@type\":\"SearchAction\",\"target\":{\"@type\":\"EntryPoint\",\"urlTemplate\":\"https:\\\/\\\/batijournal.com\\\/?s={search_term_string}\"},\"query-input\":{\"@type\":\"PropertyValueSpecification\",\"valueRequired\":true,\"valueName\":\"search_term_string\"}}],\"inLanguage\":\"fr-FR\"},{\"@type\":\"Person\",\"@id\":\"https:\\\/\\\/batijournal.com\\\/#\\\/schema\\\/person\\\/1dc96ec6957aa1ccb25ebe78bb19f100\",\"name\":\"St\u00e9phane Miget\",\"image\":{\"@type\":\"ImageObject\",\"inLanguage\":\"fr-FR\",\"@id\":\"https:\\\/\\\/secure.gravatar.com\\\/avatar\\\/89915563d925342126b8ef0281b93d9d7fc337043e8df017f780908eb9644451?s=96&d=mm&r=g\",\"url\":\"https:\\\/\\\/secure.gravatar.com\\\/avatar\\\/89915563d925342126b8ef0281b93d9d7fc337043e8df017f780908eb9644451?s=96&d=mm&r=g\",\"contentUrl\":\"https:\\\/\\\/secure.gravatar.com\\\/avatar\\\/89915563d925342126b8ef0281b93d9d7fc337043e8df017f780908eb9644451?s=96&d=mm&r=g\",\"caption\":\"St\u00e9phane Miget\"},\"url\":\"https:\\\/\\\/batijournal.com\\\/index.php\\\/author\\\/stephane\\\/\"}]}<\/script>\n<!-- \/ Yoast SEO plugin. -->","yoast_head_json":{"title":"Le collectif \"R\u00e9novons !\" part en guerre contre les passoires \u00e9nerg\u00e9tiques","robots":{"index":"index","follow":"follow","max-snippet":"max-snippet:-1","max-image-preview":"max-image-preview:large","max-video-preview":"max-video-preview:-1"},"canonical":"https:\/\/batijournal.com\/index.php\/collectif-renovons-part-guerre-contre-passoires-energetiques\/95092\/","og_locale":"fr_FR","og_type":"article","og_title":"Le collectif \"R\u00e9novons !\" part en guerre contre les passoires \u00e9nerg\u00e9tiques","og_description":"En finir avec les passoires \u00e9nerg\u00e9tiques, tel est le but de l&rsquo;initiative collective \u00ab\u00a0R\u00e9novons !\u00a0\u00bb. Une \u00e9tude exclusive permet pour la premi\u00e8re fois de chiffrer tous les impacts de la r\u00e9novation des passoires \u00e9nerg\u00e9tiques en France. R\u00e9nover thermiquement plus de 7 millions de logements F et G en France d\u2019ici \u00e0 2025 repr\u00e9sente un investissement [&hellip;]","og_url":"https:\/\/batijournal.com\/index.php\/collectif-renovons-part-guerre-contre-passoires-energetiques\/95092\/","og_site_name":"Batijournal","article_published_time":"2017-02-17T09:26:23+00:00","article_modified_time":"2019-07-15T10:20:04+00:00","og_image":[{"width":1000,"height":547,"url":"https:\/\/batijournal.com\/wp-content\/uploads\/2016\/06\/chantier-ite.jpg","type":"image\/jpeg"}],"author":"St\u00e9phane Miget","twitter_card":"summary_large_image","twitter_creator":"@bati_journal","twitter_site":"@bati_journal","twitter_misc":{"\u00c9crit par":"St\u00e9phane Miget","Dur\u00e9e de lecture estim\u00e9e":"2 minutes"},"schema":{"@context":"https:\/\/schema.org","@graph":[{"@type":"Article","@id":"https:\/\/batijournal.com\/index.php\/collectif-renovons-part-guerre-contre-passoires-energetiques\/95092\/#article","isPartOf":{"@id":"https:\/\/batijournal.com\/index.php\/collectif-renovons-part-guerre-contre-passoires-energetiques\/95092\/"},"author":{"name":"St\u00e9phane Miget","@id":"https:\/\/batijournal.com\/#\/schema\/person\/1dc96ec6957aa1ccb25ebe78bb19f100"},"headline":"Le collectif \u00ab\u00a0R\u00e9novons !\u00a0\u00bb part en guerre contre les passoires \u00e9nerg\u00e9tiques","datePublished":"2017-02-17T09:26:23+00:00","dateModified":"2019-07-15T10:20:04+00:00","mainEntityOfPage":{"@id":"https:\/\/batijournal.com\/index.php\/collectif-renovons-part-guerre-contre-passoires-energetiques\/95092\/"},"wordCount":332,"image":{"@id":"https:\/\/batijournal.com\/index.php\/collectif-renovons-part-guerre-contre-passoires-energetiques\/95092\/#primaryimage"},"thumbnailUrl":"https:\/\/batijournal.com\/wp-content\/uploads\/2016\/06\/chantier-ite.jpg","keywords":["pr\u00e9carit\u00e9 \u00e9nerg\u00e9tique","transition \u00e9nerg\u00e9tique"],"articleSection":["A la Une","Actualit\u00e9s","\u00c9nergie &amp; Environnement"],"inLanguage":"fr-FR"},{"@type":"WebPage","@id":"https:\/\/batijournal.com\/index.php\/collectif-renovons-part-guerre-contre-passoires-energetiques\/95092\/","url":"https:\/\/batijournal.com\/index.php\/collectif-renovons-part-guerre-contre-passoires-energetiques\/95092\/","name":"Le collectif \"R\u00e9novons !\" part en guerre contre les passoires \u00e9nerg\u00e9tiques","isPartOf":{"@id":"https:\/\/batijournal.com\/#website"},"primaryImageOfPage":{"@id":"https:\/\/batijournal.com\/index.php\/collectif-renovons-part-guerre-contre-passoires-energetiques\/95092\/#primaryimage"},"image":{"@id":"https:\/\/batijournal.com\/index.php\/collectif-renovons-part-guerre-contre-passoires-energetiques\/95092\/#primaryimage"},"thumbnailUrl":"https:\/\/batijournal.com\/wp-content\/uploads\/2016\/06\/chantier-ite.jpg","datePublished":"2017-02-17T09:26:23+00:00","dateModified":"2019-07-15T10:20:04+00:00","author":{"@id":"https:\/\/batijournal.com\/#\/schema\/person\/1dc96ec6957aa1ccb25ebe78bb19f100"},"breadcrumb":{"@id":"https:\/\/batijournal.com\/index.php\/collectif-renovons-part-guerre-contre-passoires-energetiques\/95092\/#breadcrumb"},"inLanguage":"fr-FR","potentialAction":[{"@type":"ReadAction","target":["https:\/\/batijournal.com\/index.php\/collectif-renovons-part-guerre-contre-passoires-energetiques\/95092\/"]}]},{"@type":"ImageObject","inLanguage":"fr-FR","@id":"https:\/\/batijournal.com\/index.php\/collectif-renovons-part-guerre-contre-passoires-energetiques\/95092\/#primaryimage","url":"https:\/\/batijournal.com\/wp-content\/uploads\/2016\/06\/chantier-ite.jpg","contentUrl":"https:\/\/batijournal.com\/wp-content\/uploads\/2016\/06\/chantier-ite.jpg","width":1000,"height":547,"caption":"CITE"},{"@type":"BreadcrumbList","@id":"https:\/\/batijournal.com\/index.php\/collectif-renovons-part-guerre-contre-passoires-energetiques\/95092\/#breadcrumb","itemListElement":[{"@type":"ListItem","position":1,"name":"Accueil","item":"https:\/\/batijournal.com\/"},{"@type":"ListItem","position":2,"name":"Actualit\u00e9s","item":"https:\/\/batijournal.com\/index.php\/category\/actualites\/"},{"@type":"ListItem","position":3,"name":"Le collectif \u00ab\u00a0R\u00e9novons !\u00a0\u00bb part en guerre contre les passoires \u00e9nerg\u00e9tiques"}]},{"@type":"WebSite","@id":"https:\/\/batijournal.com\/#website","url":"https:\/\/batijournal.com\/","name":"Batijournal","description":"L&#039;actualit\u00e9 du b\u00e2timent","potentialAction":[{"@type":"SearchAction","target":{"@type":"EntryPoint","urlTemplate":"https:\/\/batijournal.com\/?s={search_term_string}"},"query-input":{"@type":"PropertyValueSpecification","valueRequired":true,"valueName":"search_term_string"}}],"inLanguage":"fr-FR"},{"@type":"Person","@id":"https:\/\/batijournal.com\/#\/schema\/person\/1dc96ec6957aa1ccb25ebe78bb19f100","name":"St\u00e9phane Miget","image":{"@type":"ImageObject","inLanguage":"fr-FR","@id":"https:\/\/secure.gravatar.com\/avatar\/89915563d925342126b8ef0281b93d9d7fc337043e8df017f780908eb9644451?s=96&d=mm&r=g","url":"https:\/\/secure.gravatar.com\/avatar\/89915563d925342126b8ef0281b93d9d7fc337043e8df017f780908eb9644451?s=96&d=mm&r=g","contentUrl":"https:\/\/secure.gravatar.com\/avatar\/89915563d925342126b8ef0281b93d9d7fc337043e8df017f780908eb9644451?s=96&d=mm&r=g","caption":"St\u00e9phane Miget"},"url":"https:\/\/batijournal.com\/index.php\/author\/stephane\/"}]}},"_links":{"self":[{"href":"https:\/\/batijournal.com\/index.php\/wp-json\/wp\/v2\/posts\/95092","targetHints":{"allow":["GET"]}}],"collection":[{"href":"https:\/\/batijournal.com\/index.php\/wp-json\/wp\/v2\/posts"}],"about":[{"href":"https:\/\/batijournal.com\/index.php\/wp-json\/wp\/v2\/types\/post"}],"author":[{"embeddable":true,"href":"https:\/\/batijournal.com\/index.php\/wp-json\/wp\/v2\/users\/17"}],"replies":[{"embeddable":true,"href":"https:\/\/batijournal.com\/index.php\/wp-json\/wp\/v2\/comments?post=95092"}],"version-history":[{"count":0,"href":"https:\/\/batijournal.com\/index.php\/wp-json\/wp\/v2\/posts\/95092\/revisions"}],"wp:featuredmedia":[{"embeddable":true,"href":"https:\/\/batijournal.com\/index.php\/wp-json\/wp\/v2\/media\/93108"}],"wp:attachment":[{"href":"https:\/\/batijournal.com\/index.php\/wp-json\/wp\/v2\/media?parent=95092"}],"wp:term":[{"taxonomy":"category","embeddable":true,"href":"https:\/\/batijournal.com\/index.php\/wp-json\/wp\/v2\/categories?post=95092"},{"taxonomy":"post_tag","embeddable":true,"href":"https:\/\/batijournal.com\/index.php\/wp-json\/wp\/v2\/tags?post=95092"}],"curies":[{"name":"wp","href":"https:\/\/api.w.org\/{rel}","templated":true}]}}