{"id":95119,"date":"2017-02-21T06:17:57","date_gmt":"2017-02-21T05:17:57","guid":{"rendered":"http:\/\/batijournal.com\/?p=95119"},"modified":"2019-07-15T12:22:03","modified_gmt":"2019-07-15T10:22:03","slug":"energies-renouvelables-france-retard-objectifs","status":"publish","type":"post","link":"https:\/\/batijournal.com\/index.php\/energies-renouvelables-france-retard-objectifs\/95119\/","title":{"rendered":"Energies renouvelables en France : retard sur les objectifs"},"content":{"rendered":"<p>Apr\u00e8s une nette progression entre 2011 et 2013 (de 7,5 % \u00e0 9,4 %), la part des \u00e9nergies renouvelables dans le bouquet \u00e9nerg\u00e9tique s\u2019est stabilis\u00e9e en France m\u00e9tropolitaine. Les \u00e9nergies renouvelables constituent ainsi la quatri\u00e8me source d\u2019\u00e9nergie, repr\u00e9sentant 9,4 % des 256,7 Mtep de consommation d\u2019\u00e9nergie primaire, en 2015, derri\u00e8re le nucl\u00e9aire (42,3 %), les produits p\u00e9troliers (30,1 %) et le gaz (14,2 %).<\/p>\n<p><img loading=\"lazy\" decoding=\"async\" class=\"aligncenter size-large wp-image-95120\" src=\"https:\/\/batijournal.com\/wp-content\/uploads\/2017\/02\/Energies-renouvelable-1024x687.png\" alt=\"\" width=\"960\" height=\"644\" srcset=\"https:\/\/batijournal.com\/wp-content\/uploads\/2017\/02\/Energies-renouvelable-1024x687.png 1024w, https:\/\/batijournal.com\/wp-content\/uploads\/2017\/02\/Energies-renouvelable-150x101.png 150w, https:\/\/batijournal.com\/wp-content\/uploads\/2017\/02\/Energies-renouvelable-300x201.png 300w, https:\/\/batijournal.com\/wp-content\/uploads\/2017\/02\/Energies-renouvelable-768x515.png 768w, https:\/\/batijournal.com\/wp-content\/uploads\/2017\/02\/Energies-renouvelable-600x403.png 600w, https:\/\/batijournal.com\/wp-content\/uploads\/2017\/02\/Energies-renouvelable.png 1037w\" sizes=\"(max-width: 960px) 100vw, 960px\" \/><\/p>\n<p>L\u2019Union europ\u00e9enne a d\u00e9cid\u00e9, dans son nouveau Paquet \u00c9nergie- Climat 2030, d\u2019atteindre 27 % d\u2019\u00e9nergies renouvelables dans son bouquet \u00e9nerg\u00e9tique. La France a quant \u00e0 elle inscrit dans la loi relative \u00e0 la transition \u00e9nerg\u00e9tique pour la croissance verte l\u2019objectif de porter la part des \u00e9nergies renouvelables dans sa consommation brute \u00e0 32 % en 2030. En 2015, cette part s\u2019\u00e9l\u00e8ve \u00e0 14,9 %, en de\u00e7\u00e0 des 17 % pr\u00e9vus par la trajectoire d\u00e9finie. Le retard constat\u00e9 concerne \u00e0 la fois les composantes \u00e9lectrique et thermique et a \u00e9t\u00e9 amplifi\u00e9 par les conditions m\u00e9t\u00e9orologiques atypiques des ann\u00e9es 2014-2015, qui ont pes\u00e9 sur la consommation de bois de chauffage. Dans le domaine des transports, la part des \u00e9nergies renouvelables exc\u00e8de la trajectoire de 0,8 point en 2015.<\/p>\n<p>Souce : \u00ab Chiffres cl\u00e9s des \u00e9nergies renouvelables \u00bb du Service de l\u2019observation et des statistiques.<\/p>\n","protected":false},"excerpt":{"rendered":"<p>Apr\u00e8s une nette progression entre 2011 et 2013 (de 7,5 % \u00e0 9,4 %), la part des \u00e9nergies renouvelables dans le bouquet \u00e9nerg\u00e9tique s\u2019est stabilis\u00e9e en France m\u00e9tropolitaine. Les \u00e9nergies renouvelables constituent ainsi la quatri\u00e8me source d\u2019\u00e9nergie, repr\u00e9sentant 9,4 % des 256,7 Mtep de consommation d\u2019\u00e9nergie primaire, en 2015, derri\u00e8re le nucl\u00e9aire (42,3 %), les [&hellip;]<\/p>\n","protected":false},"author":17,"featured_media":95121,"comment_status":"closed","ping_status":"closed","sticky":false,"template":"","format":"standard","meta":{"_et_pb_use_builder":"","_et_pb_old_content":"","_et_gb_content_width":"","footnotes":""},"categories":[6351],"tags":[675],"class_list":["post-95119","post","type-post","status-publish","format-standard","has-post-thumbnail","hentry","category-energie-environnement","tag-enr"],"yoast_head":"<!-- This site is optimized with the Yoast SEO plugin v27.4 - https:\/\/yoast.com\/product\/yoast-seo-wordpress\/ -->\n<title>Energies renouvelables en France : retard sur les objectifs<\/title>\n<meta name=\"robots\" content=\"index, follow, max-snippet:-1, max-image-preview:large, max-video-preview:-1\" \/>\n<link rel=\"canonical\" href=\"https:\/\/batijournal.com\/index.php\/energies-renouvelables-france-retard-objectifs\/95119\/\" \/>\n<meta property=\"og:locale\" content=\"fr_FR\" \/>\n<meta property=\"og:type\" content=\"article\" \/>\n<meta property=\"og:title\" content=\"Energies renouvelables en France : retard sur les objectifs\" \/>\n<meta property=\"og:description\" content=\"Apr\u00e8s une nette progression entre 2011 et 2013 (de 7,5 % \u00e0 9,4 %), la part des \u00e9nergies renouvelables dans le bouquet \u00e9nerg\u00e9tique s\u2019est stabilis\u00e9e en France m\u00e9tropolitaine. Les \u00e9nergies renouvelables constituent ainsi la quatri\u00e8me source d\u2019\u00e9nergie, repr\u00e9sentant 9,4 % des 256,7 Mtep de consommation d\u2019\u00e9nergie primaire, en 2015, derri\u00e8re le nucl\u00e9aire (42,3 %), les [&hellip;]\" \/>\n<meta property=\"og:url\" content=\"https:\/\/batijournal.com\/index.php\/energies-renouvelables-france-retard-objectifs\/95119\/\" \/>\n<meta property=\"og:site_name\" content=\"Batijournal\" \/>\n<meta property=\"article:published_time\" content=\"2017-02-21T05:17:57+00:00\" \/>\n<meta property=\"article:modified_time\" content=\"2019-07-15T10:22:03+00:00\" \/>\n<meta property=\"og:image\" content=\"https:\/\/batijournal.com\/wp-content\/uploads\/2017\/02\/Energies-renouvelable-2.png\" \/>\n\t<meta property=\"og:image:width\" content=\"1010\" \/>\n\t<meta property=\"og:image:height\" content=\"674\" \/>\n\t<meta property=\"og:image:type\" content=\"image\/png\" \/>\n<meta name=\"author\" content=\"St\u00e9phane Miget\" \/>\n<meta name=\"twitter:card\" content=\"summary_large_image\" \/>\n<meta name=\"twitter:creator\" content=\"@bati_journal\" \/>\n<meta name=\"twitter:site\" content=\"@bati_journal\" \/>\n<meta name=\"twitter:label1\" content=\"\u00c9crit par\" \/>\n\t<meta name=\"twitter:data1\" content=\"St\u00e9phane Miget\" \/>\n\t<meta name=\"twitter:label2\" content=\"Dur\u00e9e de lecture estim\u00e9e\" \/>\n\t<meta name=\"twitter:data2\" content=\"1 minute\" \/>\n<script type=\"application\/ld+json\" class=\"yoast-schema-graph\">{\"@context\":\"https:\\\/\\\/schema.org\",\"@graph\":[{\"@type\":\"Article\",\"@id\":\"https:\\\/\\\/batijournal.com\\\/index.php\\\/energies-renouvelables-france-retard-objectifs\\\/95119\\\/#article\",\"isPartOf\":{\"@id\":\"https:\\\/\\\/batijournal.com\\\/index.php\\\/energies-renouvelables-france-retard-objectifs\\\/95119\\\/\"},\"author\":{\"name\":\"St\u00e9phane Miget\",\"@id\":\"https:\\\/\\\/batijournal.com\\\/#\\\/schema\\\/person\\\/1dc96ec6957aa1ccb25ebe78bb19f100\"},\"headline\":\"Energies renouvelables en France : retard sur les objectifs\",\"datePublished\":\"2017-02-21T05:17:57+00:00\",\"dateModified\":\"2019-07-15T10:22:03+00:00\",\"mainEntityOfPage\":{\"@id\":\"https:\\\/\\\/batijournal.com\\\/index.php\\\/energies-renouvelables-france-retard-objectifs\\\/95119\\\/\"},\"wordCount\":206,\"image\":{\"@id\":\"https:\\\/\\\/batijournal.com\\\/index.php\\\/energies-renouvelables-france-retard-objectifs\\\/95119\\\/#primaryimage\"},\"thumbnailUrl\":\"https:\\\/\\\/batijournal.com\\\/wp-content\\\/uploads\\\/2017\\\/02\\\/Energies-renouvelable-2.png\",\"keywords\":[\"ENR\"],\"articleSection\":[\"\u00c9nergie &amp; Environnement\"],\"inLanguage\":\"fr-FR\"},{\"@type\":\"WebPage\",\"@id\":\"https:\\\/\\\/batijournal.com\\\/index.php\\\/energies-renouvelables-france-retard-objectifs\\\/95119\\\/\",\"url\":\"https:\\\/\\\/batijournal.com\\\/index.php\\\/energies-renouvelables-france-retard-objectifs\\\/95119\\\/\",\"name\":\"Energies renouvelables en France : retard sur les objectifs\",\"isPartOf\":{\"@id\":\"https:\\\/\\\/batijournal.com\\\/#website\"},\"primaryImageOfPage\":{\"@id\":\"https:\\\/\\\/batijournal.com\\\/index.php\\\/energies-renouvelables-france-retard-objectifs\\\/95119\\\/#primaryimage\"},\"image\":{\"@id\":\"https:\\\/\\\/batijournal.com\\\/index.php\\\/energies-renouvelables-france-retard-objectifs\\\/95119\\\/#primaryimage\"},\"thumbnailUrl\":\"https:\\\/\\\/batijournal.com\\\/wp-content\\\/uploads\\\/2017\\\/02\\\/Energies-renouvelable-2.png\",\"datePublished\":\"2017-02-21T05:17:57+00:00\",\"dateModified\":\"2019-07-15T10:22:03+00:00\",\"author\":{\"@id\":\"https:\\\/\\\/batijournal.com\\\/#\\\/schema\\\/person\\\/1dc96ec6957aa1ccb25ebe78bb19f100\"},\"breadcrumb\":{\"@id\":\"https:\\\/\\\/batijournal.com\\\/index.php\\\/energies-renouvelables-france-retard-objectifs\\\/95119\\\/#breadcrumb\"},\"inLanguage\":\"fr-FR\",\"potentialAction\":[{\"@type\":\"ReadAction\",\"target\":[\"https:\\\/\\\/batijournal.com\\\/index.php\\\/energies-renouvelables-france-retard-objectifs\\\/95119\\\/\"]}]},{\"@type\":\"ImageObject\",\"inLanguage\":\"fr-FR\",\"@id\":\"https:\\\/\\\/batijournal.com\\\/index.php\\\/energies-renouvelables-france-retard-objectifs\\\/95119\\\/#primaryimage\",\"url\":\"https:\\\/\\\/batijournal.com\\\/wp-content\\\/uploads\\\/2017\\\/02\\\/Energies-renouvelable-2.png\",\"contentUrl\":\"https:\\\/\\\/batijournal.com\\\/wp-content\\\/uploads\\\/2017\\\/02\\\/Energies-renouvelable-2.png\",\"width\":1010,\"height\":674},{\"@type\":\"BreadcrumbList\",\"@id\":\"https:\\\/\\\/batijournal.com\\\/index.php\\\/energies-renouvelables-france-retard-objectifs\\\/95119\\\/#breadcrumb\",\"itemListElement\":[{\"@type\":\"ListItem\",\"position\":1,\"name\":\"Accueil\",\"item\":\"https:\\\/\\\/batijournal.com\\\/\"},{\"@type\":\"ListItem\",\"position\":2,\"name\":\"Actualit\u00e9s\",\"item\":\"https:\\\/\\\/batijournal.com\\\/index.php\\\/category\\\/actualites\\\/\"},{\"@type\":\"ListItem\",\"position\":3,\"name\":\"\u00c9nergie &amp; Environnement\",\"item\":\"https:\\\/\\\/batijournal.com\\\/index.php\\\/category\\\/actualites\\\/energie-environnement\\\/\"},{\"@type\":\"ListItem\",\"position\":4,\"name\":\"Energies renouvelables en France : retard sur les objectifs\"}]},{\"@type\":\"WebSite\",\"@id\":\"https:\\\/\\\/batijournal.com\\\/#website\",\"url\":\"https:\\\/\\\/batijournal.com\\\/\",\"name\":\"Batijournal\",\"description\":\"L&#039;actualit\u00e9 du b\u00e2timent\",\"potentialAction\":[{\"@type\":\"SearchAction\",\"target\":{\"@type\":\"EntryPoint\",\"urlTemplate\":\"https:\\\/\\\/batijournal.com\\\/?s={search_term_string}\"},\"query-input\":{\"@type\":\"PropertyValueSpecification\",\"valueRequired\":true,\"valueName\":\"search_term_string\"}}],\"inLanguage\":\"fr-FR\"},{\"@type\":\"Person\",\"@id\":\"https:\\\/\\\/batijournal.com\\\/#\\\/schema\\\/person\\\/1dc96ec6957aa1ccb25ebe78bb19f100\",\"name\":\"St\u00e9phane Miget\",\"image\":{\"@type\":\"ImageObject\",\"inLanguage\":\"fr-FR\",\"@id\":\"https:\\\/\\\/secure.gravatar.com\\\/avatar\\\/89915563d925342126b8ef0281b93d9d7fc337043e8df017f780908eb9644451?s=96&d=mm&r=g\",\"url\":\"https:\\\/\\\/secure.gravatar.com\\\/avatar\\\/89915563d925342126b8ef0281b93d9d7fc337043e8df017f780908eb9644451?s=96&d=mm&r=g\",\"contentUrl\":\"https:\\\/\\\/secure.gravatar.com\\\/avatar\\\/89915563d925342126b8ef0281b93d9d7fc337043e8df017f780908eb9644451?s=96&d=mm&r=g\",\"caption\":\"St\u00e9phane Miget\"},\"url\":\"https:\\\/\\\/batijournal.com\\\/index.php\\\/author\\\/stephane\\\/\"}]}<\/script>\n<!-- \/ Yoast SEO plugin. -->","yoast_head_json":{"title":"Energies renouvelables en France : retard sur les objectifs","robots":{"index":"index","follow":"follow","max-snippet":"max-snippet:-1","max-image-preview":"max-image-preview:large","max-video-preview":"max-video-preview:-1"},"canonical":"https:\/\/batijournal.com\/index.php\/energies-renouvelables-france-retard-objectifs\/95119\/","og_locale":"fr_FR","og_type":"article","og_title":"Energies renouvelables en France : retard sur les objectifs","og_description":"Apr\u00e8s une nette progression entre 2011 et 2013 (de 7,5 % \u00e0 9,4 %), la part des \u00e9nergies renouvelables dans le bouquet \u00e9nerg\u00e9tique s\u2019est stabilis\u00e9e en France m\u00e9tropolitaine. Les \u00e9nergies renouvelables constituent ainsi la quatri\u00e8me source d\u2019\u00e9nergie, repr\u00e9sentant 9,4 % des 256,7 Mtep de consommation d\u2019\u00e9nergie primaire, en 2015, derri\u00e8re le nucl\u00e9aire (42,3 %), les [&hellip;]","og_url":"https:\/\/batijournal.com\/index.php\/energies-renouvelables-france-retard-objectifs\/95119\/","og_site_name":"Batijournal","article_published_time":"2017-02-21T05:17:57+00:00","article_modified_time":"2019-07-15T10:22:03+00:00","og_image":[{"width":1010,"height":674,"url":"https:\/\/batijournal.com\/wp-content\/uploads\/2017\/02\/Energies-renouvelable-2.png","type":"image\/png"}],"author":"St\u00e9phane Miget","twitter_card":"summary_large_image","twitter_creator":"@bati_journal","twitter_site":"@bati_journal","twitter_misc":{"\u00c9crit par":"St\u00e9phane Miget","Dur\u00e9e de lecture estim\u00e9e":"1 minute"},"schema":{"@context":"https:\/\/schema.org","@graph":[{"@type":"Article","@id":"https:\/\/batijournal.com\/index.php\/energies-renouvelables-france-retard-objectifs\/95119\/#article","isPartOf":{"@id":"https:\/\/batijournal.com\/index.php\/energies-renouvelables-france-retard-objectifs\/95119\/"},"author":{"name":"St\u00e9phane Miget","@id":"https:\/\/batijournal.com\/#\/schema\/person\/1dc96ec6957aa1ccb25ebe78bb19f100"},"headline":"Energies renouvelables en France : retard sur les objectifs","datePublished":"2017-02-21T05:17:57+00:00","dateModified":"2019-07-15T10:22:03+00:00","mainEntityOfPage":{"@id":"https:\/\/batijournal.com\/index.php\/energies-renouvelables-france-retard-objectifs\/95119\/"},"wordCount":206,"image":{"@id":"https:\/\/batijournal.com\/index.php\/energies-renouvelables-france-retard-objectifs\/95119\/#primaryimage"},"thumbnailUrl":"https:\/\/batijournal.com\/wp-content\/uploads\/2017\/02\/Energies-renouvelable-2.png","keywords":["ENR"],"articleSection":["\u00c9nergie &amp; Environnement"],"inLanguage":"fr-FR"},{"@type":"WebPage","@id":"https:\/\/batijournal.com\/index.php\/energies-renouvelables-france-retard-objectifs\/95119\/","url":"https:\/\/batijournal.com\/index.php\/energies-renouvelables-france-retard-objectifs\/95119\/","name":"Energies renouvelables en France : retard sur les objectifs","isPartOf":{"@id":"https:\/\/batijournal.com\/#website"},"primaryImageOfPage":{"@id":"https:\/\/batijournal.com\/index.php\/energies-renouvelables-france-retard-objectifs\/95119\/#primaryimage"},"image":{"@id":"https:\/\/batijournal.com\/index.php\/energies-renouvelables-france-retard-objectifs\/95119\/#primaryimage"},"thumbnailUrl":"https:\/\/batijournal.com\/wp-content\/uploads\/2017\/02\/Energies-renouvelable-2.png","datePublished":"2017-02-21T05:17:57+00:00","dateModified":"2019-07-15T10:22:03+00:00","author":{"@id":"https:\/\/batijournal.com\/#\/schema\/person\/1dc96ec6957aa1ccb25ebe78bb19f100"},"breadcrumb":{"@id":"https:\/\/batijournal.com\/index.php\/energies-renouvelables-france-retard-objectifs\/95119\/#breadcrumb"},"inLanguage":"fr-FR","potentialAction":[{"@type":"ReadAction","target":["https:\/\/batijournal.com\/index.php\/energies-renouvelables-france-retard-objectifs\/95119\/"]}]},{"@type":"ImageObject","inLanguage":"fr-FR","@id":"https:\/\/batijournal.com\/index.php\/energies-renouvelables-france-retard-objectifs\/95119\/#primaryimage","url":"https:\/\/batijournal.com\/wp-content\/uploads\/2017\/02\/Energies-renouvelable-2.png","contentUrl":"https:\/\/batijournal.com\/wp-content\/uploads\/2017\/02\/Energies-renouvelable-2.png","width":1010,"height":674},{"@type":"BreadcrumbList","@id":"https:\/\/batijournal.com\/index.php\/energies-renouvelables-france-retard-objectifs\/95119\/#breadcrumb","itemListElement":[{"@type":"ListItem","position":1,"name":"Accueil","item":"https:\/\/batijournal.com\/"},{"@type":"ListItem","position":2,"name":"Actualit\u00e9s","item":"https:\/\/batijournal.com\/index.php\/category\/actualites\/"},{"@type":"ListItem","position":3,"name":"\u00c9nergie &amp; Environnement","item":"https:\/\/batijournal.com\/index.php\/category\/actualites\/energie-environnement\/"},{"@type":"ListItem","position":4,"name":"Energies renouvelables en France : retard sur les objectifs"}]},{"@type":"WebSite","@id":"https:\/\/batijournal.com\/#website","url":"https:\/\/batijournal.com\/","name":"Batijournal","description":"L&#039;actualit\u00e9 du b\u00e2timent","potentialAction":[{"@type":"SearchAction","target":{"@type":"EntryPoint","urlTemplate":"https:\/\/batijournal.com\/?s={search_term_string}"},"query-input":{"@type":"PropertyValueSpecification","valueRequired":true,"valueName":"search_term_string"}}],"inLanguage":"fr-FR"},{"@type":"Person","@id":"https:\/\/batijournal.com\/#\/schema\/person\/1dc96ec6957aa1ccb25ebe78bb19f100","name":"St\u00e9phane Miget","image":{"@type":"ImageObject","inLanguage":"fr-FR","@id":"https:\/\/secure.gravatar.com\/avatar\/89915563d925342126b8ef0281b93d9d7fc337043e8df017f780908eb9644451?s=96&d=mm&r=g","url":"https:\/\/secure.gravatar.com\/avatar\/89915563d925342126b8ef0281b93d9d7fc337043e8df017f780908eb9644451?s=96&d=mm&r=g","contentUrl":"https:\/\/secure.gravatar.com\/avatar\/89915563d925342126b8ef0281b93d9d7fc337043e8df017f780908eb9644451?s=96&d=mm&r=g","caption":"St\u00e9phane Miget"},"url":"https:\/\/batijournal.com\/index.php\/author\/stephane\/"}]}},"_links":{"self":[{"href":"https:\/\/batijournal.com\/index.php\/wp-json\/wp\/v2\/posts\/95119","targetHints":{"allow":["GET"]}}],"collection":[{"href":"https:\/\/batijournal.com\/index.php\/wp-json\/wp\/v2\/posts"}],"about":[{"href":"https:\/\/batijournal.com\/index.php\/wp-json\/wp\/v2\/types\/post"}],"author":[{"embeddable":true,"href":"https:\/\/batijournal.com\/index.php\/wp-json\/wp\/v2\/users\/17"}],"replies":[{"embeddable":true,"href":"https:\/\/batijournal.com\/index.php\/wp-json\/wp\/v2\/comments?post=95119"}],"version-history":[{"count":0,"href":"https:\/\/batijournal.com\/index.php\/wp-json\/wp\/v2\/posts\/95119\/revisions"}],"wp:featuredmedia":[{"embeddable":true,"href":"https:\/\/batijournal.com\/index.php\/wp-json\/wp\/v2\/media\/95121"}],"wp:attachment":[{"href":"https:\/\/batijournal.com\/index.php\/wp-json\/wp\/v2\/media?parent=95119"}],"wp:term":[{"taxonomy":"category","embeddable":true,"href":"https:\/\/batijournal.com\/index.php\/wp-json\/wp\/v2\/categories?post=95119"},{"taxonomy":"post_tag","embeddable":true,"href":"https:\/\/batijournal.com\/index.php\/wp-json\/wp\/v2\/tags?post=95119"}],"curies":[{"name":"wp","href":"https:\/\/api.w.org\/{rel}","templated":true}]}}