{"id":95124,"date":"2017-02-21T12:18:48","date_gmt":"2017-02-21T11:18:48","guid":{"rendered":"http:\/\/batijournal.com\/?p=95124"},"modified":"2019-07-15T11:16:05","modified_gmt":"2019-07-15T09:16:05","slug":"exterieurs-rayolet-restaures","status":"publish","type":"post","link":"https:\/\/batijournal.com\/index.php\/exterieurs-rayolet-restaures\/95124\/","title":{"rendered":"Les ext\u00e9rieurs du Rayolet restaur\u00e9s"},"content":{"rendered":"<p><strong>Le Domaine du Rayol, dans le Var, comprend 20 hectares, dont 7 sont aujourd&rsquo;hui am\u00e9nag\u00e9s en jardins paysagers plongeant dans la M\u00e9diterran\u00e9e. G\u00e9r\u00e9 par le conservatoire du littoral, il poss\u00e8de \u00e9galement un patrimoine b\u00e2ti majeur \u00e0 r\u00e9habiliter.<\/strong><\/p>\n<p>A l&rsquo;origine du domaine, un maquis sauvage acquis par Alfred Courmes en 1909 afin d\u2019y \u00e9tablir sa r\u00e9sidence de retraite. Passionn\u00e9 d\u2019architecture, il a fait appel \u00e0 l&rsquo;architecte Guillaume Tronchet afin qu\u2019il distribue les b\u00e2timents sur la propri\u00e9t\u00e9. La petite ferme (1909), l\u2019h\u00f4tel de la Mer (1912), la villa du Rayolet (1925), le Bastidon ainsi qu\u2019une spectaculaire pergola d\u2019inspiration antique (1910) sont ainsi construits. Autour de la pergola s\u2019organise le Jardin. Des palmiers dattiers, eucalyptus, agaves, mimosas et autres plantes repr\u00e9sentatives de l\u2019exotisme de l\u2019\u00e9poque sont plant\u00e9es. Pr\u00e8s de la ferme, un jardin potager et un verger sont \u00e9galement am\u00e9nag\u00e9s.<\/p>\n<p>La villa Le Rayolet \u00e9tait inhabit\u00e9e depuis les ann\u00e9es 60. Son agencement et ses d\u00e9cors sont rest\u00e9s intacts, et constituent un rare t\u00e9moignage des vill\u00e9giatures bourgeoises et baln\u00e9aires des ann\u00e9es 40. Inscrit en 1994 au titre des Monuments historiques, le Rayolet s\u2019est d\u00e9grad\u00e9, il \u00e9tait temps de le restaurer. Gr\u00e2ce \u00e0 des aides de l\u2019Etat et des collectivit\u00e9s locales, et du soutien financier de m\u00e9c\u00e8nes, le Conservatoire du littoral a pu engager sa m\u00e9tamorphose \u00e0 partir du printemps 2016. La premi\u00e8re tranche de travaux a concern\u00e9 le renforcement des structures de l\u2019\u00e9difice : terrasses, planchers, \u00e9tanch\u00e9it\u00e9 et la restauration des toitures, des fa\u00e7ades et de tous les \u00e9l\u00e9ments ext\u00e9rieurs du b\u00e2timent. Une seconde tranche de travaux sera engag\u00e9e pour les am\u00e9nagements int\u00e9rieurs du b\u00e2timent, sa mise aux normes pour l\u2019accueil du public, et pour la renaissance du jardin \u00ab Art d\u00e9co \u00bb. Une fois totalement restaur\u00e9, le Rayolet accueillera les activit\u00e9s de formation sur les plantes, paysages et jardins m\u00e9diterran\u00e9ens du Domaine du Rayol. Il constituera un lieu exceptionnel pour d\u00e9velopper et transmettre les savoirs et savoir-faire exp\u00e9riment\u00e9s dans le cadre de la gestion des jardins m\u00e9diterran\u00e9ens du monde.<\/p>\n<p>Ma\u00eetres d&rsquo;\u0153uvre :<br \/>\nGenevi\u00e8ve Baudin et Christophe de Villeneuve Bargemon &#8211; Architectes associ\u00e9s<br \/>\nFrancesco Flavigny &#8211; Architecte en chef des Monuments Historiques<\/p>\n<p>&nbsp;<\/p>\n","protected":false},"excerpt":{"rendered":"<p>Le Domaine du Rayol, dans le Var, comprend 20 hectares, dont 7 sont aujourd&rsquo;hui am\u00e9nag\u00e9s en jardins paysagers plongeant dans la M\u00e9diterran\u00e9e. G\u00e9r\u00e9 par le conservatoire du littoral, il poss\u00e8de \u00e9galement un patrimoine b\u00e2ti majeur \u00e0 r\u00e9habiliter. A l&rsquo;origine du domaine, un maquis sauvage acquis par Alfred Courmes en 1909 afin d\u2019y \u00e9tablir sa r\u00e9sidence [&hellip;]<\/p>\n","protected":false},"author":17,"featured_media":95125,"comment_status":"closed","ping_status":"closed","sticky":false,"template":"","format":"standard","meta":{"_et_pb_use_builder":"","_et_pb_old_content":"","_et_gb_content_width":"","footnotes":""},"categories":[10530,6340],"tags":[6819,6376],"class_list":["post-95124","post","type-post","status-publish","format-standard","has-post-thumbnail","hentry","category-actualites","category-architecture-conception","tag-jardins","tag-monument-historique"],"yoast_head":"<!-- This site is optimized with the Yoast SEO plugin v27.4 - https:\/\/yoast.com\/product\/yoast-seo-wordpress\/ -->\n<title>Les ext\u00e9rieurs du Rayolet restaur\u00e9s<\/title>\n<meta name=\"robots\" content=\"index, follow, max-snippet:-1, max-image-preview:large, max-video-preview:-1\" \/>\n<link rel=\"canonical\" href=\"https:\/\/batijournal.com\/index.php\/exterieurs-rayolet-restaures\/95124\/\" \/>\n<meta property=\"og:locale\" content=\"fr_FR\" \/>\n<meta property=\"og:type\" content=\"article\" \/>\n<meta property=\"og:title\" content=\"Les ext\u00e9rieurs du Rayolet restaur\u00e9s\" \/>\n<meta property=\"og:description\" content=\"Le Domaine du Rayol, dans le Var, comprend 20 hectares, dont 7 sont aujourd&rsquo;hui am\u00e9nag\u00e9s en jardins paysagers plongeant dans la M\u00e9diterran\u00e9e. G\u00e9r\u00e9 par le conservatoire du littoral, il poss\u00e8de \u00e9galement un patrimoine b\u00e2ti majeur \u00e0 r\u00e9habiliter. A l&rsquo;origine du domaine, un maquis sauvage acquis par Alfred Courmes en 1909 afin d\u2019y \u00e9tablir sa r\u00e9sidence [&hellip;]\" \/>\n<meta property=\"og:url\" content=\"https:\/\/batijournal.com\/index.php\/exterieurs-rayolet-restaures\/95124\/\" \/>\n<meta property=\"og:site_name\" content=\"Batijournal\" \/>\n<meta property=\"article:published_time\" content=\"2017-02-21T11:18:48+00:00\" \/>\n<meta property=\"article:modified_time\" content=\"2019-07-15T09:16:05+00:00\" \/>\n<meta property=\"og:image\" content=\"https:\/\/batijournal.com\/wp-content\/uploads\/2017\/02\/villa-rayolet-rayol.jpg\" \/>\n\t<meta property=\"og:image:width\" content=\"1200\" \/>\n\t<meta property=\"og:image:height\" content=\"1010\" \/>\n\t<meta property=\"og:image:type\" content=\"image\/jpeg\" \/>\n<meta name=\"author\" content=\"St\u00e9phane Miget\" \/>\n<meta name=\"twitter:card\" content=\"summary_large_image\" \/>\n<meta name=\"twitter:creator\" content=\"@bati_journal\" \/>\n<meta name=\"twitter:site\" content=\"@bati_journal\" \/>\n<meta name=\"twitter:label1\" content=\"\u00c9crit par\" \/>\n\t<meta name=\"twitter:data1\" content=\"St\u00e9phane Miget\" \/>\n\t<meta name=\"twitter:label2\" content=\"Dur\u00e9e de lecture estim\u00e9e\" \/>\n\t<meta name=\"twitter:data2\" content=\"2 minutes\" \/>\n<script type=\"application\/ld+json\" class=\"yoast-schema-graph\">{\"@context\":\"https:\\\/\\\/schema.org\",\"@graph\":[{\"@type\":\"Article\",\"@id\":\"https:\\\/\\\/batijournal.com\\\/index.php\\\/exterieurs-rayolet-restaures\\\/95124\\\/#article\",\"isPartOf\":{\"@id\":\"https:\\\/\\\/batijournal.com\\\/index.php\\\/exterieurs-rayolet-restaures\\\/95124\\\/\"},\"author\":{\"name\":\"St\u00e9phane Miget\",\"@id\":\"https:\\\/\\\/batijournal.com\\\/#\\\/schema\\\/person\\\/1dc96ec6957aa1ccb25ebe78bb19f100\"},\"headline\":\"Les ext\u00e9rieurs du Rayolet restaur\u00e9s\",\"datePublished\":\"2017-02-21T11:18:48+00:00\",\"dateModified\":\"2019-07-15T09:16:05+00:00\",\"mainEntityOfPage\":{\"@id\":\"https:\\\/\\\/batijournal.com\\\/index.php\\\/exterieurs-rayolet-restaures\\\/95124\\\/\"},\"wordCount\":407,\"image\":{\"@id\":\"https:\\\/\\\/batijournal.com\\\/index.php\\\/exterieurs-rayolet-restaures\\\/95124\\\/#primaryimage\"},\"thumbnailUrl\":\"https:\\\/\\\/batijournal.com\\\/wp-content\\\/uploads\\\/2017\\\/02\\\/villa-rayolet-rayol.jpg\",\"keywords\":[\"jardins\",\"monument historique\"],\"articleSection\":[\"Actualit\u00e9s\",\"Architecture &amp; Conception\"],\"inLanguage\":\"fr-FR\"},{\"@type\":\"WebPage\",\"@id\":\"https:\\\/\\\/batijournal.com\\\/index.php\\\/exterieurs-rayolet-restaures\\\/95124\\\/\",\"url\":\"https:\\\/\\\/batijournal.com\\\/index.php\\\/exterieurs-rayolet-restaures\\\/95124\\\/\",\"name\":\"Les ext\u00e9rieurs du Rayolet restaur\u00e9s\",\"isPartOf\":{\"@id\":\"https:\\\/\\\/batijournal.com\\\/#website\"},\"primaryImageOfPage\":{\"@id\":\"https:\\\/\\\/batijournal.com\\\/index.php\\\/exterieurs-rayolet-restaures\\\/95124\\\/#primaryimage\"},\"image\":{\"@id\":\"https:\\\/\\\/batijournal.com\\\/index.php\\\/exterieurs-rayolet-restaures\\\/95124\\\/#primaryimage\"},\"thumbnailUrl\":\"https:\\\/\\\/batijournal.com\\\/wp-content\\\/uploads\\\/2017\\\/02\\\/villa-rayolet-rayol.jpg\",\"datePublished\":\"2017-02-21T11:18:48+00:00\",\"dateModified\":\"2019-07-15T09:16:05+00:00\",\"author\":{\"@id\":\"https:\\\/\\\/batijournal.com\\\/#\\\/schema\\\/person\\\/1dc96ec6957aa1ccb25ebe78bb19f100\"},\"breadcrumb\":{\"@id\":\"https:\\\/\\\/batijournal.com\\\/index.php\\\/exterieurs-rayolet-restaures\\\/95124\\\/#breadcrumb\"},\"inLanguage\":\"fr-FR\",\"potentialAction\":[{\"@type\":\"ReadAction\",\"target\":[\"https:\\\/\\\/batijournal.com\\\/index.php\\\/exterieurs-rayolet-restaures\\\/95124\\\/\"]}]},{\"@type\":\"ImageObject\",\"inLanguage\":\"fr-FR\",\"@id\":\"https:\\\/\\\/batijournal.com\\\/index.php\\\/exterieurs-rayolet-restaures\\\/95124\\\/#primaryimage\",\"url\":\"https:\\\/\\\/batijournal.com\\\/wp-content\\\/uploads\\\/2017\\\/02\\\/villa-rayolet-rayol.jpg\",\"contentUrl\":\"https:\\\/\\\/batijournal.com\\\/wp-content\\\/uploads\\\/2017\\\/02\\\/villa-rayolet-rayol.jpg\",\"width\":1200,\"height\":1010},{\"@type\":\"BreadcrumbList\",\"@id\":\"https:\\\/\\\/batijournal.com\\\/index.php\\\/exterieurs-rayolet-restaures\\\/95124\\\/#breadcrumb\",\"itemListElement\":[{\"@type\":\"ListItem\",\"position\":1,\"name\":\"Accueil\",\"item\":\"https:\\\/\\\/batijournal.com\\\/\"},{\"@type\":\"ListItem\",\"position\":2,\"name\":\"Actualit\u00e9s\",\"item\":\"https:\\\/\\\/batijournal.com\\\/index.php\\\/category\\\/actualites\\\/\"},{\"@type\":\"ListItem\",\"position\":3,\"name\":\"Les ext\u00e9rieurs du Rayolet restaur\u00e9s\"}]},{\"@type\":\"WebSite\",\"@id\":\"https:\\\/\\\/batijournal.com\\\/#website\",\"url\":\"https:\\\/\\\/batijournal.com\\\/\",\"name\":\"Batijournal\",\"description\":\"L&#039;actualit\u00e9 du b\u00e2timent\",\"potentialAction\":[{\"@type\":\"SearchAction\",\"target\":{\"@type\":\"EntryPoint\",\"urlTemplate\":\"https:\\\/\\\/batijournal.com\\\/?s={search_term_string}\"},\"query-input\":{\"@type\":\"PropertyValueSpecification\",\"valueRequired\":true,\"valueName\":\"search_term_string\"}}],\"inLanguage\":\"fr-FR\"},{\"@type\":\"Person\",\"@id\":\"https:\\\/\\\/batijournal.com\\\/#\\\/schema\\\/person\\\/1dc96ec6957aa1ccb25ebe78bb19f100\",\"name\":\"St\u00e9phane Miget\",\"image\":{\"@type\":\"ImageObject\",\"inLanguage\":\"fr-FR\",\"@id\":\"https:\\\/\\\/secure.gravatar.com\\\/avatar\\\/89915563d925342126b8ef0281b93d9d7fc337043e8df017f780908eb9644451?s=96&d=mm&r=g\",\"url\":\"https:\\\/\\\/secure.gravatar.com\\\/avatar\\\/89915563d925342126b8ef0281b93d9d7fc337043e8df017f780908eb9644451?s=96&d=mm&r=g\",\"contentUrl\":\"https:\\\/\\\/secure.gravatar.com\\\/avatar\\\/89915563d925342126b8ef0281b93d9d7fc337043e8df017f780908eb9644451?s=96&d=mm&r=g\",\"caption\":\"St\u00e9phane Miget\"},\"url\":\"https:\\\/\\\/batijournal.com\\\/index.php\\\/author\\\/stephane\\\/\"}]}<\/script>\n<!-- \/ Yoast SEO plugin. -->","yoast_head_json":{"title":"Les ext\u00e9rieurs du Rayolet restaur\u00e9s","robots":{"index":"index","follow":"follow","max-snippet":"max-snippet:-1","max-image-preview":"max-image-preview:large","max-video-preview":"max-video-preview:-1"},"canonical":"https:\/\/batijournal.com\/index.php\/exterieurs-rayolet-restaures\/95124\/","og_locale":"fr_FR","og_type":"article","og_title":"Les ext\u00e9rieurs du Rayolet restaur\u00e9s","og_description":"Le Domaine du Rayol, dans le Var, comprend 20 hectares, dont 7 sont aujourd&rsquo;hui am\u00e9nag\u00e9s en jardins paysagers plongeant dans la M\u00e9diterran\u00e9e. G\u00e9r\u00e9 par le conservatoire du littoral, il poss\u00e8de \u00e9galement un patrimoine b\u00e2ti majeur \u00e0 r\u00e9habiliter. A l&rsquo;origine du domaine, un maquis sauvage acquis par Alfred Courmes en 1909 afin d\u2019y \u00e9tablir sa r\u00e9sidence [&hellip;]","og_url":"https:\/\/batijournal.com\/index.php\/exterieurs-rayolet-restaures\/95124\/","og_site_name":"Batijournal","article_published_time":"2017-02-21T11:18:48+00:00","article_modified_time":"2019-07-15T09:16:05+00:00","og_image":[{"width":1200,"height":1010,"url":"https:\/\/batijournal.com\/wp-content\/uploads\/2017\/02\/villa-rayolet-rayol.jpg","type":"image\/jpeg"}],"author":"St\u00e9phane Miget","twitter_card":"summary_large_image","twitter_creator":"@bati_journal","twitter_site":"@bati_journal","twitter_misc":{"\u00c9crit par":"St\u00e9phane Miget","Dur\u00e9e de lecture estim\u00e9e":"2 minutes"},"schema":{"@context":"https:\/\/schema.org","@graph":[{"@type":"Article","@id":"https:\/\/batijournal.com\/index.php\/exterieurs-rayolet-restaures\/95124\/#article","isPartOf":{"@id":"https:\/\/batijournal.com\/index.php\/exterieurs-rayolet-restaures\/95124\/"},"author":{"name":"St\u00e9phane Miget","@id":"https:\/\/batijournal.com\/#\/schema\/person\/1dc96ec6957aa1ccb25ebe78bb19f100"},"headline":"Les ext\u00e9rieurs du Rayolet restaur\u00e9s","datePublished":"2017-02-21T11:18:48+00:00","dateModified":"2019-07-15T09:16:05+00:00","mainEntityOfPage":{"@id":"https:\/\/batijournal.com\/index.php\/exterieurs-rayolet-restaures\/95124\/"},"wordCount":407,"image":{"@id":"https:\/\/batijournal.com\/index.php\/exterieurs-rayolet-restaures\/95124\/#primaryimage"},"thumbnailUrl":"https:\/\/batijournal.com\/wp-content\/uploads\/2017\/02\/villa-rayolet-rayol.jpg","keywords":["jardins","monument historique"],"articleSection":["Actualit\u00e9s","Architecture &amp; Conception"],"inLanguage":"fr-FR"},{"@type":"WebPage","@id":"https:\/\/batijournal.com\/index.php\/exterieurs-rayolet-restaures\/95124\/","url":"https:\/\/batijournal.com\/index.php\/exterieurs-rayolet-restaures\/95124\/","name":"Les ext\u00e9rieurs du Rayolet restaur\u00e9s","isPartOf":{"@id":"https:\/\/batijournal.com\/#website"},"primaryImageOfPage":{"@id":"https:\/\/batijournal.com\/index.php\/exterieurs-rayolet-restaures\/95124\/#primaryimage"},"image":{"@id":"https:\/\/batijournal.com\/index.php\/exterieurs-rayolet-restaures\/95124\/#primaryimage"},"thumbnailUrl":"https:\/\/batijournal.com\/wp-content\/uploads\/2017\/02\/villa-rayolet-rayol.jpg","datePublished":"2017-02-21T11:18:48+00:00","dateModified":"2019-07-15T09:16:05+00:00","author":{"@id":"https:\/\/batijournal.com\/#\/schema\/person\/1dc96ec6957aa1ccb25ebe78bb19f100"},"breadcrumb":{"@id":"https:\/\/batijournal.com\/index.php\/exterieurs-rayolet-restaures\/95124\/#breadcrumb"},"inLanguage":"fr-FR","potentialAction":[{"@type":"ReadAction","target":["https:\/\/batijournal.com\/index.php\/exterieurs-rayolet-restaures\/95124\/"]}]},{"@type":"ImageObject","inLanguage":"fr-FR","@id":"https:\/\/batijournal.com\/index.php\/exterieurs-rayolet-restaures\/95124\/#primaryimage","url":"https:\/\/batijournal.com\/wp-content\/uploads\/2017\/02\/villa-rayolet-rayol.jpg","contentUrl":"https:\/\/batijournal.com\/wp-content\/uploads\/2017\/02\/villa-rayolet-rayol.jpg","width":1200,"height":1010},{"@type":"BreadcrumbList","@id":"https:\/\/batijournal.com\/index.php\/exterieurs-rayolet-restaures\/95124\/#breadcrumb","itemListElement":[{"@type":"ListItem","position":1,"name":"Accueil","item":"https:\/\/batijournal.com\/"},{"@type":"ListItem","position":2,"name":"Actualit\u00e9s","item":"https:\/\/batijournal.com\/index.php\/category\/actualites\/"},{"@type":"ListItem","position":3,"name":"Les ext\u00e9rieurs du Rayolet restaur\u00e9s"}]},{"@type":"WebSite","@id":"https:\/\/batijournal.com\/#website","url":"https:\/\/batijournal.com\/","name":"Batijournal","description":"L&#039;actualit\u00e9 du b\u00e2timent","potentialAction":[{"@type":"SearchAction","target":{"@type":"EntryPoint","urlTemplate":"https:\/\/batijournal.com\/?s={search_term_string}"},"query-input":{"@type":"PropertyValueSpecification","valueRequired":true,"valueName":"search_term_string"}}],"inLanguage":"fr-FR"},{"@type":"Person","@id":"https:\/\/batijournal.com\/#\/schema\/person\/1dc96ec6957aa1ccb25ebe78bb19f100","name":"St\u00e9phane Miget","image":{"@type":"ImageObject","inLanguage":"fr-FR","@id":"https:\/\/secure.gravatar.com\/avatar\/89915563d925342126b8ef0281b93d9d7fc337043e8df017f780908eb9644451?s=96&d=mm&r=g","url":"https:\/\/secure.gravatar.com\/avatar\/89915563d925342126b8ef0281b93d9d7fc337043e8df017f780908eb9644451?s=96&d=mm&r=g","contentUrl":"https:\/\/secure.gravatar.com\/avatar\/89915563d925342126b8ef0281b93d9d7fc337043e8df017f780908eb9644451?s=96&d=mm&r=g","caption":"St\u00e9phane Miget"},"url":"https:\/\/batijournal.com\/index.php\/author\/stephane\/"}]}},"_links":{"self":[{"href":"https:\/\/batijournal.com\/index.php\/wp-json\/wp\/v2\/posts\/95124","targetHints":{"allow":["GET"]}}],"collection":[{"href":"https:\/\/batijournal.com\/index.php\/wp-json\/wp\/v2\/posts"}],"about":[{"href":"https:\/\/batijournal.com\/index.php\/wp-json\/wp\/v2\/types\/post"}],"author":[{"embeddable":true,"href":"https:\/\/batijournal.com\/index.php\/wp-json\/wp\/v2\/users\/17"}],"replies":[{"embeddable":true,"href":"https:\/\/batijournal.com\/index.php\/wp-json\/wp\/v2\/comments?post=95124"}],"version-history":[{"count":0,"href":"https:\/\/batijournal.com\/index.php\/wp-json\/wp\/v2\/posts\/95124\/revisions"}],"wp:featuredmedia":[{"embeddable":true,"href":"https:\/\/batijournal.com\/index.php\/wp-json\/wp\/v2\/media\/95125"}],"wp:attachment":[{"href":"https:\/\/batijournal.com\/index.php\/wp-json\/wp\/v2\/media?parent=95124"}],"wp:term":[{"taxonomy":"category","embeddable":true,"href":"https:\/\/batijournal.com\/index.php\/wp-json\/wp\/v2\/categories?post=95124"},{"taxonomy":"post_tag","embeddable":true,"href":"https:\/\/batijournal.com\/index.php\/wp-json\/wp\/v2\/tags?post=95124"}],"curies":[{"name":"wp","href":"https:\/\/api.w.org\/{rel}","templated":true}]}}