{"id":95149,"date":"2017-02-22T15:49:27","date_gmt":"2017-02-22T14:49:27","guid":{"rendered":"http:\/\/batijournal.com\/?p=95149"},"modified":"2019-07-15T12:02:07","modified_gmt":"2019-07-15T10:02:07","slug":"maison-individuelle-promotion-immobiliere-se-portent-bien","status":"publish","type":"post","link":"https:\/\/batijournal.com\/index.php\/maison-individuelle-promotion-immobiliere-se-portent-bien\/95149\/","title":{"rendered":"La maison individuelle et la promotion immobili\u00e8re se portent bien"},"content":{"rendered":"<p><strong>Les Constructeurs et Am\u00e9nageurs de la F\u00e9d\u00e9ration Fran\u00e7aise du B\u00e2timent (LCA-FFB) dressent un bilan 2016 positif des march\u00e9s de la maison individuelle et de la promotion immobili\u00e8re.<\/strong><\/p>\n<p>Dans le secteur diffus de la maison neuve, la reprise des ventes constat\u00e9e en 2015 (+13,7 % contre -2,1 % en 2014) s\u2019est confirm\u00e9e et m\u00eame acc\u00e9l\u00e9r\u00e9e en 2016, puisque le taux de croissance annuel affiche 19,5 %. Les ventes brutes ont atteint 133 600 unit\u00e9s, d\u00e9passant nos pr\u00e9visions. Elles retrouvent le bon niveau enregistr\u00e9 en 2011. Pour autant, l\u2019an pass\u00e9 n\u2019a pas encore renou\u00e9 avec la barre de 145 000 franchie en 2010, encore moins avec les ann\u00e9es de haute conjoncture de 2006 et 2007 o\u00f9 les chiffres avoisinaient les 160 0000 \u00e0 170 000 maisons. La surface de plancher moyenne affiche 115 m2 et le prix moyen maison (hors foncier) avoisine 157 600 euros, contre 113 m2 et 130 500 euros en 2010. Le prix moyen par m2 en CCMI (hors foncier) atteint donc 1 370 euros l\u2019an dernier, contre 1 155 euros par m2 en 2010.<\/p>\n<p>Dans la promotion immobili\u00e8re, tous les indicateurs confirment \u00e9galement une nette reprise du march\u00e9, amorc\u00e9e fin 2014. \u00c0 fin septembre 2016, sur les quatre trimestres pr\u00e9c\u00e9dents, les r\u00e9servations \u00e0 la vente de l\u2019ensemble des logements neufs (appartements et maisons) des promoteurs ont progress\u00e9 de 17,4 %. Les r\u00e9servations des logements collectifs ont gagn\u00e9 17,3 % sur un an. Les prix de vente ont augment\u00e9 de 2,1 % par rapport \u00e0 2015 : un appartement neuf est vendu en moyenne 3 988 euros le m\u00e8tre carr\u00e9 au troisi\u00e8me trimestre 2016. Pour les maisons individuelles en secteur group\u00e9, la croissance de la promotion atteint 16,5 % sur douze mois. Le prix de vente progresse de 6,6 % sur un an : une maison neuve se vend en moyenne \u00e0 262 000 euros au troisi\u00e8me trimestre 2016 en secteur group\u00e9.<\/p>\n<p>En 2017, l\u2019activit\u00e9 commerciale devrait conserver un certain dynamisme, notamment dans les premiers mois gr\u00e2ce \u00e0 la volont\u00e9 des m\u00e9nages de profiter des dispositifs actuels, en anticipant leur \u00e9ventuelle modification dans un sens moins favorable. En fin d\u2019ann\u00e9e et pour 2018, deux ph\u00e9nom\u00e8nes pourraient perturber le march\u00e9 : la progressive remont\u00e9e des taux d\u2019int\u00e9r\u00eats (hausse de 1,32 % \u00e0 1,8 % anticip\u00e9e par le Cr\u00e9dit Foncier) et les incertitudes sur une \u00e9ventuelle r\u00e9orientation de la politique du Logement \u00e0 l\u2019aune d\u2019une politique budg\u00e9taire plus restrictive.<\/p>\n","protected":false},"excerpt":{"rendered":"<p>Les Constructeurs et Am\u00e9nageurs de la F\u00e9d\u00e9ration Fran\u00e7aise du B\u00e2timent (LCA-FFB) dressent un bilan 2016 positif des march\u00e9s de la maison individuelle et de la promotion immobili\u00e8re. Dans le secteur diffus de la maison neuve, la reprise des ventes constat\u00e9e en 2015 (+13,7 % contre -2,1 % en 2014) s\u2019est confirm\u00e9e et m\u00eame acc\u00e9l\u00e9r\u00e9e en [&hellip;]<\/p>\n","protected":false},"author":17,"featured_media":93713,"comment_status":"closed","ping_status":"closed","sticky":false,"template":"","format":"standard","meta":{"_et_pb_use_builder":"","_et_pb_old_content":"","_et_gb_content_width":"","footnotes":""},"categories":[10736,6340,6345],"tags":[1093,2035],"class_list":["post-95149","post","type-post","status-publish","format-standard","has-post-thumbnail","hentry","category-a-la-une","category-architecture-conception","category-economie-marches","tag-maison-individuelle","tag-promoteurs"],"yoast_head":"<!-- This site is optimized with the Yoast SEO plugin v27.4 - https:\/\/yoast.com\/product\/yoast-seo-wordpress\/ -->\n<title>La maison individuelle et la promotion immobili\u00e8re se portent bien<\/title>\n<meta name=\"robots\" content=\"index, follow, max-snippet:-1, max-image-preview:large, max-video-preview:-1\" \/>\n<link rel=\"canonical\" href=\"https:\/\/batijournal.com\/index.php\/maison-individuelle-promotion-immobiliere-se-portent-bien\/95149\/\" \/>\n<meta property=\"og:locale\" content=\"fr_FR\" \/>\n<meta property=\"og:type\" content=\"article\" \/>\n<meta property=\"og:title\" content=\"La maison individuelle et la promotion immobili\u00e8re se portent bien\" \/>\n<meta property=\"og:description\" content=\"Les Constructeurs et Am\u00e9nageurs de la F\u00e9d\u00e9ration Fran\u00e7aise du B\u00e2timent (LCA-FFB) dressent un bilan 2016 positif des march\u00e9s de la maison individuelle et de la promotion immobili\u00e8re. Dans le secteur diffus de la maison neuve, la reprise des ventes constat\u00e9e en 2015 (+13,7 % contre -2,1 % en 2014) s\u2019est confirm\u00e9e et m\u00eame acc\u00e9l\u00e9r\u00e9e en [&hellip;]\" \/>\n<meta property=\"og:url\" content=\"https:\/\/batijournal.com\/index.php\/maison-individuelle-promotion-immobiliere-se-portent-bien\/95149\/\" \/>\n<meta property=\"og:site_name\" content=\"Batijournal\" \/>\n<meta property=\"article:published_time\" content=\"2017-02-22T14:49:27+00:00\" \/>\n<meta property=\"article:modified_time\" content=\"2019-07-15T10:02:07+00:00\" \/>\n<meta property=\"og:image\" content=\"https:\/\/batijournal.com\/wp-content\/uploads\/2016\/09\/construction-reprise.jpg\" \/>\n\t<meta property=\"og:image:width\" content=\"1000\" \/>\n\t<meta property=\"og:image:height\" content=\"598\" \/>\n\t<meta property=\"og:image:type\" content=\"image\/jpeg\" \/>\n<meta name=\"author\" content=\"St\u00e9phane Miget\" \/>\n<meta name=\"twitter:card\" content=\"summary_large_image\" \/>\n<meta name=\"twitter:creator\" content=\"@bati_journal\" \/>\n<meta name=\"twitter:site\" content=\"@bati_journal\" \/>\n<meta name=\"twitter:label1\" content=\"\u00c9crit par\" \/>\n\t<meta name=\"twitter:data1\" content=\"St\u00e9phane Miget\" \/>\n\t<meta name=\"twitter:label2\" content=\"Dur\u00e9e de lecture estim\u00e9e\" \/>\n\t<meta name=\"twitter:data2\" content=\"2 minutes\" \/>\n<script type=\"application\/ld+json\" class=\"yoast-schema-graph\">{\"@context\":\"https:\\\/\\\/schema.org\",\"@graph\":[{\"@type\":\"Article\",\"@id\":\"https:\\\/\\\/batijournal.com\\\/index.php\\\/maison-individuelle-promotion-immobiliere-se-portent-bien\\\/95149\\\/#article\",\"isPartOf\":{\"@id\":\"https:\\\/\\\/batijournal.com\\\/index.php\\\/maison-individuelle-promotion-immobiliere-se-portent-bien\\\/95149\\\/\"},\"author\":{\"name\":\"St\u00e9phane Miget\",\"@id\":\"https:\\\/\\\/batijournal.com\\\/#\\\/schema\\\/person\\\/1dc96ec6957aa1ccb25ebe78bb19f100\"},\"headline\":\"La maison individuelle et la promotion immobili\u00e8re se portent bien\",\"datePublished\":\"2017-02-22T14:49:27+00:00\",\"dateModified\":\"2019-07-15T10:02:07+00:00\",\"mainEntityOfPage\":{\"@id\":\"https:\\\/\\\/batijournal.com\\\/index.php\\\/maison-individuelle-promotion-immobiliere-se-portent-bien\\\/95149\\\/\"},\"wordCount\":388,\"image\":{\"@id\":\"https:\\\/\\\/batijournal.com\\\/index.php\\\/maison-individuelle-promotion-immobiliere-se-portent-bien\\\/95149\\\/#primaryimage\"},\"thumbnailUrl\":\"https:\\\/\\\/batijournal.com\\\/wp-content\\\/uploads\\\/2016\\\/09\\\/construction-reprise.jpg\",\"keywords\":[\"maison individuelle\",\"promoteurs\"],\"articleSection\":[\"A la Une\",\"Architecture &amp; Conception\",\"\u00c9conomie &amp; March\u00e9s\"],\"inLanguage\":\"fr-FR\"},{\"@type\":\"WebPage\",\"@id\":\"https:\\\/\\\/batijournal.com\\\/index.php\\\/maison-individuelle-promotion-immobiliere-se-portent-bien\\\/95149\\\/\",\"url\":\"https:\\\/\\\/batijournal.com\\\/index.php\\\/maison-individuelle-promotion-immobiliere-se-portent-bien\\\/95149\\\/\",\"name\":\"La maison individuelle et la promotion immobili\u00e8re se portent bien\",\"isPartOf\":{\"@id\":\"https:\\\/\\\/batijournal.com\\\/#website\"},\"primaryImageOfPage\":{\"@id\":\"https:\\\/\\\/batijournal.com\\\/index.php\\\/maison-individuelle-promotion-immobiliere-se-portent-bien\\\/95149\\\/#primaryimage\"},\"image\":{\"@id\":\"https:\\\/\\\/batijournal.com\\\/index.php\\\/maison-individuelle-promotion-immobiliere-se-portent-bien\\\/95149\\\/#primaryimage\"},\"thumbnailUrl\":\"https:\\\/\\\/batijournal.com\\\/wp-content\\\/uploads\\\/2016\\\/09\\\/construction-reprise.jpg\",\"datePublished\":\"2017-02-22T14:49:27+00:00\",\"dateModified\":\"2019-07-15T10:02:07+00:00\",\"author\":{\"@id\":\"https:\\\/\\\/batijournal.com\\\/#\\\/schema\\\/person\\\/1dc96ec6957aa1ccb25ebe78bb19f100\"},\"breadcrumb\":{\"@id\":\"https:\\\/\\\/batijournal.com\\\/index.php\\\/maison-individuelle-promotion-immobiliere-se-portent-bien\\\/95149\\\/#breadcrumb\"},\"inLanguage\":\"fr-FR\",\"potentialAction\":[{\"@type\":\"ReadAction\",\"target\":[\"https:\\\/\\\/batijournal.com\\\/index.php\\\/maison-individuelle-promotion-immobiliere-se-portent-bien\\\/95149\\\/\"]}]},{\"@type\":\"ImageObject\",\"inLanguage\":\"fr-FR\",\"@id\":\"https:\\\/\\\/batijournal.com\\\/index.php\\\/maison-individuelle-promotion-immobiliere-se-portent-bien\\\/95149\\\/#primaryimage\",\"url\":\"https:\\\/\\\/batijournal.com\\\/wp-content\\\/uploads\\\/2016\\\/09\\\/construction-reprise.jpg\",\"contentUrl\":\"https:\\\/\\\/batijournal.com\\\/wp-content\\\/uploads\\\/2016\\\/09\\\/construction-reprise.jpg\",\"width\":1000,\"height\":598},{\"@type\":\"BreadcrumbList\",\"@id\":\"https:\\\/\\\/batijournal.com\\\/index.php\\\/maison-individuelle-promotion-immobiliere-se-portent-bien\\\/95149\\\/#breadcrumb\",\"itemListElement\":[{\"@type\":\"ListItem\",\"position\":1,\"name\":\"Accueil\",\"item\":\"https:\\\/\\\/batijournal.com\\\/\"},{\"@type\":\"ListItem\",\"position\":2,\"name\":\"A la Une\",\"item\":\"https:\\\/\\\/batijournal.com\\\/index.php\\\/category\\\/a-la-une\\\/\"},{\"@type\":\"ListItem\",\"position\":3,\"name\":\"La maison individuelle et la promotion immobili\u00e8re se portent bien\"}]},{\"@type\":\"WebSite\",\"@id\":\"https:\\\/\\\/batijournal.com\\\/#website\",\"url\":\"https:\\\/\\\/batijournal.com\\\/\",\"name\":\"Batijournal\",\"description\":\"L&#039;actualit\u00e9 du b\u00e2timent\",\"potentialAction\":[{\"@type\":\"SearchAction\",\"target\":{\"@type\":\"EntryPoint\",\"urlTemplate\":\"https:\\\/\\\/batijournal.com\\\/?s={search_term_string}\"},\"query-input\":{\"@type\":\"PropertyValueSpecification\",\"valueRequired\":true,\"valueName\":\"search_term_string\"}}],\"inLanguage\":\"fr-FR\"},{\"@type\":\"Person\",\"@id\":\"https:\\\/\\\/batijournal.com\\\/#\\\/schema\\\/person\\\/1dc96ec6957aa1ccb25ebe78bb19f100\",\"name\":\"St\u00e9phane Miget\",\"image\":{\"@type\":\"ImageObject\",\"inLanguage\":\"fr-FR\",\"@id\":\"https:\\\/\\\/secure.gravatar.com\\\/avatar\\\/89915563d925342126b8ef0281b93d9d7fc337043e8df017f780908eb9644451?s=96&d=mm&r=g\",\"url\":\"https:\\\/\\\/secure.gravatar.com\\\/avatar\\\/89915563d925342126b8ef0281b93d9d7fc337043e8df017f780908eb9644451?s=96&d=mm&r=g\",\"contentUrl\":\"https:\\\/\\\/secure.gravatar.com\\\/avatar\\\/89915563d925342126b8ef0281b93d9d7fc337043e8df017f780908eb9644451?s=96&d=mm&r=g\",\"caption\":\"St\u00e9phane Miget\"},\"url\":\"https:\\\/\\\/batijournal.com\\\/index.php\\\/author\\\/stephane\\\/\"}]}<\/script>\n<!-- \/ Yoast SEO plugin. -->","yoast_head_json":{"title":"La maison individuelle et la promotion immobili\u00e8re se portent bien","robots":{"index":"index","follow":"follow","max-snippet":"max-snippet:-1","max-image-preview":"max-image-preview:large","max-video-preview":"max-video-preview:-1"},"canonical":"https:\/\/batijournal.com\/index.php\/maison-individuelle-promotion-immobiliere-se-portent-bien\/95149\/","og_locale":"fr_FR","og_type":"article","og_title":"La maison individuelle et la promotion immobili\u00e8re se portent bien","og_description":"Les Constructeurs et Am\u00e9nageurs de la F\u00e9d\u00e9ration Fran\u00e7aise du B\u00e2timent (LCA-FFB) dressent un bilan 2016 positif des march\u00e9s de la maison individuelle et de la promotion immobili\u00e8re. Dans le secteur diffus de la maison neuve, la reprise des ventes constat\u00e9e en 2015 (+13,7 % contre -2,1 % en 2014) s\u2019est confirm\u00e9e et m\u00eame acc\u00e9l\u00e9r\u00e9e en [&hellip;]","og_url":"https:\/\/batijournal.com\/index.php\/maison-individuelle-promotion-immobiliere-se-portent-bien\/95149\/","og_site_name":"Batijournal","article_published_time":"2017-02-22T14:49:27+00:00","article_modified_time":"2019-07-15T10:02:07+00:00","og_image":[{"width":1000,"height":598,"url":"https:\/\/batijournal.com\/wp-content\/uploads\/2016\/09\/construction-reprise.jpg","type":"image\/jpeg"}],"author":"St\u00e9phane Miget","twitter_card":"summary_large_image","twitter_creator":"@bati_journal","twitter_site":"@bati_journal","twitter_misc":{"\u00c9crit par":"St\u00e9phane Miget","Dur\u00e9e de lecture estim\u00e9e":"2 minutes"},"schema":{"@context":"https:\/\/schema.org","@graph":[{"@type":"Article","@id":"https:\/\/batijournal.com\/index.php\/maison-individuelle-promotion-immobiliere-se-portent-bien\/95149\/#article","isPartOf":{"@id":"https:\/\/batijournal.com\/index.php\/maison-individuelle-promotion-immobiliere-se-portent-bien\/95149\/"},"author":{"name":"St\u00e9phane Miget","@id":"https:\/\/batijournal.com\/#\/schema\/person\/1dc96ec6957aa1ccb25ebe78bb19f100"},"headline":"La maison individuelle et la promotion immobili\u00e8re se portent bien","datePublished":"2017-02-22T14:49:27+00:00","dateModified":"2019-07-15T10:02:07+00:00","mainEntityOfPage":{"@id":"https:\/\/batijournal.com\/index.php\/maison-individuelle-promotion-immobiliere-se-portent-bien\/95149\/"},"wordCount":388,"image":{"@id":"https:\/\/batijournal.com\/index.php\/maison-individuelle-promotion-immobiliere-se-portent-bien\/95149\/#primaryimage"},"thumbnailUrl":"https:\/\/batijournal.com\/wp-content\/uploads\/2016\/09\/construction-reprise.jpg","keywords":["maison individuelle","promoteurs"],"articleSection":["A la Une","Architecture &amp; Conception","\u00c9conomie &amp; March\u00e9s"],"inLanguage":"fr-FR"},{"@type":"WebPage","@id":"https:\/\/batijournal.com\/index.php\/maison-individuelle-promotion-immobiliere-se-portent-bien\/95149\/","url":"https:\/\/batijournal.com\/index.php\/maison-individuelle-promotion-immobiliere-se-portent-bien\/95149\/","name":"La maison individuelle et la promotion immobili\u00e8re se portent bien","isPartOf":{"@id":"https:\/\/batijournal.com\/#website"},"primaryImageOfPage":{"@id":"https:\/\/batijournal.com\/index.php\/maison-individuelle-promotion-immobiliere-se-portent-bien\/95149\/#primaryimage"},"image":{"@id":"https:\/\/batijournal.com\/index.php\/maison-individuelle-promotion-immobiliere-se-portent-bien\/95149\/#primaryimage"},"thumbnailUrl":"https:\/\/batijournal.com\/wp-content\/uploads\/2016\/09\/construction-reprise.jpg","datePublished":"2017-02-22T14:49:27+00:00","dateModified":"2019-07-15T10:02:07+00:00","author":{"@id":"https:\/\/batijournal.com\/#\/schema\/person\/1dc96ec6957aa1ccb25ebe78bb19f100"},"breadcrumb":{"@id":"https:\/\/batijournal.com\/index.php\/maison-individuelle-promotion-immobiliere-se-portent-bien\/95149\/#breadcrumb"},"inLanguage":"fr-FR","potentialAction":[{"@type":"ReadAction","target":["https:\/\/batijournal.com\/index.php\/maison-individuelle-promotion-immobiliere-se-portent-bien\/95149\/"]}]},{"@type":"ImageObject","inLanguage":"fr-FR","@id":"https:\/\/batijournal.com\/index.php\/maison-individuelle-promotion-immobiliere-se-portent-bien\/95149\/#primaryimage","url":"https:\/\/batijournal.com\/wp-content\/uploads\/2016\/09\/construction-reprise.jpg","contentUrl":"https:\/\/batijournal.com\/wp-content\/uploads\/2016\/09\/construction-reprise.jpg","width":1000,"height":598},{"@type":"BreadcrumbList","@id":"https:\/\/batijournal.com\/index.php\/maison-individuelle-promotion-immobiliere-se-portent-bien\/95149\/#breadcrumb","itemListElement":[{"@type":"ListItem","position":1,"name":"Accueil","item":"https:\/\/batijournal.com\/"},{"@type":"ListItem","position":2,"name":"A la Une","item":"https:\/\/batijournal.com\/index.php\/category\/a-la-une\/"},{"@type":"ListItem","position":3,"name":"La maison individuelle et la promotion immobili\u00e8re se portent bien"}]},{"@type":"WebSite","@id":"https:\/\/batijournal.com\/#website","url":"https:\/\/batijournal.com\/","name":"Batijournal","description":"L&#039;actualit\u00e9 du b\u00e2timent","potentialAction":[{"@type":"SearchAction","target":{"@type":"EntryPoint","urlTemplate":"https:\/\/batijournal.com\/?s={search_term_string}"},"query-input":{"@type":"PropertyValueSpecification","valueRequired":true,"valueName":"search_term_string"}}],"inLanguage":"fr-FR"},{"@type":"Person","@id":"https:\/\/batijournal.com\/#\/schema\/person\/1dc96ec6957aa1ccb25ebe78bb19f100","name":"St\u00e9phane Miget","image":{"@type":"ImageObject","inLanguage":"fr-FR","@id":"https:\/\/secure.gravatar.com\/avatar\/89915563d925342126b8ef0281b93d9d7fc337043e8df017f780908eb9644451?s=96&d=mm&r=g","url":"https:\/\/secure.gravatar.com\/avatar\/89915563d925342126b8ef0281b93d9d7fc337043e8df017f780908eb9644451?s=96&d=mm&r=g","contentUrl":"https:\/\/secure.gravatar.com\/avatar\/89915563d925342126b8ef0281b93d9d7fc337043e8df017f780908eb9644451?s=96&d=mm&r=g","caption":"St\u00e9phane Miget"},"url":"https:\/\/batijournal.com\/index.php\/author\/stephane\/"}]}},"_links":{"self":[{"href":"https:\/\/batijournal.com\/index.php\/wp-json\/wp\/v2\/posts\/95149","targetHints":{"allow":["GET"]}}],"collection":[{"href":"https:\/\/batijournal.com\/index.php\/wp-json\/wp\/v2\/posts"}],"about":[{"href":"https:\/\/batijournal.com\/index.php\/wp-json\/wp\/v2\/types\/post"}],"author":[{"embeddable":true,"href":"https:\/\/batijournal.com\/index.php\/wp-json\/wp\/v2\/users\/17"}],"replies":[{"embeddable":true,"href":"https:\/\/batijournal.com\/index.php\/wp-json\/wp\/v2\/comments?post=95149"}],"version-history":[{"count":0,"href":"https:\/\/batijournal.com\/index.php\/wp-json\/wp\/v2\/posts\/95149\/revisions"}],"wp:featuredmedia":[{"embeddable":true,"href":"https:\/\/batijournal.com\/index.php\/wp-json\/wp\/v2\/media\/93713"}],"wp:attachment":[{"href":"https:\/\/batijournal.com\/index.php\/wp-json\/wp\/v2\/media?parent=95149"}],"wp:term":[{"taxonomy":"category","embeddable":true,"href":"https:\/\/batijournal.com\/index.php\/wp-json\/wp\/v2\/categories?post=95149"},{"taxonomy":"post_tag","embeddable":true,"href":"https:\/\/batijournal.com\/index.php\/wp-json\/wp\/v2\/tags?post=95149"}],"curies":[{"name":"wp","href":"https:\/\/api.w.org\/{rel}","templated":true}]}}