{"id":95160,"date":"2017-02-23T08:28:31","date_gmt":"2017-02-23T07:28:31","guid":{"rendered":"http:\/\/batijournal.com\/?p=95160"},"modified":"2019-07-15T11:34:07","modified_gmt":"2019-07-15T09:34:07","slug":"production-de-logements-sociaux-ministre-logement-repond-a-cour-comptes","status":"publish","type":"post","link":"https:\/\/batijournal.com\/index.php\/production-de-logements-sociaux-ministre-logement-repond-a-cour-comptes\/95160\/","title":{"rendered":"Production de logements sociaux : la ministre du logement r\u00e9pond \u00e0 la Cour des comptes"},"content":{"rendered":"<p>La Cour des comptes vient de publier un rapport sur \u00ab Le logement social face au d\u00e9fi de l\u2019acc\u00e8s des publics modestes et d\u00e9favoris\u00e9s \u00bb. Emmanuelle Cosse estime que la proposition d\u2019abaisser les plafonds de ressources d\u2019acc\u00e8s au logement social serait de nature \u00e0 d\u00e9tourner celui-ci de sa vocation g\u00e9n\u00e9raliste. La ministre consid\u00e8re \u00e9galement que l\u2019objectif annuel de 150 000 de logements sociaux est en passe d\u2019\u00eatre atteint. Il est n\u00e9cessaire, y compris pour lutter contre les in\u00e9galit\u00e9s territoriales d\u2019acc\u00e8s au logement social. N\u00e9anmoins, Emmanuelle Cosse salue les recommandations de la Cour visant \u00e0 favoriser la mixit\u00e9 sociale et introduites dans la loi \u00c9galit\u00e9 et Citoyennet\u00e9 du 27 janvier 2017, telles que le renforcement du r\u00f4le des \u00e9tablissements publics de coop\u00e9ration intercommunale (EPCI) en mati\u00e8re d\u2019attribution de logements sociaux ; l\u2019objectif d\u2019attribution de 25% des logements aux m\u00e9nages les plus modestes en-dehors des quartiers prioritaires de la politique de la ville et le durcissement de l\u2019application du suppl\u00e9ment de loyer de solidarit\u00e9.<\/p>\n","protected":false},"excerpt":{"rendered":"<p>La Cour des comptes vient de publier un rapport sur \u00ab Le logement social face au d\u00e9fi de l\u2019acc\u00e8s des publics modestes et d\u00e9favoris\u00e9s \u00bb. Emmanuelle Cosse estime que la proposition d\u2019abaisser les plafonds de ressources d\u2019acc\u00e8s au logement social serait de nature \u00e0 d\u00e9tourner celui-ci de sa vocation g\u00e9n\u00e9raliste. La ministre consid\u00e8re \u00e9galement que [&hellip;]<\/p>\n","protected":false},"author":17,"featured_media":95155,"comment_status":"closed","ping_status":"closed","sticky":false,"template":"","format":"standard","meta":{"_et_pb_use_builder":"","_et_pb_old_content":"","_et_gb_content_width":"","footnotes":""},"categories":[10530,6345],"tags":[8455,1290,1601,6191],"class_list":["post-95160","post","type-post","status-publish","format-standard","has-post-thumbnail","hentry","category-actualites","category-economie-marches","tag-cour-des-comptes","tag-hlm","tag-logement-social","tag-logements-sociaux"],"yoast_head":"<!-- This site is optimized with the Yoast SEO plugin v27.4 - https:\/\/yoast.com\/product\/yoast-seo-wordpress\/ -->\n<title>Production de logements sociaux : la ministre du logement r\u00e9pond \u00e0 la Cour des comptes<\/title>\n<meta name=\"robots\" content=\"index, follow, max-snippet:-1, max-image-preview:large, max-video-preview:-1\" \/>\n<link rel=\"canonical\" href=\"https:\/\/batijournal.com\/index.php\/production-de-logements-sociaux-ministre-logement-repond-a-cour-comptes\/95160\/\" \/>\n<meta property=\"og:locale\" content=\"fr_FR\" \/>\n<meta property=\"og:type\" content=\"article\" \/>\n<meta property=\"og:title\" content=\"Production de logements sociaux : la ministre du logement r\u00e9pond \u00e0 la Cour des comptes\" \/>\n<meta property=\"og:description\" content=\"La Cour des comptes vient de publier un rapport sur \u00ab Le logement social face au d\u00e9fi de l\u2019acc\u00e8s des publics modestes et d\u00e9favoris\u00e9s \u00bb. Emmanuelle Cosse estime que la proposition d\u2019abaisser les plafonds de ressources d\u2019acc\u00e8s au logement social serait de nature \u00e0 d\u00e9tourner celui-ci de sa vocation g\u00e9n\u00e9raliste. La ministre consid\u00e8re \u00e9galement que [&hellip;]\" \/>\n<meta property=\"og:url\" content=\"https:\/\/batijournal.com\/index.php\/production-de-logements-sociaux-ministre-logement-repond-a-cour-comptes\/95160\/\" \/>\n<meta property=\"og:site_name\" content=\"Batijournal\" \/>\n<meta property=\"article:published_time\" content=\"2017-02-23T07:28:31+00:00\" \/>\n<meta property=\"article:modified_time\" content=\"2019-07-15T09:34:07+00:00\" \/>\n<meta property=\"og:image\" content=\"https:\/\/batijournal.com\/wp-content\/uploads\/2017\/02\/Fotolia_59265048_S.jpg\" \/>\n\t<meta property=\"og:image:width\" content=\"848\" \/>\n\t<meta property=\"og:image:height\" content=\"566\" \/>\n\t<meta property=\"og:image:type\" content=\"image\/jpeg\" \/>\n<meta name=\"author\" content=\"St\u00e9phane Miget\" \/>\n<meta name=\"twitter:card\" content=\"summary_large_image\" \/>\n<meta name=\"twitter:creator\" content=\"@bati_journal\" \/>\n<meta name=\"twitter:site\" content=\"@bati_journal\" \/>\n<meta name=\"twitter:label1\" content=\"\u00c9crit par\" \/>\n\t<meta name=\"twitter:data1\" content=\"St\u00e9phane Miget\" \/>\n\t<meta name=\"twitter:label2\" content=\"Dur\u00e9e de lecture estim\u00e9e\" \/>\n\t<meta name=\"twitter:data2\" content=\"1 minute\" \/>\n<script type=\"application\/ld+json\" class=\"yoast-schema-graph\">{\"@context\":\"https:\\\/\\\/schema.org\",\"@graph\":[{\"@type\":\"Article\",\"@id\":\"https:\\\/\\\/batijournal.com\\\/index.php\\\/production-de-logements-sociaux-ministre-logement-repond-a-cour-comptes\\\/95160\\\/#article\",\"isPartOf\":{\"@id\":\"https:\\\/\\\/batijournal.com\\\/index.php\\\/production-de-logements-sociaux-ministre-logement-repond-a-cour-comptes\\\/95160\\\/\"},\"author\":{\"name\":\"St\u00e9phane Miget\",\"@id\":\"https:\\\/\\\/batijournal.com\\\/#\\\/schema\\\/person\\\/1dc96ec6957aa1ccb25ebe78bb19f100\"},\"headline\":\"Production de logements sociaux : la ministre du logement r\u00e9pond \u00e0 la Cour des comptes\",\"datePublished\":\"2017-02-23T07:28:31+00:00\",\"dateModified\":\"2019-07-15T09:34:07+00:00\",\"mainEntityOfPage\":{\"@id\":\"https:\\\/\\\/batijournal.com\\\/index.php\\\/production-de-logements-sociaux-ministre-logement-repond-a-cour-comptes\\\/95160\\\/\"},\"wordCount\":195,\"image\":{\"@id\":\"https:\\\/\\\/batijournal.com\\\/index.php\\\/production-de-logements-sociaux-ministre-logement-repond-a-cour-comptes\\\/95160\\\/#primaryimage\"},\"thumbnailUrl\":\"https:\\\/\\\/batijournal.com\\\/wp-content\\\/uploads\\\/2017\\\/02\\\/Fotolia_59265048_S.jpg\",\"keywords\":[\"cour des comptes\",\"HLM\",\"logement social\",\"logements sociaux\"],\"articleSection\":[\"Actualit\u00e9s\",\"\u00c9conomie &amp; March\u00e9s\"],\"inLanguage\":\"fr-FR\"},{\"@type\":\"WebPage\",\"@id\":\"https:\\\/\\\/batijournal.com\\\/index.php\\\/production-de-logements-sociaux-ministre-logement-repond-a-cour-comptes\\\/95160\\\/\",\"url\":\"https:\\\/\\\/batijournal.com\\\/index.php\\\/production-de-logements-sociaux-ministre-logement-repond-a-cour-comptes\\\/95160\\\/\",\"name\":\"Production de logements sociaux : la ministre du logement r\u00e9pond \u00e0 la Cour des comptes\",\"isPartOf\":{\"@id\":\"https:\\\/\\\/batijournal.com\\\/#website\"},\"primaryImageOfPage\":{\"@id\":\"https:\\\/\\\/batijournal.com\\\/index.php\\\/production-de-logements-sociaux-ministre-logement-repond-a-cour-comptes\\\/95160\\\/#primaryimage\"},\"image\":{\"@id\":\"https:\\\/\\\/batijournal.com\\\/index.php\\\/production-de-logements-sociaux-ministre-logement-repond-a-cour-comptes\\\/95160\\\/#primaryimage\"},\"thumbnailUrl\":\"https:\\\/\\\/batijournal.com\\\/wp-content\\\/uploads\\\/2017\\\/02\\\/Fotolia_59265048_S.jpg\",\"datePublished\":\"2017-02-23T07:28:31+00:00\",\"dateModified\":\"2019-07-15T09:34:07+00:00\",\"author\":{\"@id\":\"https:\\\/\\\/batijournal.com\\\/#\\\/schema\\\/person\\\/1dc96ec6957aa1ccb25ebe78bb19f100\"},\"breadcrumb\":{\"@id\":\"https:\\\/\\\/batijournal.com\\\/index.php\\\/production-de-logements-sociaux-ministre-logement-repond-a-cour-comptes\\\/95160\\\/#breadcrumb\"},\"inLanguage\":\"fr-FR\",\"potentialAction\":[{\"@type\":\"ReadAction\",\"target\":[\"https:\\\/\\\/batijournal.com\\\/index.php\\\/production-de-logements-sociaux-ministre-logement-repond-a-cour-comptes\\\/95160\\\/\"]}]},{\"@type\":\"ImageObject\",\"inLanguage\":\"fr-FR\",\"@id\":\"https:\\\/\\\/batijournal.com\\\/index.php\\\/production-de-logements-sociaux-ministre-logement-repond-a-cour-comptes\\\/95160\\\/#primaryimage\",\"url\":\"https:\\\/\\\/batijournal.com\\\/wp-content\\\/uploads\\\/2017\\\/02\\\/Fotolia_59265048_S.jpg\",\"contentUrl\":\"https:\\\/\\\/batijournal.com\\\/wp-content\\\/uploads\\\/2017\\\/02\\\/Fotolia_59265048_S.jpg\",\"width\":848,\"height\":566},{\"@type\":\"BreadcrumbList\",\"@id\":\"https:\\\/\\\/batijournal.com\\\/index.php\\\/production-de-logements-sociaux-ministre-logement-repond-a-cour-comptes\\\/95160\\\/#breadcrumb\",\"itemListElement\":[{\"@type\":\"ListItem\",\"position\":1,\"name\":\"Accueil\",\"item\":\"https:\\\/\\\/batijournal.com\\\/\"},{\"@type\":\"ListItem\",\"position\":2,\"name\":\"Actualit\u00e9s\",\"item\":\"https:\\\/\\\/batijournal.com\\\/index.php\\\/category\\\/actualites\\\/\"},{\"@type\":\"ListItem\",\"position\":3,\"name\":\"Production de logements sociaux : la ministre du logement r\u00e9pond \u00e0 la Cour des comptes\"}]},{\"@type\":\"WebSite\",\"@id\":\"https:\\\/\\\/batijournal.com\\\/#website\",\"url\":\"https:\\\/\\\/batijournal.com\\\/\",\"name\":\"Batijournal\",\"description\":\"L&#039;actualit\u00e9 du b\u00e2timent\",\"potentialAction\":[{\"@type\":\"SearchAction\",\"target\":{\"@type\":\"EntryPoint\",\"urlTemplate\":\"https:\\\/\\\/batijournal.com\\\/?s={search_term_string}\"},\"query-input\":{\"@type\":\"PropertyValueSpecification\",\"valueRequired\":true,\"valueName\":\"search_term_string\"}}],\"inLanguage\":\"fr-FR\"},{\"@type\":\"Person\",\"@id\":\"https:\\\/\\\/batijournal.com\\\/#\\\/schema\\\/person\\\/1dc96ec6957aa1ccb25ebe78bb19f100\",\"name\":\"St\u00e9phane Miget\",\"image\":{\"@type\":\"ImageObject\",\"inLanguage\":\"fr-FR\",\"@id\":\"https:\\\/\\\/secure.gravatar.com\\\/avatar\\\/89915563d925342126b8ef0281b93d9d7fc337043e8df017f780908eb9644451?s=96&d=mm&r=g\",\"url\":\"https:\\\/\\\/secure.gravatar.com\\\/avatar\\\/89915563d925342126b8ef0281b93d9d7fc337043e8df017f780908eb9644451?s=96&d=mm&r=g\",\"contentUrl\":\"https:\\\/\\\/secure.gravatar.com\\\/avatar\\\/89915563d925342126b8ef0281b93d9d7fc337043e8df017f780908eb9644451?s=96&d=mm&r=g\",\"caption\":\"St\u00e9phane Miget\"},\"url\":\"https:\\\/\\\/batijournal.com\\\/index.php\\\/author\\\/stephane\\\/\"}]}<\/script>\n<!-- \/ Yoast SEO plugin. -->","yoast_head_json":{"title":"Production de logements sociaux : la ministre du logement r\u00e9pond \u00e0 la Cour des comptes","robots":{"index":"index","follow":"follow","max-snippet":"max-snippet:-1","max-image-preview":"max-image-preview:large","max-video-preview":"max-video-preview:-1"},"canonical":"https:\/\/batijournal.com\/index.php\/production-de-logements-sociaux-ministre-logement-repond-a-cour-comptes\/95160\/","og_locale":"fr_FR","og_type":"article","og_title":"Production de logements sociaux : la ministre du logement r\u00e9pond \u00e0 la Cour des comptes","og_description":"La Cour des comptes vient de publier un rapport sur \u00ab Le logement social face au d\u00e9fi de l\u2019acc\u00e8s des publics modestes et d\u00e9favoris\u00e9s \u00bb. Emmanuelle Cosse estime que la proposition d\u2019abaisser les plafonds de ressources d\u2019acc\u00e8s au logement social serait de nature \u00e0 d\u00e9tourner celui-ci de sa vocation g\u00e9n\u00e9raliste. La ministre consid\u00e8re \u00e9galement que [&hellip;]","og_url":"https:\/\/batijournal.com\/index.php\/production-de-logements-sociaux-ministre-logement-repond-a-cour-comptes\/95160\/","og_site_name":"Batijournal","article_published_time":"2017-02-23T07:28:31+00:00","article_modified_time":"2019-07-15T09:34:07+00:00","og_image":[{"width":848,"height":566,"url":"https:\/\/batijournal.com\/wp-content\/uploads\/2017\/02\/Fotolia_59265048_S.jpg","type":"image\/jpeg"}],"author":"St\u00e9phane Miget","twitter_card":"summary_large_image","twitter_creator":"@bati_journal","twitter_site":"@bati_journal","twitter_misc":{"\u00c9crit par":"St\u00e9phane Miget","Dur\u00e9e de lecture estim\u00e9e":"1 minute"},"schema":{"@context":"https:\/\/schema.org","@graph":[{"@type":"Article","@id":"https:\/\/batijournal.com\/index.php\/production-de-logements-sociaux-ministre-logement-repond-a-cour-comptes\/95160\/#article","isPartOf":{"@id":"https:\/\/batijournal.com\/index.php\/production-de-logements-sociaux-ministre-logement-repond-a-cour-comptes\/95160\/"},"author":{"name":"St\u00e9phane Miget","@id":"https:\/\/batijournal.com\/#\/schema\/person\/1dc96ec6957aa1ccb25ebe78bb19f100"},"headline":"Production de logements sociaux : la ministre du logement r\u00e9pond \u00e0 la Cour des comptes","datePublished":"2017-02-23T07:28:31+00:00","dateModified":"2019-07-15T09:34:07+00:00","mainEntityOfPage":{"@id":"https:\/\/batijournal.com\/index.php\/production-de-logements-sociaux-ministre-logement-repond-a-cour-comptes\/95160\/"},"wordCount":195,"image":{"@id":"https:\/\/batijournal.com\/index.php\/production-de-logements-sociaux-ministre-logement-repond-a-cour-comptes\/95160\/#primaryimage"},"thumbnailUrl":"https:\/\/batijournal.com\/wp-content\/uploads\/2017\/02\/Fotolia_59265048_S.jpg","keywords":["cour des comptes","HLM","logement social","logements sociaux"],"articleSection":["Actualit\u00e9s","\u00c9conomie &amp; March\u00e9s"],"inLanguage":"fr-FR"},{"@type":"WebPage","@id":"https:\/\/batijournal.com\/index.php\/production-de-logements-sociaux-ministre-logement-repond-a-cour-comptes\/95160\/","url":"https:\/\/batijournal.com\/index.php\/production-de-logements-sociaux-ministre-logement-repond-a-cour-comptes\/95160\/","name":"Production de logements sociaux : la ministre du logement r\u00e9pond \u00e0 la Cour des comptes","isPartOf":{"@id":"https:\/\/batijournal.com\/#website"},"primaryImageOfPage":{"@id":"https:\/\/batijournal.com\/index.php\/production-de-logements-sociaux-ministre-logement-repond-a-cour-comptes\/95160\/#primaryimage"},"image":{"@id":"https:\/\/batijournal.com\/index.php\/production-de-logements-sociaux-ministre-logement-repond-a-cour-comptes\/95160\/#primaryimage"},"thumbnailUrl":"https:\/\/batijournal.com\/wp-content\/uploads\/2017\/02\/Fotolia_59265048_S.jpg","datePublished":"2017-02-23T07:28:31+00:00","dateModified":"2019-07-15T09:34:07+00:00","author":{"@id":"https:\/\/batijournal.com\/#\/schema\/person\/1dc96ec6957aa1ccb25ebe78bb19f100"},"breadcrumb":{"@id":"https:\/\/batijournal.com\/index.php\/production-de-logements-sociaux-ministre-logement-repond-a-cour-comptes\/95160\/#breadcrumb"},"inLanguage":"fr-FR","potentialAction":[{"@type":"ReadAction","target":["https:\/\/batijournal.com\/index.php\/production-de-logements-sociaux-ministre-logement-repond-a-cour-comptes\/95160\/"]}]},{"@type":"ImageObject","inLanguage":"fr-FR","@id":"https:\/\/batijournal.com\/index.php\/production-de-logements-sociaux-ministre-logement-repond-a-cour-comptes\/95160\/#primaryimage","url":"https:\/\/batijournal.com\/wp-content\/uploads\/2017\/02\/Fotolia_59265048_S.jpg","contentUrl":"https:\/\/batijournal.com\/wp-content\/uploads\/2017\/02\/Fotolia_59265048_S.jpg","width":848,"height":566},{"@type":"BreadcrumbList","@id":"https:\/\/batijournal.com\/index.php\/production-de-logements-sociaux-ministre-logement-repond-a-cour-comptes\/95160\/#breadcrumb","itemListElement":[{"@type":"ListItem","position":1,"name":"Accueil","item":"https:\/\/batijournal.com\/"},{"@type":"ListItem","position":2,"name":"Actualit\u00e9s","item":"https:\/\/batijournal.com\/index.php\/category\/actualites\/"},{"@type":"ListItem","position":3,"name":"Production de logements sociaux : la ministre du logement r\u00e9pond \u00e0 la Cour des comptes"}]},{"@type":"WebSite","@id":"https:\/\/batijournal.com\/#website","url":"https:\/\/batijournal.com\/","name":"Batijournal","description":"L&#039;actualit\u00e9 du b\u00e2timent","potentialAction":[{"@type":"SearchAction","target":{"@type":"EntryPoint","urlTemplate":"https:\/\/batijournal.com\/?s={search_term_string}"},"query-input":{"@type":"PropertyValueSpecification","valueRequired":true,"valueName":"search_term_string"}}],"inLanguage":"fr-FR"},{"@type":"Person","@id":"https:\/\/batijournal.com\/#\/schema\/person\/1dc96ec6957aa1ccb25ebe78bb19f100","name":"St\u00e9phane Miget","image":{"@type":"ImageObject","inLanguage":"fr-FR","@id":"https:\/\/secure.gravatar.com\/avatar\/89915563d925342126b8ef0281b93d9d7fc337043e8df017f780908eb9644451?s=96&d=mm&r=g","url":"https:\/\/secure.gravatar.com\/avatar\/89915563d925342126b8ef0281b93d9d7fc337043e8df017f780908eb9644451?s=96&d=mm&r=g","contentUrl":"https:\/\/secure.gravatar.com\/avatar\/89915563d925342126b8ef0281b93d9d7fc337043e8df017f780908eb9644451?s=96&d=mm&r=g","caption":"St\u00e9phane Miget"},"url":"https:\/\/batijournal.com\/index.php\/author\/stephane\/"}]}},"_links":{"self":[{"href":"https:\/\/batijournal.com\/index.php\/wp-json\/wp\/v2\/posts\/95160","targetHints":{"allow":["GET"]}}],"collection":[{"href":"https:\/\/batijournal.com\/index.php\/wp-json\/wp\/v2\/posts"}],"about":[{"href":"https:\/\/batijournal.com\/index.php\/wp-json\/wp\/v2\/types\/post"}],"author":[{"embeddable":true,"href":"https:\/\/batijournal.com\/index.php\/wp-json\/wp\/v2\/users\/17"}],"replies":[{"embeddable":true,"href":"https:\/\/batijournal.com\/index.php\/wp-json\/wp\/v2\/comments?post=95160"}],"version-history":[{"count":0,"href":"https:\/\/batijournal.com\/index.php\/wp-json\/wp\/v2\/posts\/95160\/revisions"}],"wp:featuredmedia":[{"embeddable":true,"href":"https:\/\/batijournal.com\/index.php\/wp-json\/wp\/v2\/media\/95155"}],"wp:attachment":[{"href":"https:\/\/batijournal.com\/index.php\/wp-json\/wp\/v2\/media?parent=95160"}],"wp:term":[{"taxonomy":"category","embeddable":true,"href":"https:\/\/batijournal.com\/index.php\/wp-json\/wp\/v2\/categories?post=95160"},{"taxonomy":"post_tag","embeddable":true,"href":"https:\/\/batijournal.com\/index.php\/wp-json\/wp\/v2\/tags?post=95160"}],"curies":[{"name":"wp","href":"https:\/\/api.w.org\/{rel}","templated":true}]}}