{"id":95170,"date":"2017-02-24T08:24:15","date_gmt":"2017-02-24T07:24:15","guid":{"rendered":"http:\/\/batijournal.com\/?p=95170"},"modified":"2019-07-15T12:22:03","modified_gmt":"2019-07-15T10:22:03","slug":"prime-exceptionnelle-travaux-deconomies-denergie","status":"publish","type":"post","link":"https:\/\/batijournal.com\/index.php\/prime-exceptionnelle-travaux-deconomies-denergie\/95170\/","title":{"rendered":"Prime exceptionnelle pour les travaux d\u2019\u00e9conomies d\u2019\u00e9nergie"},"content":{"rendered":"<div><strong>S\u00e9gol\u00e8ne Royal lance une prime \u00e9conomies d\u2019\u00e9nergie, qui va permettre aux m\u00e9nages sous conditions de ressources, de b\u00e9n\u00e9ficier jusqu&rsquo;au 31 mars 2018, d\u2019une prime exceptionnelle pour les aider \u00e0 financer leurs travaux d\u2019\u00e9conomies d\u2019\u00e9nergie. <\/strong><\/div>\n<div>\n<div>\n<div>\n<p><strong>La charte pr\u00e9voit des primes\u00a0d\u2019au moins :<\/strong><\/p>\n<p>\u2022\u00a0800 \u20ac\u00a0pour le remplacement d\u2019une chaudi\u00e8re individuelle par une chaudi\u00e8re neuve au gaz ou au fioul \u00e0 haute performance \u00e9nerg\u00e9tique ;<br \/>\n\u2022\u00a0100 \u20ac\u00a0pour l\u2019installation d\u2019un programmateur centralis\u00e9 pour radiateurs \u00e9lectriques ;<br \/>\n\u2022\u00a050 \u20ac\u00a0pour l\u2019installation d\u2019un \u00e9metteur \u00e9lectrique \u00e0 r\u00e9gulation \u00e9lectronique \u00e0 fonctions avanc\u00e9es ;<br \/>\n\u2022\u00a01300 \u20ac\u00a0pour le remplacement d\u2019une chaudi\u00e8re individuelle par une chaudi\u00e8re neuve au bois de classe 5.<\/p>\n<p>La charte pr\u00e9voit \u00e9galement des\u00a0primes pour l\u2019isolation de combles ou toitures pour les b\u00e2timents les plus \u00e9nergivores.<\/p>\n<p>La prime sera cumulable avec le cr\u00e9dit d\u2019imp\u00f4t transition \u00e9nerg\u00e9tique, dont plus d\u2019un million de foyer ont d\u00e9j\u00e0 b\u00e9n\u00e9fici\u00e9. 45% des m\u00e9nages sont \u00e9ligibles \u00e0 cette nouvelle prime.<\/p>\n<p><strong>Pour b\u00e9n\u00e9ficier de la prime, les m\u00e9nages doivent :<\/strong><\/p>\n<p><strong>1. V\u00e9rifier leurs conditions de ressources<\/strong><br \/>\nLes conditions de ressources pour b\u00e9n\u00e9ficier du programme sont les m\u00eames que celles qui s\u2019appliquent dans le cadre des aides de l\u2019agence nationale de l\u2019am\u00e9lioration de l\u2019habitat (m\u00e9nages \u00ab modestes \u00bb et \u00ab tr\u00e8s modestes \u00bb) :<\/p>\n<div><\/div>\n<table id=\"tablesaw-5364\" data-tablesaw-mode=\"stack\">\n<caption>Les conditions de ressources pour b\u00e9n\u00e9ficier de la prime \u00e9conomies d&rsquo;\u00e9nergie<\/caption>\n<thead>\n<tr>\n<th>Nombre de personnes composant le m\u00e9nage<\/th>\n<th>Plafonds de revenus du m\u00e9nage en \u00cele-de-France (\u20ac)<\/th>\n<th>Plafonds de revenus du m\u00e9nage pour les autres r\u00e9gions (\u20ac)<\/th>\n<\/tr>\n<\/thead>\n<tbody>\n<tr>\n<th>1<\/th>\n<td>24 107<\/td>\n<td>\u00a018 342<\/td>\n<\/tr>\n<tr>\n<th>2<\/th>\n<td>35 382<\/td>\n<td>\u00a026 826<\/td>\n<\/tr>\n<tr>\n<th>3<\/th>\n<td>42 495<\/td>\n<td>\u00a032 260<\/td>\n<\/tr>\n<tr>\n<th>4<\/th>\n<td>49 620<\/td>\n<td>\u00a037 690<\/td>\n<\/tr>\n<tr>\n<th>5<\/th>\n<td>56 765<\/td>\n<td>\u00a043 141<\/td>\n<\/tr>\n<tr>\n<th>Par personne suppl\u00e9mentaire<\/th>\n<td>+ 7 136<\/td>\n<td>+ 5 434<\/td>\n<\/tr>\n<\/tbody>\n<\/table>\n<p><strong>2. Choisir le partenaire CEE signataire de la charte<\/strong><br \/>\n<strong>3. Accepter l&rsquo;offre du partenaire avant de signer le devis des travaux.<\/strong><\/p>\n<p>Les primes seront vers\u00e9es, dans le cadre du dispositif des certificats d\u2019\u00e9conomies d\u2019\u00e9nergie, par les\u00a0signataires de la charte d\u2019engagement\u00a0:\u00a0vendeurs d\u2019\u00e9nergie et leurs partenaires, et\u00a0collectivit\u00e9s territoriales.\u00a0Les premi\u00e8res offres des partenaires seront op\u00e9rationnelles\u00a0\u00a0d\u00e8s le mois de mars\u00a02017.\u00a0La liste des partenaires sera publi\u00e9e sur le site internet du minist\u00e8re :\u00a0<a href=\"http:\/\/www.developpement-durable.gouv.fr\/\" target=\"_blank\" rel=\"noopener noreferrer\">www.developpement-durable.gouv.fr\u00a0<\/a>et disponible dans les espaces info \u00e9nergie et aupr\u00e8s de la plateforme \u00ab R\u00e9novation info service \u00bb.<\/p>\n<\/div>\n<\/div>\n<\/div>\n","protected":false},"excerpt":{"rendered":"<p>S\u00e9gol\u00e8ne Royal lance une prime \u00e9conomies d\u2019\u00e9nergie, qui va permettre aux m\u00e9nages sous conditions de ressources, de b\u00e9n\u00e9ficier jusqu&rsquo;au 31 mars 2018, d\u2019une prime exceptionnelle pour les aider \u00e0 financer leurs travaux d\u2019\u00e9conomies d\u2019\u00e9nergie. La charte pr\u00e9voit des primes\u00a0d\u2019au moins : \u2022\u00a0800 \u20ac\u00a0pour le remplacement d\u2019une chaudi\u00e8re individuelle par une chaudi\u00e8re neuve au gaz ou [&hellip;]<\/p>\n","protected":false},"author":17,"featured_media":87319,"comment_status":"closed","ping_status":"closed","sticky":false,"template":"","format":"standard","meta":{"_et_pb_use_builder":"","_et_pb_old_content":"","_et_gb_content_width":"","footnotes":""},"categories":[10530,6351],"tags":[1629,871],"class_list":["post-95170","post","type-post","status-publish","format-standard","has-post-thumbnail","hentry","category-actualites","category-energie-environnement","tag-economies-denergie","tag-renovation-thermique"],"yoast_head":"<!-- This site is optimized with the Yoast SEO plugin v27.4 - https:\/\/yoast.com\/product\/yoast-seo-wordpress\/ -->\n<title>Prime exceptionnelle pour les travaux d\u2019\u00e9conomies d\u2019\u00e9nergie<\/title>\n<meta name=\"robots\" content=\"index, follow, max-snippet:-1, max-image-preview:large, max-video-preview:-1\" \/>\n<link rel=\"canonical\" href=\"https:\/\/batijournal.com\/index.php\/prime-exceptionnelle-travaux-deconomies-denergie\/95170\/\" \/>\n<meta property=\"og:locale\" content=\"fr_FR\" \/>\n<meta property=\"og:type\" content=\"article\" \/>\n<meta property=\"og:title\" content=\"Prime exceptionnelle pour les travaux d\u2019\u00e9conomies d\u2019\u00e9nergie\" \/>\n<meta property=\"og:description\" content=\"S\u00e9gol\u00e8ne Royal lance une prime \u00e9conomies d\u2019\u00e9nergie, qui va permettre aux m\u00e9nages sous conditions de ressources, de b\u00e9n\u00e9ficier jusqu&rsquo;au 31 mars 2018, d\u2019une prime exceptionnelle pour les aider \u00e0 financer leurs travaux d\u2019\u00e9conomies d\u2019\u00e9nergie. La charte pr\u00e9voit des primes\u00a0d\u2019au moins : \u2022\u00a0800 \u20ac\u00a0pour le remplacement d\u2019une chaudi\u00e8re individuelle par une chaudi\u00e8re neuve au gaz ou [&hellip;]\" \/>\n<meta property=\"og:url\" content=\"https:\/\/batijournal.com\/index.php\/prime-exceptionnelle-travaux-deconomies-denergie\/95170\/\" \/>\n<meta property=\"og:site_name\" content=\"Batijournal\" \/>\n<meta property=\"article:published_time\" content=\"2017-02-24T07:24:15+00:00\" \/>\n<meta property=\"article:modified_time\" content=\"2019-07-15T10:22:03+00:00\" \/>\n<meta property=\"og:image\" content=\"https:\/\/batijournal.com\/wp-content\/uploads\/2015\/05\/99857158.jpg\" \/>\n\t<meta property=\"og:image:width\" content=\"600\" \/>\n\t<meta property=\"og:image:height\" content=\"450\" \/>\n\t<meta property=\"og:image:type\" content=\"image\/jpeg\" \/>\n<meta name=\"author\" content=\"St\u00e9phane Miget\" \/>\n<meta name=\"twitter:card\" content=\"summary_large_image\" \/>\n<meta name=\"twitter:creator\" content=\"@bati_journal\" \/>\n<meta name=\"twitter:site\" content=\"@bati_journal\" \/>\n<meta name=\"twitter:label1\" content=\"\u00c9crit par\" \/>\n\t<meta name=\"twitter:data1\" content=\"St\u00e9phane Miget\" \/>\n\t<meta name=\"twitter:label2\" content=\"Dur\u00e9e de lecture estim\u00e9e\" \/>\n\t<meta name=\"twitter:data2\" content=\"2 minutes\" \/>\n<script type=\"application\/ld+json\" class=\"yoast-schema-graph\">{\"@context\":\"https:\\\/\\\/schema.org\",\"@graph\":[{\"@type\":\"Article\",\"@id\":\"https:\\\/\\\/batijournal.com\\\/index.php\\\/prime-exceptionnelle-travaux-deconomies-denergie\\\/95170\\\/#article\",\"isPartOf\":{\"@id\":\"https:\\\/\\\/batijournal.com\\\/index.php\\\/prime-exceptionnelle-travaux-deconomies-denergie\\\/95170\\\/\"},\"author\":{\"name\":\"St\u00e9phane Miget\",\"@id\":\"https:\\\/\\\/batijournal.com\\\/#\\\/schema\\\/person\\\/1dc96ec6957aa1ccb25ebe78bb19f100\"},\"headline\":\"Prime exceptionnelle pour les travaux d\u2019\u00e9conomies d\u2019\u00e9nergie\",\"datePublished\":\"2017-02-24T07:24:15+00:00\",\"dateModified\":\"2019-07-15T10:22:03+00:00\",\"mainEntityOfPage\":{\"@id\":\"https:\\\/\\\/batijournal.com\\\/index.php\\\/prime-exceptionnelle-travaux-deconomies-denergie\\\/95170\\\/\"},\"wordCount\":384,\"image\":{\"@id\":\"https:\\\/\\\/batijournal.com\\\/index.php\\\/prime-exceptionnelle-travaux-deconomies-denergie\\\/95170\\\/#primaryimage\"},\"thumbnailUrl\":\"https:\\\/\\\/batijournal.com\\\/wp-content\\\/uploads\\\/2015\\\/05\\\/99857158.jpg\",\"keywords\":[\"\u00e9conomies d'\u00e9nergie\",\"r\u00e9novation thermique\"],\"articleSection\":[\"Actualit\u00e9s\",\"\u00c9nergie &amp; Environnement\"],\"inLanguage\":\"fr-FR\"},{\"@type\":\"WebPage\",\"@id\":\"https:\\\/\\\/batijournal.com\\\/index.php\\\/prime-exceptionnelle-travaux-deconomies-denergie\\\/95170\\\/\",\"url\":\"https:\\\/\\\/batijournal.com\\\/index.php\\\/prime-exceptionnelle-travaux-deconomies-denergie\\\/95170\\\/\",\"name\":\"Prime exceptionnelle pour les travaux d\u2019\u00e9conomies d\u2019\u00e9nergie\",\"isPartOf\":{\"@id\":\"https:\\\/\\\/batijournal.com\\\/#website\"},\"primaryImageOfPage\":{\"@id\":\"https:\\\/\\\/batijournal.com\\\/index.php\\\/prime-exceptionnelle-travaux-deconomies-denergie\\\/95170\\\/#primaryimage\"},\"image\":{\"@id\":\"https:\\\/\\\/batijournal.com\\\/index.php\\\/prime-exceptionnelle-travaux-deconomies-denergie\\\/95170\\\/#primaryimage\"},\"thumbnailUrl\":\"https:\\\/\\\/batijournal.com\\\/wp-content\\\/uploads\\\/2015\\\/05\\\/99857158.jpg\",\"datePublished\":\"2017-02-24T07:24:15+00:00\",\"dateModified\":\"2019-07-15T10:22:03+00:00\",\"author\":{\"@id\":\"https:\\\/\\\/batijournal.com\\\/#\\\/schema\\\/person\\\/1dc96ec6957aa1ccb25ebe78bb19f100\"},\"breadcrumb\":{\"@id\":\"https:\\\/\\\/batijournal.com\\\/index.php\\\/prime-exceptionnelle-travaux-deconomies-denergie\\\/95170\\\/#breadcrumb\"},\"inLanguage\":\"fr-FR\",\"potentialAction\":[{\"@type\":\"ReadAction\",\"target\":[\"https:\\\/\\\/batijournal.com\\\/index.php\\\/prime-exceptionnelle-travaux-deconomies-denergie\\\/95170\\\/\"]}]},{\"@type\":\"ImageObject\",\"inLanguage\":\"fr-FR\",\"@id\":\"https:\\\/\\\/batijournal.com\\\/index.php\\\/prime-exceptionnelle-travaux-deconomies-denergie\\\/95170\\\/#primaryimage\",\"url\":\"https:\\\/\\\/batijournal.com\\\/wp-content\\\/uploads\\\/2015\\\/05\\\/99857158.jpg\",\"contentUrl\":\"https:\\\/\\\/batijournal.com\\\/wp-content\\\/uploads\\\/2015\\\/05\\\/99857158.jpg\",\"width\":600,\"height\":450,\"caption\":\"r\u00e9novation logements\"},{\"@type\":\"BreadcrumbList\",\"@id\":\"https:\\\/\\\/batijournal.com\\\/index.php\\\/prime-exceptionnelle-travaux-deconomies-denergie\\\/95170\\\/#breadcrumb\",\"itemListElement\":[{\"@type\":\"ListItem\",\"position\":1,\"name\":\"Accueil\",\"item\":\"https:\\\/\\\/batijournal.com\\\/\"},{\"@type\":\"ListItem\",\"position\":2,\"name\":\"Actualit\u00e9s\",\"item\":\"https:\\\/\\\/batijournal.com\\\/index.php\\\/category\\\/actualites\\\/\"},{\"@type\":\"ListItem\",\"position\":3,\"name\":\"Prime exceptionnelle pour les travaux d\u2019\u00e9conomies d\u2019\u00e9nergie\"}]},{\"@type\":\"WebSite\",\"@id\":\"https:\\\/\\\/batijournal.com\\\/#website\",\"url\":\"https:\\\/\\\/batijournal.com\\\/\",\"name\":\"Batijournal\",\"description\":\"L&#039;actualit\u00e9 du b\u00e2timent\",\"potentialAction\":[{\"@type\":\"SearchAction\",\"target\":{\"@type\":\"EntryPoint\",\"urlTemplate\":\"https:\\\/\\\/batijournal.com\\\/?s={search_term_string}\"},\"query-input\":{\"@type\":\"PropertyValueSpecification\",\"valueRequired\":true,\"valueName\":\"search_term_string\"}}],\"inLanguage\":\"fr-FR\"},{\"@type\":\"Person\",\"@id\":\"https:\\\/\\\/batijournal.com\\\/#\\\/schema\\\/person\\\/1dc96ec6957aa1ccb25ebe78bb19f100\",\"name\":\"St\u00e9phane Miget\",\"image\":{\"@type\":\"ImageObject\",\"inLanguage\":\"fr-FR\",\"@id\":\"https:\\\/\\\/secure.gravatar.com\\\/avatar\\\/89915563d925342126b8ef0281b93d9d7fc337043e8df017f780908eb9644451?s=96&d=mm&r=g\",\"url\":\"https:\\\/\\\/secure.gravatar.com\\\/avatar\\\/89915563d925342126b8ef0281b93d9d7fc337043e8df017f780908eb9644451?s=96&d=mm&r=g\",\"contentUrl\":\"https:\\\/\\\/secure.gravatar.com\\\/avatar\\\/89915563d925342126b8ef0281b93d9d7fc337043e8df017f780908eb9644451?s=96&d=mm&r=g\",\"caption\":\"St\u00e9phane Miget\"},\"url\":\"https:\\\/\\\/batijournal.com\\\/index.php\\\/author\\\/stephane\\\/\"}]}<\/script>\n<!-- \/ Yoast SEO plugin. -->","yoast_head_json":{"title":"Prime exceptionnelle pour les travaux d\u2019\u00e9conomies d\u2019\u00e9nergie","robots":{"index":"index","follow":"follow","max-snippet":"max-snippet:-1","max-image-preview":"max-image-preview:large","max-video-preview":"max-video-preview:-1"},"canonical":"https:\/\/batijournal.com\/index.php\/prime-exceptionnelle-travaux-deconomies-denergie\/95170\/","og_locale":"fr_FR","og_type":"article","og_title":"Prime exceptionnelle pour les travaux d\u2019\u00e9conomies d\u2019\u00e9nergie","og_description":"S\u00e9gol\u00e8ne Royal lance une prime \u00e9conomies d\u2019\u00e9nergie, qui va permettre aux m\u00e9nages sous conditions de ressources, de b\u00e9n\u00e9ficier jusqu&rsquo;au 31 mars 2018, d\u2019une prime exceptionnelle pour les aider \u00e0 financer leurs travaux d\u2019\u00e9conomies d\u2019\u00e9nergie. La charte pr\u00e9voit des primes\u00a0d\u2019au moins : \u2022\u00a0800 \u20ac\u00a0pour le remplacement d\u2019une chaudi\u00e8re individuelle par une chaudi\u00e8re neuve au gaz ou [&hellip;]","og_url":"https:\/\/batijournal.com\/index.php\/prime-exceptionnelle-travaux-deconomies-denergie\/95170\/","og_site_name":"Batijournal","article_published_time":"2017-02-24T07:24:15+00:00","article_modified_time":"2019-07-15T10:22:03+00:00","og_image":[{"width":600,"height":450,"url":"https:\/\/batijournal.com\/wp-content\/uploads\/2015\/05\/99857158.jpg","type":"image\/jpeg"}],"author":"St\u00e9phane Miget","twitter_card":"summary_large_image","twitter_creator":"@bati_journal","twitter_site":"@bati_journal","twitter_misc":{"\u00c9crit par":"St\u00e9phane Miget","Dur\u00e9e de lecture estim\u00e9e":"2 minutes"},"schema":{"@context":"https:\/\/schema.org","@graph":[{"@type":"Article","@id":"https:\/\/batijournal.com\/index.php\/prime-exceptionnelle-travaux-deconomies-denergie\/95170\/#article","isPartOf":{"@id":"https:\/\/batijournal.com\/index.php\/prime-exceptionnelle-travaux-deconomies-denergie\/95170\/"},"author":{"name":"St\u00e9phane Miget","@id":"https:\/\/batijournal.com\/#\/schema\/person\/1dc96ec6957aa1ccb25ebe78bb19f100"},"headline":"Prime exceptionnelle pour les travaux d\u2019\u00e9conomies d\u2019\u00e9nergie","datePublished":"2017-02-24T07:24:15+00:00","dateModified":"2019-07-15T10:22:03+00:00","mainEntityOfPage":{"@id":"https:\/\/batijournal.com\/index.php\/prime-exceptionnelle-travaux-deconomies-denergie\/95170\/"},"wordCount":384,"image":{"@id":"https:\/\/batijournal.com\/index.php\/prime-exceptionnelle-travaux-deconomies-denergie\/95170\/#primaryimage"},"thumbnailUrl":"https:\/\/batijournal.com\/wp-content\/uploads\/2015\/05\/99857158.jpg","keywords":["\u00e9conomies d'\u00e9nergie","r\u00e9novation thermique"],"articleSection":["Actualit\u00e9s","\u00c9nergie &amp; Environnement"],"inLanguage":"fr-FR"},{"@type":"WebPage","@id":"https:\/\/batijournal.com\/index.php\/prime-exceptionnelle-travaux-deconomies-denergie\/95170\/","url":"https:\/\/batijournal.com\/index.php\/prime-exceptionnelle-travaux-deconomies-denergie\/95170\/","name":"Prime exceptionnelle pour les travaux d\u2019\u00e9conomies d\u2019\u00e9nergie","isPartOf":{"@id":"https:\/\/batijournal.com\/#website"},"primaryImageOfPage":{"@id":"https:\/\/batijournal.com\/index.php\/prime-exceptionnelle-travaux-deconomies-denergie\/95170\/#primaryimage"},"image":{"@id":"https:\/\/batijournal.com\/index.php\/prime-exceptionnelle-travaux-deconomies-denergie\/95170\/#primaryimage"},"thumbnailUrl":"https:\/\/batijournal.com\/wp-content\/uploads\/2015\/05\/99857158.jpg","datePublished":"2017-02-24T07:24:15+00:00","dateModified":"2019-07-15T10:22:03+00:00","author":{"@id":"https:\/\/batijournal.com\/#\/schema\/person\/1dc96ec6957aa1ccb25ebe78bb19f100"},"breadcrumb":{"@id":"https:\/\/batijournal.com\/index.php\/prime-exceptionnelle-travaux-deconomies-denergie\/95170\/#breadcrumb"},"inLanguage":"fr-FR","potentialAction":[{"@type":"ReadAction","target":["https:\/\/batijournal.com\/index.php\/prime-exceptionnelle-travaux-deconomies-denergie\/95170\/"]}]},{"@type":"ImageObject","inLanguage":"fr-FR","@id":"https:\/\/batijournal.com\/index.php\/prime-exceptionnelle-travaux-deconomies-denergie\/95170\/#primaryimage","url":"https:\/\/batijournal.com\/wp-content\/uploads\/2015\/05\/99857158.jpg","contentUrl":"https:\/\/batijournal.com\/wp-content\/uploads\/2015\/05\/99857158.jpg","width":600,"height":450,"caption":"r\u00e9novation logements"},{"@type":"BreadcrumbList","@id":"https:\/\/batijournal.com\/index.php\/prime-exceptionnelle-travaux-deconomies-denergie\/95170\/#breadcrumb","itemListElement":[{"@type":"ListItem","position":1,"name":"Accueil","item":"https:\/\/batijournal.com\/"},{"@type":"ListItem","position":2,"name":"Actualit\u00e9s","item":"https:\/\/batijournal.com\/index.php\/category\/actualites\/"},{"@type":"ListItem","position":3,"name":"Prime exceptionnelle pour les travaux d\u2019\u00e9conomies d\u2019\u00e9nergie"}]},{"@type":"WebSite","@id":"https:\/\/batijournal.com\/#website","url":"https:\/\/batijournal.com\/","name":"Batijournal","description":"L&#039;actualit\u00e9 du b\u00e2timent","potentialAction":[{"@type":"SearchAction","target":{"@type":"EntryPoint","urlTemplate":"https:\/\/batijournal.com\/?s={search_term_string}"},"query-input":{"@type":"PropertyValueSpecification","valueRequired":true,"valueName":"search_term_string"}}],"inLanguage":"fr-FR"},{"@type":"Person","@id":"https:\/\/batijournal.com\/#\/schema\/person\/1dc96ec6957aa1ccb25ebe78bb19f100","name":"St\u00e9phane Miget","image":{"@type":"ImageObject","inLanguage":"fr-FR","@id":"https:\/\/secure.gravatar.com\/avatar\/89915563d925342126b8ef0281b93d9d7fc337043e8df017f780908eb9644451?s=96&d=mm&r=g","url":"https:\/\/secure.gravatar.com\/avatar\/89915563d925342126b8ef0281b93d9d7fc337043e8df017f780908eb9644451?s=96&d=mm&r=g","contentUrl":"https:\/\/secure.gravatar.com\/avatar\/89915563d925342126b8ef0281b93d9d7fc337043e8df017f780908eb9644451?s=96&d=mm&r=g","caption":"St\u00e9phane Miget"},"url":"https:\/\/batijournal.com\/index.php\/author\/stephane\/"}]}},"_links":{"self":[{"href":"https:\/\/batijournal.com\/index.php\/wp-json\/wp\/v2\/posts\/95170","targetHints":{"allow":["GET"]}}],"collection":[{"href":"https:\/\/batijournal.com\/index.php\/wp-json\/wp\/v2\/posts"}],"about":[{"href":"https:\/\/batijournal.com\/index.php\/wp-json\/wp\/v2\/types\/post"}],"author":[{"embeddable":true,"href":"https:\/\/batijournal.com\/index.php\/wp-json\/wp\/v2\/users\/17"}],"replies":[{"embeddable":true,"href":"https:\/\/batijournal.com\/index.php\/wp-json\/wp\/v2\/comments?post=95170"}],"version-history":[{"count":0,"href":"https:\/\/batijournal.com\/index.php\/wp-json\/wp\/v2\/posts\/95170\/revisions"}],"wp:featuredmedia":[{"embeddable":true,"href":"https:\/\/batijournal.com\/index.php\/wp-json\/wp\/v2\/media\/87319"}],"wp:attachment":[{"href":"https:\/\/batijournal.com\/index.php\/wp-json\/wp\/v2\/media?parent=95170"}],"wp:term":[{"taxonomy":"category","embeddable":true,"href":"https:\/\/batijournal.com\/index.php\/wp-json\/wp\/v2\/categories?post=95170"},{"taxonomy":"post_tag","embeddable":true,"href":"https:\/\/batijournal.com\/index.php\/wp-json\/wp\/v2\/tags?post=95170"}],"curies":[{"name":"wp","href":"https:\/\/api.w.org\/{rel}","templated":true}]}}