{"id":95235,"date":"2017-03-01T08:56:38","date_gmt":"2017-03-01T07:56:38","guid":{"rendered":"http:\/\/batijournal.com\/?p=95235"},"modified":"2019-07-15T11:16:01","modified_gmt":"2019-07-15T09:16:01","slug":"patrimoine-bati-museum-national-dhistoire-naturelle-lourd-a-porter","status":"publish","type":"post","link":"https:\/\/batijournal.com\/index.php\/patrimoine-bati-museum-national-dhistoire-naturelle-lourd-a-porter\/95235\/","title":{"rendered":"Le patrimoine b\u00e2ti du Mus\u00e9um national d\u2019histoire naturelle trop lourd \u00e0 porter ?"},"content":{"rendered":"<p><strong>Le Mus\u00e9um national d\u2019histoire naturelle a \u00e9t\u00e9 fond\u00e9 en 1793 par la Convention, c\u2019est aujourd\u2019hui un \u00e9tablissement public \u00e0 caract\u00e8re scientifique, culturel et professionnel. Etablissement multiforme avec une activit\u00e9 mus\u00e9ale, c&rsquo;est aussi un centre de recherche, un service d\u2019expertise pour les pouvoirs publics et un lieu de formation en master et en doctorat. Il dispose de collections exceptionnelles, comprenant plus de 66 millions de biens \u00e0 son inventaire, dont 43 millions d\u2019insectes. Il g\u00e8re \u00e9galement trois zoos, plusieurs mus\u00e9es et jardins botaniques. La r\u00e9ouverture du zoo de Vincennes en avril 2014 et du mus\u00e9e de l\u2019Homme en octobre 2015 ont entrain\u00e9 une augmentation des d\u00e9penses de fonctionnement, pass\u00e9es de 63,3 M\u20ac \u00e0 88,5 M\u20ac, et une baisse des d\u00e9penses d\u2019investissement de 36,6 M\u20ac \u00e0 25,6 M\u20ac. Dans son rapport annuel, la Cour des comptes a point\u00e9 une situation financi\u00e8re alarmante et invite l&rsquo;\u00e9tablissement a engager des mesures de redressement.<\/strong><\/p>\n<p><strong>Le PPP pour la r\u00e9novation du zoo de Vincennes plombe les comptes<\/strong><br \/>\nLa r\u00e9novation du zoo de Vincennes a pris la forme d\u2019un partenariat public-priv\u00e9. Depuis la livraison des installations et pendant 25 ans, le Mus\u00e9um doit verser chaque ann\u00e9e une redevance. Pour les ann\u00e9es 2017 \u00e0 2020, le co\u00fbt annuel global du zoo de Vincennes pour le Mus\u00e9um est estim\u00e9 \u00e0 20 M\u20ac : 6,8 M\u20ac au titre des d\u00e9penses de fonctionnement du zoo et 13,2 M\u20ac au titre de la redevance. Or les recettes de fonctionnement du zoo, \u00e9tablies sur la base de la fr\u00e9quentation de l\u2019ann\u00e9e 2015, ne s\u2019\u00e9l\u00e8vent qu\u2019\u00e0 12,6 M\u20ac. Le zoo de Vincennes repr\u00e9senterait ainsi un d\u00e9ficit structurel majeur pour l\u2019\u00e9tablissement, de l\u2019ordre de 7,4 M\u20ac par an. L&rsquo;Etat a vers\u00e9 fin 2015 une subvention exceptionnelle de 9 M\u20ac. La Cour a \u00e9tudi\u00e9 diff\u00e9rents sc\u00e9narios relatifs au PPP : r\u00e9siliation anticip\u00e9e du contrat, restructuration ou remboursement anticip\u00e9 de la dette, ren\u00e9gociation du taux de rentabilit\u00e9 interne actionnaire du partenaire, etc. Ils paraissent complexes \u00e0 mettre en \u0153uvre, sans garantir une r\u00e9duction du co\u00fbt total de l\u2019op\u00e9ration. Elle invite le Mus\u00e9um \u00e0 engager des efforts importants pour d\u00e9velopper l\u2019attractivit\u00e9 du zoo et se rapprocher des objectifs initiaux.<\/p>\n<p><strong>Les travaux du Mus\u00e9e de l\u2019Homme ont provoqu\u00e9 une explosion des co\u00fbts<\/strong><br \/>\nApr\u00e8s avoir constat\u00e9 que le programme mus\u00e9ographique de la nouvelle version du Mus\u00e9e de l&rsquo;Homme \u00e9tait trop large, une organisation sp\u00e9cifique a \u00e9t\u00e9 mise en place en 2011 pour red\u00e9finir compl\u00e8tement le projet scientifique et culturel.\u00a0En outre, la phase d\u2019\u00e9tudes techniques de la restauration de l\u2019aile Passy du Palais de Chaillot n\u2019a pas permis de d\u00e9tecter les probl\u00e8mes que pr\u00e9sentaient les lieux. Les \u00e9tudes initiales s\u2019\u00e9taient fond\u00e9es sur le retour d\u2019exp\u00e9rience des travaux de la Cit\u00e9 de l\u2019architecture et du patrimoine, situ\u00e9e dans l\u2019autre aile du palais. Il est apparu par la suite que les m\u00e9thodes de construction de ces deux b\u00e2timents \u00e9taient bien diff\u00e9rentes. La phase de curage des locaux r\u00e9alis\u00e9e en 2010 a mis au jour des pathologies sur les structures en b\u00e9ton arm\u00e9 datant de 1937 : les planchers ne pouvaient pas respecter la charge r\u00e8glementaire. La d\u00e9couverte de ces d\u00e9sordres dans la structure du b\u00e2timent a entra\u00een\u00e9 un arr\u00eat des travaux, avec un retard global \u00e9valu\u00e9 \u00e0 un an, et une remise \u00e0 plat du projet, autant dans ses aspects architecturaux que scientifiques et culturels. Des axes de r\u00e9duction des co\u00fbts ont \u00e9t\u00e9 recherch\u00e9s afin de limiter l\u2019impact des probl\u00e8mes de structure.<\/p>\n<p><strong>Un patrimoine trop volumineux<\/strong><br \/>\nLe Mus\u00e9um g\u00e8re un patrimoine tr\u00e8s important et complexe : b\u00e2timents anciens et prot\u00e9g\u00e9s au titre des monuments historiques, b\u00e2timents accueillant du public, laboratoires de recherche. En 2014, son patrimoine foncier repr\u00e9sentait une surface cadastrale de pr\u00e8s de 700 ha sur plus d\u2019une vingtaine de sites \u00e0 travers la France, et une surface hors \u0153uvre nette (SHON) de 204 000 m2. Ce patrimoine n\u2019a \u00e9t\u00e9 ni entretenu, ni rationnellement g\u00e9r\u00e9 pendant des d\u00e9cennies, ce qui a entra\u00een\u00e9 une d\u00e9gradation importante de nombreux b\u00e2timents. Le Mus\u00e9um souhaite aujourd&rsquo;hui lancer deux op\u00e9rations d\u2019ampleur : la r\u00e9novation compl\u00e8te de la galerie de pal\u00e9ontologie et d\u2019anatomie compar\u00e9e, pour un co\u00fbt total estim\u00e9 \u00e0 70 M\u20ac, et la construction de b\u00e2timents de r\u00e9serve sur l\u2019\u00ab \u00eelot Poliveau \u00bb au c\u0153ur du V\u00e8me arrondissement de Paris, prologue \u00e0 un r\u00e9am\u00e9nagement plus vaste de cet \u00eelot, pour un co\u00fbt de l\u2019ordre de 30 M\u20ac. Pour la Cour des comptes, le Mus\u00e9um doit proc\u00e9der \u00e0 une revue de ses sites et envisager des cessions ou des fermetures au public, d\u00e8s lors que le co\u00fbt de fonctionnement n\u2019est pas en rapport avec son int\u00e9r\u00eat scientifique et culturel et avec sa fr\u00e9quentation. Le Mus\u00e9um doit c\u00e9der des sites secondaires en valorisant mieux son foncier disponible.<\/p>\n<p>Source : Cours des comptes<\/p>\n<p>&nbsp;<\/p>\n","protected":false},"excerpt":{"rendered":"<p>Le Mus\u00e9um national d\u2019histoire naturelle a \u00e9t\u00e9 fond\u00e9 en 1793 par la Convention, c\u2019est aujourd\u2019hui un \u00e9tablissement public \u00e0 caract\u00e8re scientifique, culturel et professionnel. Etablissement multiforme avec une activit\u00e9 mus\u00e9ale, c&rsquo;est aussi un centre de recherche, un service d\u2019expertise pour les pouvoirs publics et un lieu de formation en master et en doctorat. Il dispose [&hellip;]<\/p>\n","protected":false},"author":17,"featured_media":95236,"comment_status":"closed","ping_status":"closed","sticky":false,"template":"","format":"standard","meta":{"_et_pb_use_builder":"","_et_pb_old_content":"","_et_gb_content_width":"","footnotes":""},"categories":[10530,6340],"tags":[11705,8560],"class_list":["post-95235","post","type-post","status-publish","format-standard","has-post-thumbnail","hentry","category-actualites","category-architecture-conception","tag-museum-national-dhistoire-naturelle","tag-patrimoine-bati"],"yoast_head":"<!-- This site is optimized with the Yoast SEO plugin v27.4 - https:\/\/yoast.com\/product\/yoast-seo-wordpress\/ -->\n<title>Le patrimoine b\u00e2ti du Mus\u00e9um national d\u2019histoire naturelle trop lourd \u00e0 porter ?<\/title>\n<meta name=\"robots\" content=\"index, follow, max-snippet:-1, max-image-preview:large, max-video-preview:-1\" \/>\n<link rel=\"canonical\" href=\"https:\/\/batijournal.com\/index.php\/patrimoine-bati-museum-national-dhistoire-naturelle-lourd-a-porter\/95235\/\" \/>\n<meta property=\"og:locale\" content=\"fr_FR\" \/>\n<meta property=\"og:type\" content=\"article\" \/>\n<meta property=\"og:title\" content=\"Le patrimoine b\u00e2ti du Mus\u00e9um national d\u2019histoire naturelle trop lourd \u00e0 porter ?\" \/>\n<meta property=\"og:description\" content=\"Le Mus\u00e9um national d\u2019histoire naturelle a \u00e9t\u00e9 fond\u00e9 en 1793 par la Convention, c\u2019est aujourd\u2019hui un \u00e9tablissement public \u00e0 caract\u00e8re scientifique, culturel et professionnel. Etablissement multiforme avec une activit\u00e9 mus\u00e9ale, c&rsquo;est aussi un centre de recherche, un service d\u2019expertise pour les pouvoirs publics et un lieu de formation en master et en doctorat. Il dispose [&hellip;]\" \/>\n<meta property=\"og:url\" content=\"https:\/\/batijournal.com\/index.php\/patrimoine-bati-museum-national-dhistoire-naturelle-lourd-a-porter\/95235\/\" \/>\n<meta property=\"og:site_name\" content=\"Batijournal\" \/>\n<meta property=\"article:published_time\" content=\"2017-03-01T07:56:38+00:00\" \/>\n<meta property=\"article:modified_time\" content=\"2019-07-15T09:16:01+00:00\" \/>\n<meta property=\"og:image\" content=\"https:\/\/batijournal.com\/wp-content\/uploads\/2017\/03\/patrimoine-museum-national-histoire-naturelle-paris.jpg\" \/>\n\t<meta property=\"og:image:width\" content=\"1500\" \/>\n\t<meta property=\"og:image:height\" content=\"1239\" \/>\n\t<meta property=\"og:image:type\" content=\"image\/jpeg\" \/>\n<meta name=\"author\" content=\"St\u00e9phane Miget\" \/>\n<meta name=\"twitter:card\" content=\"summary_large_image\" \/>\n<meta name=\"twitter:creator\" content=\"@bati_journal\" \/>\n<meta name=\"twitter:site\" content=\"@bati_journal\" \/>\n<meta name=\"twitter:label1\" content=\"\u00c9crit par\" \/>\n\t<meta name=\"twitter:data1\" content=\"St\u00e9phane Miget\" \/>\n\t<meta name=\"twitter:label2\" content=\"Dur\u00e9e de lecture estim\u00e9e\" \/>\n\t<meta name=\"twitter:data2\" content=\"4 minutes\" \/>\n<script type=\"application\/ld+json\" class=\"yoast-schema-graph\">{\"@context\":\"https:\\\/\\\/schema.org\",\"@graph\":[{\"@type\":\"Article\",\"@id\":\"https:\\\/\\\/batijournal.com\\\/index.php\\\/patrimoine-bati-museum-national-dhistoire-naturelle-lourd-a-porter\\\/95235\\\/#article\",\"isPartOf\":{\"@id\":\"https:\\\/\\\/batijournal.com\\\/index.php\\\/patrimoine-bati-museum-national-dhistoire-naturelle-lourd-a-porter\\\/95235\\\/\"},\"author\":{\"name\":\"St\u00e9phane Miget\",\"@id\":\"https:\\\/\\\/batijournal.com\\\/#\\\/schema\\\/person\\\/1dc96ec6957aa1ccb25ebe78bb19f100\"},\"headline\":\"Le patrimoine b\u00e2ti du Mus\u00e9um national d\u2019histoire naturelle trop lourd \u00e0 porter ?\",\"datePublished\":\"2017-03-01T07:56:38+00:00\",\"dateModified\":\"2019-07-15T09:16:01+00:00\",\"mainEntityOfPage\":{\"@id\":\"https:\\\/\\\/batijournal.com\\\/index.php\\\/patrimoine-bati-museum-national-dhistoire-naturelle-lourd-a-porter\\\/95235\\\/\"},\"wordCount\":874,\"image\":{\"@id\":\"https:\\\/\\\/batijournal.com\\\/index.php\\\/patrimoine-bati-museum-national-dhistoire-naturelle-lourd-a-porter\\\/95235\\\/#primaryimage\"},\"thumbnailUrl\":\"https:\\\/\\\/batijournal.com\\\/wp-content\\\/uploads\\\/2017\\\/03\\\/patrimoine-museum-national-histoire-naturelle-paris.jpg\",\"keywords\":[\"mus\u00e9um national d'histoire naturelle\",\"patrimoine bati\"],\"articleSection\":[\"Actualit\u00e9s\",\"Architecture &amp; Conception\"],\"inLanguage\":\"fr-FR\"},{\"@type\":\"WebPage\",\"@id\":\"https:\\\/\\\/batijournal.com\\\/index.php\\\/patrimoine-bati-museum-national-dhistoire-naturelle-lourd-a-porter\\\/95235\\\/\",\"url\":\"https:\\\/\\\/batijournal.com\\\/index.php\\\/patrimoine-bati-museum-national-dhistoire-naturelle-lourd-a-porter\\\/95235\\\/\",\"name\":\"Le patrimoine b\u00e2ti du Mus\u00e9um national d\u2019histoire naturelle trop lourd \u00e0 porter ?\",\"isPartOf\":{\"@id\":\"https:\\\/\\\/batijournal.com\\\/#website\"},\"primaryImageOfPage\":{\"@id\":\"https:\\\/\\\/batijournal.com\\\/index.php\\\/patrimoine-bati-museum-national-dhistoire-naturelle-lourd-a-porter\\\/95235\\\/#primaryimage\"},\"image\":{\"@id\":\"https:\\\/\\\/batijournal.com\\\/index.php\\\/patrimoine-bati-museum-national-dhistoire-naturelle-lourd-a-porter\\\/95235\\\/#primaryimage\"},\"thumbnailUrl\":\"https:\\\/\\\/batijournal.com\\\/wp-content\\\/uploads\\\/2017\\\/03\\\/patrimoine-museum-national-histoire-naturelle-paris.jpg\",\"datePublished\":\"2017-03-01T07:56:38+00:00\",\"dateModified\":\"2019-07-15T09:16:01+00:00\",\"author\":{\"@id\":\"https:\\\/\\\/batijournal.com\\\/#\\\/schema\\\/person\\\/1dc96ec6957aa1ccb25ebe78bb19f100\"},\"breadcrumb\":{\"@id\":\"https:\\\/\\\/batijournal.com\\\/index.php\\\/patrimoine-bati-museum-national-dhistoire-naturelle-lourd-a-porter\\\/95235\\\/#breadcrumb\"},\"inLanguage\":\"fr-FR\",\"potentialAction\":[{\"@type\":\"ReadAction\",\"target\":[\"https:\\\/\\\/batijournal.com\\\/index.php\\\/patrimoine-bati-museum-national-dhistoire-naturelle-lourd-a-porter\\\/95235\\\/\"]}]},{\"@type\":\"ImageObject\",\"inLanguage\":\"fr-FR\",\"@id\":\"https:\\\/\\\/batijournal.com\\\/index.php\\\/patrimoine-bati-museum-national-dhistoire-naturelle-lourd-a-porter\\\/95235\\\/#primaryimage\",\"url\":\"https:\\\/\\\/batijournal.com\\\/wp-content\\\/uploads\\\/2017\\\/03\\\/patrimoine-museum-national-histoire-naturelle-paris.jpg\",\"contentUrl\":\"https:\\\/\\\/batijournal.com\\\/wp-content\\\/uploads\\\/2017\\\/03\\\/patrimoine-museum-national-histoire-naturelle-paris.jpg\",\"width\":1500,\"height\":1239},{\"@type\":\"BreadcrumbList\",\"@id\":\"https:\\\/\\\/batijournal.com\\\/index.php\\\/patrimoine-bati-museum-national-dhistoire-naturelle-lourd-a-porter\\\/95235\\\/#breadcrumb\",\"itemListElement\":[{\"@type\":\"ListItem\",\"position\":1,\"name\":\"Accueil\",\"item\":\"https:\\\/\\\/batijournal.com\\\/\"},{\"@type\":\"ListItem\",\"position\":2,\"name\":\"Actualit\u00e9s\",\"item\":\"https:\\\/\\\/batijournal.com\\\/index.php\\\/category\\\/actualites\\\/\"},{\"@type\":\"ListItem\",\"position\":3,\"name\":\"Le patrimoine b\u00e2ti du Mus\u00e9um national d\u2019histoire naturelle trop lourd \u00e0 porter ?\"}]},{\"@type\":\"WebSite\",\"@id\":\"https:\\\/\\\/batijournal.com\\\/#website\",\"url\":\"https:\\\/\\\/batijournal.com\\\/\",\"name\":\"Batijournal\",\"description\":\"L&#039;actualit\u00e9 du b\u00e2timent\",\"potentialAction\":[{\"@type\":\"SearchAction\",\"target\":{\"@type\":\"EntryPoint\",\"urlTemplate\":\"https:\\\/\\\/batijournal.com\\\/?s={search_term_string}\"},\"query-input\":{\"@type\":\"PropertyValueSpecification\",\"valueRequired\":true,\"valueName\":\"search_term_string\"}}],\"inLanguage\":\"fr-FR\"},{\"@type\":\"Person\",\"@id\":\"https:\\\/\\\/batijournal.com\\\/#\\\/schema\\\/person\\\/1dc96ec6957aa1ccb25ebe78bb19f100\",\"name\":\"St\u00e9phane Miget\",\"image\":{\"@type\":\"ImageObject\",\"inLanguage\":\"fr-FR\",\"@id\":\"https:\\\/\\\/secure.gravatar.com\\\/avatar\\\/89915563d925342126b8ef0281b93d9d7fc337043e8df017f780908eb9644451?s=96&d=mm&r=g\",\"url\":\"https:\\\/\\\/secure.gravatar.com\\\/avatar\\\/89915563d925342126b8ef0281b93d9d7fc337043e8df017f780908eb9644451?s=96&d=mm&r=g\",\"contentUrl\":\"https:\\\/\\\/secure.gravatar.com\\\/avatar\\\/89915563d925342126b8ef0281b93d9d7fc337043e8df017f780908eb9644451?s=96&d=mm&r=g\",\"caption\":\"St\u00e9phane Miget\"},\"url\":\"https:\\\/\\\/batijournal.com\\\/index.php\\\/author\\\/stephane\\\/\"}]}<\/script>\n<!-- \/ Yoast SEO plugin. -->","yoast_head_json":{"title":"Le patrimoine b\u00e2ti du Mus\u00e9um national d\u2019histoire naturelle trop lourd \u00e0 porter ?","robots":{"index":"index","follow":"follow","max-snippet":"max-snippet:-1","max-image-preview":"max-image-preview:large","max-video-preview":"max-video-preview:-1"},"canonical":"https:\/\/batijournal.com\/index.php\/patrimoine-bati-museum-national-dhistoire-naturelle-lourd-a-porter\/95235\/","og_locale":"fr_FR","og_type":"article","og_title":"Le patrimoine b\u00e2ti du Mus\u00e9um national d\u2019histoire naturelle trop lourd \u00e0 porter ?","og_description":"Le Mus\u00e9um national d\u2019histoire naturelle a \u00e9t\u00e9 fond\u00e9 en 1793 par la Convention, c\u2019est aujourd\u2019hui un \u00e9tablissement public \u00e0 caract\u00e8re scientifique, culturel et professionnel. Etablissement multiforme avec une activit\u00e9 mus\u00e9ale, c&rsquo;est aussi un centre de recherche, un service d\u2019expertise pour les pouvoirs publics et un lieu de formation en master et en doctorat. Il dispose [&hellip;]","og_url":"https:\/\/batijournal.com\/index.php\/patrimoine-bati-museum-national-dhistoire-naturelle-lourd-a-porter\/95235\/","og_site_name":"Batijournal","article_published_time":"2017-03-01T07:56:38+00:00","article_modified_time":"2019-07-15T09:16:01+00:00","og_image":[{"width":1500,"height":1239,"url":"https:\/\/batijournal.com\/wp-content\/uploads\/2017\/03\/patrimoine-museum-national-histoire-naturelle-paris.jpg","type":"image\/jpeg"}],"author":"St\u00e9phane Miget","twitter_card":"summary_large_image","twitter_creator":"@bati_journal","twitter_site":"@bati_journal","twitter_misc":{"\u00c9crit par":"St\u00e9phane Miget","Dur\u00e9e de lecture estim\u00e9e":"4 minutes"},"schema":{"@context":"https:\/\/schema.org","@graph":[{"@type":"Article","@id":"https:\/\/batijournal.com\/index.php\/patrimoine-bati-museum-national-dhistoire-naturelle-lourd-a-porter\/95235\/#article","isPartOf":{"@id":"https:\/\/batijournal.com\/index.php\/patrimoine-bati-museum-national-dhistoire-naturelle-lourd-a-porter\/95235\/"},"author":{"name":"St\u00e9phane Miget","@id":"https:\/\/batijournal.com\/#\/schema\/person\/1dc96ec6957aa1ccb25ebe78bb19f100"},"headline":"Le patrimoine b\u00e2ti du Mus\u00e9um national d\u2019histoire naturelle trop lourd \u00e0 porter ?","datePublished":"2017-03-01T07:56:38+00:00","dateModified":"2019-07-15T09:16:01+00:00","mainEntityOfPage":{"@id":"https:\/\/batijournal.com\/index.php\/patrimoine-bati-museum-national-dhistoire-naturelle-lourd-a-porter\/95235\/"},"wordCount":874,"image":{"@id":"https:\/\/batijournal.com\/index.php\/patrimoine-bati-museum-national-dhistoire-naturelle-lourd-a-porter\/95235\/#primaryimage"},"thumbnailUrl":"https:\/\/batijournal.com\/wp-content\/uploads\/2017\/03\/patrimoine-museum-national-histoire-naturelle-paris.jpg","keywords":["mus\u00e9um national d'histoire naturelle","patrimoine bati"],"articleSection":["Actualit\u00e9s","Architecture &amp; Conception"],"inLanguage":"fr-FR"},{"@type":"WebPage","@id":"https:\/\/batijournal.com\/index.php\/patrimoine-bati-museum-national-dhistoire-naturelle-lourd-a-porter\/95235\/","url":"https:\/\/batijournal.com\/index.php\/patrimoine-bati-museum-national-dhistoire-naturelle-lourd-a-porter\/95235\/","name":"Le patrimoine b\u00e2ti du Mus\u00e9um national d\u2019histoire naturelle trop lourd \u00e0 porter ?","isPartOf":{"@id":"https:\/\/batijournal.com\/#website"},"primaryImageOfPage":{"@id":"https:\/\/batijournal.com\/index.php\/patrimoine-bati-museum-national-dhistoire-naturelle-lourd-a-porter\/95235\/#primaryimage"},"image":{"@id":"https:\/\/batijournal.com\/index.php\/patrimoine-bati-museum-national-dhistoire-naturelle-lourd-a-porter\/95235\/#primaryimage"},"thumbnailUrl":"https:\/\/batijournal.com\/wp-content\/uploads\/2017\/03\/patrimoine-museum-national-histoire-naturelle-paris.jpg","datePublished":"2017-03-01T07:56:38+00:00","dateModified":"2019-07-15T09:16:01+00:00","author":{"@id":"https:\/\/batijournal.com\/#\/schema\/person\/1dc96ec6957aa1ccb25ebe78bb19f100"},"breadcrumb":{"@id":"https:\/\/batijournal.com\/index.php\/patrimoine-bati-museum-national-dhistoire-naturelle-lourd-a-porter\/95235\/#breadcrumb"},"inLanguage":"fr-FR","potentialAction":[{"@type":"ReadAction","target":["https:\/\/batijournal.com\/index.php\/patrimoine-bati-museum-national-dhistoire-naturelle-lourd-a-porter\/95235\/"]}]},{"@type":"ImageObject","inLanguage":"fr-FR","@id":"https:\/\/batijournal.com\/index.php\/patrimoine-bati-museum-national-dhistoire-naturelle-lourd-a-porter\/95235\/#primaryimage","url":"https:\/\/batijournal.com\/wp-content\/uploads\/2017\/03\/patrimoine-museum-national-histoire-naturelle-paris.jpg","contentUrl":"https:\/\/batijournal.com\/wp-content\/uploads\/2017\/03\/patrimoine-museum-national-histoire-naturelle-paris.jpg","width":1500,"height":1239},{"@type":"BreadcrumbList","@id":"https:\/\/batijournal.com\/index.php\/patrimoine-bati-museum-national-dhistoire-naturelle-lourd-a-porter\/95235\/#breadcrumb","itemListElement":[{"@type":"ListItem","position":1,"name":"Accueil","item":"https:\/\/batijournal.com\/"},{"@type":"ListItem","position":2,"name":"Actualit\u00e9s","item":"https:\/\/batijournal.com\/index.php\/category\/actualites\/"},{"@type":"ListItem","position":3,"name":"Le patrimoine b\u00e2ti du Mus\u00e9um national d\u2019histoire naturelle trop lourd \u00e0 porter ?"}]},{"@type":"WebSite","@id":"https:\/\/batijournal.com\/#website","url":"https:\/\/batijournal.com\/","name":"Batijournal","description":"L&#039;actualit\u00e9 du b\u00e2timent","potentialAction":[{"@type":"SearchAction","target":{"@type":"EntryPoint","urlTemplate":"https:\/\/batijournal.com\/?s={search_term_string}"},"query-input":{"@type":"PropertyValueSpecification","valueRequired":true,"valueName":"search_term_string"}}],"inLanguage":"fr-FR"},{"@type":"Person","@id":"https:\/\/batijournal.com\/#\/schema\/person\/1dc96ec6957aa1ccb25ebe78bb19f100","name":"St\u00e9phane Miget","image":{"@type":"ImageObject","inLanguage":"fr-FR","@id":"https:\/\/secure.gravatar.com\/avatar\/89915563d925342126b8ef0281b93d9d7fc337043e8df017f780908eb9644451?s=96&d=mm&r=g","url":"https:\/\/secure.gravatar.com\/avatar\/89915563d925342126b8ef0281b93d9d7fc337043e8df017f780908eb9644451?s=96&d=mm&r=g","contentUrl":"https:\/\/secure.gravatar.com\/avatar\/89915563d925342126b8ef0281b93d9d7fc337043e8df017f780908eb9644451?s=96&d=mm&r=g","caption":"St\u00e9phane Miget"},"url":"https:\/\/batijournal.com\/index.php\/author\/stephane\/"}]}},"_links":{"self":[{"href":"https:\/\/batijournal.com\/index.php\/wp-json\/wp\/v2\/posts\/95235","targetHints":{"allow":["GET"]}}],"collection":[{"href":"https:\/\/batijournal.com\/index.php\/wp-json\/wp\/v2\/posts"}],"about":[{"href":"https:\/\/batijournal.com\/index.php\/wp-json\/wp\/v2\/types\/post"}],"author":[{"embeddable":true,"href":"https:\/\/batijournal.com\/index.php\/wp-json\/wp\/v2\/users\/17"}],"replies":[{"embeddable":true,"href":"https:\/\/batijournal.com\/index.php\/wp-json\/wp\/v2\/comments?post=95235"}],"version-history":[{"count":0,"href":"https:\/\/batijournal.com\/index.php\/wp-json\/wp\/v2\/posts\/95235\/revisions"}],"wp:featuredmedia":[{"embeddable":true,"href":"https:\/\/batijournal.com\/index.php\/wp-json\/wp\/v2\/media\/95236"}],"wp:attachment":[{"href":"https:\/\/batijournal.com\/index.php\/wp-json\/wp\/v2\/media?parent=95235"}],"wp:term":[{"taxonomy":"category","embeddable":true,"href":"https:\/\/batijournal.com\/index.php\/wp-json\/wp\/v2\/categories?post=95235"},{"taxonomy":"post_tag","embeddable":true,"href":"https:\/\/batijournal.com\/index.php\/wp-json\/wp\/v2\/tags?post=95235"}],"curies":[{"name":"wp","href":"https:\/\/api.w.org\/{rel}","templated":true}]}}