{"id":95241,"date":"2017-03-01T11:46:14","date_gmt":"2017-03-01T10:46:14","guid":{"rendered":"http:\/\/batijournal.com\/?p=95241"},"modified":"2019-07-15T12:07:13","modified_gmt":"2019-07-15T10:07:13","slug":"cfa-unicem-ouvrent-leurs-portes","status":"publish","type":"post","link":"https:\/\/batijournal.com\/index.php\/cfa-unicem-ouvrent-leurs-portes\/95241\/","title":{"rendered":"Les CFA UNICEM ouvrent leurs portes"},"content":{"rendered":"<p>Chaque ann\u00e9e, plus de 500 jeunes en contrat d\u2019apprentissage et de professionnalisation sont form\u00e9s aux m\u00e9tiers des granulats, du b\u00e9ton pr\u00eat \u00e0 l\u2019emploi et de la pierre dans les 3 Centres de Formation des Apprentis de l&rsquo;Union nationale des industries de carri\u00e8res et mat\u00e9riaux de construction (UNICEM). Ces 3 CFA, r\u00e9partis sur le territoire, organisent des journ\u00e9es portes ouvertes entre mars et mai 2017,.<\/p>\n<p><strong>CFA Montalieu (Is\u00e8re)<\/strong><br \/>\n<strong>Journ\u00e9e porte ouverte\u00a0: mercredi 1er mars 2017 de 9h \u00e0 17h30.<\/strong><br \/>\nL\u2019occasion de d\u00e9couvrir les formations dispens\u00e9es sur les m\u00e9tiers de la conduite d\u2019engins et de la maintenance carri\u00e8res et travaux publics, mais aussi les \u00e9quipements et l\u2019\u00e9quipe p\u00e9dagogique du CFA.<br \/>\n<a href=\"http:\/\/www.unicem.fr\/2017\/01\/23\/portes-ouvertes-au-cfa-de-montalieu\/\" target=\"_blank\" rel=\"noopener noreferrer\">http:\/\/www.unicem.fr\/2017\/01\/23\/portes-ouvertes-au-cfa-de-montalieu\/<\/a><\/p>\n<p><strong>Journ\u00e9e porte ouverte\u00a0m\u00e9tiers de la pierre : jeudi 2, mercredi 15 et jeudi 16 mars \u00e0 partir de 13h30<\/strong> (pr\u00e9voir la \u00bd journ\u00e9e compl\u00e8te)<br \/>\nAu programme de cette demi-journ\u00e9e\u00a0: \u00a0visite des ateliers taille de pierre et marbrerie, pr\u00e9sentation des m\u00e9tiers et des formations et proposition d\u2019essai en taille de pierre.<br \/>\nPr\u00e9voir des v\u00eatements adapt\u00e9s \u00e0 la visite d\u2019atelier, chaussures ferm\u00e9es et plates obligatoires.<br \/>\nInscription obligatoire par mail : <a href=\"mailto:cfa.montalieu@unicem.fr\" target=\"_blank\" rel=\"noopener noreferrer\">cfa.montalieu@unicem.fr<\/a><br \/>\n<a href=\"http:\/\/www.unicem.fr\/2017\/02\/28\/portes-ouvertes-au-cfa-de-montalieu-3\/\" target=\"_blank\" rel=\"noopener noreferrer\">http:\/\/www.unicem.fr\/2017\/02\/28\/portes-ouvertes-au-cfa-de-montalieu-3\/<\/a><\/p>\n<p><strong>Journ\u00e9e porte ouverte\u00a0: mercredi 12 avril 2017 de 9h \u00e0 17h00.<\/strong><br \/>\nL\u2019occasion de tout savoir sur le BTS G\u00e9ologie appliqu\u00e9e\u00a0: plan de formation, finalit\u00e9s et modalit\u00e9s. Des entreprises partenaires seront \u00e9galement pr\u00e9sentes pour des \u00e9changes \u00ab\u00a0m\u00e9tiers\u00a0\u00bb. L\u2019apr\u00e8s-midi, une visite du CFA est pr\u00e9vue pour pr\u00e9senter les b\u00e2timents et les installations.<br \/>\n<a href=\"http:\/\/www.unicem.fr\/2017\/02\/28\/portes-ouvertes-au-cfa-de-montalieu-2\/\" target=\"_blank\" rel=\"noopener noreferrer\">http:\/\/www.unicem.fr\/2017\/02\/28\/portes-ouvertes-au-cfa-de-montalieu-2\/<\/a><\/p>\n<p>&nbsp;<\/p>\n<p><strong>CFA Louvign\u00e9-du-D\u00e9sert (Ille-et-Vilaine)<\/strong><br \/>\n<strong>Journ\u00e9es portes ouvertes\u00a0: samedi 4 mars de 9h \u00e0 17h et samedi 13 mai de 9h \u00e0 12h.<\/strong><br \/>\nL\u2019occasion de d\u00e9couvrir les formations dispens\u00e9es sur les m\u00e9tiers de la pierre, de la maintenance des mat\u00e9riels TP et du pilotage des installations, mais aussi les \u00e9quipements et l\u2019\u00e9quipe p\u00e9dagogique du CFA.<br \/>\n<a href=\"http:\/\/www.unicem.fr\/2017\/02\/01\/portes-ouvertes-au-cfa-de-louvigne-du-desert\/\" target=\"_blank\" rel=\"noopener noreferrer\">http:\/\/www.unicem.fr\/2017\/02\/01\/portes-ouvertes-au-cfa-de-louvigne-du-desert\/<\/a><\/p>\n<p>&nbsp;<\/p>\n<p><strong>CFA Midi-Pyr\u00e9n\u00e9es<\/strong><br \/>\n<strong>Le site de Toulouse-Bessi\u00e8res (Haute-Garonne)\u00a0ouvre ses portes au public le mercredi 15 mars de 9h \u00e0 17h, le vendredi 21 avril de 9h \u00e0 17 h ainsi que le samedi 22 avril de 9h \u00e0 13h.<\/strong><br \/>\n<strong>Le site de Castres-Lacrouzette (Tarn) sera accessible pour d\u00e9couvrir les m\u00e9tiers de la pierre, le mercredi 26 avril de 9h \u00e0 17h et le vendredi 28 avril de 9h \u00e0 17h.<\/strong><br \/>\n<a href=\"http:\/\/www.unicem.fr\/2017\/01\/24\/les-rdv-du-cfa-midi-pyrenees\/\" target=\"_blank\" rel=\"noopener noreferrer\">http:\/\/www.unicem.fr\/2017\/01\/24\/les-rdv-du-cfa-midi-pyrenees\/<\/a><\/p>\n","protected":false},"excerpt":{"rendered":"<p>Chaque ann\u00e9e, plus de 500 jeunes en contrat d\u2019apprentissage et de professionnalisation sont form\u00e9s aux m\u00e9tiers des granulats, du b\u00e9ton pr\u00eat \u00e0 l\u2019emploi et de la pierre dans les 3 Centres de Formation des Apprentis de l&rsquo;Union nationale des industries de carri\u00e8res et mat\u00e9riaux de construction (UNICEM). Ces 3 CFA, r\u00e9partis sur le territoire, organisent [&hellip;]<\/p>\n","protected":false},"author":17,"featured_media":91618,"comment_status":"closed","ping_status":"closed","sticky":false,"template":"","format":"standard","meta":{"_et_pb_use_builder":"","_et_pb_old_content":"","_et_gb_content_width":"","footnotes":""},"categories":[10530,6345,10775],"tags":[1128,517,4840,2403,6669],"class_list":["post-95241","post","type-post","status-publish","format-standard","has-post-thumbnail","hentry","category-actualites","category-economie-marches","category-actualites-5facades","tag-beton","tag-formation","tag-granulats","tag-pierre","tag-unicem"],"yoast_head":"<!-- This site is optimized with the Yoast SEO plugin v27.4 - https:\/\/yoast.com\/product\/yoast-seo-wordpress\/ -->\n<title>Les CFA UNICEM ouvrent leurs portes<\/title>\n<meta name=\"robots\" content=\"index, follow, max-snippet:-1, max-image-preview:large, max-video-preview:-1\" \/>\n<link rel=\"canonical\" href=\"https:\/\/batijournal.com\/index.php\/cfa-unicem-ouvrent-leurs-portes\/95241\/\" \/>\n<meta property=\"og:locale\" content=\"fr_FR\" \/>\n<meta property=\"og:type\" content=\"article\" \/>\n<meta property=\"og:title\" content=\"Les CFA UNICEM ouvrent leurs portes\" \/>\n<meta property=\"og:description\" content=\"Chaque ann\u00e9e, plus de 500 jeunes en contrat d\u2019apprentissage et de professionnalisation sont form\u00e9s aux m\u00e9tiers des granulats, du b\u00e9ton pr\u00eat \u00e0 l\u2019emploi et de la pierre dans les 3 Centres de Formation des Apprentis de l&rsquo;Union nationale des industries de carri\u00e8res et mat\u00e9riaux de construction (UNICEM). Ces 3 CFA, r\u00e9partis sur le territoire, organisent [&hellip;]\" \/>\n<meta property=\"og:url\" content=\"https:\/\/batijournal.com\/index.php\/cfa-unicem-ouvrent-leurs-portes\/95241\/\" \/>\n<meta property=\"og:site_name\" content=\"Batijournal\" \/>\n<meta property=\"article:published_time\" content=\"2017-03-01T10:46:14+00:00\" \/>\n<meta property=\"article:modified_time\" content=\"2019-07-15T10:07:13+00:00\" \/>\n<meta property=\"og:image\" content=\"https:\/\/batijournal.com\/wp-content\/uploads\/2016\/02\/granulats-2.jpg\" \/>\n\t<meta property=\"og:image:width\" content=\"1000\" \/>\n\t<meta property=\"og:image:height\" content=\"588\" \/>\n\t<meta property=\"og:image:type\" content=\"image\/jpeg\" \/>\n<meta name=\"author\" content=\"St\u00e9phane Miget\" \/>\n<meta name=\"twitter:card\" content=\"summary_large_image\" \/>\n<meta name=\"twitter:creator\" content=\"@bati_journal\" \/>\n<meta name=\"twitter:site\" content=\"@bati_journal\" \/>\n<meta name=\"twitter:label1\" content=\"\u00c9crit par\" \/>\n\t<meta name=\"twitter:data1\" content=\"St\u00e9phane Miget\" \/>\n\t<meta name=\"twitter:label2\" content=\"Dur\u00e9e de lecture estim\u00e9e\" \/>\n\t<meta name=\"twitter:data2\" content=\"2 minutes\" \/>\n<script type=\"application\/ld+json\" class=\"yoast-schema-graph\">{\"@context\":\"https:\\\/\\\/schema.org\",\"@graph\":[{\"@type\":\"Article\",\"@id\":\"https:\\\/\\\/batijournal.com\\\/index.php\\\/cfa-unicem-ouvrent-leurs-portes\\\/95241\\\/#article\",\"isPartOf\":{\"@id\":\"https:\\\/\\\/batijournal.com\\\/index.php\\\/cfa-unicem-ouvrent-leurs-portes\\\/95241\\\/\"},\"author\":{\"name\":\"St\u00e9phane Miget\",\"@id\":\"https:\\\/\\\/batijournal.com\\\/#\\\/schema\\\/person\\\/1dc96ec6957aa1ccb25ebe78bb19f100\"},\"headline\":\"Les CFA UNICEM ouvrent leurs portes\",\"datePublished\":\"2017-03-01T10:46:14+00:00\",\"dateModified\":\"2019-07-15T10:07:13+00:00\",\"mainEntityOfPage\":{\"@id\":\"https:\\\/\\\/batijournal.com\\\/index.php\\\/cfa-unicem-ouvrent-leurs-portes\\\/95241\\\/\"},\"wordCount\":418,\"image\":{\"@id\":\"https:\\\/\\\/batijournal.com\\\/index.php\\\/cfa-unicem-ouvrent-leurs-portes\\\/95241\\\/#primaryimage\"},\"thumbnailUrl\":\"https:\\\/\\\/batijournal.com\\\/wp-content\\\/uploads\\\/2016\\\/02\\\/granulats-2.jpg\",\"keywords\":[\"b\u00e9ton\",\"formation\",\"granulats\",\"pierre\",\"unicem\"],\"articleSection\":[\"Actualit\u00e9s\",\"\u00c9conomie &amp; March\u00e9s\",\"zz_Actualit\u00e9s - 5fa\u00e7ades\"],\"inLanguage\":\"fr-FR\"},{\"@type\":\"WebPage\",\"@id\":\"https:\\\/\\\/batijournal.com\\\/index.php\\\/cfa-unicem-ouvrent-leurs-portes\\\/95241\\\/\",\"url\":\"https:\\\/\\\/batijournal.com\\\/index.php\\\/cfa-unicem-ouvrent-leurs-portes\\\/95241\\\/\",\"name\":\"Les CFA UNICEM ouvrent leurs portes\",\"isPartOf\":{\"@id\":\"https:\\\/\\\/batijournal.com\\\/#website\"},\"primaryImageOfPage\":{\"@id\":\"https:\\\/\\\/batijournal.com\\\/index.php\\\/cfa-unicem-ouvrent-leurs-portes\\\/95241\\\/#primaryimage\"},\"image\":{\"@id\":\"https:\\\/\\\/batijournal.com\\\/index.php\\\/cfa-unicem-ouvrent-leurs-portes\\\/95241\\\/#primaryimage\"},\"thumbnailUrl\":\"https:\\\/\\\/batijournal.com\\\/wp-content\\\/uploads\\\/2016\\\/02\\\/granulats-2.jpg\",\"datePublished\":\"2017-03-01T10:46:14+00:00\",\"dateModified\":\"2019-07-15T10:07:13+00:00\",\"author\":{\"@id\":\"https:\\\/\\\/batijournal.com\\\/#\\\/schema\\\/person\\\/1dc96ec6957aa1ccb25ebe78bb19f100\"},\"breadcrumb\":{\"@id\":\"https:\\\/\\\/batijournal.com\\\/index.php\\\/cfa-unicem-ouvrent-leurs-portes\\\/95241\\\/#breadcrumb\"},\"inLanguage\":\"fr-FR\",\"potentialAction\":[{\"@type\":\"ReadAction\",\"target\":[\"https:\\\/\\\/batijournal.com\\\/index.php\\\/cfa-unicem-ouvrent-leurs-portes\\\/95241\\\/\"]}]},{\"@type\":\"ImageObject\",\"inLanguage\":\"fr-FR\",\"@id\":\"https:\\\/\\\/batijournal.com\\\/index.php\\\/cfa-unicem-ouvrent-leurs-portes\\\/95241\\\/#primaryimage\",\"url\":\"https:\\\/\\\/batijournal.com\\\/wp-content\\\/uploads\\\/2016\\\/02\\\/granulats-2.jpg\",\"contentUrl\":\"https:\\\/\\\/batijournal.com\\\/wp-content\\\/uploads\\\/2016\\\/02\\\/granulats-2.jpg\",\"width\":1000,\"height\":588,\"caption\":\"granulats-unicem-chiffres\"},{\"@type\":\"BreadcrumbList\",\"@id\":\"https:\\\/\\\/batijournal.com\\\/index.php\\\/cfa-unicem-ouvrent-leurs-portes\\\/95241\\\/#breadcrumb\",\"itemListElement\":[{\"@type\":\"ListItem\",\"position\":1,\"name\":\"Accueil\",\"item\":\"https:\\\/\\\/batijournal.com\\\/\"},{\"@type\":\"ListItem\",\"position\":2,\"name\":\"Actualit\u00e9s\",\"item\":\"https:\\\/\\\/batijournal.com\\\/index.php\\\/category\\\/actualites\\\/\"},{\"@type\":\"ListItem\",\"position\":3,\"name\":\"Les CFA UNICEM ouvrent leurs portes\"}]},{\"@type\":\"WebSite\",\"@id\":\"https:\\\/\\\/batijournal.com\\\/#website\",\"url\":\"https:\\\/\\\/batijournal.com\\\/\",\"name\":\"Batijournal\",\"description\":\"L&#039;actualit\u00e9 du b\u00e2timent\",\"potentialAction\":[{\"@type\":\"SearchAction\",\"target\":{\"@type\":\"EntryPoint\",\"urlTemplate\":\"https:\\\/\\\/batijournal.com\\\/?s={search_term_string}\"},\"query-input\":{\"@type\":\"PropertyValueSpecification\",\"valueRequired\":true,\"valueName\":\"search_term_string\"}}],\"inLanguage\":\"fr-FR\"},{\"@type\":\"Person\",\"@id\":\"https:\\\/\\\/batijournal.com\\\/#\\\/schema\\\/person\\\/1dc96ec6957aa1ccb25ebe78bb19f100\",\"name\":\"St\u00e9phane Miget\",\"image\":{\"@type\":\"ImageObject\",\"inLanguage\":\"fr-FR\",\"@id\":\"https:\\\/\\\/secure.gravatar.com\\\/avatar\\\/89915563d925342126b8ef0281b93d9d7fc337043e8df017f780908eb9644451?s=96&d=mm&r=g\",\"url\":\"https:\\\/\\\/secure.gravatar.com\\\/avatar\\\/89915563d925342126b8ef0281b93d9d7fc337043e8df017f780908eb9644451?s=96&d=mm&r=g\",\"contentUrl\":\"https:\\\/\\\/secure.gravatar.com\\\/avatar\\\/89915563d925342126b8ef0281b93d9d7fc337043e8df017f780908eb9644451?s=96&d=mm&r=g\",\"caption\":\"St\u00e9phane Miget\"},\"url\":\"https:\\\/\\\/batijournal.com\\\/index.php\\\/author\\\/stephane\\\/\"}]}<\/script>\n<!-- \/ Yoast SEO plugin. -->","yoast_head_json":{"title":"Les CFA UNICEM ouvrent leurs portes","robots":{"index":"index","follow":"follow","max-snippet":"max-snippet:-1","max-image-preview":"max-image-preview:large","max-video-preview":"max-video-preview:-1"},"canonical":"https:\/\/batijournal.com\/index.php\/cfa-unicem-ouvrent-leurs-portes\/95241\/","og_locale":"fr_FR","og_type":"article","og_title":"Les CFA UNICEM ouvrent leurs portes","og_description":"Chaque ann\u00e9e, plus de 500 jeunes en contrat d\u2019apprentissage et de professionnalisation sont form\u00e9s aux m\u00e9tiers des granulats, du b\u00e9ton pr\u00eat \u00e0 l\u2019emploi et de la pierre dans les 3 Centres de Formation des Apprentis de l&rsquo;Union nationale des industries de carri\u00e8res et mat\u00e9riaux de construction (UNICEM). Ces 3 CFA, r\u00e9partis sur le territoire, organisent [&hellip;]","og_url":"https:\/\/batijournal.com\/index.php\/cfa-unicem-ouvrent-leurs-portes\/95241\/","og_site_name":"Batijournal","article_published_time":"2017-03-01T10:46:14+00:00","article_modified_time":"2019-07-15T10:07:13+00:00","og_image":[{"width":1000,"height":588,"url":"https:\/\/batijournal.com\/wp-content\/uploads\/2016\/02\/granulats-2.jpg","type":"image\/jpeg"}],"author":"St\u00e9phane Miget","twitter_card":"summary_large_image","twitter_creator":"@bati_journal","twitter_site":"@bati_journal","twitter_misc":{"\u00c9crit par":"St\u00e9phane Miget","Dur\u00e9e de lecture estim\u00e9e":"2 minutes"},"schema":{"@context":"https:\/\/schema.org","@graph":[{"@type":"Article","@id":"https:\/\/batijournal.com\/index.php\/cfa-unicem-ouvrent-leurs-portes\/95241\/#article","isPartOf":{"@id":"https:\/\/batijournal.com\/index.php\/cfa-unicem-ouvrent-leurs-portes\/95241\/"},"author":{"name":"St\u00e9phane Miget","@id":"https:\/\/batijournal.com\/#\/schema\/person\/1dc96ec6957aa1ccb25ebe78bb19f100"},"headline":"Les CFA UNICEM ouvrent leurs portes","datePublished":"2017-03-01T10:46:14+00:00","dateModified":"2019-07-15T10:07:13+00:00","mainEntityOfPage":{"@id":"https:\/\/batijournal.com\/index.php\/cfa-unicem-ouvrent-leurs-portes\/95241\/"},"wordCount":418,"image":{"@id":"https:\/\/batijournal.com\/index.php\/cfa-unicem-ouvrent-leurs-portes\/95241\/#primaryimage"},"thumbnailUrl":"https:\/\/batijournal.com\/wp-content\/uploads\/2016\/02\/granulats-2.jpg","keywords":["b\u00e9ton","formation","granulats","pierre","unicem"],"articleSection":["Actualit\u00e9s","\u00c9conomie &amp; March\u00e9s","zz_Actualit\u00e9s - 5fa\u00e7ades"],"inLanguage":"fr-FR"},{"@type":"WebPage","@id":"https:\/\/batijournal.com\/index.php\/cfa-unicem-ouvrent-leurs-portes\/95241\/","url":"https:\/\/batijournal.com\/index.php\/cfa-unicem-ouvrent-leurs-portes\/95241\/","name":"Les CFA UNICEM ouvrent leurs portes","isPartOf":{"@id":"https:\/\/batijournal.com\/#website"},"primaryImageOfPage":{"@id":"https:\/\/batijournal.com\/index.php\/cfa-unicem-ouvrent-leurs-portes\/95241\/#primaryimage"},"image":{"@id":"https:\/\/batijournal.com\/index.php\/cfa-unicem-ouvrent-leurs-portes\/95241\/#primaryimage"},"thumbnailUrl":"https:\/\/batijournal.com\/wp-content\/uploads\/2016\/02\/granulats-2.jpg","datePublished":"2017-03-01T10:46:14+00:00","dateModified":"2019-07-15T10:07:13+00:00","author":{"@id":"https:\/\/batijournal.com\/#\/schema\/person\/1dc96ec6957aa1ccb25ebe78bb19f100"},"breadcrumb":{"@id":"https:\/\/batijournal.com\/index.php\/cfa-unicem-ouvrent-leurs-portes\/95241\/#breadcrumb"},"inLanguage":"fr-FR","potentialAction":[{"@type":"ReadAction","target":["https:\/\/batijournal.com\/index.php\/cfa-unicem-ouvrent-leurs-portes\/95241\/"]}]},{"@type":"ImageObject","inLanguage":"fr-FR","@id":"https:\/\/batijournal.com\/index.php\/cfa-unicem-ouvrent-leurs-portes\/95241\/#primaryimage","url":"https:\/\/batijournal.com\/wp-content\/uploads\/2016\/02\/granulats-2.jpg","contentUrl":"https:\/\/batijournal.com\/wp-content\/uploads\/2016\/02\/granulats-2.jpg","width":1000,"height":588,"caption":"granulats-unicem-chiffres"},{"@type":"BreadcrumbList","@id":"https:\/\/batijournal.com\/index.php\/cfa-unicem-ouvrent-leurs-portes\/95241\/#breadcrumb","itemListElement":[{"@type":"ListItem","position":1,"name":"Accueil","item":"https:\/\/batijournal.com\/"},{"@type":"ListItem","position":2,"name":"Actualit\u00e9s","item":"https:\/\/batijournal.com\/index.php\/category\/actualites\/"},{"@type":"ListItem","position":3,"name":"Les CFA UNICEM ouvrent leurs portes"}]},{"@type":"WebSite","@id":"https:\/\/batijournal.com\/#website","url":"https:\/\/batijournal.com\/","name":"Batijournal","description":"L&#039;actualit\u00e9 du b\u00e2timent","potentialAction":[{"@type":"SearchAction","target":{"@type":"EntryPoint","urlTemplate":"https:\/\/batijournal.com\/?s={search_term_string}"},"query-input":{"@type":"PropertyValueSpecification","valueRequired":true,"valueName":"search_term_string"}}],"inLanguage":"fr-FR"},{"@type":"Person","@id":"https:\/\/batijournal.com\/#\/schema\/person\/1dc96ec6957aa1ccb25ebe78bb19f100","name":"St\u00e9phane Miget","image":{"@type":"ImageObject","inLanguage":"fr-FR","@id":"https:\/\/secure.gravatar.com\/avatar\/89915563d925342126b8ef0281b93d9d7fc337043e8df017f780908eb9644451?s=96&d=mm&r=g","url":"https:\/\/secure.gravatar.com\/avatar\/89915563d925342126b8ef0281b93d9d7fc337043e8df017f780908eb9644451?s=96&d=mm&r=g","contentUrl":"https:\/\/secure.gravatar.com\/avatar\/89915563d925342126b8ef0281b93d9d7fc337043e8df017f780908eb9644451?s=96&d=mm&r=g","caption":"St\u00e9phane Miget"},"url":"https:\/\/batijournal.com\/index.php\/author\/stephane\/"}]}},"_links":{"self":[{"href":"https:\/\/batijournal.com\/index.php\/wp-json\/wp\/v2\/posts\/95241","targetHints":{"allow":["GET"]}}],"collection":[{"href":"https:\/\/batijournal.com\/index.php\/wp-json\/wp\/v2\/posts"}],"about":[{"href":"https:\/\/batijournal.com\/index.php\/wp-json\/wp\/v2\/types\/post"}],"author":[{"embeddable":true,"href":"https:\/\/batijournal.com\/index.php\/wp-json\/wp\/v2\/users\/17"}],"replies":[{"embeddable":true,"href":"https:\/\/batijournal.com\/index.php\/wp-json\/wp\/v2\/comments?post=95241"}],"version-history":[{"count":0,"href":"https:\/\/batijournal.com\/index.php\/wp-json\/wp\/v2\/posts\/95241\/revisions"}],"wp:featuredmedia":[{"embeddable":true,"href":"https:\/\/batijournal.com\/index.php\/wp-json\/wp\/v2\/media\/91618"}],"wp:attachment":[{"href":"https:\/\/batijournal.com\/index.php\/wp-json\/wp\/v2\/media?parent=95241"}],"wp:term":[{"taxonomy":"category","embeddable":true,"href":"https:\/\/batijournal.com\/index.php\/wp-json\/wp\/v2\/categories?post=95241"},{"taxonomy":"post_tag","embeddable":true,"href":"https:\/\/batijournal.com\/index.php\/wp-json\/wp\/v2\/tags?post=95241"}],"curies":[{"name":"wp","href":"https:\/\/api.w.org\/{rel}","templated":true}]}}