{"id":95242,"date":"2017-03-01T16:14:44","date_gmt":"2017-03-01T15:14:44","guid":{"rendered":"http:\/\/batijournal.com\/?p=95242"},"modified":"2019-07-15T11:27:25","modified_gmt":"2019-07-15T09:27:25","slug":"prix-ravalement-de-versailles-prix-special-jury-immeuble-de-11-logements-sociaux","status":"publish","type":"post","link":"https:\/\/batijournal.com\/index.php\/prix-ravalement-de-versailles-prix-special-jury-immeuble-de-11-logements-sociaux\/95242\/","title":{"rendered":"Prix du Ravalement de Versailles : le prix Sp\u00e9cial du Jury pour un immeuble de 11 logements sociaux"},"content":{"rendered":"<p>La ville de Versailles organise tous les ans, depuis 1983, le Prix du Ravalement, afin de remercier les professionnels participant \u00e0 la restauration et \u00e0 l\u2019embellissement des fa\u00e7ades des immeubles anciens du secteur sauvegard\u00e9 de la ville. L\u2019association Habitat et Humanisme, soutenue par Saint-Gobain Initiatives, a re\u00e7u le Prix Sp\u00e9cial du Jury, pour les travaux de r\u00e9fection de fa\u00e7ades d&rsquo;un immeuble de 11 logements sociaux. Le ravalement a \u00e9t\u00e9 r\u00e9alis\u00e9 avec weber MPC, mortier traditionnel, destin\u00e9 \u00e0 la r\u00e9novation des ma\u00e7onneries anciennes enduites et hourd\u00e9es. L\u2019architecte \u00c9lodie Cottrel, du Cabinet CVZ, a con\u00e7u et dirig\u00e9 les travaux dont le financement a b\u00e9n\u00e9fici\u00e9 d\u2019un m\u00e9c\u00e9nat de la Fondation Saint-Gobain Initiatives. Les Ravaleurs Franciliens (77), sous-traitants de l\u2019Entreprise G\u00e9n\u00e9rale UTB, sp\u00e9cialistes des travaux de r\u00e9novation des ma\u00e7onneries anciennes, ont mis en \u0153uvre weber MPC.<\/p>\n<p><a href=\"http:\/\/www.habitat-humanisme.org\" target=\"_blank\" rel=\"noopener noreferrer\">www.habitat-humanisme.org<\/a><\/p>\n","protected":false},"excerpt":{"rendered":"<p>La ville de Versailles organise tous les ans, depuis 1983, le Prix du Ravalement, afin de remercier les professionnels participant \u00e0 la restauration et \u00e0 l\u2019embellissement des fa\u00e7ades des immeubles anciens du secteur sauvegard\u00e9 de la ville. L\u2019association Habitat et Humanisme, soutenue par Saint-Gobain Initiatives, a re\u00e7u le Prix Sp\u00e9cial du Jury, pour les travaux [&hellip;]<\/p>\n","protected":false},"author":17,"featured_media":95243,"comment_status":"closed","ping_status":"closed","sticky":false,"template":"","format":"standard","meta":{"_et_pb_use_builder":"","_et_pb_old_content":"","_et_gb_content_width":"","footnotes":""},"categories":[10530,6340,10775,10787],"tags":[6550,4810,3499],"class_list":["post-95242","post","type-post","status-publish","format-standard","has-post-thumbnail","hentry","category-actualites","category-architecture-conception","category-actualites-5facades","category-entreprises-et-chantiers","tag-enduits-de-facade","tag-ravalement-2","tag-versailles"],"yoast_head":"<!-- This site is optimized with the Yoast SEO plugin v27.4 - https:\/\/yoast.com\/product\/yoast-seo-wordpress\/ -->\n<title>Prix du Ravalement de Versailles : le prix Sp\u00e9cial du Jury pour un immeuble de 11 logements sociaux<\/title>\n<meta name=\"robots\" content=\"index, follow, max-snippet:-1, max-image-preview:large, max-video-preview:-1\" \/>\n<link rel=\"canonical\" href=\"https:\/\/batijournal.com\/index.php\/prix-ravalement-de-versailles-prix-special-jury-immeuble-de-11-logements-sociaux\/95242\/\" \/>\n<meta property=\"og:locale\" content=\"fr_FR\" \/>\n<meta property=\"og:type\" content=\"article\" \/>\n<meta property=\"og:title\" content=\"Prix du Ravalement de Versailles : le prix Sp\u00e9cial du Jury pour un immeuble de 11 logements sociaux\" \/>\n<meta property=\"og:description\" content=\"La ville de Versailles organise tous les ans, depuis 1983, le Prix du Ravalement, afin de remercier les professionnels participant \u00e0 la restauration et \u00e0 l\u2019embellissement des fa\u00e7ades des immeubles anciens du secteur sauvegard\u00e9 de la ville. L\u2019association Habitat et Humanisme, soutenue par Saint-Gobain Initiatives, a re\u00e7u le Prix Sp\u00e9cial du Jury, pour les travaux [&hellip;]\" \/>\n<meta property=\"og:url\" content=\"https:\/\/batijournal.com\/index.php\/prix-ravalement-de-versailles-prix-special-jury-immeuble-de-11-logements-sociaux\/95242\/\" \/>\n<meta property=\"og:site_name\" content=\"Batijournal\" \/>\n<meta property=\"article:published_time\" content=\"2017-03-01T15:14:44+00:00\" \/>\n<meta property=\"article:modified_time\" content=\"2019-07-15T09:27:25+00:00\" \/>\n<meta property=\"og:image\" content=\"https:\/\/batijournal.com\/wp-content\/uploads\/2017\/03\/Weber_Prix_Versailles-ravalement-facade.jpg\" \/>\n\t<meta property=\"og:image:width\" content=\"1200\" \/>\n\t<meta property=\"og:image:height\" content=\"900\" \/>\n\t<meta property=\"og:image:type\" content=\"image\/jpeg\" \/>\n<meta name=\"author\" content=\"St\u00e9phane Miget\" \/>\n<meta name=\"twitter:card\" content=\"summary_large_image\" \/>\n<meta name=\"twitter:creator\" content=\"@bati_journal\" \/>\n<meta name=\"twitter:site\" content=\"@bati_journal\" \/>\n<meta name=\"twitter:label1\" content=\"\u00c9crit par\" \/>\n\t<meta name=\"twitter:data1\" content=\"St\u00e9phane Miget\" \/>\n\t<meta name=\"twitter:label2\" content=\"Dur\u00e9e de lecture estim\u00e9e\" \/>\n\t<meta name=\"twitter:data2\" content=\"1 minute\" \/>\n<script type=\"application\/ld+json\" class=\"yoast-schema-graph\">{\"@context\":\"https:\\\/\\\/schema.org\",\"@graph\":[{\"@type\":\"Article\",\"@id\":\"https:\\\/\\\/batijournal.com\\\/index.php\\\/prix-ravalement-de-versailles-prix-special-jury-immeuble-de-11-logements-sociaux\\\/95242\\\/#article\",\"isPartOf\":{\"@id\":\"https:\\\/\\\/batijournal.com\\\/index.php\\\/prix-ravalement-de-versailles-prix-special-jury-immeuble-de-11-logements-sociaux\\\/95242\\\/\"},\"author\":{\"name\":\"St\u00e9phane Miget\",\"@id\":\"https:\\\/\\\/batijournal.com\\\/#\\\/schema\\\/person\\\/1dc96ec6957aa1ccb25ebe78bb19f100\"},\"headline\":\"Prix du Ravalement de Versailles : le prix Sp\u00e9cial du Jury pour un immeuble de 11 logements sociaux\",\"datePublished\":\"2017-03-01T15:14:44+00:00\",\"dateModified\":\"2019-07-15T09:27:25+00:00\",\"mainEntityOfPage\":{\"@id\":\"https:\\\/\\\/batijournal.com\\\/index.php\\\/prix-ravalement-de-versailles-prix-special-jury-immeuble-de-11-logements-sociaux\\\/95242\\\/\"},\"wordCount\":171,\"image\":{\"@id\":\"https:\\\/\\\/batijournal.com\\\/index.php\\\/prix-ravalement-de-versailles-prix-special-jury-immeuble-de-11-logements-sociaux\\\/95242\\\/#primaryimage\"},\"thumbnailUrl\":\"https:\\\/\\\/batijournal.com\\\/wp-content\\\/uploads\\\/2017\\\/03\\\/Weber_Prix_Versailles-ravalement-facade.jpg\",\"keywords\":[\"enduits de facade\",\"Ravalement\",\"Versailles\"],\"articleSection\":[\"Actualit\u00e9s\",\"Architecture &amp; Conception\",\"zz_Actualit\u00e9s - 5fa\u00e7ades\",\"zz_Entreprises et chantiers - AC\"],\"inLanguage\":\"fr-FR\"},{\"@type\":\"WebPage\",\"@id\":\"https:\\\/\\\/batijournal.com\\\/index.php\\\/prix-ravalement-de-versailles-prix-special-jury-immeuble-de-11-logements-sociaux\\\/95242\\\/\",\"url\":\"https:\\\/\\\/batijournal.com\\\/index.php\\\/prix-ravalement-de-versailles-prix-special-jury-immeuble-de-11-logements-sociaux\\\/95242\\\/\",\"name\":\"Prix du Ravalement de Versailles : le prix Sp\u00e9cial du Jury pour un immeuble de 11 logements sociaux\",\"isPartOf\":{\"@id\":\"https:\\\/\\\/batijournal.com\\\/#website\"},\"primaryImageOfPage\":{\"@id\":\"https:\\\/\\\/batijournal.com\\\/index.php\\\/prix-ravalement-de-versailles-prix-special-jury-immeuble-de-11-logements-sociaux\\\/95242\\\/#primaryimage\"},\"image\":{\"@id\":\"https:\\\/\\\/batijournal.com\\\/index.php\\\/prix-ravalement-de-versailles-prix-special-jury-immeuble-de-11-logements-sociaux\\\/95242\\\/#primaryimage\"},\"thumbnailUrl\":\"https:\\\/\\\/batijournal.com\\\/wp-content\\\/uploads\\\/2017\\\/03\\\/Weber_Prix_Versailles-ravalement-facade.jpg\",\"datePublished\":\"2017-03-01T15:14:44+00:00\",\"dateModified\":\"2019-07-15T09:27:25+00:00\",\"author\":{\"@id\":\"https:\\\/\\\/batijournal.com\\\/#\\\/schema\\\/person\\\/1dc96ec6957aa1ccb25ebe78bb19f100\"},\"breadcrumb\":{\"@id\":\"https:\\\/\\\/batijournal.com\\\/index.php\\\/prix-ravalement-de-versailles-prix-special-jury-immeuble-de-11-logements-sociaux\\\/95242\\\/#breadcrumb\"},\"inLanguage\":\"fr-FR\",\"potentialAction\":[{\"@type\":\"ReadAction\",\"target\":[\"https:\\\/\\\/batijournal.com\\\/index.php\\\/prix-ravalement-de-versailles-prix-special-jury-immeuble-de-11-logements-sociaux\\\/95242\\\/\"]}]},{\"@type\":\"ImageObject\",\"inLanguage\":\"fr-FR\",\"@id\":\"https:\\\/\\\/batijournal.com\\\/index.php\\\/prix-ravalement-de-versailles-prix-special-jury-immeuble-de-11-logements-sociaux\\\/95242\\\/#primaryimage\",\"url\":\"https:\\\/\\\/batijournal.com\\\/wp-content\\\/uploads\\\/2017\\\/03\\\/Weber_Prix_Versailles-ravalement-facade.jpg\",\"contentUrl\":\"https:\\\/\\\/batijournal.com\\\/wp-content\\\/uploads\\\/2017\\\/03\\\/Weber_Prix_Versailles-ravalement-facade.jpg\",\"width\":1200,\"height\":900},{\"@type\":\"BreadcrumbList\",\"@id\":\"https:\\\/\\\/batijournal.com\\\/index.php\\\/prix-ravalement-de-versailles-prix-special-jury-immeuble-de-11-logements-sociaux\\\/95242\\\/#breadcrumb\",\"itemListElement\":[{\"@type\":\"ListItem\",\"position\":1,\"name\":\"Accueil\",\"item\":\"https:\\\/\\\/batijournal.com\\\/\"},{\"@type\":\"ListItem\",\"position\":2,\"name\":\"Actualit\u00e9s\",\"item\":\"https:\\\/\\\/batijournal.com\\\/index.php\\\/category\\\/actualites\\\/\"},{\"@type\":\"ListItem\",\"position\":3,\"name\":\"Prix du Ravalement de Versailles : le prix Sp\u00e9cial du Jury pour un immeuble de 11 logements sociaux\"}]},{\"@type\":\"WebSite\",\"@id\":\"https:\\\/\\\/batijournal.com\\\/#website\",\"url\":\"https:\\\/\\\/batijournal.com\\\/\",\"name\":\"Batijournal\",\"description\":\"L&#039;actualit\u00e9 du b\u00e2timent\",\"potentialAction\":[{\"@type\":\"SearchAction\",\"target\":{\"@type\":\"EntryPoint\",\"urlTemplate\":\"https:\\\/\\\/batijournal.com\\\/?s={search_term_string}\"},\"query-input\":{\"@type\":\"PropertyValueSpecification\",\"valueRequired\":true,\"valueName\":\"search_term_string\"}}],\"inLanguage\":\"fr-FR\"},{\"@type\":\"Person\",\"@id\":\"https:\\\/\\\/batijournal.com\\\/#\\\/schema\\\/person\\\/1dc96ec6957aa1ccb25ebe78bb19f100\",\"name\":\"St\u00e9phane Miget\",\"image\":{\"@type\":\"ImageObject\",\"inLanguage\":\"fr-FR\",\"@id\":\"https:\\\/\\\/secure.gravatar.com\\\/avatar\\\/89915563d925342126b8ef0281b93d9d7fc337043e8df017f780908eb9644451?s=96&d=mm&r=g\",\"url\":\"https:\\\/\\\/secure.gravatar.com\\\/avatar\\\/89915563d925342126b8ef0281b93d9d7fc337043e8df017f780908eb9644451?s=96&d=mm&r=g\",\"contentUrl\":\"https:\\\/\\\/secure.gravatar.com\\\/avatar\\\/89915563d925342126b8ef0281b93d9d7fc337043e8df017f780908eb9644451?s=96&d=mm&r=g\",\"caption\":\"St\u00e9phane Miget\"},\"url\":\"https:\\\/\\\/batijournal.com\\\/index.php\\\/author\\\/stephane\\\/\"}]}<\/script>\n<!-- \/ Yoast SEO plugin. -->","yoast_head_json":{"title":"Prix du Ravalement de Versailles : le prix Sp\u00e9cial du Jury pour un immeuble de 11 logements sociaux","robots":{"index":"index","follow":"follow","max-snippet":"max-snippet:-1","max-image-preview":"max-image-preview:large","max-video-preview":"max-video-preview:-1"},"canonical":"https:\/\/batijournal.com\/index.php\/prix-ravalement-de-versailles-prix-special-jury-immeuble-de-11-logements-sociaux\/95242\/","og_locale":"fr_FR","og_type":"article","og_title":"Prix du Ravalement de Versailles : le prix Sp\u00e9cial du Jury pour un immeuble de 11 logements sociaux","og_description":"La ville de Versailles organise tous les ans, depuis 1983, le Prix du Ravalement, afin de remercier les professionnels participant \u00e0 la restauration et \u00e0 l\u2019embellissement des fa\u00e7ades des immeubles anciens du secteur sauvegard\u00e9 de la ville. L\u2019association Habitat et Humanisme, soutenue par Saint-Gobain Initiatives, a re\u00e7u le Prix Sp\u00e9cial du Jury, pour les travaux [&hellip;]","og_url":"https:\/\/batijournal.com\/index.php\/prix-ravalement-de-versailles-prix-special-jury-immeuble-de-11-logements-sociaux\/95242\/","og_site_name":"Batijournal","article_published_time":"2017-03-01T15:14:44+00:00","article_modified_time":"2019-07-15T09:27:25+00:00","og_image":[{"width":1200,"height":900,"url":"https:\/\/batijournal.com\/wp-content\/uploads\/2017\/03\/Weber_Prix_Versailles-ravalement-facade.jpg","type":"image\/jpeg"}],"author":"St\u00e9phane Miget","twitter_card":"summary_large_image","twitter_creator":"@bati_journal","twitter_site":"@bati_journal","twitter_misc":{"\u00c9crit par":"St\u00e9phane Miget","Dur\u00e9e de lecture estim\u00e9e":"1 minute"},"schema":{"@context":"https:\/\/schema.org","@graph":[{"@type":"Article","@id":"https:\/\/batijournal.com\/index.php\/prix-ravalement-de-versailles-prix-special-jury-immeuble-de-11-logements-sociaux\/95242\/#article","isPartOf":{"@id":"https:\/\/batijournal.com\/index.php\/prix-ravalement-de-versailles-prix-special-jury-immeuble-de-11-logements-sociaux\/95242\/"},"author":{"name":"St\u00e9phane Miget","@id":"https:\/\/batijournal.com\/#\/schema\/person\/1dc96ec6957aa1ccb25ebe78bb19f100"},"headline":"Prix du Ravalement de Versailles : le prix Sp\u00e9cial du Jury pour un immeuble de 11 logements sociaux","datePublished":"2017-03-01T15:14:44+00:00","dateModified":"2019-07-15T09:27:25+00:00","mainEntityOfPage":{"@id":"https:\/\/batijournal.com\/index.php\/prix-ravalement-de-versailles-prix-special-jury-immeuble-de-11-logements-sociaux\/95242\/"},"wordCount":171,"image":{"@id":"https:\/\/batijournal.com\/index.php\/prix-ravalement-de-versailles-prix-special-jury-immeuble-de-11-logements-sociaux\/95242\/#primaryimage"},"thumbnailUrl":"https:\/\/batijournal.com\/wp-content\/uploads\/2017\/03\/Weber_Prix_Versailles-ravalement-facade.jpg","keywords":["enduits de facade","Ravalement","Versailles"],"articleSection":["Actualit\u00e9s","Architecture &amp; Conception","zz_Actualit\u00e9s - 5fa\u00e7ades","zz_Entreprises et chantiers - AC"],"inLanguage":"fr-FR"},{"@type":"WebPage","@id":"https:\/\/batijournal.com\/index.php\/prix-ravalement-de-versailles-prix-special-jury-immeuble-de-11-logements-sociaux\/95242\/","url":"https:\/\/batijournal.com\/index.php\/prix-ravalement-de-versailles-prix-special-jury-immeuble-de-11-logements-sociaux\/95242\/","name":"Prix du Ravalement de Versailles : le prix Sp\u00e9cial du Jury pour un immeuble de 11 logements sociaux","isPartOf":{"@id":"https:\/\/batijournal.com\/#website"},"primaryImageOfPage":{"@id":"https:\/\/batijournal.com\/index.php\/prix-ravalement-de-versailles-prix-special-jury-immeuble-de-11-logements-sociaux\/95242\/#primaryimage"},"image":{"@id":"https:\/\/batijournal.com\/index.php\/prix-ravalement-de-versailles-prix-special-jury-immeuble-de-11-logements-sociaux\/95242\/#primaryimage"},"thumbnailUrl":"https:\/\/batijournal.com\/wp-content\/uploads\/2017\/03\/Weber_Prix_Versailles-ravalement-facade.jpg","datePublished":"2017-03-01T15:14:44+00:00","dateModified":"2019-07-15T09:27:25+00:00","author":{"@id":"https:\/\/batijournal.com\/#\/schema\/person\/1dc96ec6957aa1ccb25ebe78bb19f100"},"breadcrumb":{"@id":"https:\/\/batijournal.com\/index.php\/prix-ravalement-de-versailles-prix-special-jury-immeuble-de-11-logements-sociaux\/95242\/#breadcrumb"},"inLanguage":"fr-FR","potentialAction":[{"@type":"ReadAction","target":["https:\/\/batijournal.com\/index.php\/prix-ravalement-de-versailles-prix-special-jury-immeuble-de-11-logements-sociaux\/95242\/"]}]},{"@type":"ImageObject","inLanguage":"fr-FR","@id":"https:\/\/batijournal.com\/index.php\/prix-ravalement-de-versailles-prix-special-jury-immeuble-de-11-logements-sociaux\/95242\/#primaryimage","url":"https:\/\/batijournal.com\/wp-content\/uploads\/2017\/03\/Weber_Prix_Versailles-ravalement-facade.jpg","contentUrl":"https:\/\/batijournal.com\/wp-content\/uploads\/2017\/03\/Weber_Prix_Versailles-ravalement-facade.jpg","width":1200,"height":900},{"@type":"BreadcrumbList","@id":"https:\/\/batijournal.com\/index.php\/prix-ravalement-de-versailles-prix-special-jury-immeuble-de-11-logements-sociaux\/95242\/#breadcrumb","itemListElement":[{"@type":"ListItem","position":1,"name":"Accueil","item":"https:\/\/batijournal.com\/"},{"@type":"ListItem","position":2,"name":"Actualit\u00e9s","item":"https:\/\/batijournal.com\/index.php\/category\/actualites\/"},{"@type":"ListItem","position":3,"name":"Prix du Ravalement de Versailles : le prix Sp\u00e9cial du Jury pour un immeuble de 11 logements sociaux"}]},{"@type":"WebSite","@id":"https:\/\/batijournal.com\/#website","url":"https:\/\/batijournal.com\/","name":"Batijournal","description":"L&#039;actualit\u00e9 du b\u00e2timent","potentialAction":[{"@type":"SearchAction","target":{"@type":"EntryPoint","urlTemplate":"https:\/\/batijournal.com\/?s={search_term_string}"},"query-input":{"@type":"PropertyValueSpecification","valueRequired":true,"valueName":"search_term_string"}}],"inLanguage":"fr-FR"},{"@type":"Person","@id":"https:\/\/batijournal.com\/#\/schema\/person\/1dc96ec6957aa1ccb25ebe78bb19f100","name":"St\u00e9phane Miget","image":{"@type":"ImageObject","inLanguage":"fr-FR","@id":"https:\/\/secure.gravatar.com\/avatar\/89915563d925342126b8ef0281b93d9d7fc337043e8df017f780908eb9644451?s=96&d=mm&r=g","url":"https:\/\/secure.gravatar.com\/avatar\/89915563d925342126b8ef0281b93d9d7fc337043e8df017f780908eb9644451?s=96&d=mm&r=g","contentUrl":"https:\/\/secure.gravatar.com\/avatar\/89915563d925342126b8ef0281b93d9d7fc337043e8df017f780908eb9644451?s=96&d=mm&r=g","caption":"St\u00e9phane Miget"},"url":"https:\/\/batijournal.com\/index.php\/author\/stephane\/"}]}},"_links":{"self":[{"href":"https:\/\/batijournal.com\/index.php\/wp-json\/wp\/v2\/posts\/95242","targetHints":{"allow":["GET"]}}],"collection":[{"href":"https:\/\/batijournal.com\/index.php\/wp-json\/wp\/v2\/posts"}],"about":[{"href":"https:\/\/batijournal.com\/index.php\/wp-json\/wp\/v2\/types\/post"}],"author":[{"embeddable":true,"href":"https:\/\/batijournal.com\/index.php\/wp-json\/wp\/v2\/users\/17"}],"replies":[{"embeddable":true,"href":"https:\/\/batijournal.com\/index.php\/wp-json\/wp\/v2\/comments?post=95242"}],"version-history":[{"count":0,"href":"https:\/\/batijournal.com\/index.php\/wp-json\/wp\/v2\/posts\/95242\/revisions"}],"wp:featuredmedia":[{"embeddable":true,"href":"https:\/\/batijournal.com\/index.php\/wp-json\/wp\/v2\/media\/95243"}],"wp:attachment":[{"href":"https:\/\/batijournal.com\/index.php\/wp-json\/wp\/v2\/media?parent=95242"}],"wp:term":[{"taxonomy":"category","embeddable":true,"href":"https:\/\/batijournal.com\/index.php\/wp-json\/wp\/v2\/categories?post=95242"},{"taxonomy":"post_tag","embeddable":true,"href":"https:\/\/batijournal.com\/index.php\/wp-json\/wp\/v2\/tags?post=95242"}],"curies":[{"name":"wp","href":"https:\/\/api.w.org\/{rel}","templated":true}]}}