{"id":95251,"date":"2017-03-02T10:40:25","date_gmt":"2017-03-02T09:40:25","guid":{"rendered":"http:\/\/batijournal.com\/?p=95251"},"modified":"2019-07-15T12:03:56","modified_gmt":"2019-07-15T10:03:56","slug":"reponse-de-lafargeholcim-a-lenquete-syrie","status":"publish","type":"post","link":"https:\/\/batijournal.com\/index.php\/reponse-de-lafargeholcim-a-lenquete-syrie\/95251\/","title":{"rendered":"R\u00e9ponse de LafargeHolcim \u00e0 l\u2019enqu\u00eate sur la Syrie"},"content":{"rendered":"<p>En 2016, un certain nombre de publications ont fait \u00e9tat d\u2019all\u00e9gations impliquant les op\u00e9rations de l\u2019ancienne soci\u00e9t\u00e9 Lafarge dans sa cimenterie syrienne et, plus sp\u00e9cifiquement, que des collaborateurs de l\u2019entreprise auraient r\u00e9alis\u00e9 des transactions avec certains groupes arm\u00e9s et avec des tiers vis\u00e9s par des sanctions, courant 2013 et jusqu\u2019\u00e0 l\u2019\u00e9vacuation de l\u2019usine en septembre 2014.<\/p>\n<p>Comme indiqu\u00e9 pr\u00e9c\u00e9demment, en r\u00e9ponse \u00e0 ces all\u00e9gations, le Groupe a lanc\u00e9 une enqu\u00eate interne ind\u00e9pendante sous la supervision du Comit\u00e9 Finance &amp; Audit du Conseil d\u2019administration. Les r\u00e9sultats de cette enqu\u00eate montrent que la d\u00e9t\u00e9rioration de la situation politique en Syrie a entra\u00een\u00e9 des d\u00e9fis tr\u00e8s difficiles quant \u00e0 la s\u00e9curit\u00e9, les activit\u00e9s de l\u2019usine et les employ\u00e9s. Cela incluait des menaces pour la s\u00e9curit\u00e9 des collaborateurs ainsi que des perturbations dans les approvisionnements n\u00e9cessaires pour faire fonctionner l\u2019usine et distribuer ses produits.<\/p>\n<p>A cette \u00e9poque, diff\u00e9rentes factions arm\u00e9es ont contr\u00f4l\u00e9 ou ont tent\u00e9 de contr\u00f4ler les zones autour de l\u2019usine. L\u2019enqu\u00eate montre que la filiale locale a remis des fonds \u00e0 des tierces parties afin de trouver des arrangements avec un certain nombre de ces groupes arm\u00e9s, dont des tiers vis\u00e9s par des sanctions, en vue de maintenir l\u2019activit\u00e9 et d\u2019assurer un passage s\u00fbr des employ\u00e9s et des approvisionnements vers, et depuis l\u2019usine. L\u2019enqu\u00eate n\u2019a pas pu \u00e9tablir avec certitude quels \u00e9taient les destinataires ultimes des fonds au-del\u00e0 des tierces parties concern\u00e9es.<\/p>\n<p>R\u00e9trospectivement, les mesures prises pour poursuivre les activit\u00e9s de l\u2019usine \u00e9taient inacceptables. Les responsables des op\u00e9rations en Syrie semblent avoir agi d\u2019une fa\u00e7on dont ils pensaient qu\u2019elle \u00e9tait dans le meilleur int\u00e9r\u00eat de l\u2019entreprise et de ses employ\u00e9s. N\u00e9anmoins, l\u2019enqu\u00eate r\u00e9v\u00e8le des erreurs de jugement significatives en contradiction avec le code de conduite alors en vigueur.<\/p>\n<p>Les activit\u00e9s de Lafarge en Syrie ont fonctionn\u00e9 \u00e0 perte durant la p\u00e9riode en question et repr\u00e9sentaient moins de 1 % du chiffre d\u2019affaires du Groupe \u00e0 cette \u00e9poque.<\/p>\n<p>En cons\u00e9quence de l\u2019enqu\u00eate interne et de ses r\u00e9sultats, le Conseil d\u2019administration a pris un certain nombre de mesures. Premi\u00e8rement, le Conseil d\u2019administration a approuv\u00e9 la cr\u00e9ation d\u2019un nouveau Comit\u00e9 \u00c9thique, Int\u00e9grit\u00e9 et Risques, supervis\u00e9 par un membre du Comit\u00e9 ex\u00e9cutif. Les autres mesures comprennent, avec le soutien d\u2019un conseil externe, l\u2019am\u00e9lioration continue des efforts d\u00e9j\u00e0 entrepris par le Groupe au cours des derni\u00e8res ann\u00e9es, sp\u00e9cifiquement l\u2019adoption d\u2019un processus d&rsquo;\u00e9valuation des risques plus rigoureux se concentrant en particulier sur les tiers \u00e0 haut risque et les partenaires de joint-venture, un programme de revue des tiers \u00e0 risques, un nouveau programme de contr\u00f4le des sanctions et des exportations ainsi que d\u2019autres mesures r\u00e9sultant d\u2019un exercice de benchmark que le Groupe a entrepris. Le Conseil d\u2019administration a demand\u00e9 \u00e0 ses dirigeants ex\u00e9cutifs de mettre en \u0153uvre ces actions avec force, car elles ont \u00e9t\u00e9 prises dans le but de renforcer davantage et d\u2019avoir les ressources n\u00e9cessaires \u00e0 une organisation \u00e0 la pointe en mati\u00e8re de compliance, dont les processus sont en ligne avec les meilleures pratiques. Il ressort clairement qu\u2019il ne peut pas y avoir de compromis sur les sujets de compliance et sur l\u2019adh\u00e9sion aux standards du Code de conduite de l\u2019entreprise, quelles que soient les difficult\u00e9s op\u00e9rationnelles.<\/p>\n<p>En se basant sur les informations disponibles aujourd\u2019hui, il n\u2019y a pas d\u2019indication que ces all\u00e9gations seraient susceptibles d\u2019avoir un impact financier n\u00e9gatif significatif pour le Groupe.<\/p>\n<p>En lien avec les activit\u00e9s mentionn\u00e9es, il est rapport\u00e9 que des plaintes criminelles ont \u00e9t\u00e9 d\u00e9pos\u00e9es en France. De telles proc\u00e9dures sont conduites de fa\u00e7on confidentielle et ni Lafarge SA ni aucune de ses filiales n\u2019en font partie. Dans le contexte de ces proc\u00e9dures, l\u2019entreprise ne commentera pas davantage les r\u00e9sultats et les conduites individuelles.<\/p>\n<p>Communiqu\u00e9 int\u00e9gral du groupe<\/p>\n<p>&nbsp;<\/p>\n","protected":false},"excerpt":{"rendered":"<p>En 2016, un certain nombre de publications ont fait \u00e9tat d\u2019all\u00e9gations impliquant les op\u00e9rations de l\u2019ancienne soci\u00e9t\u00e9 Lafarge dans sa cimenterie syrienne et, plus sp\u00e9cifiquement, que des collaborateurs de l\u2019entreprise auraient r\u00e9alis\u00e9 des transactions avec certains groupes arm\u00e9s et avec des tiers vis\u00e9s par des sanctions, courant 2013 et jusqu\u2019\u00e0 l\u2019\u00e9vacuation de l\u2019usine en septembre [&hellip;]<\/p>\n","protected":false},"author":17,"featured_media":0,"comment_status":"closed","ping_status":"closed","sticky":false,"template":"","format":"standard","meta":{"_et_pb_use_builder":"","_et_pb_old_content":"","_et_gb_content_width":"","footnotes":""},"categories":[10530,6345],"tags":[1128,1255,11707],"class_list":["post-95251","post","type-post","status-publish","format-standard","hentry","category-actualites","category-economie-marches","tag-beton","tag-btp","tag-lafargeholcim"],"yoast_head":"<!-- This site is optimized with the Yoast SEO plugin v27.4 - https:\/\/yoast.com\/product\/yoast-seo-wordpress\/ -->\n<title>R\u00e9ponse de LafargeHolcim \u00e0 l\u2019enqu\u00eate sur la Syrie<\/title>\n<meta name=\"robots\" content=\"index, follow, max-snippet:-1, max-image-preview:large, max-video-preview:-1\" \/>\n<link rel=\"canonical\" href=\"https:\/\/batijournal.com\/index.php\/reponse-de-lafargeholcim-a-lenquete-syrie\/95251\/\" \/>\n<meta property=\"og:locale\" content=\"fr_FR\" \/>\n<meta property=\"og:type\" content=\"article\" \/>\n<meta property=\"og:title\" content=\"R\u00e9ponse de LafargeHolcim \u00e0 l\u2019enqu\u00eate sur la Syrie\" \/>\n<meta property=\"og:description\" content=\"En 2016, un certain nombre de publications ont fait \u00e9tat d\u2019all\u00e9gations impliquant les op\u00e9rations de l\u2019ancienne soci\u00e9t\u00e9 Lafarge dans sa cimenterie syrienne et, plus sp\u00e9cifiquement, que des collaborateurs de l\u2019entreprise auraient r\u00e9alis\u00e9 des transactions avec certains groupes arm\u00e9s et avec des tiers vis\u00e9s par des sanctions, courant 2013 et jusqu\u2019\u00e0 l\u2019\u00e9vacuation de l\u2019usine en septembre [&hellip;]\" \/>\n<meta property=\"og:url\" content=\"https:\/\/batijournal.com\/index.php\/reponse-de-lafargeholcim-a-lenquete-syrie\/95251\/\" \/>\n<meta property=\"og:site_name\" content=\"Batijournal\" \/>\n<meta property=\"article:published_time\" content=\"2017-03-02T09:40:25+00:00\" \/>\n<meta property=\"article:modified_time\" content=\"2019-07-15T10:03:56+00:00\" \/>\n<meta name=\"author\" content=\"St\u00e9phane Miget\" \/>\n<meta name=\"twitter:card\" content=\"summary_large_image\" \/>\n<meta name=\"twitter:creator\" content=\"@bati_journal\" \/>\n<meta name=\"twitter:site\" content=\"@bati_journal\" \/>\n<meta name=\"twitter:label1\" content=\"\u00c9crit par\" \/>\n\t<meta name=\"twitter:data1\" content=\"St\u00e9phane Miget\" \/>\n\t<meta name=\"twitter:label2\" content=\"Dur\u00e9e de lecture estim\u00e9e\" \/>\n\t<meta name=\"twitter:data2\" content=\"4 minutes\" \/>\n<script type=\"application\/ld+json\" class=\"yoast-schema-graph\">{\"@context\":\"https:\\\/\\\/schema.org\",\"@graph\":[{\"@type\":\"Article\",\"@id\":\"https:\\\/\\\/batijournal.com\\\/index.php\\\/reponse-de-lafargeholcim-a-lenquete-syrie\\\/95251\\\/#article\",\"isPartOf\":{\"@id\":\"https:\\\/\\\/batijournal.com\\\/index.php\\\/reponse-de-lafargeholcim-a-lenquete-syrie\\\/95251\\\/\"},\"author\":{\"name\":\"St\u00e9phane Miget\",\"@id\":\"https:\\\/\\\/batijournal.com\\\/#\\\/schema\\\/person\\\/1dc96ec6957aa1ccb25ebe78bb19f100\"},\"headline\":\"R\u00e9ponse de LafargeHolcim \u00e0 l\u2019enqu\u00eate sur la Syrie\",\"datePublished\":\"2017-03-02T09:40:25+00:00\",\"dateModified\":\"2019-07-15T10:03:56+00:00\",\"mainEntityOfPage\":{\"@id\":\"https:\\\/\\\/batijournal.com\\\/index.php\\\/reponse-de-lafargeholcim-a-lenquete-syrie\\\/95251\\\/\"},\"wordCount\":728,\"keywords\":[\"b\u00e9ton\",\"BTP\",\"LafargeHolcim\"],\"articleSection\":[\"Actualit\u00e9s\",\"\u00c9conomie &amp; March\u00e9s\"],\"inLanguage\":\"fr-FR\"},{\"@type\":\"WebPage\",\"@id\":\"https:\\\/\\\/batijournal.com\\\/index.php\\\/reponse-de-lafargeholcim-a-lenquete-syrie\\\/95251\\\/\",\"url\":\"https:\\\/\\\/batijournal.com\\\/index.php\\\/reponse-de-lafargeholcim-a-lenquete-syrie\\\/95251\\\/\",\"name\":\"R\u00e9ponse de LafargeHolcim \u00e0 l\u2019enqu\u00eate sur la Syrie\",\"isPartOf\":{\"@id\":\"https:\\\/\\\/batijournal.com\\\/#website\"},\"datePublished\":\"2017-03-02T09:40:25+00:00\",\"dateModified\":\"2019-07-15T10:03:56+00:00\",\"author\":{\"@id\":\"https:\\\/\\\/batijournal.com\\\/#\\\/schema\\\/person\\\/1dc96ec6957aa1ccb25ebe78bb19f100\"},\"breadcrumb\":{\"@id\":\"https:\\\/\\\/batijournal.com\\\/index.php\\\/reponse-de-lafargeholcim-a-lenquete-syrie\\\/95251\\\/#breadcrumb\"},\"inLanguage\":\"fr-FR\",\"potentialAction\":[{\"@type\":\"ReadAction\",\"target\":[\"https:\\\/\\\/batijournal.com\\\/index.php\\\/reponse-de-lafargeholcim-a-lenquete-syrie\\\/95251\\\/\"]}]},{\"@type\":\"BreadcrumbList\",\"@id\":\"https:\\\/\\\/batijournal.com\\\/index.php\\\/reponse-de-lafargeholcim-a-lenquete-syrie\\\/95251\\\/#breadcrumb\",\"itemListElement\":[{\"@type\":\"ListItem\",\"position\":1,\"name\":\"Accueil\",\"item\":\"https:\\\/\\\/batijournal.com\\\/\"},{\"@type\":\"ListItem\",\"position\":2,\"name\":\"Actualit\u00e9s\",\"item\":\"https:\\\/\\\/batijournal.com\\\/index.php\\\/category\\\/actualites\\\/\"},{\"@type\":\"ListItem\",\"position\":3,\"name\":\"R\u00e9ponse de LafargeHolcim \u00e0 l\u2019enqu\u00eate sur la Syrie\"}]},{\"@type\":\"WebSite\",\"@id\":\"https:\\\/\\\/batijournal.com\\\/#website\",\"url\":\"https:\\\/\\\/batijournal.com\\\/\",\"name\":\"Batijournal\",\"description\":\"L&#039;actualit\u00e9 du b\u00e2timent\",\"potentialAction\":[{\"@type\":\"SearchAction\",\"target\":{\"@type\":\"EntryPoint\",\"urlTemplate\":\"https:\\\/\\\/batijournal.com\\\/?s={search_term_string}\"},\"query-input\":{\"@type\":\"PropertyValueSpecification\",\"valueRequired\":true,\"valueName\":\"search_term_string\"}}],\"inLanguage\":\"fr-FR\"},{\"@type\":\"Person\",\"@id\":\"https:\\\/\\\/batijournal.com\\\/#\\\/schema\\\/person\\\/1dc96ec6957aa1ccb25ebe78bb19f100\",\"name\":\"St\u00e9phane Miget\",\"image\":{\"@type\":\"ImageObject\",\"inLanguage\":\"fr-FR\",\"@id\":\"https:\\\/\\\/secure.gravatar.com\\\/avatar\\\/89915563d925342126b8ef0281b93d9d7fc337043e8df017f780908eb9644451?s=96&d=mm&r=g\",\"url\":\"https:\\\/\\\/secure.gravatar.com\\\/avatar\\\/89915563d925342126b8ef0281b93d9d7fc337043e8df017f780908eb9644451?s=96&d=mm&r=g\",\"contentUrl\":\"https:\\\/\\\/secure.gravatar.com\\\/avatar\\\/89915563d925342126b8ef0281b93d9d7fc337043e8df017f780908eb9644451?s=96&d=mm&r=g\",\"caption\":\"St\u00e9phane Miget\"},\"url\":\"https:\\\/\\\/batijournal.com\\\/index.php\\\/author\\\/stephane\\\/\"}]}<\/script>\n<!-- \/ Yoast SEO plugin. -->","yoast_head_json":{"title":"R\u00e9ponse de LafargeHolcim \u00e0 l\u2019enqu\u00eate sur la Syrie","robots":{"index":"index","follow":"follow","max-snippet":"max-snippet:-1","max-image-preview":"max-image-preview:large","max-video-preview":"max-video-preview:-1"},"canonical":"https:\/\/batijournal.com\/index.php\/reponse-de-lafargeholcim-a-lenquete-syrie\/95251\/","og_locale":"fr_FR","og_type":"article","og_title":"R\u00e9ponse de LafargeHolcim \u00e0 l\u2019enqu\u00eate sur la Syrie","og_description":"En 2016, un certain nombre de publications ont fait \u00e9tat d\u2019all\u00e9gations impliquant les op\u00e9rations de l\u2019ancienne soci\u00e9t\u00e9 Lafarge dans sa cimenterie syrienne et, plus sp\u00e9cifiquement, que des collaborateurs de l\u2019entreprise auraient r\u00e9alis\u00e9 des transactions avec certains groupes arm\u00e9s et avec des tiers vis\u00e9s par des sanctions, courant 2013 et jusqu\u2019\u00e0 l\u2019\u00e9vacuation de l\u2019usine en septembre [&hellip;]","og_url":"https:\/\/batijournal.com\/index.php\/reponse-de-lafargeholcim-a-lenquete-syrie\/95251\/","og_site_name":"Batijournal","article_published_time":"2017-03-02T09:40:25+00:00","article_modified_time":"2019-07-15T10:03:56+00:00","author":"St\u00e9phane Miget","twitter_card":"summary_large_image","twitter_creator":"@bati_journal","twitter_site":"@bati_journal","twitter_misc":{"\u00c9crit par":"St\u00e9phane Miget","Dur\u00e9e de lecture estim\u00e9e":"4 minutes"},"schema":{"@context":"https:\/\/schema.org","@graph":[{"@type":"Article","@id":"https:\/\/batijournal.com\/index.php\/reponse-de-lafargeholcim-a-lenquete-syrie\/95251\/#article","isPartOf":{"@id":"https:\/\/batijournal.com\/index.php\/reponse-de-lafargeholcim-a-lenquete-syrie\/95251\/"},"author":{"name":"St\u00e9phane Miget","@id":"https:\/\/batijournal.com\/#\/schema\/person\/1dc96ec6957aa1ccb25ebe78bb19f100"},"headline":"R\u00e9ponse de LafargeHolcim \u00e0 l\u2019enqu\u00eate sur la Syrie","datePublished":"2017-03-02T09:40:25+00:00","dateModified":"2019-07-15T10:03:56+00:00","mainEntityOfPage":{"@id":"https:\/\/batijournal.com\/index.php\/reponse-de-lafargeholcim-a-lenquete-syrie\/95251\/"},"wordCount":728,"keywords":["b\u00e9ton","BTP","LafargeHolcim"],"articleSection":["Actualit\u00e9s","\u00c9conomie &amp; March\u00e9s"],"inLanguage":"fr-FR"},{"@type":"WebPage","@id":"https:\/\/batijournal.com\/index.php\/reponse-de-lafargeholcim-a-lenquete-syrie\/95251\/","url":"https:\/\/batijournal.com\/index.php\/reponse-de-lafargeholcim-a-lenquete-syrie\/95251\/","name":"R\u00e9ponse de LafargeHolcim \u00e0 l\u2019enqu\u00eate sur la Syrie","isPartOf":{"@id":"https:\/\/batijournal.com\/#website"},"datePublished":"2017-03-02T09:40:25+00:00","dateModified":"2019-07-15T10:03:56+00:00","author":{"@id":"https:\/\/batijournal.com\/#\/schema\/person\/1dc96ec6957aa1ccb25ebe78bb19f100"},"breadcrumb":{"@id":"https:\/\/batijournal.com\/index.php\/reponse-de-lafargeholcim-a-lenquete-syrie\/95251\/#breadcrumb"},"inLanguage":"fr-FR","potentialAction":[{"@type":"ReadAction","target":["https:\/\/batijournal.com\/index.php\/reponse-de-lafargeholcim-a-lenquete-syrie\/95251\/"]}]},{"@type":"BreadcrumbList","@id":"https:\/\/batijournal.com\/index.php\/reponse-de-lafargeholcim-a-lenquete-syrie\/95251\/#breadcrumb","itemListElement":[{"@type":"ListItem","position":1,"name":"Accueil","item":"https:\/\/batijournal.com\/"},{"@type":"ListItem","position":2,"name":"Actualit\u00e9s","item":"https:\/\/batijournal.com\/index.php\/category\/actualites\/"},{"@type":"ListItem","position":3,"name":"R\u00e9ponse de LafargeHolcim \u00e0 l\u2019enqu\u00eate sur la Syrie"}]},{"@type":"WebSite","@id":"https:\/\/batijournal.com\/#website","url":"https:\/\/batijournal.com\/","name":"Batijournal","description":"L&#039;actualit\u00e9 du b\u00e2timent","potentialAction":[{"@type":"SearchAction","target":{"@type":"EntryPoint","urlTemplate":"https:\/\/batijournal.com\/?s={search_term_string}"},"query-input":{"@type":"PropertyValueSpecification","valueRequired":true,"valueName":"search_term_string"}}],"inLanguage":"fr-FR"},{"@type":"Person","@id":"https:\/\/batijournal.com\/#\/schema\/person\/1dc96ec6957aa1ccb25ebe78bb19f100","name":"St\u00e9phane Miget","image":{"@type":"ImageObject","inLanguage":"fr-FR","@id":"https:\/\/secure.gravatar.com\/avatar\/89915563d925342126b8ef0281b93d9d7fc337043e8df017f780908eb9644451?s=96&d=mm&r=g","url":"https:\/\/secure.gravatar.com\/avatar\/89915563d925342126b8ef0281b93d9d7fc337043e8df017f780908eb9644451?s=96&d=mm&r=g","contentUrl":"https:\/\/secure.gravatar.com\/avatar\/89915563d925342126b8ef0281b93d9d7fc337043e8df017f780908eb9644451?s=96&d=mm&r=g","caption":"St\u00e9phane Miget"},"url":"https:\/\/batijournal.com\/index.php\/author\/stephane\/"}]}},"_links":{"self":[{"href":"https:\/\/batijournal.com\/index.php\/wp-json\/wp\/v2\/posts\/95251","targetHints":{"allow":["GET"]}}],"collection":[{"href":"https:\/\/batijournal.com\/index.php\/wp-json\/wp\/v2\/posts"}],"about":[{"href":"https:\/\/batijournal.com\/index.php\/wp-json\/wp\/v2\/types\/post"}],"author":[{"embeddable":true,"href":"https:\/\/batijournal.com\/index.php\/wp-json\/wp\/v2\/users\/17"}],"replies":[{"embeddable":true,"href":"https:\/\/batijournal.com\/index.php\/wp-json\/wp\/v2\/comments?post=95251"}],"version-history":[{"count":0,"href":"https:\/\/batijournal.com\/index.php\/wp-json\/wp\/v2\/posts\/95251\/revisions"}],"wp:attachment":[{"href":"https:\/\/batijournal.com\/index.php\/wp-json\/wp\/v2\/media?parent=95251"}],"wp:term":[{"taxonomy":"category","embeddable":true,"href":"https:\/\/batijournal.com\/index.php\/wp-json\/wp\/v2\/categories?post=95251"},{"taxonomy":"post_tag","embeddable":true,"href":"https:\/\/batijournal.com\/index.php\/wp-json\/wp\/v2\/tags?post=95251"}],"curies":[{"name":"wp","href":"https:\/\/api.w.org\/{rel}","templated":true}]}}