{"id":95277,"date":"2017-03-02T15:33:17","date_gmt":"2017-03-02T14:33:17","guid":{"rendered":"http:\/\/batijournal.com\/?p=95277"},"modified":"2019-07-15T16:34:14","modified_gmt":"2019-07-15T14:34:14","slug":"nouvelle-edition-regles-de-classement-bois-nord","status":"publish","type":"post","link":"https:\/\/batijournal.com\/index.php\/nouvelle-edition-regles-de-classement-bois-nord\/95277\/","title":{"rendered":"Nouvelle \u00e9dition des R\u00e8gles de classement des Bois du Nord"},"content":{"rendered":"<p><!-- @page { margin: 2cm } P { margin-bottom: 0.21cm } A:link { so-language: zxx } --><\/p>\n<p><span style=\"color: #111111\"><span style=\"font-family: Arial, sans-serif\"><span style=\"font-size: medium\">La F\u00e9d\u00e9ration du travail m\u00e9canique du bois su\u00e9dois, l\u2019Association des scieurs finlandais et l\u2019Association technique des scieurs norv\u00e9giens viennent de mettre \u00e0 jour la premi\u00e8re version des R\u00e8gles de classement des Bois du Nord. Apr\u00e8s 22 ans, le \u00ab\u00a0Livre Gris\u00a0\u00bb Bois du Nord, relatif aux r\u00e8gles de classement des bois sci\u00e9s de pin sylvestre (Pinus silvestris) et \u00e9pic\u00e9a (Picea abies), remplace le \u00ab\u00a0Livre Bleu\u00a0\u00bb \u00e9dit\u00e9 en 1994. \u00a0Dans cet ouvrage tr\u00e8s didactique et simplifi\u00e9 par rapport \u00e0 la premi\u00e8re version, les termes, les d\u00e9finitions et les r\u00e8gles de mesure sont explicites et conformes, en principe, aux autres r\u00e8gles en usage en Europe. Le livre est disponible aupr\u00e8s de l&rsquo;association Le Commerce du Bois au prix de 45 euros (port compris). <\/span><\/span><\/span><\/p>\n<p><span style=\"color: #111111\"><span style=\"font-family: Arial, sans-serif\"><span style=\"font-size: medium\">Commandes\u00a0: <a href=\"mailto:secretariat@lecommercedubois.fr\">secretariat@lecommercedubois.fr<\/a><\/span><\/span><\/span><\/p>\n","protected":false},"excerpt":{"rendered":"<p>La F\u00e9d\u00e9ration du travail m\u00e9canique du bois su\u00e9dois, l\u2019Association des scieurs finlandais et l\u2019Association technique des scieurs norv\u00e9giens viennent de mettre \u00e0 jour la premi\u00e8re version des R\u00e8gles de classement des Bois du Nord. Apr\u00e8s 22 ans, le \u00ab\u00a0Livre Gris\u00a0\u00bb Bois du Nord, relatif aux r\u00e8gles de classement des bois sci\u00e9s de pin sylvestre (Pinus [&hellip;]<\/p>\n","protected":false},"author":17,"featured_media":95278,"comment_status":"closed","ping_status":"closed","sticky":false,"template":"","format":"standard","meta":{"_et_pb_use_builder":"","_et_pb_old_content":"","_et_gb_content_width":"","footnotes":""},"categories":[10530,6362,10769,10764],"tags":[],"class_list":["post-95277","post","type-post","status-publish","format-standard","has-post-thumbnail","hentry","category-actualites","category-services-equipements","category-publications","category-woodsurfer"],"yoast_head":"<!-- This site is optimized with the Yoast SEO plugin v27.4 - https:\/\/yoast.com\/product\/yoast-seo-wordpress\/ -->\n<title>Nouvelle \u00e9dition des R\u00e8gles de classement des Bois du Nord<\/title>\n<meta name=\"robots\" content=\"index, follow, max-snippet:-1, max-image-preview:large, max-video-preview:-1\" \/>\n<link rel=\"canonical\" href=\"https:\/\/batijournal.com\/index.php\/nouvelle-edition-regles-de-classement-bois-nord\/95277\/\" \/>\n<meta property=\"og:locale\" content=\"fr_FR\" \/>\n<meta property=\"og:type\" content=\"article\" \/>\n<meta property=\"og:title\" content=\"Nouvelle \u00e9dition des R\u00e8gles de classement des Bois du Nord\" \/>\n<meta property=\"og:description\" content=\"La F\u00e9d\u00e9ration du travail m\u00e9canique du bois su\u00e9dois, l\u2019Association des scieurs finlandais et l\u2019Association technique des scieurs norv\u00e9giens viennent de mettre \u00e0 jour la premi\u00e8re version des R\u00e8gles de classement des Bois du Nord. Apr\u00e8s 22 ans, le \u00ab\u00a0Livre Gris\u00a0\u00bb Bois du Nord, relatif aux r\u00e8gles de classement des bois sci\u00e9s de pin sylvestre (Pinus [&hellip;]\" \/>\n<meta property=\"og:url\" content=\"https:\/\/batijournal.com\/index.php\/nouvelle-edition-regles-de-classement-bois-nord\/95277\/\" \/>\n<meta property=\"og:site_name\" content=\"Batijournal\" \/>\n<meta property=\"article:published_time\" content=\"2017-03-02T14:33:17+00:00\" \/>\n<meta property=\"article:modified_time\" content=\"2019-07-15T14:34:14+00:00\" \/>\n<meta property=\"og:image\" content=\"https:\/\/batijournal.com\/wp-content\/uploads\/2017\/03\/Bois-du-nord-livre-gris.jpg\" \/>\n\t<meta property=\"og:image:width\" content=\"1072\" \/>\n\t<meta property=\"og:image:height\" content=\"1684\" \/>\n\t<meta property=\"og:image:type\" content=\"image\/jpeg\" \/>\n<meta name=\"author\" content=\"St\u00e9phane Miget\" \/>\n<meta name=\"twitter:card\" content=\"summary_large_image\" \/>\n<meta name=\"twitter:creator\" content=\"@bati_journal\" \/>\n<meta name=\"twitter:site\" content=\"@bati_journal\" \/>\n<meta name=\"twitter:label1\" content=\"\u00c9crit par\" \/>\n\t<meta name=\"twitter:data1\" content=\"St\u00e9phane Miget\" \/>\n\t<meta name=\"twitter:label2\" content=\"Dur\u00e9e de lecture estim\u00e9e\" \/>\n\t<meta name=\"twitter:data2\" content=\"1 minute\" \/>\n<script type=\"application\/ld+json\" class=\"yoast-schema-graph\">{\"@context\":\"https:\\\/\\\/schema.org\",\"@graph\":[{\"@type\":\"Article\",\"@id\":\"https:\\\/\\\/batijournal.com\\\/index.php\\\/nouvelle-edition-regles-de-classement-bois-nord\\\/95277\\\/#article\",\"isPartOf\":{\"@id\":\"https:\\\/\\\/batijournal.com\\\/index.php\\\/nouvelle-edition-regles-de-classement-bois-nord\\\/95277\\\/\"},\"author\":{\"name\":\"St\u00e9phane Miget\",\"@id\":\"https:\\\/\\\/batijournal.com\\\/#\\\/schema\\\/person\\\/1dc96ec6957aa1ccb25ebe78bb19f100\"},\"headline\":\"Nouvelle \u00e9dition des R\u00e8gles de classement des Bois du Nord\",\"datePublished\":\"2017-03-02T14:33:17+00:00\",\"dateModified\":\"2019-07-15T14:34:14+00:00\",\"mainEntityOfPage\":{\"@id\":\"https:\\\/\\\/batijournal.com\\\/index.php\\\/nouvelle-edition-regles-de-classement-bois-nord\\\/95277\\\/\"},\"wordCount\":150,\"image\":{\"@id\":\"https:\\\/\\\/batijournal.com\\\/index.php\\\/nouvelle-edition-regles-de-classement-bois-nord\\\/95277\\\/#primaryimage\"},\"thumbnailUrl\":\"https:\\\/\\\/batijournal.com\\\/wp-content\\\/uploads\\\/2017\\\/03\\\/Bois-du-nord-livre-gris.jpg\",\"articleSection\":[\"Actualit\u00e9s\",\"Divers\",\"zz_Actualit\u00e9s - Woodsurfer\",\"zz_Woodsurfer\"],\"inLanguage\":\"fr-FR\"},{\"@type\":\"WebPage\",\"@id\":\"https:\\\/\\\/batijournal.com\\\/index.php\\\/nouvelle-edition-regles-de-classement-bois-nord\\\/95277\\\/\",\"url\":\"https:\\\/\\\/batijournal.com\\\/index.php\\\/nouvelle-edition-regles-de-classement-bois-nord\\\/95277\\\/\",\"name\":\"Nouvelle \u00e9dition des R\u00e8gles de classement des Bois du Nord\",\"isPartOf\":{\"@id\":\"https:\\\/\\\/batijournal.com\\\/#website\"},\"primaryImageOfPage\":{\"@id\":\"https:\\\/\\\/batijournal.com\\\/index.php\\\/nouvelle-edition-regles-de-classement-bois-nord\\\/95277\\\/#primaryimage\"},\"image\":{\"@id\":\"https:\\\/\\\/batijournal.com\\\/index.php\\\/nouvelle-edition-regles-de-classement-bois-nord\\\/95277\\\/#primaryimage\"},\"thumbnailUrl\":\"https:\\\/\\\/batijournal.com\\\/wp-content\\\/uploads\\\/2017\\\/03\\\/Bois-du-nord-livre-gris.jpg\",\"datePublished\":\"2017-03-02T14:33:17+00:00\",\"dateModified\":\"2019-07-15T14:34:14+00:00\",\"author\":{\"@id\":\"https:\\\/\\\/batijournal.com\\\/#\\\/schema\\\/person\\\/1dc96ec6957aa1ccb25ebe78bb19f100\"},\"breadcrumb\":{\"@id\":\"https:\\\/\\\/batijournal.com\\\/index.php\\\/nouvelle-edition-regles-de-classement-bois-nord\\\/95277\\\/#breadcrumb\"},\"inLanguage\":\"fr-FR\",\"potentialAction\":[{\"@type\":\"ReadAction\",\"target\":[\"https:\\\/\\\/batijournal.com\\\/index.php\\\/nouvelle-edition-regles-de-classement-bois-nord\\\/95277\\\/\"]}]},{\"@type\":\"ImageObject\",\"inLanguage\":\"fr-FR\",\"@id\":\"https:\\\/\\\/batijournal.com\\\/index.php\\\/nouvelle-edition-regles-de-classement-bois-nord\\\/95277\\\/#primaryimage\",\"url\":\"https:\\\/\\\/batijournal.com\\\/wp-content\\\/uploads\\\/2017\\\/03\\\/Bois-du-nord-livre-gris.jpg\",\"contentUrl\":\"https:\\\/\\\/batijournal.com\\\/wp-content\\\/uploads\\\/2017\\\/03\\\/Bois-du-nord-livre-gris.jpg\",\"width\":1072,\"height\":1684},{\"@type\":\"BreadcrumbList\",\"@id\":\"https:\\\/\\\/batijournal.com\\\/index.php\\\/nouvelle-edition-regles-de-classement-bois-nord\\\/95277\\\/#breadcrumb\",\"itemListElement\":[{\"@type\":\"ListItem\",\"position\":1,\"name\":\"Accueil\",\"item\":\"https:\\\/\\\/batijournal.com\\\/\"},{\"@type\":\"ListItem\",\"position\":2,\"name\":\"Actualit\u00e9s\",\"item\":\"https:\\\/\\\/batijournal.com\\\/index.php\\\/category\\\/actualites\\\/\"},{\"@type\":\"ListItem\",\"position\":3,\"name\":\"Nouvelle \u00e9dition des R\u00e8gles de classement des Bois du Nord\"}]},{\"@type\":\"WebSite\",\"@id\":\"https:\\\/\\\/batijournal.com\\\/#website\",\"url\":\"https:\\\/\\\/batijournal.com\\\/\",\"name\":\"Batijournal\",\"description\":\"L&#039;actualit\u00e9 du b\u00e2timent\",\"potentialAction\":[{\"@type\":\"SearchAction\",\"target\":{\"@type\":\"EntryPoint\",\"urlTemplate\":\"https:\\\/\\\/batijournal.com\\\/?s={search_term_string}\"},\"query-input\":{\"@type\":\"PropertyValueSpecification\",\"valueRequired\":true,\"valueName\":\"search_term_string\"}}],\"inLanguage\":\"fr-FR\"},{\"@type\":\"Person\",\"@id\":\"https:\\\/\\\/batijournal.com\\\/#\\\/schema\\\/person\\\/1dc96ec6957aa1ccb25ebe78bb19f100\",\"name\":\"St\u00e9phane Miget\",\"image\":{\"@type\":\"ImageObject\",\"inLanguage\":\"fr-FR\",\"@id\":\"https:\\\/\\\/secure.gravatar.com\\\/avatar\\\/89915563d925342126b8ef0281b93d9d7fc337043e8df017f780908eb9644451?s=96&d=mm&r=g\",\"url\":\"https:\\\/\\\/secure.gravatar.com\\\/avatar\\\/89915563d925342126b8ef0281b93d9d7fc337043e8df017f780908eb9644451?s=96&d=mm&r=g\",\"contentUrl\":\"https:\\\/\\\/secure.gravatar.com\\\/avatar\\\/89915563d925342126b8ef0281b93d9d7fc337043e8df017f780908eb9644451?s=96&d=mm&r=g\",\"caption\":\"St\u00e9phane Miget\"},\"url\":\"https:\\\/\\\/batijournal.com\\\/index.php\\\/author\\\/stephane\\\/\"}]}<\/script>\n<!-- \/ Yoast SEO plugin. -->","yoast_head_json":{"title":"Nouvelle \u00e9dition des R\u00e8gles de classement des Bois du Nord","robots":{"index":"index","follow":"follow","max-snippet":"max-snippet:-1","max-image-preview":"max-image-preview:large","max-video-preview":"max-video-preview:-1"},"canonical":"https:\/\/batijournal.com\/index.php\/nouvelle-edition-regles-de-classement-bois-nord\/95277\/","og_locale":"fr_FR","og_type":"article","og_title":"Nouvelle \u00e9dition des R\u00e8gles de classement des Bois du Nord","og_description":"La F\u00e9d\u00e9ration du travail m\u00e9canique du bois su\u00e9dois, l\u2019Association des scieurs finlandais et l\u2019Association technique des scieurs norv\u00e9giens viennent de mettre \u00e0 jour la premi\u00e8re version des R\u00e8gles de classement des Bois du Nord. Apr\u00e8s 22 ans, le \u00ab\u00a0Livre Gris\u00a0\u00bb Bois du Nord, relatif aux r\u00e8gles de classement des bois sci\u00e9s de pin sylvestre (Pinus [&hellip;]","og_url":"https:\/\/batijournal.com\/index.php\/nouvelle-edition-regles-de-classement-bois-nord\/95277\/","og_site_name":"Batijournal","article_published_time":"2017-03-02T14:33:17+00:00","article_modified_time":"2019-07-15T14:34:14+00:00","og_image":[{"width":1072,"height":1684,"url":"https:\/\/batijournal.com\/wp-content\/uploads\/2017\/03\/Bois-du-nord-livre-gris.jpg","type":"image\/jpeg"}],"author":"St\u00e9phane Miget","twitter_card":"summary_large_image","twitter_creator":"@bati_journal","twitter_site":"@bati_journal","twitter_misc":{"\u00c9crit par":"St\u00e9phane Miget","Dur\u00e9e de lecture estim\u00e9e":"1 minute"},"schema":{"@context":"https:\/\/schema.org","@graph":[{"@type":"Article","@id":"https:\/\/batijournal.com\/index.php\/nouvelle-edition-regles-de-classement-bois-nord\/95277\/#article","isPartOf":{"@id":"https:\/\/batijournal.com\/index.php\/nouvelle-edition-regles-de-classement-bois-nord\/95277\/"},"author":{"name":"St\u00e9phane Miget","@id":"https:\/\/batijournal.com\/#\/schema\/person\/1dc96ec6957aa1ccb25ebe78bb19f100"},"headline":"Nouvelle \u00e9dition des R\u00e8gles de classement des Bois du Nord","datePublished":"2017-03-02T14:33:17+00:00","dateModified":"2019-07-15T14:34:14+00:00","mainEntityOfPage":{"@id":"https:\/\/batijournal.com\/index.php\/nouvelle-edition-regles-de-classement-bois-nord\/95277\/"},"wordCount":150,"image":{"@id":"https:\/\/batijournal.com\/index.php\/nouvelle-edition-regles-de-classement-bois-nord\/95277\/#primaryimage"},"thumbnailUrl":"https:\/\/batijournal.com\/wp-content\/uploads\/2017\/03\/Bois-du-nord-livre-gris.jpg","articleSection":["Actualit\u00e9s","Divers","zz_Actualit\u00e9s - Woodsurfer","zz_Woodsurfer"],"inLanguage":"fr-FR"},{"@type":"WebPage","@id":"https:\/\/batijournal.com\/index.php\/nouvelle-edition-regles-de-classement-bois-nord\/95277\/","url":"https:\/\/batijournal.com\/index.php\/nouvelle-edition-regles-de-classement-bois-nord\/95277\/","name":"Nouvelle \u00e9dition des R\u00e8gles de classement des Bois du Nord","isPartOf":{"@id":"https:\/\/batijournal.com\/#website"},"primaryImageOfPage":{"@id":"https:\/\/batijournal.com\/index.php\/nouvelle-edition-regles-de-classement-bois-nord\/95277\/#primaryimage"},"image":{"@id":"https:\/\/batijournal.com\/index.php\/nouvelle-edition-regles-de-classement-bois-nord\/95277\/#primaryimage"},"thumbnailUrl":"https:\/\/batijournal.com\/wp-content\/uploads\/2017\/03\/Bois-du-nord-livre-gris.jpg","datePublished":"2017-03-02T14:33:17+00:00","dateModified":"2019-07-15T14:34:14+00:00","author":{"@id":"https:\/\/batijournal.com\/#\/schema\/person\/1dc96ec6957aa1ccb25ebe78bb19f100"},"breadcrumb":{"@id":"https:\/\/batijournal.com\/index.php\/nouvelle-edition-regles-de-classement-bois-nord\/95277\/#breadcrumb"},"inLanguage":"fr-FR","potentialAction":[{"@type":"ReadAction","target":["https:\/\/batijournal.com\/index.php\/nouvelle-edition-regles-de-classement-bois-nord\/95277\/"]}]},{"@type":"ImageObject","inLanguage":"fr-FR","@id":"https:\/\/batijournal.com\/index.php\/nouvelle-edition-regles-de-classement-bois-nord\/95277\/#primaryimage","url":"https:\/\/batijournal.com\/wp-content\/uploads\/2017\/03\/Bois-du-nord-livre-gris.jpg","contentUrl":"https:\/\/batijournal.com\/wp-content\/uploads\/2017\/03\/Bois-du-nord-livre-gris.jpg","width":1072,"height":1684},{"@type":"BreadcrumbList","@id":"https:\/\/batijournal.com\/index.php\/nouvelle-edition-regles-de-classement-bois-nord\/95277\/#breadcrumb","itemListElement":[{"@type":"ListItem","position":1,"name":"Accueil","item":"https:\/\/batijournal.com\/"},{"@type":"ListItem","position":2,"name":"Actualit\u00e9s","item":"https:\/\/batijournal.com\/index.php\/category\/actualites\/"},{"@type":"ListItem","position":3,"name":"Nouvelle \u00e9dition des R\u00e8gles de classement des Bois du Nord"}]},{"@type":"WebSite","@id":"https:\/\/batijournal.com\/#website","url":"https:\/\/batijournal.com\/","name":"Batijournal","description":"L&#039;actualit\u00e9 du b\u00e2timent","potentialAction":[{"@type":"SearchAction","target":{"@type":"EntryPoint","urlTemplate":"https:\/\/batijournal.com\/?s={search_term_string}"},"query-input":{"@type":"PropertyValueSpecification","valueRequired":true,"valueName":"search_term_string"}}],"inLanguage":"fr-FR"},{"@type":"Person","@id":"https:\/\/batijournal.com\/#\/schema\/person\/1dc96ec6957aa1ccb25ebe78bb19f100","name":"St\u00e9phane Miget","image":{"@type":"ImageObject","inLanguage":"fr-FR","@id":"https:\/\/secure.gravatar.com\/avatar\/89915563d925342126b8ef0281b93d9d7fc337043e8df017f780908eb9644451?s=96&d=mm&r=g","url":"https:\/\/secure.gravatar.com\/avatar\/89915563d925342126b8ef0281b93d9d7fc337043e8df017f780908eb9644451?s=96&d=mm&r=g","contentUrl":"https:\/\/secure.gravatar.com\/avatar\/89915563d925342126b8ef0281b93d9d7fc337043e8df017f780908eb9644451?s=96&d=mm&r=g","caption":"St\u00e9phane Miget"},"url":"https:\/\/batijournal.com\/index.php\/author\/stephane\/"}]}},"_links":{"self":[{"href":"https:\/\/batijournal.com\/index.php\/wp-json\/wp\/v2\/posts\/95277","targetHints":{"allow":["GET"]}}],"collection":[{"href":"https:\/\/batijournal.com\/index.php\/wp-json\/wp\/v2\/posts"}],"about":[{"href":"https:\/\/batijournal.com\/index.php\/wp-json\/wp\/v2\/types\/post"}],"author":[{"embeddable":true,"href":"https:\/\/batijournal.com\/index.php\/wp-json\/wp\/v2\/users\/17"}],"replies":[{"embeddable":true,"href":"https:\/\/batijournal.com\/index.php\/wp-json\/wp\/v2\/comments?post=95277"}],"version-history":[{"count":0,"href":"https:\/\/batijournal.com\/index.php\/wp-json\/wp\/v2\/posts\/95277\/revisions"}],"wp:featuredmedia":[{"embeddable":true,"href":"https:\/\/batijournal.com\/index.php\/wp-json\/wp\/v2\/media\/95278"}],"wp:attachment":[{"href":"https:\/\/batijournal.com\/index.php\/wp-json\/wp\/v2\/media?parent=95277"}],"wp:term":[{"taxonomy":"category","embeddable":true,"href":"https:\/\/batijournal.com\/index.php\/wp-json\/wp\/v2\/categories?post=95277"},{"taxonomy":"post_tag","embeddable":true,"href":"https:\/\/batijournal.com\/index.php\/wp-json\/wp\/v2\/tags?post=95277"}],"curies":[{"name":"wp","href":"https:\/\/api.w.org\/{rel}","templated":true}]}}