{"id":95330,"date":"2017-03-06T08:13:42","date_gmt":"2017-03-06T07:13:42","guid":{"rendered":"http:\/\/batijournal.com\/?p=95330"},"modified":"2019-07-15T12:07:13","modified_gmt":"2019-07-15T10:07:13","slug":"brevet-professionnel-de-taille-de-pierre-monuments-historiques-soutenu","status":"publish","type":"post","link":"https:\/\/batijournal.com\/index.php\/brevet-professionnel-de-taille-de-pierre-monuments-historiques-soutenu\/95330\/","title":{"rendered":"Le Brevet Professionnel de Taille de Pierre Monuments Historiques soutenu"},"content":{"rendered":"<p>La Caisse d\u2019Epargne soutient le Brevet Professionnel de Taille de Pierre Monuments Historiques (BPMH) en partenariat avec\u00a0le Groupement des Entreprises de Restauration des Monuments Historiques (GMH). Ce partenariat s\u2019inscrit dans une d\u00e9marche globale de la Caisse d\u2019Epargne, et participe activement \u00e0 la fili\u00e8re maitresse du monde de l\u2019artisanat et du b\u00e2timent en soutenant un secteur \u00e9conomique qui assure des emplois qualifi\u00e9s, sur l\u2019ensemble du territoire national et participe \u00e0 l\u2019attractivit\u00e9 de la France dans le monde entier.<\/p>\n","protected":false},"excerpt":{"rendered":"<p>La Caisse d\u2019Epargne soutient le Brevet Professionnel de Taille de Pierre Monuments Historiques (BPMH) en partenariat avec\u00a0le Groupement des Entreprises de Restauration des Monuments Historiques (GMH). Ce partenariat s\u2019inscrit dans une d\u00e9marche globale de la Caisse d\u2019Epargne, et participe activement \u00e0 la fili\u00e8re maitresse du monde de l\u2019artisanat et du b\u00e2timent en soutenant un secteur [&hellip;]<\/p>\n","protected":false},"author":17,"featured_media":88167,"comment_status":"closed","ping_status":"closed","sticky":false,"template":"","format":"standard","meta":{"_et_pb_use_builder":"","_et_pb_old_content":"","_et_gb_content_width":"","footnotes":""},"categories":[10530,6345,10775],"tags":[517,6259,7189,7190],"class_list":["post-95330","post","type-post","status-publish","format-standard","has-post-thumbnail","hentry","category-actualites","category-economie-marches","category-actualites-5facades","tag-formation","tag-gmh","tag-taille-de-pierre","tag-tailleur-de-pierre"],"yoast_head":"<!-- This site is optimized with the Yoast SEO plugin v27.4 - https:\/\/yoast.com\/product\/yoast-seo-wordpress\/ -->\n<title>Le Brevet Professionnel de Taille de Pierre Monuments Historiques soutenu<\/title>\n<meta name=\"robots\" content=\"index, follow, max-snippet:-1, max-image-preview:large, max-video-preview:-1\" \/>\n<link rel=\"canonical\" href=\"https:\/\/batijournal.com\/index.php\/brevet-professionnel-de-taille-de-pierre-monuments-historiques-soutenu\/95330\/\" \/>\n<meta property=\"og:locale\" content=\"fr_FR\" \/>\n<meta property=\"og:type\" content=\"article\" \/>\n<meta property=\"og:title\" content=\"Le Brevet Professionnel de Taille de Pierre Monuments Historiques soutenu\" \/>\n<meta property=\"og:description\" content=\"La Caisse d\u2019Epargne soutient le Brevet Professionnel de Taille de Pierre Monuments Historiques (BPMH) en partenariat avec\u00a0le Groupement des Entreprises de Restauration des Monuments Historiques (GMH). Ce partenariat s\u2019inscrit dans une d\u00e9marche globale de la Caisse d\u2019Epargne, et participe activement \u00e0 la fili\u00e8re maitresse du monde de l\u2019artisanat et du b\u00e2timent en soutenant un secteur [&hellip;]\" \/>\n<meta property=\"og:url\" content=\"https:\/\/batijournal.com\/index.php\/brevet-professionnel-de-taille-de-pierre-monuments-historiques-soutenu\/95330\/\" \/>\n<meta property=\"og:site_name\" content=\"Batijournal\" \/>\n<meta property=\"article:published_time\" content=\"2017-03-06T07:13:42+00:00\" \/>\n<meta property=\"article:modified_time\" content=\"2019-07-15T10:07:13+00:00\" \/>\n<meta property=\"og:image\" content=\"https:\/\/batijournal.com\/wp-content\/uploads\/2015\/07\/101197458.jpg\" \/>\n\t<meta property=\"og:image:width\" content=\"600\" \/>\n\t<meta property=\"og:image:height\" content=\"412\" \/>\n\t<meta property=\"og:image:type\" content=\"image\/jpeg\" \/>\n<meta name=\"author\" content=\"St\u00e9phane Miget\" \/>\n<meta name=\"twitter:card\" content=\"summary_large_image\" \/>\n<meta name=\"twitter:creator\" content=\"@bati_journal\" \/>\n<meta name=\"twitter:site\" content=\"@bati_journal\" \/>\n<meta name=\"twitter:label1\" content=\"\u00c9crit par\" \/>\n\t<meta name=\"twitter:data1\" content=\"St\u00e9phane Miget\" \/>\n<script type=\"application\/ld+json\" class=\"yoast-schema-graph\">{\"@context\":\"https:\\\/\\\/schema.org\",\"@graph\":[{\"@type\":\"Article\",\"@id\":\"https:\\\/\\\/batijournal.com\\\/index.php\\\/brevet-professionnel-de-taille-de-pierre-monuments-historiques-soutenu\\\/95330\\\/#article\",\"isPartOf\":{\"@id\":\"https:\\\/\\\/batijournal.com\\\/index.php\\\/brevet-professionnel-de-taille-de-pierre-monuments-historiques-soutenu\\\/95330\\\/\"},\"author\":{\"name\":\"St\u00e9phane Miget\",\"@id\":\"https:\\\/\\\/batijournal.com\\\/#\\\/schema\\\/person\\\/1dc96ec6957aa1ccb25ebe78bb19f100\"},\"headline\":\"Le Brevet Professionnel de Taille de Pierre Monuments Historiques soutenu\",\"datePublished\":\"2017-03-06T07:13:42+00:00\",\"dateModified\":\"2019-07-15T10:07:13+00:00\",\"mainEntityOfPage\":{\"@id\":\"https:\\\/\\\/batijournal.com\\\/index.php\\\/brevet-professionnel-de-taille-de-pierre-monuments-historiques-soutenu\\\/95330\\\/\"},\"wordCount\":96,\"image\":{\"@id\":\"https:\\\/\\\/batijournal.com\\\/index.php\\\/brevet-professionnel-de-taille-de-pierre-monuments-historiques-soutenu\\\/95330\\\/#primaryimage\"},\"thumbnailUrl\":\"https:\\\/\\\/batijournal.com\\\/wp-content\\\/uploads\\\/2015\\\/07\\\/101197458.jpg\",\"keywords\":[\"formation\",\"GMH\",\"taille de pierre\",\"tailleur de pierre\"],\"articleSection\":[\"Actualit\u00e9s\",\"\u00c9conomie &amp; March\u00e9s\",\"zz_Actualit\u00e9s - 5fa\u00e7ades\"],\"inLanguage\":\"fr-FR\"},{\"@type\":\"WebPage\",\"@id\":\"https:\\\/\\\/batijournal.com\\\/index.php\\\/brevet-professionnel-de-taille-de-pierre-monuments-historiques-soutenu\\\/95330\\\/\",\"url\":\"https:\\\/\\\/batijournal.com\\\/index.php\\\/brevet-professionnel-de-taille-de-pierre-monuments-historiques-soutenu\\\/95330\\\/\",\"name\":\"Le Brevet Professionnel de Taille de Pierre Monuments Historiques soutenu\",\"isPartOf\":{\"@id\":\"https:\\\/\\\/batijournal.com\\\/#website\"},\"primaryImageOfPage\":{\"@id\":\"https:\\\/\\\/batijournal.com\\\/index.php\\\/brevet-professionnel-de-taille-de-pierre-monuments-historiques-soutenu\\\/95330\\\/#primaryimage\"},\"image\":{\"@id\":\"https:\\\/\\\/batijournal.com\\\/index.php\\\/brevet-professionnel-de-taille-de-pierre-monuments-historiques-soutenu\\\/95330\\\/#primaryimage\"},\"thumbnailUrl\":\"https:\\\/\\\/batijournal.com\\\/wp-content\\\/uploads\\\/2015\\\/07\\\/101197458.jpg\",\"datePublished\":\"2017-03-06T07:13:42+00:00\",\"dateModified\":\"2019-07-15T10:07:13+00:00\",\"author\":{\"@id\":\"https:\\\/\\\/batijournal.com\\\/#\\\/schema\\\/person\\\/1dc96ec6957aa1ccb25ebe78bb19f100\"},\"breadcrumb\":{\"@id\":\"https:\\\/\\\/batijournal.com\\\/index.php\\\/brevet-professionnel-de-taille-de-pierre-monuments-historiques-soutenu\\\/95330\\\/#breadcrumb\"},\"inLanguage\":\"fr-FR\",\"potentialAction\":[{\"@type\":\"ReadAction\",\"target\":[\"https:\\\/\\\/batijournal.com\\\/index.php\\\/brevet-professionnel-de-taille-de-pierre-monuments-historiques-soutenu\\\/95330\\\/\"]}]},{\"@type\":\"ImageObject\",\"inLanguage\":\"fr-FR\",\"@id\":\"https:\\\/\\\/batijournal.com\\\/index.php\\\/brevet-professionnel-de-taille-de-pierre-monuments-historiques-soutenu\\\/95330\\\/#primaryimage\",\"url\":\"https:\\\/\\\/batijournal.com\\\/wp-content\\\/uploads\\\/2015\\\/07\\\/101197458.jpg\",\"contentUrl\":\"https:\\\/\\\/batijournal.com\\\/wp-content\\\/uploads\\\/2015\\\/07\\\/101197458.jpg\",\"width\":600,\"height\":412,\"caption\":\"tailleur de pierre\"},{\"@type\":\"BreadcrumbList\",\"@id\":\"https:\\\/\\\/batijournal.com\\\/index.php\\\/brevet-professionnel-de-taille-de-pierre-monuments-historiques-soutenu\\\/95330\\\/#breadcrumb\",\"itemListElement\":[{\"@type\":\"ListItem\",\"position\":1,\"name\":\"Accueil\",\"item\":\"https:\\\/\\\/batijournal.com\\\/\"},{\"@type\":\"ListItem\",\"position\":2,\"name\":\"Actualit\u00e9s\",\"item\":\"https:\\\/\\\/batijournal.com\\\/index.php\\\/category\\\/actualites\\\/\"},{\"@type\":\"ListItem\",\"position\":3,\"name\":\"Le Brevet Professionnel de Taille de Pierre Monuments Historiques soutenu\"}]},{\"@type\":\"WebSite\",\"@id\":\"https:\\\/\\\/batijournal.com\\\/#website\",\"url\":\"https:\\\/\\\/batijournal.com\\\/\",\"name\":\"Batijournal\",\"description\":\"L&#039;actualit\u00e9 du b\u00e2timent\",\"potentialAction\":[{\"@type\":\"SearchAction\",\"target\":{\"@type\":\"EntryPoint\",\"urlTemplate\":\"https:\\\/\\\/batijournal.com\\\/?s={search_term_string}\"},\"query-input\":{\"@type\":\"PropertyValueSpecification\",\"valueRequired\":true,\"valueName\":\"search_term_string\"}}],\"inLanguage\":\"fr-FR\"},{\"@type\":\"Person\",\"@id\":\"https:\\\/\\\/batijournal.com\\\/#\\\/schema\\\/person\\\/1dc96ec6957aa1ccb25ebe78bb19f100\",\"name\":\"St\u00e9phane Miget\",\"image\":{\"@type\":\"ImageObject\",\"inLanguage\":\"fr-FR\",\"@id\":\"https:\\\/\\\/secure.gravatar.com\\\/avatar\\\/89915563d925342126b8ef0281b93d9d7fc337043e8df017f780908eb9644451?s=96&d=mm&r=g\",\"url\":\"https:\\\/\\\/secure.gravatar.com\\\/avatar\\\/89915563d925342126b8ef0281b93d9d7fc337043e8df017f780908eb9644451?s=96&d=mm&r=g\",\"contentUrl\":\"https:\\\/\\\/secure.gravatar.com\\\/avatar\\\/89915563d925342126b8ef0281b93d9d7fc337043e8df017f780908eb9644451?s=96&d=mm&r=g\",\"caption\":\"St\u00e9phane Miget\"},\"url\":\"https:\\\/\\\/batijournal.com\\\/index.php\\\/author\\\/stephane\\\/\"}]}<\/script>\n<!-- \/ Yoast SEO plugin. -->","yoast_head_json":{"title":"Le Brevet Professionnel de Taille de Pierre Monuments Historiques soutenu","robots":{"index":"index","follow":"follow","max-snippet":"max-snippet:-1","max-image-preview":"max-image-preview:large","max-video-preview":"max-video-preview:-1"},"canonical":"https:\/\/batijournal.com\/index.php\/brevet-professionnel-de-taille-de-pierre-monuments-historiques-soutenu\/95330\/","og_locale":"fr_FR","og_type":"article","og_title":"Le Brevet Professionnel de Taille de Pierre Monuments Historiques soutenu","og_description":"La Caisse d\u2019Epargne soutient le Brevet Professionnel de Taille de Pierre Monuments Historiques (BPMH) en partenariat avec\u00a0le Groupement des Entreprises de Restauration des Monuments Historiques (GMH). Ce partenariat s\u2019inscrit dans une d\u00e9marche globale de la Caisse d\u2019Epargne, et participe activement \u00e0 la fili\u00e8re maitresse du monde de l\u2019artisanat et du b\u00e2timent en soutenant un secteur [&hellip;]","og_url":"https:\/\/batijournal.com\/index.php\/brevet-professionnel-de-taille-de-pierre-monuments-historiques-soutenu\/95330\/","og_site_name":"Batijournal","article_published_time":"2017-03-06T07:13:42+00:00","article_modified_time":"2019-07-15T10:07:13+00:00","og_image":[{"width":600,"height":412,"url":"https:\/\/batijournal.com\/wp-content\/uploads\/2015\/07\/101197458.jpg","type":"image\/jpeg"}],"author":"St\u00e9phane Miget","twitter_card":"summary_large_image","twitter_creator":"@bati_journal","twitter_site":"@bati_journal","twitter_misc":{"\u00c9crit par":"St\u00e9phane Miget"},"schema":{"@context":"https:\/\/schema.org","@graph":[{"@type":"Article","@id":"https:\/\/batijournal.com\/index.php\/brevet-professionnel-de-taille-de-pierre-monuments-historiques-soutenu\/95330\/#article","isPartOf":{"@id":"https:\/\/batijournal.com\/index.php\/brevet-professionnel-de-taille-de-pierre-monuments-historiques-soutenu\/95330\/"},"author":{"name":"St\u00e9phane Miget","@id":"https:\/\/batijournal.com\/#\/schema\/person\/1dc96ec6957aa1ccb25ebe78bb19f100"},"headline":"Le Brevet Professionnel de Taille de Pierre Monuments Historiques soutenu","datePublished":"2017-03-06T07:13:42+00:00","dateModified":"2019-07-15T10:07:13+00:00","mainEntityOfPage":{"@id":"https:\/\/batijournal.com\/index.php\/brevet-professionnel-de-taille-de-pierre-monuments-historiques-soutenu\/95330\/"},"wordCount":96,"image":{"@id":"https:\/\/batijournal.com\/index.php\/brevet-professionnel-de-taille-de-pierre-monuments-historiques-soutenu\/95330\/#primaryimage"},"thumbnailUrl":"https:\/\/batijournal.com\/wp-content\/uploads\/2015\/07\/101197458.jpg","keywords":["formation","GMH","taille de pierre","tailleur de pierre"],"articleSection":["Actualit\u00e9s","\u00c9conomie &amp; March\u00e9s","zz_Actualit\u00e9s - 5fa\u00e7ades"],"inLanguage":"fr-FR"},{"@type":"WebPage","@id":"https:\/\/batijournal.com\/index.php\/brevet-professionnel-de-taille-de-pierre-monuments-historiques-soutenu\/95330\/","url":"https:\/\/batijournal.com\/index.php\/brevet-professionnel-de-taille-de-pierre-monuments-historiques-soutenu\/95330\/","name":"Le Brevet Professionnel de Taille de Pierre Monuments Historiques soutenu","isPartOf":{"@id":"https:\/\/batijournal.com\/#website"},"primaryImageOfPage":{"@id":"https:\/\/batijournal.com\/index.php\/brevet-professionnel-de-taille-de-pierre-monuments-historiques-soutenu\/95330\/#primaryimage"},"image":{"@id":"https:\/\/batijournal.com\/index.php\/brevet-professionnel-de-taille-de-pierre-monuments-historiques-soutenu\/95330\/#primaryimage"},"thumbnailUrl":"https:\/\/batijournal.com\/wp-content\/uploads\/2015\/07\/101197458.jpg","datePublished":"2017-03-06T07:13:42+00:00","dateModified":"2019-07-15T10:07:13+00:00","author":{"@id":"https:\/\/batijournal.com\/#\/schema\/person\/1dc96ec6957aa1ccb25ebe78bb19f100"},"breadcrumb":{"@id":"https:\/\/batijournal.com\/index.php\/brevet-professionnel-de-taille-de-pierre-monuments-historiques-soutenu\/95330\/#breadcrumb"},"inLanguage":"fr-FR","potentialAction":[{"@type":"ReadAction","target":["https:\/\/batijournal.com\/index.php\/brevet-professionnel-de-taille-de-pierre-monuments-historiques-soutenu\/95330\/"]}]},{"@type":"ImageObject","inLanguage":"fr-FR","@id":"https:\/\/batijournal.com\/index.php\/brevet-professionnel-de-taille-de-pierre-monuments-historiques-soutenu\/95330\/#primaryimage","url":"https:\/\/batijournal.com\/wp-content\/uploads\/2015\/07\/101197458.jpg","contentUrl":"https:\/\/batijournal.com\/wp-content\/uploads\/2015\/07\/101197458.jpg","width":600,"height":412,"caption":"tailleur de pierre"},{"@type":"BreadcrumbList","@id":"https:\/\/batijournal.com\/index.php\/brevet-professionnel-de-taille-de-pierre-monuments-historiques-soutenu\/95330\/#breadcrumb","itemListElement":[{"@type":"ListItem","position":1,"name":"Accueil","item":"https:\/\/batijournal.com\/"},{"@type":"ListItem","position":2,"name":"Actualit\u00e9s","item":"https:\/\/batijournal.com\/index.php\/category\/actualites\/"},{"@type":"ListItem","position":3,"name":"Le Brevet Professionnel de Taille de Pierre Monuments Historiques soutenu"}]},{"@type":"WebSite","@id":"https:\/\/batijournal.com\/#website","url":"https:\/\/batijournal.com\/","name":"Batijournal","description":"L&#039;actualit\u00e9 du b\u00e2timent","potentialAction":[{"@type":"SearchAction","target":{"@type":"EntryPoint","urlTemplate":"https:\/\/batijournal.com\/?s={search_term_string}"},"query-input":{"@type":"PropertyValueSpecification","valueRequired":true,"valueName":"search_term_string"}}],"inLanguage":"fr-FR"},{"@type":"Person","@id":"https:\/\/batijournal.com\/#\/schema\/person\/1dc96ec6957aa1ccb25ebe78bb19f100","name":"St\u00e9phane Miget","image":{"@type":"ImageObject","inLanguage":"fr-FR","@id":"https:\/\/secure.gravatar.com\/avatar\/89915563d925342126b8ef0281b93d9d7fc337043e8df017f780908eb9644451?s=96&d=mm&r=g","url":"https:\/\/secure.gravatar.com\/avatar\/89915563d925342126b8ef0281b93d9d7fc337043e8df017f780908eb9644451?s=96&d=mm&r=g","contentUrl":"https:\/\/secure.gravatar.com\/avatar\/89915563d925342126b8ef0281b93d9d7fc337043e8df017f780908eb9644451?s=96&d=mm&r=g","caption":"St\u00e9phane Miget"},"url":"https:\/\/batijournal.com\/index.php\/author\/stephane\/"}]}},"_links":{"self":[{"href":"https:\/\/batijournal.com\/index.php\/wp-json\/wp\/v2\/posts\/95330","targetHints":{"allow":["GET"]}}],"collection":[{"href":"https:\/\/batijournal.com\/index.php\/wp-json\/wp\/v2\/posts"}],"about":[{"href":"https:\/\/batijournal.com\/index.php\/wp-json\/wp\/v2\/types\/post"}],"author":[{"embeddable":true,"href":"https:\/\/batijournal.com\/index.php\/wp-json\/wp\/v2\/users\/17"}],"replies":[{"embeddable":true,"href":"https:\/\/batijournal.com\/index.php\/wp-json\/wp\/v2\/comments?post=95330"}],"version-history":[{"count":0,"href":"https:\/\/batijournal.com\/index.php\/wp-json\/wp\/v2\/posts\/95330\/revisions"}],"wp:featuredmedia":[{"embeddable":true,"href":"https:\/\/batijournal.com\/index.php\/wp-json\/wp\/v2\/media\/88167"}],"wp:attachment":[{"href":"https:\/\/batijournal.com\/index.php\/wp-json\/wp\/v2\/media?parent=95330"}],"wp:term":[{"taxonomy":"category","embeddable":true,"href":"https:\/\/batijournal.com\/index.php\/wp-json\/wp\/v2\/categories?post=95330"},{"taxonomy":"post_tag","embeddable":true,"href":"https:\/\/batijournal.com\/index.php\/wp-json\/wp\/v2\/tags?post=95330"}],"curies":[{"name":"wp","href":"https:\/\/api.w.org\/{rel}","templated":true}]}}