{"id":95347,"date":"2017-03-07T09:55:35","date_gmt":"2017-03-07T08:55:35","guid":{"rendered":"http:\/\/batijournal.com\/?p=95347"},"modified":"2019-07-15T12:20:03","modified_gmt":"2019-07-15T10:20:03","slug":"generaliser-batiment-durable-ile-de-france","status":"publish","type":"post","link":"https:\/\/batijournal.com\/index.php\/generaliser-batiment-durable-ile-de-france\/95347\/","title":{"rendered":"G\u00e9n\u00e9raliser le b\u00e2timent durable en \u00cele-de-France"},"content":{"rendered":"<p>Ekopolis (p\u00f4le de ressources francilien pour l\u2019am\u00e9nagement et la construction durables) lance la d\u00e9marche B\u00e2timents durables franciliens (BDF). Un dispositif collaboratif qui consiste \u00e0 accompagner et \u00e9valuer des op\u00e9rations de construction et de r\u00e9habilitation durables en \u00cele-de-France. BDF s\u2019adresse aux ma\u00eetres d\u2019ouvrage et aux \u00e9quipes de ma\u00eetrise d\u2019\u0153uvre qui souhaitent construire ou r\u00e9habiliter durable, de mani\u00e8re simple et rigoureuse. Elle est un espace d\u2019\u00e9changes et d\u2019apprentissage. L\u2019accompagnement est assur\u00e9 par un acteur de l\u2019op\u00e9ration form\u00e9 \u00e0 la d\u00e9marche BDF. Ekopolis met \u00e0 sa disposition un support technique tout au long de l\u2019op\u00e9ration. L\u2019\u00e9valuation est r\u00e9alis\u00e9e \u00e0 3 \u00e9tapes du projet : en conception, en chantier et deux ans apr\u00e8s la livraison. Elle s\u2019appuie sur un r\u00e9f\u00e9rentiel, les propositions de l&rsquo;accompagnateur et les recommandations d\u2019une commission interprofessionnelle, publique et libre d\u2019acc\u00e8s. Le retour d\u2019exp\u00e9rience b\u00e9n\u00e9ficie aux acteurs de l\u2019op\u00e9ration et plus largement au territoire.<\/p>\n<p>Pr\u00e9sentation de la d\u00e9marche BDF le jeudi 9 mars 2017, \u00e0 la Halle Pajol, Paris 18. Acc\u00e8s libre sur r\u00e9servation sur le site web d&rsquo;Ekopolis.<\/p>\n<p><a href=\"http:\/\/www.ekopolis.fr\" target=\"_blank\" rel=\"noopener noreferrer\">http:\/\/www.ekopolis.fr<\/a><\/p>\n<p>&nbsp;<\/p>\n","protected":false},"excerpt":{"rendered":"<p>Ekopolis (p\u00f4le de ressources francilien pour l\u2019am\u00e9nagement et la construction durables) lance la d\u00e9marche B\u00e2timents durables franciliens (BDF). Un dispositif collaboratif qui consiste \u00e0 accompagner et \u00e9valuer des op\u00e9rations de construction et de r\u00e9habilitation durables en \u00cele-de-France. BDF s\u2019adresse aux ma\u00eetres d\u2019ouvrage et aux \u00e9quipes de ma\u00eetrise d\u2019\u0153uvre qui souhaitent construire ou r\u00e9habiliter durable, de [&hellip;]<\/p>\n","protected":false},"author":17,"featured_media":95348,"comment_status":"closed","ping_status":"closed","sticky":false,"template":"","format":"standard","meta":{"_et_pb_use_builder":"","_et_pb_old_content":"","_et_gb_content_width":"","footnotes":""},"categories":[10530,6340,6351],"tags":[4215,4378,1683],"class_list":["post-95347","post","type-post","status-publish","format-standard","has-post-thumbnail","hentry","category-actualites","category-architecture-conception","category-energie-environnement","tag-batiment-durable-2","tag-ile-de-france","tag-renovation-energetique"],"yoast_head":"<!-- This site is optimized with the Yoast SEO plugin v27.4 - https:\/\/yoast.com\/product\/yoast-seo-wordpress\/ -->\n<title>G\u00e9n\u00e9raliser le b\u00e2timent durable en \u00cele-de-France<\/title>\n<meta name=\"robots\" content=\"index, follow, max-snippet:-1, max-image-preview:large, max-video-preview:-1\" \/>\n<link rel=\"canonical\" href=\"https:\/\/batijournal.com\/index.php\/generaliser-batiment-durable-ile-de-france\/95347\/\" \/>\n<meta property=\"og:locale\" content=\"fr_FR\" \/>\n<meta property=\"og:type\" content=\"article\" \/>\n<meta property=\"og:title\" content=\"G\u00e9n\u00e9raliser le b\u00e2timent durable en \u00cele-de-France\" \/>\n<meta property=\"og:description\" content=\"Ekopolis (p\u00f4le de ressources francilien pour l\u2019am\u00e9nagement et la construction durables) lance la d\u00e9marche B\u00e2timents durables franciliens (BDF). Un dispositif collaboratif qui consiste \u00e0 accompagner et \u00e9valuer des op\u00e9rations de construction et de r\u00e9habilitation durables en \u00cele-de-France. BDF s\u2019adresse aux ma\u00eetres d\u2019ouvrage et aux \u00e9quipes de ma\u00eetrise d\u2019\u0153uvre qui souhaitent construire ou r\u00e9habiliter durable, de [&hellip;]\" \/>\n<meta property=\"og:url\" content=\"https:\/\/batijournal.com\/index.php\/generaliser-batiment-durable-ile-de-france\/95347\/\" \/>\n<meta property=\"og:site_name\" content=\"Batijournal\" \/>\n<meta property=\"article:published_time\" content=\"2017-03-07T08:55:35+00:00\" \/>\n<meta property=\"article:modified_time\" content=\"2019-07-15T10:20:03+00:00\" \/>\n<meta property=\"og:image\" content=\"https:\/\/batijournal.com\/wp-content\/uploads\/2017\/03\/ekopolis-batiment-durable-francilien-bdf.png\" \/>\n\t<meta property=\"og:image:width\" content=\"664\" \/>\n\t<meta property=\"og:image:height\" content=\"760\" \/>\n\t<meta property=\"og:image:type\" content=\"image\/png\" \/>\n<meta name=\"author\" content=\"St\u00e9phane Miget\" \/>\n<meta name=\"twitter:card\" content=\"summary_large_image\" \/>\n<meta name=\"twitter:creator\" content=\"@bati_journal\" \/>\n<meta name=\"twitter:site\" content=\"@bati_journal\" \/>\n<meta name=\"twitter:label1\" content=\"\u00c9crit par\" \/>\n\t<meta name=\"twitter:data1\" content=\"St\u00e9phane Miget\" \/>\n\t<meta name=\"twitter:label2\" content=\"Dur\u00e9e de lecture estim\u00e9e\" \/>\n\t<meta name=\"twitter:data2\" content=\"1 minute\" \/>\n<script type=\"application\/ld+json\" class=\"yoast-schema-graph\">{\"@context\":\"https:\\\/\\\/schema.org\",\"@graph\":[{\"@type\":\"Article\",\"@id\":\"https:\\\/\\\/batijournal.com\\\/index.php\\\/generaliser-batiment-durable-ile-de-france\\\/95347\\\/#article\",\"isPartOf\":{\"@id\":\"https:\\\/\\\/batijournal.com\\\/index.php\\\/generaliser-batiment-durable-ile-de-france\\\/95347\\\/\"},\"author\":{\"name\":\"St\u00e9phane Miget\",\"@id\":\"https:\\\/\\\/batijournal.com\\\/#\\\/schema\\\/person\\\/1dc96ec6957aa1ccb25ebe78bb19f100\"},\"headline\":\"G\u00e9n\u00e9raliser le b\u00e2timent durable en \u00cele-de-France\",\"datePublished\":\"2017-03-07T08:55:35+00:00\",\"dateModified\":\"2019-07-15T10:20:03+00:00\",\"mainEntityOfPage\":{\"@id\":\"https:\\\/\\\/batijournal.com\\\/index.php\\\/generaliser-batiment-durable-ile-de-france\\\/95347\\\/\"},\"wordCount\":216,\"image\":{\"@id\":\"https:\\\/\\\/batijournal.com\\\/index.php\\\/generaliser-batiment-durable-ile-de-france\\\/95347\\\/#primaryimage\"},\"thumbnailUrl\":\"https:\\\/\\\/batijournal.com\\\/wp-content\\\/uploads\\\/2017\\\/03\\\/ekopolis-batiment-durable-francilien-bdf.png\",\"keywords\":[\"B\u00e2timent durable\",\"Ile de France\",\"renovation energetique\"],\"articleSection\":[\"Actualit\u00e9s\",\"Architecture &amp; Conception\",\"\u00c9nergie &amp; Environnement\"],\"inLanguage\":\"fr-FR\"},{\"@type\":\"WebPage\",\"@id\":\"https:\\\/\\\/batijournal.com\\\/index.php\\\/generaliser-batiment-durable-ile-de-france\\\/95347\\\/\",\"url\":\"https:\\\/\\\/batijournal.com\\\/index.php\\\/generaliser-batiment-durable-ile-de-france\\\/95347\\\/\",\"name\":\"G\u00e9n\u00e9raliser le b\u00e2timent durable en \u00cele-de-France\",\"isPartOf\":{\"@id\":\"https:\\\/\\\/batijournal.com\\\/#website\"},\"primaryImageOfPage\":{\"@id\":\"https:\\\/\\\/batijournal.com\\\/index.php\\\/generaliser-batiment-durable-ile-de-france\\\/95347\\\/#primaryimage\"},\"image\":{\"@id\":\"https:\\\/\\\/batijournal.com\\\/index.php\\\/generaliser-batiment-durable-ile-de-france\\\/95347\\\/#primaryimage\"},\"thumbnailUrl\":\"https:\\\/\\\/batijournal.com\\\/wp-content\\\/uploads\\\/2017\\\/03\\\/ekopolis-batiment-durable-francilien-bdf.png\",\"datePublished\":\"2017-03-07T08:55:35+00:00\",\"dateModified\":\"2019-07-15T10:20:03+00:00\",\"author\":{\"@id\":\"https:\\\/\\\/batijournal.com\\\/#\\\/schema\\\/person\\\/1dc96ec6957aa1ccb25ebe78bb19f100\"},\"breadcrumb\":{\"@id\":\"https:\\\/\\\/batijournal.com\\\/index.php\\\/generaliser-batiment-durable-ile-de-france\\\/95347\\\/#breadcrumb\"},\"inLanguage\":\"fr-FR\",\"potentialAction\":[{\"@type\":\"ReadAction\",\"target\":[\"https:\\\/\\\/batijournal.com\\\/index.php\\\/generaliser-batiment-durable-ile-de-france\\\/95347\\\/\"]}]},{\"@type\":\"ImageObject\",\"inLanguage\":\"fr-FR\",\"@id\":\"https:\\\/\\\/batijournal.com\\\/index.php\\\/generaliser-batiment-durable-ile-de-france\\\/95347\\\/#primaryimage\",\"url\":\"https:\\\/\\\/batijournal.com\\\/wp-content\\\/uploads\\\/2017\\\/03\\\/ekopolis-batiment-durable-francilien-bdf.png\",\"contentUrl\":\"https:\\\/\\\/batijournal.com\\\/wp-content\\\/uploads\\\/2017\\\/03\\\/ekopolis-batiment-durable-francilien-bdf.png\",\"width\":664,\"height\":760},{\"@type\":\"BreadcrumbList\",\"@id\":\"https:\\\/\\\/batijournal.com\\\/index.php\\\/generaliser-batiment-durable-ile-de-france\\\/95347\\\/#breadcrumb\",\"itemListElement\":[{\"@type\":\"ListItem\",\"position\":1,\"name\":\"Accueil\",\"item\":\"https:\\\/\\\/batijournal.com\\\/\"},{\"@type\":\"ListItem\",\"position\":2,\"name\":\"Actualit\u00e9s\",\"item\":\"https:\\\/\\\/batijournal.com\\\/index.php\\\/category\\\/actualites\\\/\"},{\"@type\":\"ListItem\",\"position\":3,\"name\":\"G\u00e9n\u00e9raliser le b\u00e2timent durable en \u00cele-de-France\"}]},{\"@type\":\"WebSite\",\"@id\":\"https:\\\/\\\/batijournal.com\\\/#website\",\"url\":\"https:\\\/\\\/batijournal.com\\\/\",\"name\":\"Batijournal\",\"description\":\"L&#039;actualit\u00e9 du b\u00e2timent\",\"potentialAction\":[{\"@type\":\"SearchAction\",\"target\":{\"@type\":\"EntryPoint\",\"urlTemplate\":\"https:\\\/\\\/batijournal.com\\\/?s={search_term_string}\"},\"query-input\":{\"@type\":\"PropertyValueSpecification\",\"valueRequired\":true,\"valueName\":\"search_term_string\"}}],\"inLanguage\":\"fr-FR\"},{\"@type\":\"Person\",\"@id\":\"https:\\\/\\\/batijournal.com\\\/#\\\/schema\\\/person\\\/1dc96ec6957aa1ccb25ebe78bb19f100\",\"name\":\"St\u00e9phane Miget\",\"image\":{\"@type\":\"ImageObject\",\"inLanguage\":\"fr-FR\",\"@id\":\"https:\\\/\\\/secure.gravatar.com\\\/avatar\\\/89915563d925342126b8ef0281b93d9d7fc337043e8df017f780908eb9644451?s=96&d=mm&r=g\",\"url\":\"https:\\\/\\\/secure.gravatar.com\\\/avatar\\\/89915563d925342126b8ef0281b93d9d7fc337043e8df017f780908eb9644451?s=96&d=mm&r=g\",\"contentUrl\":\"https:\\\/\\\/secure.gravatar.com\\\/avatar\\\/89915563d925342126b8ef0281b93d9d7fc337043e8df017f780908eb9644451?s=96&d=mm&r=g\",\"caption\":\"St\u00e9phane Miget\"},\"url\":\"https:\\\/\\\/batijournal.com\\\/index.php\\\/author\\\/stephane\\\/\"}]}<\/script>\n<!-- \/ Yoast SEO plugin. -->","yoast_head_json":{"title":"G\u00e9n\u00e9raliser le b\u00e2timent durable en \u00cele-de-France","robots":{"index":"index","follow":"follow","max-snippet":"max-snippet:-1","max-image-preview":"max-image-preview:large","max-video-preview":"max-video-preview:-1"},"canonical":"https:\/\/batijournal.com\/index.php\/generaliser-batiment-durable-ile-de-france\/95347\/","og_locale":"fr_FR","og_type":"article","og_title":"G\u00e9n\u00e9raliser le b\u00e2timent durable en \u00cele-de-France","og_description":"Ekopolis (p\u00f4le de ressources francilien pour l\u2019am\u00e9nagement et la construction durables) lance la d\u00e9marche B\u00e2timents durables franciliens (BDF). Un dispositif collaboratif qui consiste \u00e0 accompagner et \u00e9valuer des op\u00e9rations de construction et de r\u00e9habilitation durables en \u00cele-de-France. BDF s\u2019adresse aux ma\u00eetres d\u2019ouvrage et aux \u00e9quipes de ma\u00eetrise d\u2019\u0153uvre qui souhaitent construire ou r\u00e9habiliter durable, de [&hellip;]","og_url":"https:\/\/batijournal.com\/index.php\/generaliser-batiment-durable-ile-de-france\/95347\/","og_site_name":"Batijournal","article_published_time":"2017-03-07T08:55:35+00:00","article_modified_time":"2019-07-15T10:20:03+00:00","og_image":[{"width":664,"height":760,"url":"https:\/\/batijournal.com\/wp-content\/uploads\/2017\/03\/ekopolis-batiment-durable-francilien-bdf.png","type":"image\/png"}],"author":"St\u00e9phane Miget","twitter_card":"summary_large_image","twitter_creator":"@bati_journal","twitter_site":"@bati_journal","twitter_misc":{"\u00c9crit par":"St\u00e9phane Miget","Dur\u00e9e de lecture estim\u00e9e":"1 minute"},"schema":{"@context":"https:\/\/schema.org","@graph":[{"@type":"Article","@id":"https:\/\/batijournal.com\/index.php\/generaliser-batiment-durable-ile-de-france\/95347\/#article","isPartOf":{"@id":"https:\/\/batijournal.com\/index.php\/generaliser-batiment-durable-ile-de-france\/95347\/"},"author":{"name":"St\u00e9phane Miget","@id":"https:\/\/batijournal.com\/#\/schema\/person\/1dc96ec6957aa1ccb25ebe78bb19f100"},"headline":"G\u00e9n\u00e9raliser le b\u00e2timent durable en \u00cele-de-France","datePublished":"2017-03-07T08:55:35+00:00","dateModified":"2019-07-15T10:20:03+00:00","mainEntityOfPage":{"@id":"https:\/\/batijournal.com\/index.php\/generaliser-batiment-durable-ile-de-france\/95347\/"},"wordCount":216,"image":{"@id":"https:\/\/batijournal.com\/index.php\/generaliser-batiment-durable-ile-de-france\/95347\/#primaryimage"},"thumbnailUrl":"https:\/\/batijournal.com\/wp-content\/uploads\/2017\/03\/ekopolis-batiment-durable-francilien-bdf.png","keywords":["B\u00e2timent durable","Ile de France","renovation energetique"],"articleSection":["Actualit\u00e9s","Architecture &amp; Conception","\u00c9nergie &amp; Environnement"],"inLanguage":"fr-FR"},{"@type":"WebPage","@id":"https:\/\/batijournal.com\/index.php\/generaliser-batiment-durable-ile-de-france\/95347\/","url":"https:\/\/batijournal.com\/index.php\/generaliser-batiment-durable-ile-de-france\/95347\/","name":"G\u00e9n\u00e9raliser le b\u00e2timent durable en \u00cele-de-France","isPartOf":{"@id":"https:\/\/batijournal.com\/#website"},"primaryImageOfPage":{"@id":"https:\/\/batijournal.com\/index.php\/generaliser-batiment-durable-ile-de-france\/95347\/#primaryimage"},"image":{"@id":"https:\/\/batijournal.com\/index.php\/generaliser-batiment-durable-ile-de-france\/95347\/#primaryimage"},"thumbnailUrl":"https:\/\/batijournal.com\/wp-content\/uploads\/2017\/03\/ekopolis-batiment-durable-francilien-bdf.png","datePublished":"2017-03-07T08:55:35+00:00","dateModified":"2019-07-15T10:20:03+00:00","author":{"@id":"https:\/\/batijournal.com\/#\/schema\/person\/1dc96ec6957aa1ccb25ebe78bb19f100"},"breadcrumb":{"@id":"https:\/\/batijournal.com\/index.php\/generaliser-batiment-durable-ile-de-france\/95347\/#breadcrumb"},"inLanguage":"fr-FR","potentialAction":[{"@type":"ReadAction","target":["https:\/\/batijournal.com\/index.php\/generaliser-batiment-durable-ile-de-france\/95347\/"]}]},{"@type":"ImageObject","inLanguage":"fr-FR","@id":"https:\/\/batijournal.com\/index.php\/generaliser-batiment-durable-ile-de-france\/95347\/#primaryimage","url":"https:\/\/batijournal.com\/wp-content\/uploads\/2017\/03\/ekopolis-batiment-durable-francilien-bdf.png","contentUrl":"https:\/\/batijournal.com\/wp-content\/uploads\/2017\/03\/ekopolis-batiment-durable-francilien-bdf.png","width":664,"height":760},{"@type":"BreadcrumbList","@id":"https:\/\/batijournal.com\/index.php\/generaliser-batiment-durable-ile-de-france\/95347\/#breadcrumb","itemListElement":[{"@type":"ListItem","position":1,"name":"Accueil","item":"https:\/\/batijournal.com\/"},{"@type":"ListItem","position":2,"name":"Actualit\u00e9s","item":"https:\/\/batijournal.com\/index.php\/category\/actualites\/"},{"@type":"ListItem","position":3,"name":"G\u00e9n\u00e9raliser le b\u00e2timent durable en \u00cele-de-France"}]},{"@type":"WebSite","@id":"https:\/\/batijournal.com\/#website","url":"https:\/\/batijournal.com\/","name":"Batijournal","description":"L&#039;actualit\u00e9 du b\u00e2timent","potentialAction":[{"@type":"SearchAction","target":{"@type":"EntryPoint","urlTemplate":"https:\/\/batijournal.com\/?s={search_term_string}"},"query-input":{"@type":"PropertyValueSpecification","valueRequired":true,"valueName":"search_term_string"}}],"inLanguage":"fr-FR"},{"@type":"Person","@id":"https:\/\/batijournal.com\/#\/schema\/person\/1dc96ec6957aa1ccb25ebe78bb19f100","name":"St\u00e9phane Miget","image":{"@type":"ImageObject","inLanguage":"fr-FR","@id":"https:\/\/secure.gravatar.com\/avatar\/89915563d925342126b8ef0281b93d9d7fc337043e8df017f780908eb9644451?s=96&d=mm&r=g","url":"https:\/\/secure.gravatar.com\/avatar\/89915563d925342126b8ef0281b93d9d7fc337043e8df017f780908eb9644451?s=96&d=mm&r=g","contentUrl":"https:\/\/secure.gravatar.com\/avatar\/89915563d925342126b8ef0281b93d9d7fc337043e8df017f780908eb9644451?s=96&d=mm&r=g","caption":"St\u00e9phane Miget"},"url":"https:\/\/batijournal.com\/index.php\/author\/stephane\/"}]}},"_links":{"self":[{"href":"https:\/\/batijournal.com\/index.php\/wp-json\/wp\/v2\/posts\/95347","targetHints":{"allow":["GET"]}}],"collection":[{"href":"https:\/\/batijournal.com\/index.php\/wp-json\/wp\/v2\/posts"}],"about":[{"href":"https:\/\/batijournal.com\/index.php\/wp-json\/wp\/v2\/types\/post"}],"author":[{"embeddable":true,"href":"https:\/\/batijournal.com\/index.php\/wp-json\/wp\/v2\/users\/17"}],"replies":[{"embeddable":true,"href":"https:\/\/batijournal.com\/index.php\/wp-json\/wp\/v2\/comments?post=95347"}],"version-history":[{"count":0,"href":"https:\/\/batijournal.com\/index.php\/wp-json\/wp\/v2\/posts\/95347\/revisions"}],"wp:featuredmedia":[{"embeddable":true,"href":"https:\/\/batijournal.com\/index.php\/wp-json\/wp\/v2\/media\/95348"}],"wp:attachment":[{"href":"https:\/\/batijournal.com\/index.php\/wp-json\/wp\/v2\/media?parent=95347"}],"wp:term":[{"taxonomy":"category","embeddable":true,"href":"https:\/\/batijournal.com\/index.php\/wp-json\/wp\/v2\/categories?post=95347"},{"taxonomy":"post_tag","embeddable":true,"href":"https:\/\/batijournal.com\/index.php\/wp-json\/wp\/v2\/tags?post=95347"}],"curies":[{"name":"wp","href":"https:\/\/api.w.org\/{rel}","templated":true}]}}