{"id":95353,"date":"2017-03-07T11:23:45","date_gmt":"2017-03-07T10:23:45","guid":{"rendered":"http:\/\/batijournal.com\/?p=95353"},"modified":"2019-07-15T12:10:56","modified_gmt":"2019-07-15T10:10:56","slug":"lancement-label-accessibilite","status":"publish","type":"post","link":"https:\/\/batijournal.com\/index.php\/lancement-label-accessibilite\/95353\/","title":{"rendered":"Lancement du Label Accessibilit\u00e9"},"content":{"rendered":"<p>Le nouveau Label Accessibilit\u00e9 vise \u00e0 favoriser la prise en compte des besoins sp\u00e9cifiques des utilisateurs ou visiteurs du b\u00e2timent, avec ou sans handicap, dans les domaines suivants : facilit\u00e9 d\u2019acc\u00e8s, facilit\u00e9 d\u2019usage, s\u00e9curit\u00e9 et s\u00fbret\u00e9, confort visuel et confort acoustique, diffusion et p\u00e9rennisation. Il s\u2019adresse aux b\u00e2timents non-r\u00e9sidentiels, que ce soient des b\u00e2timents avec travaux \u00e0 r\u00e9aliser (neuf, r\u00e9novation, projet de mise en accessibilit\u00e9), des b\u00e2timents avec mise en accessibilit\u00e9 d\u00e9j\u00e0 r\u00e9alis\u00e9e ou des b\u00e2timents engag\u00e9s dans une d\u00e9marche g\u00e9n\u00e9rale (parc de b\u00e2timents). Les \u00e9quipements sportifs et les b\u00e2timents de sant\u00e9 seront int\u00e9gr\u00e9s dans le champ du label dans une version ult\u00e9rieure. Le d\u00e9veloppement de ce label sp\u00e9cifique a pour objet de valoriser plus particuli\u00e8rement l\u2019accessibilit\u00e9 et la qualit\u00e9 d\u2019usage quand elles sont port\u00e9es \u00e0 des niveaux sup\u00e9rieurs \u00e0 ceux pr\u00e9vus dans le r\u00e9f\u00e9rentiel HQE B\u00e2timent Durable, la coh\u00e9rence entre le label et ce r\u00e9f\u00e9rentiel \u00e9tant conserv\u00e9e. Il pourra \u00eatre d\u00e9livr\u00e9 seul ou en association avec la certification HQE B\u00e2timent Durable (approche multicrit\u00e8re). Il est attribu\u00e9 pour un cycle annuel. Le demandeur est libre de s\u2019engager sur un cycle d\u2019une ann\u00e9e, de trois ans ou de cinq ans. Pour engager une op\u00e9ration de labellisation, il est possible de faire appel \u00e0 un professionnel dont la ma\u00eetrise des exigences du r\u00e9f\u00e9rentiel et du processus de labellisation est attest\u00e9e par Certiv\u00e9a.<\/p>\n","protected":false},"excerpt":{"rendered":"<p>Le nouveau Label Accessibilit\u00e9 vise \u00e0 favoriser la prise en compte des besoins sp\u00e9cifiques des utilisateurs ou visiteurs du b\u00e2timent, avec ou sans handicap, dans les domaines suivants : facilit\u00e9 d\u2019acc\u00e8s, facilit\u00e9 d\u2019usage, s\u00e9curit\u00e9 et s\u00fbret\u00e9, confort visuel et confort acoustique, diffusion et p\u00e9rennisation. Il s\u2019adresse aux b\u00e2timents non-r\u00e9sidentiels, que ce soient des b\u00e2timents avec [&hellip;]<\/p>\n","protected":false},"author":17,"featured_media":95354,"comment_status":"closed","ping_status":"closed","sticky":false,"template":"","format":"standard","meta":{"_et_pb_use_builder":"","_et_pb_old_content":"","_et_gb_content_width":"","footnotes":""},"categories":[10530,6340],"tags":[1182],"class_list":["post-95353","post","type-post","status-publish","format-standard","has-post-thumbnail","hentry","category-actualites","category-architecture-conception","tag-certivea"],"yoast_head":"<!-- This site is optimized with the Yoast SEO plugin v27.4 - https:\/\/yoast.com\/product\/yoast-seo-wordpress\/ -->\n<title>Lancement du Label Accessibilit\u00e9<\/title>\n<meta name=\"robots\" content=\"index, follow, max-snippet:-1, max-image-preview:large, max-video-preview:-1\" \/>\n<link rel=\"canonical\" href=\"https:\/\/batijournal.com\/index.php\/lancement-label-accessibilite\/95353\/\" \/>\n<meta property=\"og:locale\" content=\"fr_FR\" \/>\n<meta property=\"og:type\" content=\"article\" \/>\n<meta property=\"og:title\" content=\"Lancement du Label Accessibilit\u00e9\" \/>\n<meta property=\"og:description\" content=\"Le nouveau Label Accessibilit\u00e9 vise \u00e0 favoriser la prise en compte des besoins sp\u00e9cifiques des utilisateurs ou visiteurs du b\u00e2timent, avec ou sans handicap, dans les domaines suivants : facilit\u00e9 d\u2019acc\u00e8s, facilit\u00e9 d\u2019usage, s\u00e9curit\u00e9 et s\u00fbret\u00e9, confort visuel et confort acoustique, diffusion et p\u00e9rennisation. Il s\u2019adresse aux b\u00e2timents non-r\u00e9sidentiels, que ce soient des b\u00e2timents avec [&hellip;]\" \/>\n<meta property=\"og:url\" content=\"https:\/\/batijournal.com\/index.php\/lancement-label-accessibilite\/95353\/\" \/>\n<meta property=\"og:site_name\" content=\"Batijournal\" \/>\n<meta property=\"article:published_time\" content=\"2017-03-07T10:23:45+00:00\" \/>\n<meta property=\"article:modified_time\" content=\"2019-07-15T10:10:56+00:00\" \/>\n<meta property=\"og:image\" content=\"https:\/\/batijournal.com\/wp-content\/uploads\/2017\/03\/label-accessibilite-la-certivea.jpg\" \/>\n\t<meta property=\"og:image:width\" content=\"1400\" \/>\n\t<meta property=\"og:image:height\" content=\"800\" \/>\n\t<meta property=\"og:image:type\" content=\"image\/jpeg\" \/>\n<meta name=\"author\" content=\"St\u00e9phane Miget\" \/>\n<meta name=\"twitter:card\" content=\"summary_large_image\" \/>\n<meta name=\"twitter:creator\" content=\"@bati_journal\" \/>\n<meta name=\"twitter:site\" content=\"@bati_journal\" \/>\n<meta name=\"twitter:label1\" content=\"\u00c9crit par\" \/>\n\t<meta name=\"twitter:data1\" content=\"St\u00e9phane Miget\" \/>\n\t<meta name=\"twitter:label2\" content=\"Dur\u00e9e de lecture estim\u00e9e\" \/>\n\t<meta name=\"twitter:data2\" content=\"1 minute\" \/>\n<script type=\"application\/ld+json\" class=\"yoast-schema-graph\">{\"@context\":\"https:\\\/\\\/schema.org\",\"@graph\":[{\"@type\":\"Article\",\"@id\":\"https:\\\/\\\/batijournal.com\\\/index.php\\\/lancement-label-accessibilite\\\/95353\\\/#article\",\"isPartOf\":{\"@id\":\"https:\\\/\\\/batijournal.com\\\/index.php\\\/lancement-label-accessibilite\\\/95353\\\/\"},\"author\":{\"name\":\"St\u00e9phane Miget\",\"@id\":\"https:\\\/\\\/batijournal.com\\\/#\\\/schema\\\/person\\\/1dc96ec6957aa1ccb25ebe78bb19f100\"},\"headline\":\"Lancement du Label Accessibilit\u00e9\",\"datePublished\":\"2017-03-07T10:23:45+00:00\",\"dateModified\":\"2019-07-15T10:10:56+00:00\",\"mainEntityOfPage\":{\"@id\":\"https:\\\/\\\/batijournal.com\\\/index.php\\\/lancement-label-accessibilite\\\/95353\\\/\"},\"wordCount\":273,\"image\":{\"@id\":\"https:\\\/\\\/batijournal.com\\\/index.php\\\/lancement-label-accessibilite\\\/95353\\\/#primaryimage\"},\"thumbnailUrl\":\"https:\\\/\\\/batijournal.com\\\/wp-content\\\/uploads\\\/2017\\\/03\\\/label-accessibilite-la-certivea.jpg\",\"keywords\":[\"Certiv\u00e9a\"],\"articleSection\":[\"Actualit\u00e9s\",\"Architecture &amp; Conception\"],\"inLanguage\":\"fr-FR\"},{\"@type\":\"WebPage\",\"@id\":\"https:\\\/\\\/batijournal.com\\\/index.php\\\/lancement-label-accessibilite\\\/95353\\\/\",\"url\":\"https:\\\/\\\/batijournal.com\\\/index.php\\\/lancement-label-accessibilite\\\/95353\\\/\",\"name\":\"Lancement du Label Accessibilit\u00e9\",\"isPartOf\":{\"@id\":\"https:\\\/\\\/batijournal.com\\\/#website\"},\"primaryImageOfPage\":{\"@id\":\"https:\\\/\\\/batijournal.com\\\/index.php\\\/lancement-label-accessibilite\\\/95353\\\/#primaryimage\"},\"image\":{\"@id\":\"https:\\\/\\\/batijournal.com\\\/index.php\\\/lancement-label-accessibilite\\\/95353\\\/#primaryimage\"},\"thumbnailUrl\":\"https:\\\/\\\/batijournal.com\\\/wp-content\\\/uploads\\\/2017\\\/03\\\/label-accessibilite-la-certivea.jpg\",\"datePublished\":\"2017-03-07T10:23:45+00:00\",\"dateModified\":\"2019-07-15T10:10:56+00:00\",\"author\":{\"@id\":\"https:\\\/\\\/batijournal.com\\\/#\\\/schema\\\/person\\\/1dc96ec6957aa1ccb25ebe78bb19f100\"},\"breadcrumb\":{\"@id\":\"https:\\\/\\\/batijournal.com\\\/index.php\\\/lancement-label-accessibilite\\\/95353\\\/#breadcrumb\"},\"inLanguage\":\"fr-FR\",\"potentialAction\":[{\"@type\":\"ReadAction\",\"target\":[\"https:\\\/\\\/batijournal.com\\\/index.php\\\/lancement-label-accessibilite\\\/95353\\\/\"]}]},{\"@type\":\"ImageObject\",\"inLanguage\":\"fr-FR\",\"@id\":\"https:\\\/\\\/batijournal.com\\\/index.php\\\/lancement-label-accessibilite\\\/95353\\\/#primaryimage\",\"url\":\"https:\\\/\\\/batijournal.com\\\/wp-content\\\/uploads\\\/2017\\\/03\\\/label-accessibilite-la-certivea.jpg\",\"contentUrl\":\"https:\\\/\\\/batijournal.com\\\/wp-content\\\/uploads\\\/2017\\\/03\\\/label-accessibilite-la-certivea.jpg\",\"width\":1400,\"height\":800},{\"@type\":\"BreadcrumbList\",\"@id\":\"https:\\\/\\\/batijournal.com\\\/index.php\\\/lancement-label-accessibilite\\\/95353\\\/#breadcrumb\",\"itemListElement\":[{\"@type\":\"ListItem\",\"position\":1,\"name\":\"Accueil\",\"item\":\"https:\\\/\\\/batijournal.com\\\/\"},{\"@type\":\"ListItem\",\"position\":2,\"name\":\"Actualit\u00e9s\",\"item\":\"https:\\\/\\\/batijournal.com\\\/index.php\\\/category\\\/actualites\\\/\"},{\"@type\":\"ListItem\",\"position\":3,\"name\":\"Lancement du Label Accessibilit\u00e9\"}]},{\"@type\":\"WebSite\",\"@id\":\"https:\\\/\\\/batijournal.com\\\/#website\",\"url\":\"https:\\\/\\\/batijournal.com\\\/\",\"name\":\"Batijournal\",\"description\":\"L&#039;actualit\u00e9 du b\u00e2timent\",\"potentialAction\":[{\"@type\":\"SearchAction\",\"target\":{\"@type\":\"EntryPoint\",\"urlTemplate\":\"https:\\\/\\\/batijournal.com\\\/?s={search_term_string}\"},\"query-input\":{\"@type\":\"PropertyValueSpecification\",\"valueRequired\":true,\"valueName\":\"search_term_string\"}}],\"inLanguage\":\"fr-FR\"},{\"@type\":\"Person\",\"@id\":\"https:\\\/\\\/batijournal.com\\\/#\\\/schema\\\/person\\\/1dc96ec6957aa1ccb25ebe78bb19f100\",\"name\":\"St\u00e9phane Miget\",\"image\":{\"@type\":\"ImageObject\",\"inLanguage\":\"fr-FR\",\"@id\":\"https:\\\/\\\/secure.gravatar.com\\\/avatar\\\/89915563d925342126b8ef0281b93d9d7fc337043e8df017f780908eb9644451?s=96&d=mm&r=g\",\"url\":\"https:\\\/\\\/secure.gravatar.com\\\/avatar\\\/89915563d925342126b8ef0281b93d9d7fc337043e8df017f780908eb9644451?s=96&d=mm&r=g\",\"contentUrl\":\"https:\\\/\\\/secure.gravatar.com\\\/avatar\\\/89915563d925342126b8ef0281b93d9d7fc337043e8df017f780908eb9644451?s=96&d=mm&r=g\",\"caption\":\"St\u00e9phane Miget\"},\"url\":\"https:\\\/\\\/batijournal.com\\\/index.php\\\/author\\\/stephane\\\/\"}]}<\/script>\n<!-- \/ Yoast SEO plugin. -->","yoast_head_json":{"title":"Lancement du Label Accessibilit\u00e9","robots":{"index":"index","follow":"follow","max-snippet":"max-snippet:-1","max-image-preview":"max-image-preview:large","max-video-preview":"max-video-preview:-1"},"canonical":"https:\/\/batijournal.com\/index.php\/lancement-label-accessibilite\/95353\/","og_locale":"fr_FR","og_type":"article","og_title":"Lancement du Label Accessibilit\u00e9","og_description":"Le nouveau Label Accessibilit\u00e9 vise \u00e0 favoriser la prise en compte des besoins sp\u00e9cifiques des utilisateurs ou visiteurs du b\u00e2timent, avec ou sans handicap, dans les domaines suivants : facilit\u00e9 d\u2019acc\u00e8s, facilit\u00e9 d\u2019usage, s\u00e9curit\u00e9 et s\u00fbret\u00e9, confort visuel et confort acoustique, diffusion et p\u00e9rennisation. Il s\u2019adresse aux b\u00e2timents non-r\u00e9sidentiels, que ce soient des b\u00e2timents avec [&hellip;]","og_url":"https:\/\/batijournal.com\/index.php\/lancement-label-accessibilite\/95353\/","og_site_name":"Batijournal","article_published_time":"2017-03-07T10:23:45+00:00","article_modified_time":"2019-07-15T10:10:56+00:00","og_image":[{"width":1400,"height":800,"url":"https:\/\/batijournal.com\/wp-content\/uploads\/2017\/03\/label-accessibilite-la-certivea.jpg","type":"image\/jpeg"}],"author":"St\u00e9phane Miget","twitter_card":"summary_large_image","twitter_creator":"@bati_journal","twitter_site":"@bati_journal","twitter_misc":{"\u00c9crit par":"St\u00e9phane Miget","Dur\u00e9e de lecture estim\u00e9e":"1 minute"},"schema":{"@context":"https:\/\/schema.org","@graph":[{"@type":"Article","@id":"https:\/\/batijournal.com\/index.php\/lancement-label-accessibilite\/95353\/#article","isPartOf":{"@id":"https:\/\/batijournal.com\/index.php\/lancement-label-accessibilite\/95353\/"},"author":{"name":"St\u00e9phane Miget","@id":"https:\/\/batijournal.com\/#\/schema\/person\/1dc96ec6957aa1ccb25ebe78bb19f100"},"headline":"Lancement du Label Accessibilit\u00e9","datePublished":"2017-03-07T10:23:45+00:00","dateModified":"2019-07-15T10:10:56+00:00","mainEntityOfPage":{"@id":"https:\/\/batijournal.com\/index.php\/lancement-label-accessibilite\/95353\/"},"wordCount":273,"image":{"@id":"https:\/\/batijournal.com\/index.php\/lancement-label-accessibilite\/95353\/#primaryimage"},"thumbnailUrl":"https:\/\/batijournal.com\/wp-content\/uploads\/2017\/03\/label-accessibilite-la-certivea.jpg","keywords":["Certiv\u00e9a"],"articleSection":["Actualit\u00e9s","Architecture &amp; Conception"],"inLanguage":"fr-FR"},{"@type":"WebPage","@id":"https:\/\/batijournal.com\/index.php\/lancement-label-accessibilite\/95353\/","url":"https:\/\/batijournal.com\/index.php\/lancement-label-accessibilite\/95353\/","name":"Lancement du Label Accessibilit\u00e9","isPartOf":{"@id":"https:\/\/batijournal.com\/#website"},"primaryImageOfPage":{"@id":"https:\/\/batijournal.com\/index.php\/lancement-label-accessibilite\/95353\/#primaryimage"},"image":{"@id":"https:\/\/batijournal.com\/index.php\/lancement-label-accessibilite\/95353\/#primaryimage"},"thumbnailUrl":"https:\/\/batijournal.com\/wp-content\/uploads\/2017\/03\/label-accessibilite-la-certivea.jpg","datePublished":"2017-03-07T10:23:45+00:00","dateModified":"2019-07-15T10:10:56+00:00","author":{"@id":"https:\/\/batijournal.com\/#\/schema\/person\/1dc96ec6957aa1ccb25ebe78bb19f100"},"breadcrumb":{"@id":"https:\/\/batijournal.com\/index.php\/lancement-label-accessibilite\/95353\/#breadcrumb"},"inLanguage":"fr-FR","potentialAction":[{"@type":"ReadAction","target":["https:\/\/batijournal.com\/index.php\/lancement-label-accessibilite\/95353\/"]}]},{"@type":"ImageObject","inLanguage":"fr-FR","@id":"https:\/\/batijournal.com\/index.php\/lancement-label-accessibilite\/95353\/#primaryimage","url":"https:\/\/batijournal.com\/wp-content\/uploads\/2017\/03\/label-accessibilite-la-certivea.jpg","contentUrl":"https:\/\/batijournal.com\/wp-content\/uploads\/2017\/03\/label-accessibilite-la-certivea.jpg","width":1400,"height":800},{"@type":"BreadcrumbList","@id":"https:\/\/batijournal.com\/index.php\/lancement-label-accessibilite\/95353\/#breadcrumb","itemListElement":[{"@type":"ListItem","position":1,"name":"Accueil","item":"https:\/\/batijournal.com\/"},{"@type":"ListItem","position":2,"name":"Actualit\u00e9s","item":"https:\/\/batijournal.com\/index.php\/category\/actualites\/"},{"@type":"ListItem","position":3,"name":"Lancement du Label Accessibilit\u00e9"}]},{"@type":"WebSite","@id":"https:\/\/batijournal.com\/#website","url":"https:\/\/batijournal.com\/","name":"Batijournal","description":"L&#039;actualit\u00e9 du b\u00e2timent","potentialAction":[{"@type":"SearchAction","target":{"@type":"EntryPoint","urlTemplate":"https:\/\/batijournal.com\/?s={search_term_string}"},"query-input":{"@type":"PropertyValueSpecification","valueRequired":true,"valueName":"search_term_string"}}],"inLanguage":"fr-FR"},{"@type":"Person","@id":"https:\/\/batijournal.com\/#\/schema\/person\/1dc96ec6957aa1ccb25ebe78bb19f100","name":"St\u00e9phane Miget","image":{"@type":"ImageObject","inLanguage":"fr-FR","@id":"https:\/\/secure.gravatar.com\/avatar\/89915563d925342126b8ef0281b93d9d7fc337043e8df017f780908eb9644451?s=96&d=mm&r=g","url":"https:\/\/secure.gravatar.com\/avatar\/89915563d925342126b8ef0281b93d9d7fc337043e8df017f780908eb9644451?s=96&d=mm&r=g","contentUrl":"https:\/\/secure.gravatar.com\/avatar\/89915563d925342126b8ef0281b93d9d7fc337043e8df017f780908eb9644451?s=96&d=mm&r=g","caption":"St\u00e9phane Miget"},"url":"https:\/\/batijournal.com\/index.php\/author\/stephane\/"}]}},"_links":{"self":[{"href":"https:\/\/batijournal.com\/index.php\/wp-json\/wp\/v2\/posts\/95353","targetHints":{"allow":["GET"]}}],"collection":[{"href":"https:\/\/batijournal.com\/index.php\/wp-json\/wp\/v2\/posts"}],"about":[{"href":"https:\/\/batijournal.com\/index.php\/wp-json\/wp\/v2\/types\/post"}],"author":[{"embeddable":true,"href":"https:\/\/batijournal.com\/index.php\/wp-json\/wp\/v2\/users\/17"}],"replies":[{"embeddable":true,"href":"https:\/\/batijournal.com\/index.php\/wp-json\/wp\/v2\/comments?post=95353"}],"version-history":[{"count":0,"href":"https:\/\/batijournal.com\/index.php\/wp-json\/wp\/v2\/posts\/95353\/revisions"}],"wp:featuredmedia":[{"embeddable":true,"href":"https:\/\/batijournal.com\/index.php\/wp-json\/wp\/v2\/media\/95354"}],"wp:attachment":[{"href":"https:\/\/batijournal.com\/index.php\/wp-json\/wp\/v2\/media?parent=95353"}],"wp:term":[{"taxonomy":"category","embeddable":true,"href":"https:\/\/batijournal.com\/index.php\/wp-json\/wp\/v2\/categories?post=95353"},{"taxonomy":"post_tag","embeddable":true,"href":"https:\/\/batijournal.com\/index.php\/wp-json\/wp\/v2\/tags?post=95353"}],"curies":[{"name":"wp","href":"https:\/\/api.w.org\/{rel}","templated":true}]}}