{"id":95360,"date":"2017-03-08T07:59:38","date_gmt":"2017-03-08T06:59:38","guid":{"rendered":"http:\/\/batijournal.com\/?p=95360"},"modified":"2019-07-15T12:03:56","modified_gmt":"2019-07-15T10:03:56","slug":"petit-a-petit-batiment-se-feminise","status":"publish","type":"post","link":"https:\/\/batijournal.com\/index.php\/petit-a-petit-batiment-se-feminise\/95360\/","title":{"rendered":"Petit \u00e0 petit le b\u00e2timent se f\u00e9minise"},"content":{"rendered":"<p><strong>Selon les chiffres publi\u00e9s par la FFB \u00e0 l&rsquo;occasion de la Journ\u00e9e internationale de la Femme, la f\u00e9minisation de la fili\u00e8re b\u00e2timent se d\u00e9veloppe dans tous les m\u00e9tiers et dans toutes les fonctions. C\u2019est dans la cat\u00e9gorie des cadres que la proportion des femmes progresse le plus rapidement. De la m\u00eame fa\u00e7on, en formation initiale, plus le niveau est \u00e9lev\u00e9, plus le nombre de femmes augmente. Si la part des femmes dans le b\u00e2timent \u00e9tait de 8,6 % en 2000, elle \u00e9tait de 9,9 % en 2005, de 11,1 % en 2010 et de 11,7 % en 2014. En 2015, elle est de 11,9 %.<\/strong><\/p>\n<p><strong>Une entreprise sur deux dirig\u00e9e ou co-dirig\u00e9e par des femmes<\/strong><br \/>\n4 % des ind\u00e9pendants et des dirigeants salari\u00e9s de la construction sont des femmes<br \/>\n10 % des mandataires de la FFB sont des femmes<br \/>\n25 % de femmes \u00e0 l\u2019\u00c9cole Sup\u00e9rieure des Jeunes Dirigeants du B\u00e2timent (ESJDB)<br \/>\n27% des PME\/TPE ont une femme \u00e0 leur t\u00eate (dont 24% dans la construction)<br \/>\n30 % des entreprises de B\u00e2timent seront \u00e0 reprendre dans 10 ans<br \/>\n3 000 femmes sont membres des 94 groupes Femmes dirigeantes du B\u00e2timent FFB<\/p>\n<p><strong>Effectifs salari\u00e9s<\/strong><br \/>\n11,9 % de femmes dans le B\u00e2timent en 2015 soit<br \/>\n46,1 % parmi les employ\u00e9s et techniciens<br \/>\n18 % parmi les cadres<br \/>\n1,5 % parmi les ouvriers<\/p>\n","protected":false},"excerpt":{"rendered":"<p>Selon les chiffres publi\u00e9s par la FFB \u00e0 l&rsquo;occasion de la Journ\u00e9e internationale de la Femme, la f\u00e9minisation de la fili\u00e8re b\u00e2timent se d\u00e9veloppe dans tous les m\u00e9tiers et dans toutes les fonctions. C\u2019est dans la cat\u00e9gorie des cadres que la proportion des femmes progresse le plus rapidement. De la m\u00eame fa\u00e7on, en formation initiale, [&hellip;]<\/p>\n","protected":false},"author":17,"featured_media":0,"comment_status":"closed","ping_status":"closed","sticky":false,"template":"","format":"standard","meta":{"_et_pb_use_builder":"","_et_pb_old_content":"","_et_gb_content_width":"","footnotes":""},"categories":[10530,6345],"tags":[6492,11367,1338],"class_list":["post-95360","post","type-post","status-publish","format-standard","hentry","category-actualites","category-economie-marches","tag-femmes-du-batiment","tag-journee-internationale-de-la-femme","tag-statistiques"],"yoast_head":"<!-- This site is optimized with the Yoast SEO plugin v27.4 - https:\/\/yoast.com\/product\/yoast-seo-wordpress\/ -->\n<title>Petit \u00e0 petit le b\u00e2timent se f\u00e9minise<\/title>\n<meta name=\"robots\" content=\"index, follow, max-snippet:-1, max-image-preview:large, max-video-preview:-1\" \/>\n<link rel=\"canonical\" href=\"https:\/\/batijournal.com\/index.php\/petit-a-petit-batiment-se-feminise\/95360\/\" \/>\n<meta property=\"og:locale\" content=\"fr_FR\" \/>\n<meta property=\"og:type\" content=\"article\" \/>\n<meta property=\"og:title\" content=\"Petit \u00e0 petit le b\u00e2timent se f\u00e9minise\" \/>\n<meta property=\"og:description\" content=\"Selon les chiffres publi\u00e9s par la FFB \u00e0 l&rsquo;occasion de la Journ\u00e9e internationale de la Femme, la f\u00e9minisation de la fili\u00e8re b\u00e2timent se d\u00e9veloppe dans tous les m\u00e9tiers et dans toutes les fonctions. C\u2019est dans la cat\u00e9gorie des cadres que la proportion des femmes progresse le plus rapidement. De la m\u00eame fa\u00e7on, en formation initiale, [&hellip;]\" \/>\n<meta property=\"og:url\" content=\"https:\/\/batijournal.com\/index.php\/petit-a-petit-batiment-se-feminise\/95360\/\" \/>\n<meta property=\"og:site_name\" content=\"Batijournal\" \/>\n<meta property=\"article:published_time\" content=\"2017-03-08T06:59:38+00:00\" \/>\n<meta property=\"article:modified_time\" content=\"2019-07-15T10:03:56+00:00\" \/>\n<meta name=\"author\" content=\"St\u00e9phane Miget\" \/>\n<meta name=\"twitter:card\" content=\"summary_large_image\" \/>\n<meta name=\"twitter:creator\" content=\"@bati_journal\" \/>\n<meta name=\"twitter:site\" content=\"@bati_journal\" \/>\n<meta name=\"twitter:label1\" content=\"\u00c9crit par\" \/>\n\t<meta name=\"twitter:data1\" content=\"St\u00e9phane Miget\" \/>\n\t<meta name=\"twitter:label2\" content=\"Dur\u00e9e de lecture estim\u00e9e\" \/>\n\t<meta name=\"twitter:data2\" content=\"1 minute\" \/>\n<script type=\"application\/ld+json\" class=\"yoast-schema-graph\">{\"@context\":\"https:\\\/\\\/schema.org\",\"@graph\":[{\"@type\":\"Article\",\"@id\":\"https:\\\/\\\/batijournal.com\\\/index.php\\\/petit-a-petit-batiment-se-feminise\\\/95360\\\/#article\",\"isPartOf\":{\"@id\":\"https:\\\/\\\/batijournal.com\\\/index.php\\\/petit-a-petit-batiment-se-feminise\\\/95360\\\/\"},\"author\":{\"name\":\"St\u00e9phane Miget\",\"@id\":\"https:\\\/\\\/batijournal.com\\\/#\\\/schema\\\/person\\\/1dc96ec6957aa1ccb25ebe78bb19f100\"},\"headline\":\"Petit \u00e0 petit le b\u00e2timent se f\u00e9minise\",\"datePublished\":\"2017-03-08T06:59:38+00:00\",\"dateModified\":\"2019-07-15T10:03:56+00:00\",\"mainEntityOfPage\":{\"@id\":\"https:\\\/\\\/batijournal.com\\\/index.php\\\/petit-a-petit-batiment-se-feminise\\\/95360\\\/\"},\"wordCount\":213,\"keywords\":[\"femmes du batiment\",\"journ\u00e9e internationale de la Femme\",\"statistiques\"],\"articleSection\":[\"Actualit\u00e9s\",\"\u00c9conomie &amp; March\u00e9s\"],\"inLanguage\":\"fr-FR\"},{\"@type\":\"WebPage\",\"@id\":\"https:\\\/\\\/batijournal.com\\\/index.php\\\/petit-a-petit-batiment-se-feminise\\\/95360\\\/\",\"url\":\"https:\\\/\\\/batijournal.com\\\/index.php\\\/petit-a-petit-batiment-se-feminise\\\/95360\\\/\",\"name\":\"Petit \u00e0 petit le b\u00e2timent se f\u00e9minise\",\"isPartOf\":{\"@id\":\"https:\\\/\\\/batijournal.com\\\/#website\"},\"datePublished\":\"2017-03-08T06:59:38+00:00\",\"dateModified\":\"2019-07-15T10:03:56+00:00\",\"author\":{\"@id\":\"https:\\\/\\\/batijournal.com\\\/#\\\/schema\\\/person\\\/1dc96ec6957aa1ccb25ebe78bb19f100\"},\"breadcrumb\":{\"@id\":\"https:\\\/\\\/batijournal.com\\\/index.php\\\/petit-a-petit-batiment-se-feminise\\\/95360\\\/#breadcrumb\"},\"inLanguage\":\"fr-FR\",\"potentialAction\":[{\"@type\":\"ReadAction\",\"target\":[\"https:\\\/\\\/batijournal.com\\\/index.php\\\/petit-a-petit-batiment-se-feminise\\\/95360\\\/\"]}]},{\"@type\":\"BreadcrumbList\",\"@id\":\"https:\\\/\\\/batijournal.com\\\/index.php\\\/petit-a-petit-batiment-se-feminise\\\/95360\\\/#breadcrumb\",\"itemListElement\":[{\"@type\":\"ListItem\",\"position\":1,\"name\":\"Accueil\",\"item\":\"https:\\\/\\\/batijournal.com\\\/\"},{\"@type\":\"ListItem\",\"position\":2,\"name\":\"Actualit\u00e9s\",\"item\":\"https:\\\/\\\/batijournal.com\\\/index.php\\\/category\\\/actualites\\\/\"},{\"@type\":\"ListItem\",\"position\":3,\"name\":\"Petit \u00e0 petit le b\u00e2timent se f\u00e9minise\"}]},{\"@type\":\"WebSite\",\"@id\":\"https:\\\/\\\/batijournal.com\\\/#website\",\"url\":\"https:\\\/\\\/batijournal.com\\\/\",\"name\":\"Batijournal\",\"description\":\"L&#039;actualit\u00e9 du b\u00e2timent\",\"potentialAction\":[{\"@type\":\"SearchAction\",\"target\":{\"@type\":\"EntryPoint\",\"urlTemplate\":\"https:\\\/\\\/batijournal.com\\\/?s={search_term_string}\"},\"query-input\":{\"@type\":\"PropertyValueSpecification\",\"valueRequired\":true,\"valueName\":\"search_term_string\"}}],\"inLanguage\":\"fr-FR\"},{\"@type\":\"Person\",\"@id\":\"https:\\\/\\\/batijournal.com\\\/#\\\/schema\\\/person\\\/1dc96ec6957aa1ccb25ebe78bb19f100\",\"name\":\"St\u00e9phane Miget\",\"image\":{\"@type\":\"ImageObject\",\"inLanguage\":\"fr-FR\",\"@id\":\"https:\\\/\\\/secure.gravatar.com\\\/avatar\\\/89915563d925342126b8ef0281b93d9d7fc337043e8df017f780908eb9644451?s=96&d=mm&r=g\",\"url\":\"https:\\\/\\\/secure.gravatar.com\\\/avatar\\\/89915563d925342126b8ef0281b93d9d7fc337043e8df017f780908eb9644451?s=96&d=mm&r=g\",\"contentUrl\":\"https:\\\/\\\/secure.gravatar.com\\\/avatar\\\/89915563d925342126b8ef0281b93d9d7fc337043e8df017f780908eb9644451?s=96&d=mm&r=g\",\"caption\":\"St\u00e9phane Miget\"},\"url\":\"https:\\\/\\\/batijournal.com\\\/index.php\\\/author\\\/stephane\\\/\"}]}<\/script>\n<!-- \/ Yoast SEO plugin. -->","yoast_head_json":{"title":"Petit \u00e0 petit le b\u00e2timent se f\u00e9minise","robots":{"index":"index","follow":"follow","max-snippet":"max-snippet:-1","max-image-preview":"max-image-preview:large","max-video-preview":"max-video-preview:-1"},"canonical":"https:\/\/batijournal.com\/index.php\/petit-a-petit-batiment-se-feminise\/95360\/","og_locale":"fr_FR","og_type":"article","og_title":"Petit \u00e0 petit le b\u00e2timent se f\u00e9minise","og_description":"Selon les chiffres publi\u00e9s par la FFB \u00e0 l&rsquo;occasion de la Journ\u00e9e internationale de la Femme, la f\u00e9minisation de la fili\u00e8re b\u00e2timent se d\u00e9veloppe dans tous les m\u00e9tiers et dans toutes les fonctions. C\u2019est dans la cat\u00e9gorie des cadres que la proportion des femmes progresse le plus rapidement. De la m\u00eame fa\u00e7on, en formation initiale, [&hellip;]","og_url":"https:\/\/batijournal.com\/index.php\/petit-a-petit-batiment-se-feminise\/95360\/","og_site_name":"Batijournal","article_published_time":"2017-03-08T06:59:38+00:00","article_modified_time":"2019-07-15T10:03:56+00:00","author":"St\u00e9phane Miget","twitter_card":"summary_large_image","twitter_creator":"@bati_journal","twitter_site":"@bati_journal","twitter_misc":{"\u00c9crit par":"St\u00e9phane Miget","Dur\u00e9e de lecture estim\u00e9e":"1 minute"},"schema":{"@context":"https:\/\/schema.org","@graph":[{"@type":"Article","@id":"https:\/\/batijournal.com\/index.php\/petit-a-petit-batiment-se-feminise\/95360\/#article","isPartOf":{"@id":"https:\/\/batijournal.com\/index.php\/petit-a-petit-batiment-se-feminise\/95360\/"},"author":{"name":"St\u00e9phane Miget","@id":"https:\/\/batijournal.com\/#\/schema\/person\/1dc96ec6957aa1ccb25ebe78bb19f100"},"headline":"Petit \u00e0 petit le b\u00e2timent se f\u00e9minise","datePublished":"2017-03-08T06:59:38+00:00","dateModified":"2019-07-15T10:03:56+00:00","mainEntityOfPage":{"@id":"https:\/\/batijournal.com\/index.php\/petit-a-petit-batiment-se-feminise\/95360\/"},"wordCount":213,"keywords":["femmes du batiment","journ\u00e9e internationale de la Femme","statistiques"],"articleSection":["Actualit\u00e9s","\u00c9conomie &amp; March\u00e9s"],"inLanguage":"fr-FR"},{"@type":"WebPage","@id":"https:\/\/batijournal.com\/index.php\/petit-a-petit-batiment-se-feminise\/95360\/","url":"https:\/\/batijournal.com\/index.php\/petit-a-petit-batiment-se-feminise\/95360\/","name":"Petit \u00e0 petit le b\u00e2timent se f\u00e9minise","isPartOf":{"@id":"https:\/\/batijournal.com\/#website"},"datePublished":"2017-03-08T06:59:38+00:00","dateModified":"2019-07-15T10:03:56+00:00","author":{"@id":"https:\/\/batijournal.com\/#\/schema\/person\/1dc96ec6957aa1ccb25ebe78bb19f100"},"breadcrumb":{"@id":"https:\/\/batijournal.com\/index.php\/petit-a-petit-batiment-se-feminise\/95360\/#breadcrumb"},"inLanguage":"fr-FR","potentialAction":[{"@type":"ReadAction","target":["https:\/\/batijournal.com\/index.php\/petit-a-petit-batiment-se-feminise\/95360\/"]}]},{"@type":"BreadcrumbList","@id":"https:\/\/batijournal.com\/index.php\/petit-a-petit-batiment-se-feminise\/95360\/#breadcrumb","itemListElement":[{"@type":"ListItem","position":1,"name":"Accueil","item":"https:\/\/batijournal.com\/"},{"@type":"ListItem","position":2,"name":"Actualit\u00e9s","item":"https:\/\/batijournal.com\/index.php\/category\/actualites\/"},{"@type":"ListItem","position":3,"name":"Petit \u00e0 petit le b\u00e2timent se f\u00e9minise"}]},{"@type":"WebSite","@id":"https:\/\/batijournal.com\/#website","url":"https:\/\/batijournal.com\/","name":"Batijournal","description":"L&#039;actualit\u00e9 du b\u00e2timent","potentialAction":[{"@type":"SearchAction","target":{"@type":"EntryPoint","urlTemplate":"https:\/\/batijournal.com\/?s={search_term_string}"},"query-input":{"@type":"PropertyValueSpecification","valueRequired":true,"valueName":"search_term_string"}}],"inLanguage":"fr-FR"},{"@type":"Person","@id":"https:\/\/batijournal.com\/#\/schema\/person\/1dc96ec6957aa1ccb25ebe78bb19f100","name":"St\u00e9phane Miget","image":{"@type":"ImageObject","inLanguage":"fr-FR","@id":"https:\/\/secure.gravatar.com\/avatar\/89915563d925342126b8ef0281b93d9d7fc337043e8df017f780908eb9644451?s=96&d=mm&r=g","url":"https:\/\/secure.gravatar.com\/avatar\/89915563d925342126b8ef0281b93d9d7fc337043e8df017f780908eb9644451?s=96&d=mm&r=g","contentUrl":"https:\/\/secure.gravatar.com\/avatar\/89915563d925342126b8ef0281b93d9d7fc337043e8df017f780908eb9644451?s=96&d=mm&r=g","caption":"St\u00e9phane Miget"},"url":"https:\/\/batijournal.com\/index.php\/author\/stephane\/"}]}},"_links":{"self":[{"href":"https:\/\/batijournal.com\/index.php\/wp-json\/wp\/v2\/posts\/95360","targetHints":{"allow":["GET"]}}],"collection":[{"href":"https:\/\/batijournal.com\/index.php\/wp-json\/wp\/v2\/posts"}],"about":[{"href":"https:\/\/batijournal.com\/index.php\/wp-json\/wp\/v2\/types\/post"}],"author":[{"embeddable":true,"href":"https:\/\/batijournal.com\/index.php\/wp-json\/wp\/v2\/users\/17"}],"replies":[{"embeddable":true,"href":"https:\/\/batijournal.com\/index.php\/wp-json\/wp\/v2\/comments?post=95360"}],"version-history":[{"count":0,"href":"https:\/\/batijournal.com\/index.php\/wp-json\/wp\/v2\/posts\/95360\/revisions"}],"wp:attachment":[{"href":"https:\/\/batijournal.com\/index.php\/wp-json\/wp\/v2\/media?parent=95360"}],"wp:term":[{"taxonomy":"category","embeddable":true,"href":"https:\/\/batijournal.com\/index.php\/wp-json\/wp\/v2\/categories?post=95360"},{"taxonomy":"post_tag","embeddable":true,"href":"https:\/\/batijournal.com\/index.php\/wp-json\/wp\/v2\/tags?post=95360"}],"curies":[{"name":"wp","href":"https:\/\/api.w.org\/{rel}","templated":true}]}}