{"id":95380,"date":"2017-03-08T18:13:48","date_gmt":"2017-03-08T17:13:48","guid":{"rendered":"http:\/\/batijournal.com\/?p=95380"},"modified":"2019-07-15T11:27:24","modified_gmt":"2019-07-15T09:27:24","slug":"senat-va-emmenager-3-ans-batiment-modulaire","status":"publish","type":"post","link":"https:\/\/batijournal.com\/index.php\/senat-va-emmenager-3-ans-batiment-modulaire\/95380\/","title":{"rendered":"Le s\u00e9nat va emm\u00e9nager pour 3 ans dans un b\u00e2timent modulaire"},"content":{"rendered":"<p><strong>A partir de septembre 2017, le S\u00e9nat engage d&rsquo;importants travaux de r\u00e9novation de ses immeubles. Pendant trois ans, les s\u00e9nateurs et leurs collaborateurs vont \u00eatre relog\u00e9s dans un b\u00e2timent, con\u00e7u et install\u00e9 par Cougnaud Construction, dans la cour d&rsquo;honneur. Un b\u00e2timent de plus de 4 000 m2, sur 3 \u00e9tages, enti\u00e8rement \u00e9quip\u00e9 qui sera \u00e9rig\u00e9 en quatre semaines.<\/strong><\/p>\n<p><img loading=\"lazy\" decoding=\"async\" class=\"aligncenter size-large wp-image-95377\" src=\"https:\/\/batijournal.com\/wp-content\/uploads\/2017\/03\/cougnaud_services_senat_coupe3D-1024x718.jpg\" alt=\"\" width=\"960\" height=\"673\" srcset=\"https:\/\/batijournal.com\/wp-content\/uploads\/2017\/03\/cougnaud_services_senat_coupe3D-1024x718.jpg 1024w, https:\/\/batijournal.com\/wp-content\/uploads\/2017\/03\/cougnaud_services_senat_coupe3D-150x105.jpg 150w, https:\/\/batijournal.com\/wp-content\/uploads\/2017\/03\/cougnaud_services_senat_coupe3D-300x210.jpg 300w, https:\/\/batijournal.com\/wp-content\/uploads\/2017\/03\/cougnaud_services_senat_coupe3D-768x538.jpg 768w, https:\/\/batijournal.com\/wp-content\/uploads\/2017\/03\/cougnaud_services_senat_coupe3D-600x420.jpg 600w\" sizes=\"(max-width: 960px) 100vw, 960px\" \/><\/p>\n<p>Cougnaud Construction s&rsquo;appuie sur le proc\u00e9d\u00e9 constructif industrialis\u00e9 d\u00e9velopp\u00e9 par Cougnaud depuis 45 ans. Le b\u00e2timent sera constitu\u00e9 de 184 modules assembl\u00e9s. Il offrira un espace de travail de 134 bureaux de 18 m2 destin\u00e9s aux \u00e9lus et \u00e0 leurs collaborateurs. Un effort particulier est port\u00e9 au confort des locaux et \u00e0 leur am\u00e9nagement. Au c\u0153ur du b\u00e2timent, une verri\u00e8re de 9 m x 9 m sera install\u00e9e en toiture, au-dessus du patio central, pour cr\u00e9er un espace agr\u00e9able baign\u00e9 de lumi\u00e8re. C\u00f4t\u00e9 pratique, deux ascenseurs desserviront les \u00e9tages de bureaux.<\/p>\n<p><img loading=\"lazy\" decoding=\"async\" class=\"aligncenter size-full wp-image-95378\" src=\"https:\/\/batijournal.com\/wp-content\/uploads\/2017\/03\/cougnaud_services_senat-grue.jpg\" alt=\"\" width=\"990\" height=\"559\" srcset=\"https:\/\/batijournal.com\/wp-content\/uploads\/2017\/03\/cougnaud_services_senat-grue.jpg 990w, https:\/\/batijournal.com\/wp-content\/uploads\/2017\/03\/cougnaud_services_senat-grue-150x85.jpg 150w, https:\/\/batijournal.com\/wp-content\/uploads\/2017\/03\/cougnaud_services_senat-grue-300x169.jpg 300w, https:\/\/batijournal.com\/wp-content\/uploads\/2017\/03\/cougnaud_services_senat-grue-768x434.jpg 768w, https:\/\/batijournal.com\/wp-content\/uploads\/2017\/03\/cougnaud_services_senat-grue-600x339.jpg 600w\" sizes=\"(max-width: 990px) 100vw, 990px\" \/><\/p>\n<p>L&rsquo;installation n\u00e9cessitera le recours \u00e0 une grue de 350 tonnes avec vol\u00e9e variable fix\u00e9e au sol sur 20 pieux viss\u00e9s pour permettre une reprise des efforts. Le grutage des modules et du mat\u00e9riel s&rsquo;effectuera depuis un espace s\u00e9curis\u00e9 devant le S\u00e9nat, par-dessus le d\u00f4me Tournon, pour un d\u00e9p\u00f4t dans la cour d&rsquo;honneur sans obstruer la rue Vaugirard, qui restera ouverte \u00e0 la circulation pendant la dur\u00e9e d&rsquo;installation. Les modules, produits en dix semaines, seront livr\u00e9s sur les quatre semaines d&rsquo;avril. Afin de r\u00e9duire les nuisances de chantier et pour ne pas alt\u00e9rer la cour pav\u00e9e, les fondations reposeront sur 200 pieux m\u00e9talliques viss\u00e9s \u00e0 m\u00eame le sol et enfonc\u00e9s \u00e0 6 m\u00e8tres de profondeur pour en assurer la solidit\u00e9. Cette solution permet de r\u00e9duire de fa\u00e7on cons\u00e9quente le bruit et la poussi\u00e8re d&rsquo;ordinaire g\u00e9n\u00e9r\u00e9s par un chantier de construction.<\/p>\n<p><img loading=\"lazy\" decoding=\"async\" class=\"aligncenter size-large wp-image-95379\" src=\"https:\/\/batijournal.com\/wp-content\/uploads\/2017\/03\/cougnaud_services_senat-1024x576.jpg\" alt=\"\" width=\"960\" height=\"540\" srcset=\"https:\/\/batijournal.com\/wp-content\/uploads\/2017\/03\/cougnaud_services_senat-1024x576.jpg 1024w, https:\/\/batijournal.com\/wp-content\/uploads\/2017\/03\/cougnaud_services_senat-150x84.jpg 150w, https:\/\/batijournal.com\/wp-content\/uploads\/2017\/03\/cougnaud_services_senat-300x169.jpg 300w, https:\/\/batijournal.com\/wp-content\/uploads\/2017\/03\/cougnaud_services_senat-768x432.jpg 768w, https:\/\/batijournal.com\/wp-content\/uploads\/2017\/03\/cougnaud_services_senat-600x338.jpg 600w, https:\/\/batijournal.com\/wp-content\/uploads\/2017\/03\/cougnaud_services_senat.jpg 1920w\" sizes=\"(max-width: 960px) 100vw, 960px\" \/><\/p>\n<p><strong>De hautes performances thermiques, acoustiques et esth\u00e9tiques<\/strong><br \/>\nAfin de respecter les exigences du cahier des charges, la r\u00e9alisation en amont de trois modules prototypes a permis de confirmer les qualit\u00e9s techniques. En mati\u00e8re de performance thermique, le b\u00e2timent est conforme \u00e0 la r\u00e9glementation RT 2012 et l&rsquo;isolation phonique a \u00e9t\u00e9 travaill\u00e9e pour proposer une acoustique renforc\u00e9e (48 db). En respect des normes s\u00e9curitaires, le b\u00e2timent pr\u00e9sente une stabilit\u00e9 au feu de 60 minutes. Le haut niveau de finition du b\u00e2timent se concentre \u00e9galement sur une esth\u00e9tique soign\u00e9e. Une fois install\u00e9, ses fa\u00e7ades seront enti\u00e8rement recouvertes d&rsquo;un adh\u00e9sif polym\u00e8re, dont l&rsquo;impression en trompe-l&rsquo;\u0153il reprend les codes architecturaux haussmanniens des \u00e9difices du S\u00e9nat. Cet habillage permettra d&rsquo;int\u00e9grer visuellement le b\u00e2timent qui restera dans la cour d&rsquo;honneur pendant au moins trois ans. L&rsquo;adh\u00e9sif, r\u00e9alis\u00e9 sur-mesure en impression num\u00e9rique, laissera filtrer la lumi\u00e8re gr\u00e2ce \u00e0 une micro-perforation pr\u00e9vue \u00e0 l&rsquo;endroit des vitrages pour assurer le confort des usagers.<\/p>\n","protected":false},"excerpt":{"rendered":"<p>A partir de septembre 2017, le S\u00e9nat engage d&rsquo;importants travaux de r\u00e9novation de ses immeubles. Pendant trois ans, les s\u00e9nateurs et leurs collaborateurs vont \u00eatre relog\u00e9s dans un b\u00e2timent, con\u00e7u et install\u00e9 par Cougnaud Construction, dans la cour d&rsquo;honneur. Un b\u00e2timent de plus de 4 000 m2, sur 3 \u00e9tages, enti\u00e8rement \u00e9quip\u00e9 qui sera \u00e9rig\u00e9 [&hellip;]<\/p>\n","protected":false},"author":17,"featured_media":95376,"comment_status":"closed","ping_status":"closed","sticky":false,"template":"","format":"standard","meta":{"_et_pb_use_builder":"","_et_pb_old_content":"","_et_gb_content_width":"","footnotes":""},"categories":[10736,10530,6340,10775],"tags":[6778,11124],"class_list":["post-95380","post","type-post","status-publish","format-standard","has-post-thumbnail","hentry","category-a-la-une","category-actualites","category-architecture-conception","category-actualites-5facades","tag-batiments-modulaires","tag-cougnaud"],"yoast_head":"<!-- This site is optimized with the Yoast SEO plugin v27.4 - https:\/\/yoast.com\/product\/yoast-seo-wordpress\/ -->\n<title>Le s\u00e9nat va emm\u00e9nager pour 3 ans dans un b\u00e2timent modulaire<\/title>\n<meta name=\"robots\" content=\"index, follow, max-snippet:-1, max-image-preview:large, max-video-preview:-1\" \/>\n<link rel=\"canonical\" href=\"https:\/\/batijournal.com\/index.php\/senat-va-emmenager-3-ans-batiment-modulaire\/95380\/\" \/>\n<meta property=\"og:locale\" content=\"fr_FR\" \/>\n<meta property=\"og:type\" content=\"article\" \/>\n<meta property=\"og:title\" content=\"Le s\u00e9nat va emm\u00e9nager pour 3 ans dans un b\u00e2timent modulaire\" \/>\n<meta property=\"og:description\" content=\"A partir de septembre 2017, le S\u00e9nat engage d&rsquo;importants travaux de r\u00e9novation de ses immeubles. Pendant trois ans, les s\u00e9nateurs et leurs collaborateurs vont \u00eatre relog\u00e9s dans un b\u00e2timent, con\u00e7u et install\u00e9 par Cougnaud Construction, dans la cour d&rsquo;honneur. Un b\u00e2timent de plus de 4 000 m2, sur 3 \u00e9tages, enti\u00e8rement \u00e9quip\u00e9 qui sera \u00e9rig\u00e9 [&hellip;]\" \/>\n<meta property=\"og:url\" content=\"https:\/\/batijournal.com\/index.php\/senat-va-emmenager-3-ans-batiment-modulaire\/95380\/\" \/>\n<meta property=\"og:site_name\" content=\"Batijournal\" \/>\n<meta property=\"article:published_time\" content=\"2017-03-08T17:13:48+00:00\" \/>\n<meta property=\"article:modified_time\" content=\"2019-07-15T09:27:24+00:00\" \/>\n<meta property=\"og:image\" content=\"https:\/\/batijournal.com\/wp-content\/uploads\/2017\/03\/cougnaud_services_senat_batiment_cour.jpg\" \/>\n\t<meta property=\"og:image:width\" content=\"1920\" \/>\n\t<meta property=\"og:image:height\" content=\"1080\" \/>\n\t<meta property=\"og:image:type\" content=\"image\/jpeg\" \/>\n<meta name=\"author\" content=\"St\u00e9phane Miget\" \/>\n<meta name=\"twitter:card\" content=\"summary_large_image\" \/>\n<meta name=\"twitter:creator\" content=\"@bati_journal\" \/>\n<meta name=\"twitter:site\" content=\"@bati_journal\" \/>\n<meta name=\"twitter:label1\" content=\"\u00c9crit par\" \/>\n\t<meta name=\"twitter:data1\" content=\"St\u00e9phane Miget\" \/>\n\t<meta name=\"twitter:label2\" content=\"Dur\u00e9e de lecture estim\u00e9e\" \/>\n\t<meta name=\"twitter:data2\" content=\"2 minutes\" \/>\n<script type=\"application\/ld+json\" class=\"yoast-schema-graph\">{\"@context\":\"https:\\\/\\\/schema.org\",\"@graph\":[{\"@type\":\"Article\",\"@id\":\"https:\\\/\\\/batijournal.com\\\/index.php\\\/senat-va-emmenager-3-ans-batiment-modulaire\\\/95380\\\/#article\",\"isPartOf\":{\"@id\":\"https:\\\/\\\/batijournal.com\\\/index.php\\\/senat-va-emmenager-3-ans-batiment-modulaire\\\/95380\\\/\"},\"author\":{\"name\":\"St\u00e9phane Miget\",\"@id\":\"https:\\\/\\\/batijournal.com\\\/#\\\/schema\\\/person\\\/1dc96ec6957aa1ccb25ebe78bb19f100\"},\"headline\":\"Le s\u00e9nat va emm\u00e9nager pour 3 ans dans un b\u00e2timent modulaire\",\"datePublished\":\"2017-03-08T17:13:48+00:00\",\"dateModified\":\"2019-07-15T09:27:24+00:00\",\"mainEntityOfPage\":{\"@id\":\"https:\\\/\\\/batijournal.com\\\/index.php\\\/senat-va-emmenager-3-ans-batiment-modulaire\\\/95380\\\/\"},\"wordCount\":522,\"image\":{\"@id\":\"https:\\\/\\\/batijournal.com\\\/index.php\\\/senat-va-emmenager-3-ans-batiment-modulaire\\\/95380\\\/#primaryimage\"},\"thumbnailUrl\":\"https:\\\/\\\/batijournal.com\\\/wp-content\\\/uploads\\\/2017\\\/03\\\/cougnaud_services_senat_batiment_cour.jpg\",\"keywords\":[\"batiments modulaires\",\"Cougnaud\"],\"articleSection\":[\"A la Une\",\"Actualit\u00e9s\",\"Architecture &amp; Conception\",\"zz_Actualit\u00e9s - 5fa\u00e7ades\"],\"inLanguage\":\"fr-FR\"},{\"@type\":\"WebPage\",\"@id\":\"https:\\\/\\\/batijournal.com\\\/index.php\\\/senat-va-emmenager-3-ans-batiment-modulaire\\\/95380\\\/\",\"url\":\"https:\\\/\\\/batijournal.com\\\/index.php\\\/senat-va-emmenager-3-ans-batiment-modulaire\\\/95380\\\/\",\"name\":\"Le s\u00e9nat va emm\u00e9nager pour 3 ans dans un b\u00e2timent modulaire\",\"isPartOf\":{\"@id\":\"https:\\\/\\\/batijournal.com\\\/#website\"},\"primaryImageOfPage\":{\"@id\":\"https:\\\/\\\/batijournal.com\\\/index.php\\\/senat-va-emmenager-3-ans-batiment-modulaire\\\/95380\\\/#primaryimage\"},\"image\":{\"@id\":\"https:\\\/\\\/batijournal.com\\\/index.php\\\/senat-va-emmenager-3-ans-batiment-modulaire\\\/95380\\\/#primaryimage\"},\"thumbnailUrl\":\"https:\\\/\\\/batijournal.com\\\/wp-content\\\/uploads\\\/2017\\\/03\\\/cougnaud_services_senat_batiment_cour.jpg\",\"datePublished\":\"2017-03-08T17:13:48+00:00\",\"dateModified\":\"2019-07-15T09:27:24+00:00\",\"author\":{\"@id\":\"https:\\\/\\\/batijournal.com\\\/#\\\/schema\\\/person\\\/1dc96ec6957aa1ccb25ebe78bb19f100\"},\"breadcrumb\":{\"@id\":\"https:\\\/\\\/batijournal.com\\\/index.php\\\/senat-va-emmenager-3-ans-batiment-modulaire\\\/95380\\\/#breadcrumb\"},\"inLanguage\":\"fr-FR\",\"potentialAction\":[{\"@type\":\"ReadAction\",\"target\":[\"https:\\\/\\\/batijournal.com\\\/index.php\\\/senat-va-emmenager-3-ans-batiment-modulaire\\\/95380\\\/\"]}]},{\"@type\":\"ImageObject\",\"inLanguage\":\"fr-FR\",\"@id\":\"https:\\\/\\\/batijournal.com\\\/index.php\\\/senat-va-emmenager-3-ans-batiment-modulaire\\\/95380\\\/#primaryimage\",\"url\":\"https:\\\/\\\/batijournal.com\\\/wp-content\\\/uploads\\\/2017\\\/03\\\/cougnaud_services_senat_batiment_cour.jpg\",\"contentUrl\":\"https:\\\/\\\/batijournal.com\\\/wp-content\\\/uploads\\\/2017\\\/03\\\/cougnaud_services_senat_batiment_cour.jpg\",\"width\":1920,\"height\":1080},{\"@type\":\"BreadcrumbList\",\"@id\":\"https:\\\/\\\/batijournal.com\\\/index.php\\\/senat-va-emmenager-3-ans-batiment-modulaire\\\/95380\\\/#breadcrumb\",\"itemListElement\":[{\"@type\":\"ListItem\",\"position\":1,\"name\":\"Accueil\",\"item\":\"https:\\\/\\\/batijournal.com\\\/\"},{\"@type\":\"ListItem\",\"position\":2,\"name\":\"A la Une\",\"item\":\"https:\\\/\\\/batijournal.com\\\/index.php\\\/category\\\/a-la-une\\\/\"},{\"@type\":\"ListItem\",\"position\":3,\"name\":\"Le s\u00e9nat va emm\u00e9nager pour 3 ans dans un b\u00e2timent modulaire\"}]},{\"@type\":\"WebSite\",\"@id\":\"https:\\\/\\\/batijournal.com\\\/#website\",\"url\":\"https:\\\/\\\/batijournal.com\\\/\",\"name\":\"Batijournal\",\"description\":\"L&#039;actualit\u00e9 du b\u00e2timent\",\"potentialAction\":[{\"@type\":\"SearchAction\",\"target\":{\"@type\":\"EntryPoint\",\"urlTemplate\":\"https:\\\/\\\/batijournal.com\\\/?s={search_term_string}\"},\"query-input\":{\"@type\":\"PropertyValueSpecification\",\"valueRequired\":true,\"valueName\":\"search_term_string\"}}],\"inLanguage\":\"fr-FR\"},{\"@type\":\"Person\",\"@id\":\"https:\\\/\\\/batijournal.com\\\/#\\\/schema\\\/person\\\/1dc96ec6957aa1ccb25ebe78bb19f100\",\"name\":\"St\u00e9phane Miget\",\"image\":{\"@type\":\"ImageObject\",\"inLanguage\":\"fr-FR\",\"@id\":\"https:\\\/\\\/secure.gravatar.com\\\/avatar\\\/89915563d925342126b8ef0281b93d9d7fc337043e8df017f780908eb9644451?s=96&d=mm&r=g\",\"url\":\"https:\\\/\\\/secure.gravatar.com\\\/avatar\\\/89915563d925342126b8ef0281b93d9d7fc337043e8df017f780908eb9644451?s=96&d=mm&r=g\",\"contentUrl\":\"https:\\\/\\\/secure.gravatar.com\\\/avatar\\\/89915563d925342126b8ef0281b93d9d7fc337043e8df017f780908eb9644451?s=96&d=mm&r=g\",\"caption\":\"St\u00e9phane Miget\"},\"url\":\"https:\\\/\\\/batijournal.com\\\/index.php\\\/author\\\/stephane\\\/\"}]}<\/script>\n<!-- \/ Yoast SEO plugin. -->","yoast_head_json":{"title":"Le s\u00e9nat va emm\u00e9nager pour 3 ans dans un b\u00e2timent modulaire","robots":{"index":"index","follow":"follow","max-snippet":"max-snippet:-1","max-image-preview":"max-image-preview:large","max-video-preview":"max-video-preview:-1"},"canonical":"https:\/\/batijournal.com\/index.php\/senat-va-emmenager-3-ans-batiment-modulaire\/95380\/","og_locale":"fr_FR","og_type":"article","og_title":"Le s\u00e9nat va emm\u00e9nager pour 3 ans dans un b\u00e2timent modulaire","og_description":"A partir de septembre 2017, le S\u00e9nat engage d&rsquo;importants travaux de r\u00e9novation de ses immeubles. Pendant trois ans, les s\u00e9nateurs et leurs collaborateurs vont \u00eatre relog\u00e9s dans un b\u00e2timent, con\u00e7u et install\u00e9 par Cougnaud Construction, dans la cour d&rsquo;honneur. Un b\u00e2timent de plus de 4 000 m2, sur 3 \u00e9tages, enti\u00e8rement \u00e9quip\u00e9 qui sera \u00e9rig\u00e9 [&hellip;]","og_url":"https:\/\/batijournal.com\/index.php\/senat-va-emmenager-3-ans-batiment-modulaire\/95380\/","og_site_name":"Batijournal","article_published_time":"2017-03-08T17:13:48+00:00","article_modified_time":"2019-07-15T09:27:24+00:00","og_image":[{"width":1920,"height":1080,"url":"https:\/\/batijournal.com\/wp-content\/uploads\/2017\/03\/cougnaud_services_senat_batiment_cour.jpg","type":"image\/jpeg"}],"author":"St\u00e9phane Miget","twitter_card":"summary_large_image","twitter_creator":"@bati_journal","twitter_site":"@bati_journal","twitter_misc":{"\u00c9crit par":"St\u00e9phane Miget","Dur\u00e9e de lecture estim\u00e9e":"2 minutes"},"schema":{"@context":"https:\/\/schema.org","@graph":[{"@type":"Article","@id":"https:\/\/batijournal.com\/index.php\/senat-va-emmenager-3-ans-batiment-modulaire\/95380\/#article","isPartOf":{"@id":"https:\/\/batijournal.com\/index.php\/senat-va-emmenager-3-ans-batiment-modulaire\/95380\/"},"author":{"name":"St\u00e9phane Miget","@id":"https:\/\/batijournal.com\/#\/schema\/person\/1dc96ec6957aa1ccb25ebe78bb19f100"},"headline":"Le s\u00e9nat va emm\u00e9nager pour 3 ans dans un b\u00e2timent modulaire","datePublished":"2017-03-08T17:13:48+00:00","dateModified":"2019-07-15T09:27:24+00:00","mainEntityOfPage":{"@id":"https:\/\/batijournal.com\/index.php\/senat-va-emmenager-3-ans-batiment-modulaire\/95380\/"},"wordCount":522,"image":{"@id":"https:\/\/batijournal.com\/index.php\/senat-va-emmenager-3-ans-batiment-modulaire\/95380\/#primaryimage"},"thumbnailUrl":"https:\/\/batijournal.com\/wp-content\/uploads\/2017\/03\/cougnaud_services_senat_batiment_cour.jpg","keywords":["batiments modulaires","Cougnaud"],"articleSection":["A la Une","Actualit\u00e9s","Architecture &amp; Conception","zz_Actualit\u00e9s - 5fa\u00e7ades"],"inLanguage":"fr-FR"},{"@type":"WebPage","@id":"https:\/\/batijournal.com\/index.php\/senat-va-emmenager-3-ans-batiment-modulaire\/95380\/","url":"https:\/\/batijournal.com\/index.php\/senat-va-emmenager-3-ans-batiment-modulaire\/95380\/","name":"Le s\u00e9nat va emm\u00e9nager pour 3 ans dans un b\u00e2timent modulaire","isPartOf":{"@id":"https:\/\/batijournal.com\/#website"},"primaryImageOfPage":{"@id":"https:\/\/batijournal.com\/index.php\/senat-va-emmenager-3-ans-batiment-modulaire\/95380\/#primaryimage"},"image":{"@id":"https:\/\/batijournal.com\/index.php\/senat-va-emmenager-3-ans-batiment-modulaire\/95380\/#primaryimage"},"thumbnailUrl":"https:\/\/batijournal.com\/wp-content\/uploads\/2017\/03\/cougnaud_services_senat_batiment_cour.jpg","datePublished":"2017-03-08T17:13:48+00:00","dateModified":"2019-07-15T09:27:24+00:00","author":{"@id":"https:\/\/batijournal.com\/#\/schema\/person\/1dc96ec6957aa1ccb25ebe78bb19f100"},"breadcrumb":{"@id":"https:\/\/batijournal.com\/index.php\/senat-va-emmenager-3-ans-batiment-modulaire\/95380\/#breadcrumb"},"inLanguage":"fr-FR","potentialAction":[{"@type":"ReadAction","target":["https:\/\/batijournal.com\/index.php\/senat-va-emmenager-3-ans-batiment-modulaire\/95380\/"]}]},{"@type":"ImageObject","inLanguage":"fr-FR","@id":"https:\/\/batijournal.com\/index.php\/senat-va-emmenager-3-ans-batiment-modulaire\/95380\/#primaryimage","url":"https:\/\/batijournal.com\/wp-content\/uploads\/2017\/03\/cougnaud_services_senat_batiment_cour.jpg","contentUrl":"https:\/\/batijournal.com\/wp-content\/uploads\/2017\/03\/cougnaud_services_senat_batiment_cour.jpg","width":1920,"height":1080},{"@type":"BreadcrumbList","@id":"https:\/\/batijournal.com\/index.php\/senat-va-emmenager-3-ans-batiment-modulaire\/95380\/#breadcrumb","itemListElement":[{"@type":"ListItem","position":1,"name":"Accueil","item":"https:\/\/batijournal.com\/"},{"@type":"ListItem","position":2,"name":"A la Une","item":"https:\/\/batijournal.com\/index.php\/category\/a-la-une\/"},{"@type":"ListItem","position":3,"name":"Le s\u00e9nat va emm\u00e9nager pour 3 ans dans un b\u00e2timent modulaire"}]},{"@type":"WebSite","@id":"https:\/\/batijournal.com\/#website","url":"https:\/\/batijournal.com\/","name":"Batijournal","description":"L&#039;actualit\u00e9 du b\u00e2timent","potentialAction":[{"@type":"SearchAction","target":{"@type":"EntryPoint","urlTemplate":"https:\/\/batijournal.com\/?s={search_term_string}"},"query-input":{"@type":"PropertyValueSpecification","valueRequired":true,"valueName":"search_term_string"}}],"inLanguage":"fr-FR"},{"@type":"Person","@id":"https:\/\/batijournal.com\/#\/schema\/person\/1dc96ec6957aa1ccb25ebe78bb19f100","name":"St\u00e9phane Miget","image":{"@type":"ImageObject","inLanguage":"fr-FR","@id":"https:\/\/secure.gravatar.com\/avatar\/89915563d925342126b8ef0281b93d9d7fc337043e8df017f780908eb9644451?s=96&d=mm&r=g","url":"https:\/\/secure.gravatar.com\/avatar\/89915563d925342126b8ef0281b93d9d7fc337043e8df017f780908eb9644451?s=96&d=mm&r=g","contentUrl":"https:\/\/secure.gravatar.com\/avatar\/89915563d925342126b8ef0281b93d9d7fc337043e8df017f780908eb9644451?s=96&d=mm&r=g","caption":"St\u00e9phane Miget"},"url":"https:\/\/batijournal.com\/index.php\/author\/stephane\/"}]}},"_links":{"self":[{"href":"https:\/\/batijournal.com\/index.php\/wp-json\/wp\/v2\/posts\/95380","targetHints":{"allow":["GET"]}}],"collection":[{"href":"https:\/\/batijournal.com\/index.php\/wp-json\/wp\/v2\/posts"}],"about":[{"href":"https:\/\/batijournal.com\/index.php\/wp-json\/wp\/v2\/types\/post"}],"author":[{"embeddable":true,"href":"https:\/\/batijournal.com\/index.php\/wp-json\/wp\/v2\/users\/17"}],"replies":[{"embeddable":true,"href":"https:\/\/batijournal.com\/index.php\/wp-json\/wp\/v2\/comments?post=95380"}],"version-history":[{"count":0,"href":"https:\/\/batijournal.com\/index.php\/wp-json\/wp\/v2\/posts\/95380\/revisions"}],"wp:featuredmedia":[{"embeddable":true,"href":"https:\/\/batijournal.com\/index.php\/wp-json\/wp\/v2\/media\/95376"}],"wp:attachment":[{"href":"https:\/\/batijournal.com\/index.php\/wp-json\/wp\/v2\/media?parent=95380"}],"wp:term":[{"taxonomy":"category","embeddable":true,"href":"https:\/\/batijournal.com\/index.php\/wp-json\/wp\/v2\/categories?post=95380"},{"taxonomy":"post_tag","embeddable":true,"href":"https:\/\/batijournal.com\/index.php\/wp-json\/wp\/v2\/tags?post=95380"}],"curies":[{"name":"wp","href":"https:\/\/api.w.org\/{rel}","templated":true}]}}