{"id":95381,"date":"2017-03-08T18:29:09","date_gmt":"2017-03-08T17:29:09","guid":{"rendered":"http:\/\/batijournal.com\/?p=95381"},"modified":"2019-07-15T12:13:15","modified_gmt":"2019-07-15T10:13:15","slug":"federico-gil-de-puente-nomme-directeur-general-france-de-knauf-insulation","status":"publish","type":"post","link":"https:\/\/batijournal.com\/index.php\/federico-gil-de-puente-nomme-directeur-general-france-de-knauf-insulation\/95381\/","title":{"rendered":"Federico Gil de la Puente est nomm\u00e9 Directeur G\u00e9n\u00e9ral France de Knauf Insulation"},"content":{"rendered":"<p>Federico Gil de la Puente est nomm\u00e9 Directeur G\u00e9n\u00e9ral France de Knauf Insulation. Il succ\u00e8de \u00e0 Jean-Jacques Pontailler qui devient Responsable du D\u00e9veloppement Strat\u00e9gique pour l\u2019Europe de l\u2019Ouest. Federico Gil de la Puente, 44 ans, est titulaire d\u2019un Master de l\u2019Ecole de Commerce CUNEF (Universit\u00e9 Complutense Madrid), et d\u2019un MBA de l\u2019IESE Business School (Universit\u00e9 de Navarre) et de la Columbia University (New York). Il dispose d\u2019une grande connaissance du march\u00e9 fran\u00e7ais des mat\u00e9riaux isolants. Avant de rejoindre Knauf Insulation, il entre autres a occup\u00e9 diff\u00e9rentes fonctions au sein de la soci\u00e9t\u00e9 URSA dont le poste de Directeur G\u00e9n\u00e9ral pour la France, l\u2019Espagne, le B\u00e9n\u00e9lux et le Royaume-Uni.<\/p>\n","protected":false},"excerpt":{"rendered":"<p>Federico Gil de la Puente est nomm\u00e9 Directeur G\u00e9n\u00e9ral France de Knauf Insulation. Il succ\u00e8de \u00e0 Jean-Jacques Pontailler qui devient Responsable du D\u00e9veloppement Strat\u00e9gique pour l\u2019Europe de l\u2019Ouest. Federico Gil de la Puente, 44 ans, est titulaire d\u2019un Master de l\u2019Ecole de Commerce CUNEF (Universit\u00e9 Complutense Madrid), et d\u2019un MBA de l\u2019IESE Business School (Universit\u00e9 [&hellip;]<\/p>\n","protected":false},"author":17,"featured_media":95382,"comment_status":"closed","ping_status":"closed","sticky":false,"template":"","format":"standard","meta":{"_et_pb_use_builder":"","_et_pb_old_content":"","_et_gb_content_width":"","footnotes":""},"categories":[10530,6345],"tags":[3294,880],"class_list":["post-95381","post","type-post","status-publish","format-standard","has-post-thumbnail","hentry","category-actualites","category-economie-marches","tag-knauf-insulation","tag-nomination"],"yoast_head":"<!-- This site is optimized with the Yoast SEO plugin v27.4 - https:\/\/yoast.com\/product\/yoast-seo-wordpress\/ -->\n<title>Federico Gil de la Puente est nomm\u00e9 Directeur G\u00e9n\u00e9ral France de Knauf Insulation<\/title>\n<meta name=\"robots\" content=\"index, follow, max-snippet:-1, max-image-preview:large, max-video-preview:-1\" \/>\n<link rel=\"canonical\" href=\"https:\/\/batijournal.com\/index.php\/federico-gil-de-puente-nomme-directeur-general-france-de-knauf-insulation\/95381\/\" \/>\n<meta property=\"og:locale\" content=\"fr_FR\" \/>\n<meta property=\"og:type\" content=\"article\" \/>\n<meta property=\"og:title\" content=\"Federico Gil de la Puente est nomm\u00e9 Directeur G\u00e9n\u00e9ral France de Knauf Insulation\" \/>\n<meta property=\"og:description\" content=\"Federico Gil de la Puente est nomm\u00e9 Directeur G\u00e9n\u00e9ral France de Knauf Insulation. Il succ\u00e8de \u00e0 Jean-Jacques Pontailler qui devient Responsable du D\u00e9veloppement Strat\u00e9gique pour l\u2019Europe de l\u2019Ouest. Federico Gil de la Puente, 44 ans, est titulaire d\u2019un Master de l\u2019Ecole de Commerce CUNEF (Universit\u00e9 Complutense Madrid), et d\u2019un MBA de l\u2019IESE Business School (Universit\u00e9 [&hellip;]\" \/>\n<meta property=\"og:url\" content=\"https:\/\/batijournal.com\/index.php\/federico-gil-de-puente-nomme-directeur-general-france-de-knauf-insulation\/95381\/\" \/>\n<meta property=\"og:site_name\" content=\"Batijournal\" \/>\n<meta property=\"article:published_time\" content=\"2017-03-08T17:29:09+00:00\" \/>\n<meta property=\"article:modified_time\" content=\"2019-07-15T10:13:15+00:00\" \/>\n<meta property=\"og:image\" content=\"https:\/\/batijournal.com\/wp-content\/uploads\/2017\/03\/Knauf-insulation-Federico-GIL-DE-LA-PUENTE.jpg\" \/>\n\t<meta property=\"og:image:width\" content=\"900\" \/>\n\t<meta property=\"og:image:height\" content=\"466\" \/>\n\t<meta property=\"og:image:type\" content=\"image\/jpeg\" \/>\n<meta name=\"author\" content=\"St\u00e9phane Miget\" \/>\n<meta name=\"twitter:card\" content=\"summary_large_image\" \/>\n<meta name=\"twitter:creator\" content=\"@bati_journal\" \/>\n<meta name=\"twitter:site\" content=\"@bati_journal\" \/>\n<meta name=\"twitter:label1\" content=\"\u00c9crit par\" \/>\n\t<meta name=\"twitter:data1\" content=\"St\u00e9phane Miget\" \/>\n\t<meta name=\"twitter:label2\" content=\"Dur\u00e9e de lecture estim\u00e9e\" \/>\n\t<meta name=\"twitter:data2\" content=\"1 minute\" \/>\n<script type=\"application\/ld+json\" class=\"yoast-schema-graph\">{\"@context\":\"https:\\\/\\\/schema.org\",\"@graph\":[{\"@type\":\"Article\",\"@id\":\"https:\\\/\\\/batijournal.com\\\/index.php\\\/federico-gil-de-puente-nomme-directeur-general-france-de-knauf-insulation\\\/95381\\\/#article\",\"isPartOf\":{\"@id\":\"https:\\\/\\\/batijournal.com\\\/index.php\\\/federico-gil-de-puente-nomme-directeur-general-france-de-knauf-insulation\\\/95381\\\/\"},\"author\":{\"name\":\"St\u00e9phane Miget\",\"@id\":\"https:\\\/\\\/batijournal.com\\\/#\\\/schema\\\/person\\\/1dc96ec6957aa1ccb25ebe78bb19f100\"},\"headline\":\"Federico Gil de la Puente est nomm\u00e9 Directeur G\u00e9n\u00e9ral France de Knauf Insulation\",\"datePublished\":\"2017-03-08T17:29:09+00:00\",\"dateModified\":\"2019-07-15T10:13:15+00:00\",\"mainEntityOfPage\":{\"@id\":\"https:\\\/\\\/batijournal.com\\\/index.php\\\/federico-gil-de-puente-nomme-directeur-general-france-de-knauf-insulation\\\/95381\\\/\"},\"wordCount\":142,\"image\":{\"@id\":\"https:\\\/\\\/batijournal.com\\\/index.php\\\/federico-gil-de-puente-nomme-directeur-general-france-de-knauf-insulation\\\/95381\\\/#primaryimage\"},\"thumbnailUrl\":\"https:\\\/\\\/batijournal.com\\\/wp-content\\\/uploads\\\/2017\\\/03\\\/Knauf-insulation-Federico-GIL-DE-LA-PUENTE.jpg\",\"keywords\":[\"Knauf Insulation\",\"nomination\"],\"articleSection\":[\"Actualit\u00e9s\",\"\u00c9conomie &amp; March\u00e9s\"],\"inLanguage\":\"fr-FR\"},{\"@type\":\"WebPage\",\"@id\":\"https:\\\/\\\/batijournal.com\\\/index.php\\\/federico-gil-de-puente-nomme-directeur-general-france-de-knauf-insulation\\\/95381\\\/\",\"url\":\"https:\\\/\\\/batijournal.com\\\/index.php\\\/federico-gil-de-puente-nomme-directeur-general-france-de-knauf-insulation\\\/95381\\\/\",\"name\":\"Federico Gil de la Puente est nomm\u00e9 Directeur G\u00e9n\u00e9ral France de Knauf Insulation\",\"isPartOf\":{\"@id\":\"https:\\\/\\\/batijournal.com\\\/#website\"},\"primaryImageOfPage\":{\"@id\":\"https:\\\/\\\/batijournal.com\\\/index.php\\\/federico-gil-de-puente-nomme-directeur-general-france-de-knauf-insulation\\\/95381\\\/#primaryimage\"},\"image\":{\"@id\":\"https:\\\/\\\/batijournal.com\\\/index.php\\\/federico-gil-de-puente-nomme-directeur-general-france-de-knauf-insulation\\\/95381\\\/#primaryimage\"},\"thumbnailUrl\":\"https:\\\/\\\/batijournal.com\\\/wp-content\\\/uploads\\\/2017\\\/03\\\/Knauf-insulation-Federico-GIL-DE-LA-PUENTE.jpg\",\"datePublished\":\"2017-03-08T17:29:09+00:00\",\"dateModified\":\"2019-07-15T10:13:15+00:00\",\"author\":{\"@id\":\"https:\\\/\\\/batijournal.com\\\/#\\\/schema\\\/person\\\/1dc96ec6957aa1ccb25ebe78bb19f100\"},\"breadcrumb\":{\"@id\":\"https:\\\/\\\/batijournal.com\\\/index.php\\\/federico-gil-de-puente-nomme-directeur-general-france-de-knauf-insulation\\\/95381\\\/#breadcrumb\"},\"inLanguage\":\"fr-FR\",\"potentialAction\":[{\"@type\":\"ReadAction\",\"target\":[\"https:\\\/\\\/batijournal.com\\\/index.php\\\/federico-gil-de-puente-nomme-directeur-general-france-de-knauf-insulation\\\/95381\\\/\"]}]},{\"@type\":\"ImageObject\",\"inLanguage\":\"fr-FR\",\"@id\":\"https:\\\/\\\/batijournal.com\\\/index.php\\\/federico-gil-de-puente-nomme-directeur-general-france-de-knauf-insulation\\\/95381\\\/#primaryimage\",\"url\":\"https:\\\/\\\/batijournal.com\\\/wp-content\\\/uploads\\\/2017\\\/03\\\/Knauf-insulation-Federico-GIL-DE-LA-PUENTE.jpg\",\"contentUrl\":\"https:\\\/\\\/batijournal.com\\\/wp-content\\\/uploads\\\/2017\\\/03\\\/Knauf-insulation-Federico-GIL-DE-LA-PUENTE.jpg\",\"width\":900,\"height\":466},{\"@type\":\"BreadcrumbList\",\"@id\":\"https:\\\/\\\/batijournal.com\\\/index.php\\\/federico-gil-de-puente-nomme-directeur-general-france-de-knauf-insulation\\\/95381\\\/#breadcrumb\",\"itemListElement\":[{\"@type\":\"ListItem\",\"position\":1,\"name\":\"Accueil\",\"item\":\"https:\\\/\\\/batijournal.com\\\/\"},{\"@type\":\"ListItem\",\"position\":2,\"name\":\"Actualit\u00e9s\",\"item\":\"https:\\\/\\\/batijournal.com\\\/index.php\\\/category\\\/actualites\\\/\"},{\"@type\":\"ListItem\",\"position\":3,\"name\":\"Federico Gil de la Puente est nomm\u00e9 Directeur G\u00e9n\u00e9ral France de Knauf Insulation\"}]},{\"@type\":\"WebSite\",\"@id\":\"https:\\\/\\\/batijournal.com\\\/#website\",\"url\":\"https:\\\/\\\/batijournal.com\\\/\",\"name\":\"Batijournal\",\"description\":\"L&#039;actualit\u00e9 du b\u00e2timent\",\"potentialAction\":[{\"@type\":\"SearchAction\",\"target\":{\"@type\":\"EntryPoint\",\"urlTemplate\":\"https:\\\/\\\/batijournal.com\\\/?s={search_term_string}\"},\"query-input\":{\"@type\":\"PropertyValueSpecification\",\"valueRequired\":true,\"valueName\":\"search_term_string\"}}],\"inLanguage\":\"fr-FR\"},{\"@type\":\"Person\",\"@id\":\"https:\\\/\\\/batijournal.com\\\/#\\\/schema\\\/person\\\/1dc96ec6957aa1ccb25ebe78bb19f100\",\"name\":\"St\u00e9phane Miget\",\"image\":{\"@type\":\"ImageObject\",\"inLanguage\":\"fr-FR\",\"@id\":\"https:\\\/\\\/secure.gravatar.com\\\/avatar\\\/89915563d925342126b8ef0281b93d9d7fc337043e8df017f780908eb9644451?s=96&d=mm&r=g\",\"url\":\"https:\\\/\\\/secure.gravatar.com\\\/avatar\\\/89915563d925342126b8ef0281b93d9d7fc337043e8df017f780908eb9644451?s=96&d=mm&r=g\",\"contentUrl\":\"https:\\\/\\\/secure.gravatar.com\\\/avatar\\\/89915563d925342126b8ef0281b93d9d7fc337043e8df017f780908eb9644451?s=96&d=mm&r=g\",\"caption\":\"St\u00e9phane Miget\"},\"url\":\"https:\\\/\\\/batijournal.com\\\/index.php\\\/author\\\/stephane\\\/\"}]}<\/script>\n<!-- \/ Yoast SEO plugin. -->","yoast_head_json":{"title":"Federico Gil de la Puente est nomm\u00e9 Directeur G\u00e9n\u00e9ral France de Knauf Insulation","robots":{"index":"index","follow":"follow","max-snippet":"max-snippet:-1","max-image-preview":"max-image-preview:large","max-video-preview":"max-video-preview:-1"},"canonical":"https:\/\/batijournal.com\/index.php\/federico-gil-de-puente-nomme-directeur-general-france-de-knauf-insulation\/95381\/","og_locale":"fr_FR","og_type":"article","og_title":"Federico Gil de la Puente est nomm\u00e9 Directeur G\u00e9n\u00e9ral France de Knauf Insulation","og_description":"Federico Gil de la Puente est nomm\u00e9 Directeur G\u00e9n\u00e9ral France de Knauf Insulation. Il succ\u00e8de \u00e0 Jean-Jacques Pontailler qui devient Responsable du D\u00e9veloppement Strat\u00e9gique pour l\u2019Europe de l\u2019Ouest. Federico Gil de la Puente, 44 ans, est titulaire d\u2019un Master de l\u2019Ecole de Commerce CUNEF (Universit\u00e9 Complutense Madrid), et d\u2019un MBA de l\u2019IESE Business School (Universit\u00e9 [&hellip;]","og_url":"https:\/\/batijournal.com\/index.php\/federico-gil-de-puente-nomme-directeur-general-france-de-knauf-insulation\/95381\/","og_site_name":"Batijournal","article_published_time":"2017-03-08T17:29:09+00:00","article_modified_time":"2019-07-15T10:13:15+00:00","og_image":[{"width":900,"height":466,"url":"https:\/\/batijournal.com\/wp-content\/uploads\/2017\/03\/Knauf-insulation-Federico-GIL-DE-LA-PUENTE.jpg","type":"image\/jpeg"}],"author":"St\u00e9phane Miget","twitter_card":"summary_large_image","twitter_creator":"@bati_journal","twitter_site":"@bati_journal","twitter_misc":{"\u00c9crit par":"St\u00e9phane Miget","Dur\u00e9e de lecture estim\u00e9e":"1 minute"},"schema":{"@context":"https:\/\/schema.org","@graph":[{"@type":"Article","@id":"https:\/\/batijournal.com\/index.php\/federico-gil-de-puente-nomme-directeur-general-france-de-knauf-insulation\/95381\/#article","isPartOf":{"@id":"https:\/\/batijournal.com\/index.php\/federico-gil-de-puente-nomme-directeur-general-france-de-knauf-insulation\/95381\/"},"author":{"name":"St\u00e9phane Miget","@id":"https:\/\/batijournal.com\/#\/schema\/person\/1dc96ec6957aa1ccb25ebe78bb19f100"},"headline":"Federico Gil de la Puente est nomm\u00e9 Directeur G\u00e9n\u00e9ral France de Knauf Insulation","datePublished":"2017-03-08T17:29:09+00:00","dateModified":"2019-07-15T10:13:15+00:00","mainEntityOfPage":{"@id":"https:\/\/batijournal.com\/index.php\/federico-gil-de-puente-nomme-directeur-general-france-de-knauf-insulation\/95381\/"},"wordCount":142,"image":{"@id":"https:\/\/batijournal.com\/index.php\/federico-gil-de-puente-nomme-directeur-general-france-de-knauf-insulation\/95381\/#primaryimage"},"thumbnailUrl":"https:\/\/batijournal.com\/wp-content\/uploads\/2017\/03\/Knauf-insulation-Federico-GIL-DE-LA-PUENTE.jpg","keywords":["Knauf Insulation","nomination"],"articleSection":["Actualit\u00e9s","\u00c9conomie &amp; March\u00e9s"],"inLanguage":"fr-FR"},{"@type":"WebPage","@id":"https:\/\/batijournal.com\/index.php\/federico-gil-de-puente-nomme-directeur-general-france-de-knauf-insulation\/95381\/","url":"https:\/\/batijournal.com\/index.php\/federico-gil-de-puente-nomme-directeur-general-france-de-knauf-insulation\/95381\/","name":"Federico Gil de la Puente est nomm\u00e9 Directeur G\u00e9n\u00e9ral France de Knauf Insulation","isPartOf":{"@id":"https:\/\/batijournal.com\/#website"},"primaryImageOfPage":{"@id":"https:\/\/batijournal.com\/index.php\/federico-gil-de-puente-nomme-directeur-general-france-de-knauf-insulation\/95381\/#primaryimage"},"image":{"@id":"https:\/\/batijournal.com\/index.php\/federico-gil-de-puente-nomme-directeur-general-france-de-knauf-insulation\/95381\/#primaryimage"},"thumbnailUrl":"https:\/\/batijournal.com\/wp-content\/uploads\/2017\/03\/Knauf-insulation-Federico-GIL-DE-LA-PUENTE.jpg","datePublished":"2017-03-08T17:29:09+00:00","dateModified":"2019-07-15T10:13:15+00:00","author":{"@id":"https:\/\/batijournal.com\/#\/schema\/person\/1dc96ec6957aa1ccb25ebe78bb19f100"},"breadcrumb":{"@id":"https:\/\/batijournal.com\/index.php\/federico-gil-de-puente-nomme-directeur-general-france-de-knauf-insulation\/95381\/#breadcrumb"},"inLanguage":"fr-FR","potentialAction":[{"@type":"ReadAction","target":["https:\/\/batijournal.com\/index.php\/federico-gil-de-puente-nomme-directeur-general-france-de-knauf-insulation\/95381\/"]}]},{"@type":"ImageObject","inLanguage":"fr-FR","@id":"https:\/\/batijournal.com\/index.php\/federico-gil-de-puente-nomme-directeur-general-france-de-knauf-insulation\/95381\/#primaryimage","url":"https:\/\/batijournal.com\/wp-content\/uploads\/2017\/03\/Knauf-insulation-Federico-GIL-DE-LA-PUENTE.jpg","contentUrl":"https:\/\/batijournal.com\/wp-content\/uploads\/2017\/03\/Knauf-insulation-Federico-GIL-DE-LA-PUENTE.jpg","width":900,"height":466},{"@type":"BreadcrumbList","@id":"https:\/\/batijournal.com\/index.php\/federico-gil-de-puente-nomme-directeur-general-france-de-knauf-insulation\/95381\/#breadcrumb","itemListElement":[{"@type":"ListItem","position":1,"name":"Accueil","item":"https:\/\/batijournal.com\/"},{"@type":"ListItem","position":2,"name":"Actualit\u00e9s","item":"https:\/\/batijournal.com\/index.php\/category\/actualites\/"},{"@type":"ListItem","position":3,"name":"Federico Gil de la Puente est nomm\u00e9 Directeur G\u00e9n\u00e9ral France de Knauf Insulation"}]},{"@type":"WebSite","@id":"https:\/\/batijournal.com\/#website","url":"https:\/\/batijournal.com\/","name":"Batijournal","description":"L&#039;actualit\u00e9 du b\u00e2timent","potentialAction":[{"@type":"SearchAction","target":{"@type":"EntryPoint","urlTemplate":"https:\/\/batijournal.com\/?s={search_term_string}"},"query-input":{"@type":"PropertyValueSpecification","valueRequired":true,"valueName":"search_term_string"}}],"inLanguage":"fr-FR"},{"@type":"Person","@id":"https:\/\/batijournal.com\/#\/schema\/person\/1dc96ec6957aa1ccb25ebe78bb19f100","name":"St\u00e9phane Miget","image":{"@type":"ImageObject","inLanguage":"fr-FR","@id":"https:\/\/secure.gravatar.com\/avatar\/89915563d925342126b8ef0281b93d9d7fc337043e8df017f780908eb9644451?s=96&d=mm&r=g","url":"https:\/\/secure.gravatar.com\/avatar\/89915563d925342126b8ef0281b93d9d7fc337043e8df017f780908eb9644451?s=96&d=mm&r=g","contentUrl":"https:\/\/secure.gravatar.com\/avatar\/89915563d925342126b8ef0281b93d9d7fc337043e8df017f780908eb9644451?s=96&d=mm&r=g","caption":"St\u00e9phane Miget"},"url":"https:\/\/batijournal.com\/index.php\/author\/stephane\/"}]}},"_links":{"self":[{"href":"https:\/\/batijournal.com\/index.php\/wp-json\/wp\/v2\/posts\/95381","targetHints":{"allow":["GET"]}}],"collection":[{"href":"https:\/\/batijournal.com\/index.php\/wp-json\/wp\/v2\/posts"}],"about":[{"href":"https:\/\/batijournal.com\/index.php\/wp-json\/wp\/v2\/types\/post"}],"author":[{"embeddable":true,"href":"https:\/\/batijournal.com\/index.php\/wp-json\/wp\/v2\/users\/17"}],"replies":[{"embeddable":true,"href":"https:\/\/batijournal.com\/index.php\/wp-json\/wp\/v2\/comments?post=95381"}],"version-history":[{"count":0,"href":"https:\/\/batijournal.com\/index.php\/wp-json\/wp\/v2\/posts\/95381\/revisions"}],"wp:featuredmedia":[{"embeddable":true,"href":"https:\/\/batijournal.com\/index.php\/wp-json\/wp\/v2\/media\/95382"}],"wp:attachment":[{"href":"https:\/\/batijournal.com\/index.php\/wp-json\/wp\/v2\/media?parent=95381"}],"wp:term":[{"taxonomy":"category","embeddable":true,"href":"https:\/\/batijournal.com\/index.php\/wp-json\/wp\/v2\/categories?post=95381"},{"taxonomy":"post_tag","embeddable":true,"href":"https:\/\/batijournal.com\/index.php\/wp-json\/wp\/v2\/tags?post=95381"}],"curies":[{"name":"wp","href":"https:\/\/api.w.org\/{rel}","templated":true}]}}