{"id":95389,"date":"2017-03-09T08:12:21","date_gmt":"2017-03-09T07:12:21","guid":{"rendered":"http:\/\/batijournal.com\/?p=95389"},"modified":"2019-07-15T11:27:24","modified_gmt":"2019-07-15T09:27:24","slug":"facades-dynamiques-sculptees-beton-blanc-gymnase-sablier-a-marseille","status":"publish","type":"post","link":"https:\/\/batijournal.com\/index.php\/facades-dynamiques-sculptees-beton-blanc-gymnase-sablier-a-marseille\/95389\/","title":{"rendered":"Les fa\u00e7ades dynamiques sculpt\u00e9es en b\u00e9ton blanc du gymnase du Sablier \u00e0 Marseille"},"content":{"rendered":"<p>Pour la reconstruction du gymnase du Sablier \u00e0 Bonneveine au sud de Marseille, les architectes Fabien Geel a imagin\u00e9 un b\u00e2timent a\u00e9rien, inspir\u00e9 des roches de la c\u00f4te marseillaise. Le b\u00e9ton Agilia Architectural de LafargeHolcim, un b\u00e9ton architectonique blanc et lisse, a ainsi \u00e9t\u00e9 s\u00e9lectionn\u00e9 pour sa teinte parfaite, son \u00e9l\u00e9gance et sa complexit\u00e9 architecturale.<\/p>\n<p><img loading=\"lazy\" decoding=\"async\" class=\"aligncenter size-large wp-image-95393\" src=\"https:\/\/batijournal.com\/wp-content\/uploads\/2017\/03\/gymnase-beton-Agilia-Architectural-LafargeHolcim-1024x1024.jpg\" alt=\"\" width=\"960\" height=\"960\" srcset=\"https:\/\/batijournal.com\/wp-content\/uploads\/2017\/03\/gymnase-beton-Agilia-Architectural-LafargeHolcim-1024x1024.jpg 1024w, https:\/\/batijournal.com\/wp-content\/uploads\/2017\/03\/gymnase-beton-Agilia-Architectural-LafargeHolcim-150x150.jpg 150w, https:\/\/batijournal.com\/wp-content\/uploads\/2017\/03\/gymnase-beton-Agilia-Architectural-LafargeHolcim-300x300.jpg 300w, https:\/\/batijournal.com\/wp-content\/uploads\/2017\/03\/gymnase-beton-Agilia-Architectural-LafargeHolcim-768x769.jpg 768w, https:\/\/batijournal.com\/wp-content\/uploads\/2017\/03\/gymnase-beton-Agilia-Architectural-LafargeHolcim-600x601.jpg 600w, https:\/\/batijournal.com\/wp-content\/uploads\/2017\/03\/gymnase-beton-Agilia-Architectural-LafargeHolcim.jpg 1398w\" sizes=\"(max-width: 960px) 100vw, 960px\" \/><\/p>\n<p><em>\u00ab Je me suis servi du b\u00e9ton blanc pour exprimer un rocher sculpt\u00e9 \u00bb.<\/em> C\u2019est ainsi que l\u2019architecte Fabien Geel d\u00e9crit son projet pour le nouveau gymnase. Le b\u00e2timent exprime des mouvements dynamiques, aussi bien inspir\u00e9s du climat et de la nature avoisinante que des gymnastes qui s\u2019y entraineront. Pour cr\u00e9er le relief, l\u2019ext\u00e9rieur du b\u00e2timent a \u00e9t\u00e9 sculpt\u00e9 par des hauts-reliefs irr\u00e9guliers. Les mouvements sont renforc\u00e9s par la nature de terrain, l\u2019architecte n\u2019ayant pas souhait\u00e9 aplanir sa pente.<\/p>\n<p><img loading=\"lazy\" decoding=\"async\" class=\"aligncenter size-large wp-image-95392\" src=\"https:\/\/batijournal.com\/wp-content\/uploads\/2017\/03\/gymnase-beton-Agilia-Architectural-LafargeHolcim-4-768x1024.jpg\" alt=\"\" width=\"768\" height=\"1024\" srcset=\"https:\/\/batijournal.com\/wp-content\/uploads\/2017\/03\/gymnase-beton-Agilia-Architectural-LafargeHolcim-4-768x1024.jpg 768w, https:\/\/batijournal.com\/wp-content\/uploads\/2017\/03\/gymnase-beton-Agilia-Architectural-LafargeHolcim-4-113x150.jpg 113w, https:\/\/batijournal.com\/wp-content\/uploads\/2017\/03\/gymnase-beton-Agilia-Architectural-LafargeHolcim-4-225x300.jpg 225w, https:\/\/batijournal.com\/wp-content\/uploads\/2017\/03\/gymnase-beton-Agilia-Architectural-LafargeHolcim-4-600x800.jpg 600w, https:\/\/batijournal.com\/wp-content\/uploads\/2017\/03\/gymnase-beton-Agilia-Architectural-LafargeHolcim-4.jpg 1050w\" sizes=\"(max-width: 768px) 100vw, 768px\" \/><br \/>\nRecherchant un b\u00e9ton le plus proche possible de la couleur si caract\u00e9ristique de la roche marseillaise, l\u2019Agilia Blanc r\u00e9pondait \u00e9galement aux exigences techniques de l&rsquo;architecte. Le gymnase est d\u2019une blancheur \u00e9clatante qui \u00e9volue tout au long de la journ\u00e9e : blanc immacul\u00e9, blanc cass\u00e9, avec parfois des notes de jaune en plein soleil ou bien ocre lors de l\u2019aurore. La texture lisse du b\u00e9ton mis en \u0153uvre renforce l\u2019\u00e9l\u00e9gance singuli\u00e8re du b\u00e2timent.<\/p>\n<p><img loading=\"lazy\" decoding=\"async\" class=\"aligncenter size-large wp-image-95391\" src=\"https:\/\/batijournal.com\/wp-content\/uploads\/2017\/03\/gymnase-beton-Agilia-Architectural-LafargeHolcim-3-776x1024.jpg\" alt=\"\" width=\"776\" height=\"1024\" srcset=\"https:\/\/batijournal.com\/wp-content\/uploads\/2017\/03\/gymnase-beton-Agilia-Architectural-LafargeHolcim-3-776x1024.jpg 776w, https:\/\/batijournal.com\/wp-content\/uploads\/2017\/03\/gymnase-beton-Agilia-Architectural-LafargeHolcim-3-114x150.jpg 114w, https:\/\/batijournal.com\/wp-content\/uploads\/2017\/03\/gymnase-beton-Agilia-Architectural-LafargeHolcim-3-227x300.jpg 227w, https:\/\/batijournal.com\/wp-content\/uploads\/2017\/03\/gymnase-beton-Agilia-Architectural-LafargeHolcim-3-768x1013.jpg 768w, https:\/\/batijournal.com\/wp-content\/uploads\/2017\/03\/gymnase-beton-Agilia-Architectural-LafargeHolcim-3-600x792.jpg 600w, https:\/\/batijournal.com\/wp-content\/uploads\/2017\/03\/gymnase-beton-Agilia-Architectural-LafargeHolcim-3.jpg 1061w\" sizes=\"(max-width: 776px) 100vw, 776px\" \/><\/p>\n<p>Photos : Lafarge France<\/p>\n<p>&nbsp;<\/p>\n","protected":false},"excerpt":{"rendered":"<p>Pour la reconstruction du gymnase du Sablier \u00e0 Bonneveine au sud de Marseille, les architectes Fabien Geel a imagin\u00e9 un b\u00e2timent a\u00e9rien, inspir\u00e9 des roches de la c\u00f4te marseillaise. Le b\u00e9ton Agilia Architectural de LafargeHolcim, un b\u00e9ton architectonique blanc et lisse, a ainsi \u00e9t\u00e9 s\u00e9lectionn\u00e9 pour sa teinte parfaite, son \u00e9l\u00e9gance et sa complexit\u00e9 architecturale. [&hellip;]<\/p>\n","protected":false},"author":17,"featured_media":95390,"comment_status":"closed","ping_status":"closed","sticky":false,"template":"","format":"standard","meta":{"_et_pb_use_builder":"","_et_pb_old_content":"","_et_gb_content_width":"","footnotes":""},"categories":[10530,6340,10775],"tags":[1128,6887,126],"class_list":["post-95389","post","type-post","status-publish","format-standard","has-post-thumbnail","hentry","category-actualites","category-architecture-conception","category-actualites-5facades","tag-beton","tag-beton-autoplacant","tag-facade"],"yoast_head":"<!-- This site is optimized with the Yoast SEO plugin v27.4 - https:\/\/yoast.com\/product\/yoast-seo-wordpress\/ -->\n<title>Les fa\u00e7ades dynamiques sculpt\u00e9es en b\u00e9ton blanc du gymnase du Sablier \u00e0 Marseille<\/title>\n<meta name=\"robots\" content=\"index, follow, max-snippet:-1, max-image-preview:large, max-video-preview:-1\" \/>\n<link rel=\"canonical\" href=\"https:\/\/batijournal.com\/index.php\/facades-dynamiques-sculptees-beton-blanc-gymnase-sablier-a-marseille\/95389\/\" \/>\n<meta property=\"og:locale\" content=\"fr_FR\" \/>\n<meta property=\"og:type\" content=\"article\" \/>\n<meta property=\"og:title\" content=\"Les fa\u00e7ades dynamiques sculpt\u00e9es en b\u00e9ton blanc du gymnase du Sablier \u00e0 Marseille\" \/>\n<meta property=\"og:description\" content=\"Pour la reconstruction du gymnase du Sablier \u00e0 Bonneveine au sud de Marseille, les architectes Fabien Geel a imagin\u00e9 un b\u00e2timent a\u00e9rien, inspir\u00e9 des roches de la c\u00f4te marseillaise. Le b\u00e9ton Agilia Architectural de LafargeHolcim, un b\u00e9ton architectonique blanc et lisse, a ainsi \u00e9t\u00e9 s\u00e9lectionn\u00e9 pour sa teinte parfaite, son \u00e9l\u00e9gance et sa complexit\u00e9 architecturale. [&hellip;]\" \/>\n<meta property=\"og:url\" content=\"https:\/\/batijournal.com\/index.php\/facades-dynamiques-sculptees-beton-blanc-gymnase-sablier-a-marseille\/95389\/\" \/>\n<meta property=\"og:site_name\" content=\"Batijournal\" \/>\n<meta property=\"article:published_time\" content=\"2017-03-09T07:12:21+00:00\" \/>\n<meta property=\"article:modified_time\" content=\"2019-07-15T09:27:24+00:00\" \/>\n<meta property=\"og:image\" content=\"https:\/\/batijournal.com\/wp-content\/uploads\/2017\/03\/gymnase-beton-Agilia-Architectural-LafargeHolcim-2.jpg\" \/>\n\t<meta property=\"og:image:width\" content=\"1400\" \/>\n\t<meta property=\"og:image:height\" content=\"933\" \/>\n\t<meta property=\"og:image:type\" content=\"image\/jpeg\" \/>\n<meta name=\"author\" content=\"St\u00e9phane Miget\" \/>\n<meta name=\"twitter:card\" content=\"summary_large_image\" \/>\n<meta name=\"twitter:creator\" content=\"@bati_journal\" \/>\n<meta name=\"twitter:site\" content=\"@bati_journal\" \/>\n<meta name=\"twitter:label1\" content=\"\u00c9crit par\" \/>\n\t<meta name=\"twitter:data1\" content=\"St\u00e9phane Miget\" \/>\n\t<meta name=\"twitter:label2\" content=\"Dur\u00e9e de lecture estim\u00e9e\" \/>\n\t<meta name=\"twitter:data2\" content=\"1 minute\" \/>\n<script type=\"application\/ld+json\" class=\"yoast-schema-graph\">{\"@context\":\"https:\\\/\\\/schema.org\",\"@graph\":[{\"@type\":\"Article\",\"@id\":\"https:\\\/\\\/batijournal.com\\\/index.php\\\/facades-dynamiques-sculptees-beton-blanc-gymnase-sablier-a-marseille\\\/95389\\\/#article\",\"isPartOf\":{\"@id\":\"https:\\\/\\\/batijournal.com\\\/index.php\\\/facades-dynamiques-sculptees-beton-blanc-gymnase-sablier-a-marseille\\\/95389\\\/\"},\"author\":{\"name\":\"St\u00e9phane Miget\",\"@id\":\"https:\\\/\\\/batijournal.com\\\/#\\\/schema\\\/person\\\/1dc96ec6957aa1ccb25ebe78bb19f100\"},\"headline\":\"Les fa\u00e7ades dynamiques sculpt\u00e9es en b\u00e9ton blanc du gymnase du Sablier \u00e0 Marseille\",\"datePublished\":\"2017-03-09T07:12:21+00:00\",\"dateModified\":\"2019-07-15T09:27:24+00:00\",\"mainEntityOfPage\":{\"@id\":\"https:\\\/\\\/batijournal.com\\\/index.php\\\/facades-dynamiques-sculptees-beton-blanc-gymnase-sablier-a-marseille\\\/95389\\\/\"},\"wordCount\":256,\"image\":{\"@id\":\"https:\\\/\\\/batijournal.com\\\/index.php\\\/facades-dynamiques-sculptees-beton-blanc-gymnase-sablier-a-marseille\\\/95389\\\/#primaryimage\"},\"thumbnailUrl\":\"https:\\\/\\\/batijournal.com\\\/wp-content\\\/uploads\\\/2017\\\/03\\\/gymnase-beton-Agilia-Architectural-LafargeHolcim-2.jpg\",\"keywords\":[\"b\u00e9ton\",\"beton autoplacant\",\"fa\u00e7ade\"],\"articleSection\":[\"Actualit\u00e9s\",\"Architecture &amp; Conception\",\"zz_Actualit\u00e9s - 5fa\u00e7ades\"],\"inLanguage\":\"fr-FR\"},{\"@type\":\"WebPage\",\"@id\":\"https:\\\/\\\/batijournal.com\\\/index.php\\\/facades-dynamiques-sculptees-beton-blanc-gymnase-sablier-a-marseille\\\/95389\\\/\",\"url\":\"https:\\\/\\\/batijournal.com\\\/index.php\\\/facades-dynamiques-sculptees-beton-blanc-gymnase-sablier-a-marseille\\\/95389\\\/\",\"name\":\"Les fa\u00e7ades dynamiques sculpt\u00e9es en b\u00e9ton blanc du gymnase du Sablier \u00e0 Marseille\",\"isPartOf\":{\"@id\":\"https:\\\/\\\/batijournal.com\\\/#website\"},\"primaryImageOfPage\":{\"@id\":\"https:\\\/\\\/batijournal.com\\\/index.php\\\/facades-dynamiques-sculptees-beton-blanc-gymnase-sablier-a-marseille\\\/95389\\\/#primaryimage\"},\"image\":{\"@id\":\"https:\\\/\\\/batijournal.com\\\/index.php\\\/facades-dynamiques-sculptees-beton-blanc-gymnase-sablier-a-marseille\\\/95389\\\/#primaryimage\"},\"thumbnailUrl\":\"https:\\\/\\\/batijournal.com\\\/wp-content\\\/uploads\\\/2017\\\/03\\\/gymnase-beton-Agilia-Architectural-LafargeHolcim-2.jpg\",\"datePublished\":\"2017-03-09T07:12:21+00:00\",\"dateModified\":\"2019-07-15T09:27:24+00:00\",\"author\":{\"@id\":\"https:\\\/\\\/batijournal.com\\\/#\\\/schema\\\/person\\\/1dc96ec6957aa1ccb25ebe78bb19f100\"},\"breadcrumb\":{\"@id\":\"https:\\\/\\\/batijournal.com\\\/index.php\\\/facades-dynamiques-sculptees-beton-blanc-gymnase-sablier-a-marseille\\\/95389\\\/#breadcrumb\"},\"inLanguage\":\"fr-FR\",\"potentialAction\":[{\"@type\":\"ReadAction\",\"target\":[\"https:\\\/\\\/batijournal.com\\\/index.php\\\/facades-dynamiques-sculptees-beton-blanc-gymnase-sablier-a-marseille\\\/95389\\\/\"]}]},{\"@type\":\"ImageObject\",\"inLanguage\":\"fr-FR\",\"@id\":\"https:\\\/\\\/batijournal.com\\\/index.php\\\/facades-dynamiques-sculptees-beton-blanc-gymnase-sablier-a-marseille\\\/95389\\\/#primaryimage\",\"url\":\"https:\\\/\\\/batijournal.com\\\/wp-content\\\/uploads\\\/2017\\\/03\\\/gymnase-beton-Agilia-Architectural-LafargeHolcim-2.jpg\",\"contentUrl\":\"https:\\\/\\\/batijournal.com\\\/wp-content\\\/uploads\\\/2017\\\/03\\\/gymnase-beton-Agilia-Architectural-LafargeHolcim-2.jpg\",\"width\":1400,\"height\":933},{\"@type\":\"BreadcrumbList\",\"@id\":\"https:\\\/\\\/batijournal.com\\\/index.php\\\/facades-dynamiques-sculptees-beton-blanc-gymnase-sablier-a-marseille\\\/95389\\\/#breadcrumb\",\"itemListElement\":[{\"@type\":\"ListItem\",\"position\":1,\"name\":\"Accueil\",\"item\":\"https:\\\/\\\/batijournal.com\\\/\"},{\"@type\":\"ListItem\",\"position\":2,\"name\":\"Actualit\u00e9s\",\"item\":\"https:\\\/\\\/batijournal.com\\\/index.php\\\/category\\\/actualites\\\/\"},{\"@type\":\"ListItem\",\"position\":3,\"name\":\"Les fa\u00e7ades dynamiques sculpt\u00e9es en b\u00e9ton blanc du gymnase du Sablier \u00e0 Marseille\"}]},{\"@type\":\"WebSite\",\"@id\":\"https:\\\/\\\/batijournal.com\\\/#website\",\"url\":\"https:\\\/\\\/batijournal.com\\\/\",\"name\":\"Batijournal\",\"description\":\"L&#039;actualit\u00e9 du b\u00e2timent\",\"potentialAction\":[{\"@type\":\"SearchAction\",\"target\":{\"@type\":\"EntryPoint\",\"urlTemplate\":\"https:\\\/\\\/batijournal.com\\\/?s={search_term_string}\"},\"query-input\":{\"@type\":\"PropertyValueSpecification\",\"valueRequired\":true,\"valueName\":\"search_term_string\"}}],\"inLanguage\":\"fr-FR\"},{\"@type\":\"Person\",\"@id\":\"https:\\\/\\\/batijournal.com\\\/#\\\/schema\\\/person\\\/1dc96ec6957aa1ccb25ebe78bb19f100\",\"name\":\"St\u00e9phane Miget\",\"image\":{\"@type\":\"ImageObject\",\"inLanguage\":\"fr-FR\",\"@id\":\"https:\\\/\\\/secure.gravatar.com\\\/avatar\\\/89915563d925342126b8ef0281b93d9d7fc337043e8df017f780908eb9644451?s=96&d=mm&r=g\",\"url\":\"https:\\\/\\\/secure.gravatar.com\\\/avatar\\\/89915563d925342126b8ef0281b93d9d7fc337043e8df017f780908eb9644451?s=96&d=mm&r=g\",\"contentUrl\":\"https:\\\/\\\/secure.gravatar.com\\\/avatar\\\/89915563d925342126b8ef0281b93d9d7fc337043e8df017f780908eb9644451?s=96&d=mm&r=g\",\"caption\":\"St\u00e9phane Miget\"},\"url\":\"https:\\\/\\\/batijournal.com\\\/index.php\\\/author\\\/stephane\\\/\"}]}<\/script>\n<!-- \/ Yoast SEO plugin. -->","yoast_head_json":{"title":"Les fa\u00e7ades dynamiques sculpt\u00e9es en b\u00e9ton blanc du gymnase du Sablier \u00e0 Marseille","robots":{"index":"index","follow":"follow","max-snippet":"max-snippet:-1","max-image-preview":"max-image-preview:large","max-video-preview":"max-video-preview:-1"},"canonical":"https:\/\/batijournal.com\/index.php\/facades-dynamiques-sculptees-beton-blanc-gymnase-sablier-a-marseille\/95389\/","og_locale":"fr_FR","og_type":"article","og_title":"Les fa\u00e7ades dynamiques sculpt\u00e9es en b\u00e9ton blanc du gymnase du Sablier \u00e0 Marseille","og_description":"Pour la reconstruction du gymnase du Sablier \u00e0 Bonneveine au sud de Marseille, les architectes Fabien Geel a imagin\u00e9 un b\u00e2timent a\u00e9rien, inspir\u00e9 des roches de la c\u00f4te marseillaise. Le b\u00e9ton Agilia Architectural de LafargeHolcim, un b\u00e9ton architectonique blanc et lisse, a ainsi \u00e9t\u00e9 s\u00e9lectionn\u00e9 pour sa teinte parfaite, son \u00e9l\u00e9gance et sa complexit\u00e9 architecturale. [&hellip;]","og_url":"https:\/\/batijournal.com\/index.php\/facades-dynamiques-sculptees-beton-blanc-gymnase-sablier-a-marseille\/95389\/","og_site_name":"Batijournal","article_published_time":"2017-03-09T07:12:21+00:00","article_modified_time":"2019-07-15T09:27:24+00:00","og_image":[{"width":1400,"height":933,"url":"https:\/\/batijournal.com\/wp-content\/uploads\/2017\/03\/gymnase-beton-Agilia-Architectural-LafargeHolcim-2.jpg","type":"image\/jpeg"}],"author":"St\u00e9phane Miget","twitter_card":"summary_large_image","twitter_creator":"@bati_journal","twitter_site":"@bati_journal","twitter_misc":{"\u00c9crit par":"St\u00e9phane Miget","Dur\u00e9e de lecture estim\u00e9e":"1 minute"},"schema":{"@context":"https:\/\/schema.org","@graph":[{"@type":"Article","@id":"https:\/\/batijournal.com\/index.php\/facades-dynamiques-sculptees-beton-blanc-gymnase-sablier-a-marseille\/95389\/#article","isPartOf":{"@id":"https:\/\/batijournal.com\/index.php\/facades-dynamiques-sculptees-beton-blanc-gymnase-sablier-a-marseille\/95389\/"},"author":{"name":"St\u00e9phane Miget","@id":"https:\/\/batijournal.com\/#\/schema\/person\/1dc96ec6957aa1ccb25ebe78bb19f100"},"headline":"Les fa\u00e7ades dynamiques sculpt\u00e9es en b\u00e9ton blanc du gymnase du Sablier \u00e0 Marseille","datePublished":"2017-03-09T07:12:21+00:00","dateModified":"2019-07-15T09:27:24+00:00","mainEntityOfPage":{"@id":"https:\/\/batijournal.com\/index.php\/facades-dynamiques-sculptees-beton-blanc-gymnase-sablier-a-marseille\/95389\/"},"wordCount":256,"image":{"@id":"https:\/\/batijournal.com\/index.php\/facades-dynamiques-sculptees-beton-blanc-gymnase-sablier-a-marseille\/95389\/#primaryimage"},"thumbnailUrl":"https:\/\/batijournal.com\/wp-content\/uploads\/2017\/03\/gymnase-beton-Agilia-Architectural-LafargeHolcim-2.jpg","keywords":["b\u00e9ton","beton autoplacant","fa\u00e7ade"],"articleSection":["Actualit\u00e9s","Architecture &amp; Conception","zz_Actualit\u00e9s - 5fa\u00e7ades"],"inLanguage":"fr-FR"},{"@type":"WebPage","@id":"https:\/\/batijournal.com\/index.php\/facades-dynamiques-sculptees-beton-blanc-gymnase-sablier-a-marseille\/95389\/","url":"https:\/\/batijournal.com\/index.php\/facades-dynamiques-sculptees-beton-blanc-gymnase-sablier-a-marseille\/95389\/","name":"Les fa\u00e7ades dynamiques sculpt\u00e9es en b\u00e9ton blanc du gymnase du Sablier \u00e0 Marseille","isPartOf":{"@id":"https:\/\/batijournal.com\/#website"},"primaryImageOfPage":{"@id":"https:\/\/batijournal.com\/index.php\/facades-dynamiques-sculptees-beton-blanc-gymnase-sablier-a-marseille\/95389\/#primaryimage"},"image":{"@id":"https:\/\/batijournal.com\/index.php\/facades-dynamiques-sculptees-beton-blanc-gymnase-sablier-a-marseille\/95389\/#primaryimage"},"thumbnailUrl":"https:\/\/batijournal.com\/wp-content\/uploads\/2017\/03\/gymnase-beton-Agilia-Architectural-LafargeHolcim-2.jpg","datePublished":"2017-03-09T07:12:21+00:00","dateModified":"2019-07-15T09:27:24+00:00","author":{"@id":"https:\/\/batijournal.com\/#\/schema\/person\/1dc96ec6957aa1ccb25ebe78bb19f100"},"breadcrumb":{"@id":"https:\/\/batijournal.com\/index.php\/facades-dynamiques-sculptees-beton-blanc-gymnase-sablier-a-marseille\/95389\/#breadcrumb"},"inLanguage":"fr-FR","potentialAction":[{"@type":"ReadAction","target":["https:\/\/batijournal.com\/index.php\/facades-dynamiques-sculptees-beton-blanc-gymnase-sablier-a-marseille\/95389\/"]}]},{"@type":"ImageObject","inLanguage":"fr-FR","@id":"https:\/\/batijournal.com\/index.php\/facades-dynamiques-sculptees-beton-blanc-gymnase-sablier-a-marseille\/95389\/#primaryimage","url":"https:\/\/batijournal.com\/wp-content\/uploads\/2017\/03\/gymnase-beton-Agilia-Architectural-LafargeHolcim-2.jpg","contentUrl":"https:\/\/batijournal.com\/wp-content\/uploads\/2017\/03\/gymnase-beton-Agilia-Architectural-LafargeHolcim-2.jpg","width":1400,"height":933},{"@type":"BreadcrumbList","@id":"https:\/\/batijournal.com\/index.php\/facades-dynamiques-sculptees-beton-blanc-gymnase-sablier-a-marseille\/95389\/#breadcrumb","itemListElement":[{"@type":"ListItem","position":1,"name":"Accueil","item":"https:\/\/batijournal.com\/"},{"@type":"ListItem","position":2,"name":"Actualit\u00e9s","item":"https:\/\/batijournal.com\/index.php\/category\/actualites\/"},{"@type":"ListItem","position":3,"name":"Les fa\u00e7ades dynamiques sculpt\u00e9es en b\u00e9ton blanc du gymnase du Sablier \u00e0 Marseille"}]},{"@type":"WebSite","@id":"https:\/\/batijournal.com\/#website","url":"https:\/\/batijournal.com\/","name":"Batijournal","description":"L&#039;actualit\u00e9 du b\u00e2timent","potentialAction":[{"@type":"SearchAction","target":{"@type":"EntryPoint","urlTemplate":"https:\/\/batijournal.com\/?s={search_term_string}"},"query-input":{"@type":"PropertyValueSpecification","valueRequired":true,"valueName":"search_term_string"}}],"inLanguage":"fr-FR"},{"@type":"Person","@id":"https:\/\/batijournal.com\/#\/schema\/person\/1dc96ec6957aa1ccb25ebe78bb19f100","name":"St\u00e9phane Miget","image":{"@type":"ImageObject","inLanguage":"fr-FR","@id":"https:\/\/secure.gravatar.com\/avatar\/89915563d925342126b8ef0281b93d9d7fc337043e8df017f780908eb9644451?s=96&d=mm&r=g","url":"https:\/\/secure.gravatar.com\/avatar\/89915563d925342126b8ef0281b93d9d7fc337043e8df017f780908eb9644451?s=96&d=mm&r=g","contentUrl":"https:\/\/secure.gravatar.com\/avatar\/89915563d925342126b8ef0281b93d9d7fc337043e8df017f780908eb9644451?s=96&d=mm&r=g","caption":"St\u00e9phane Miget"},"url":"https:\/\/batijournal.com\/index.php\/author\/stephane\/"}]}},"_links":{"self":[{"href":"https:\/\/batijournal.com\/index.php\/wp-json\/wp\/v2\/posts\/95389","targetHints":{"allow":["GET"]}}],"collection":[{"href":"https:\/\/batijournal.com\/index.php\/wp-json\/wp\/v2\/posts"}],"about":[{"href":"https:\/\/batijournal.com\/index.php\/wp-json\/wp\/v2\/types\/post"}],"author":[{"embeddable":true,"href":"https:\/\/batijournal.com\/index.php\/wp-json\/wp\/v2\/users\/17"}],"replies":[{"embeddable":true,"href":"https:\/\/batijournal.com\/index.php\/wp-json\/wp\/v2\/comments?post=95389"}],"version-history":[{"count":0,"href":"https:\/\/batijournal.com\/index.php\/wp-json\/wp\/v2\/posts\/95389\/revisions"}],"wp:featuredmedia":[{"embeddable":true,"href":"https:\/\/batijournal.com\/index.php\/wp-json\/wp\/v2\/media\/95390"}],"wp:attachment":[{"href":"https:\/\/batijournal.com\/index.php\/wp-json\/wp\/v2\/media?parent=95389"}],"wp:term":[{"taxonomy":"category","embeddable":true,"href":"https:\/\/batijournal.com\/index.php\/wp-json\/wp\/v2\/categories?post=95389"},{"taxonomy":"post_tag","embeddable":true,"href":"https:\/\/batijournal.com\/index.php\/wp-json\/wp\/v2\/tags?post=95389"}],"curies":[{"name":"wp","href":"https:\/\/api.w.org\/{rel}","templated":true}]}}