{"id":95410,"date":"2017-03-13T08:21:06","date_gmt":"2017-03-13T07:21:06","guid":{"rendered":"http:\/\/batijournal.com\/?p=95410"},"modified":"2019-07-15T12:10:56","modified_gmt":"2019-07-15T10:10:56","slug":"les-francais-et-leur-jardin","status":"publish","type":"post","link":"https:\/\/batijournal.com\/index.php\/les-francais-et-leur-jardin\/95410\/","title":{"rendered":"Les Fran\u00e7ais et leur jardin"},"content":{"rendered":"<p>Le site d&rsquo;e-commerce ManoMano.fr s&rsquo;est pench\u00e9 sur les relations que les Fran\u00e7ais entretiennent avec leur jardin. Un sondage et des r\u00e9v\u00e9lations surprenantes sur leur rapport au jardinage.<\/p>\n<p>Les femmes passent beaucoup plus de temps dans leur jardin que les hommes. En effet, elles d\u00e9clarent \u00e0 47%\u00a0s&rsquo;adonner au jardinage entre 7 \u00e0 10 jours par mois, soit pratiquement 2 jours par semaine, tr\u00e8s certainement les week-ends. De leur c\u00f4t\u00e9, les hommes sont beaucoup moins port\u00e9s sur le travail de la terre et la majorit\u00e9 (35%) y consacre moins de 6 jours par mois.<\/p>\n<p>&nbsp;<\/p>\n<table cellspacing=\"0\" cellpadding=\"0\">\n<tbody>\n<tr>\n<td colspan=\"3\">Combien de jours par mois passez-vous \u00e0 entretenir votre\u00a0jardin\u00a0?<\/td>\n<\/tr>\n<tr>\n<td>R\u00e9ponses<\/td>\n<td>Femmes<\/td>\n<td>Hommes<\/td>\n<\/tr>\n<tr>\n<td>Moins de 6 jours<\/td>\n<td>20%<\/td>\n<td>35%<\/td>\n<\/tr>\n<tr>\n<td>Entre 7 et 10 jours<\/td>\n<td>47%<\/td>\n<td>23%<\/td>\n<\/tr>\n<tr>\n<td>Entre 11 et 25 jours<\/td>\n<td>14%<\/td>\n<td>29%<\/td>\n<\/tr>\n<tr>\n<td>Entre 26 et 30 jours<\/td>\n<td>13%<\/td>\n<td>7%<\/td>\n<\/tr>\n<tr>\n<td>Plus de 30 jours<\/td>\n<td>6%<\/td>\n<td>6%<\/td>\n<\/tr>\n<tr>\n<td><\/td>\n<td><\/td>\n<td><\/td>\n<\/tr>\n<\/tbody>\n<\/table>\n<p>&nbsp;<\/p>\n<p>Si les Fran\u00e7ais passent du temps dans leur jardin,\u00a0c&rsquo;est apparemment pour cultiver fruits et l\u00e9gumes. En effet, 80% des femmes et 88% des hommes interrog\u00e9s d\u00e9clarent avoir un potager.<\/p>\n<p>&nbsp;<\/p>\n<table cellspacing=\"0\" cellpadding=\"0\">\n<tbody>\n<tr>\n<td colspan=\"3\">Avez-vous un potager ?<\/td>\n<\/tr>\n<tr>\n<td>R\u00e9ponses<\/td>\n<td>Femmes<\/td>\n<td>Hommes<\/td>\n<\/tr>\n<tr>\n<td>Oui<\/td>\n<td>80%<\/td>\n<td>88%<\/td>\n<\/tr>\n<tr>\n<td>Non<\/td>\n<td>20%<\/td>\n<td>12%<\/td>\n<\/tr>\n<tr>\n<td><\/td>\n<td><\/td>\n<td><\/td>\n<\/tr>\n<\/tbody>\n<\/table>\n<p>&nbsp;<\/p>\n<p>C\u00f4t\u00e9 budget\u00a0annuel\u00a0pour le jardinage, les Fran\u00e7ais ne vont pas se ruiner.\u00a0Environ 34% des Fran\u00e7ais d\u00e9clarent pr\u00e9voir une enveloppe comprise entre 100 et 300 euros seulement \u00e0 l&rsquo;ann\u00e9e.\u00a029% d\u00e9passeront tout de m\u00eame les 500\u20ac mais 21% n&rsquo;iront pas au del\u00e0 de 100\u20ac.<\/p>\n<p>&nbsp;<\/p>\n<table cellspacing=\"0\" cellpadding=\"0\">\n<tbody>\n<tr>\n<td colspan=\"3\">Quel budget pr\u00e9voyez-vous pour votre\u00a0jardin\u00a0cette ann\u00e9e\u00a0?<\/td>\n<\/tr>\n<tr>\n<td>R\u00e9ponses<\/td>\n<td>Femmes<\/td>\n<td>Hommes<\/td>\n<\/tr>\n<tr>\n<td>Moins de 100 euros<\/td>\n<td>13%<\/td>\n<td>29%<\/td>\n<\/tr>\n<tr>\n<td>Entre 100 et 300 euros<\/td>\n<td>32%<\/td>\n<td>35%<\/td>\n<\/tr>\n<tr>\n<td>Entre 300 et 500 euros<\/td>\n<td>27%<\/td>\n<td>6%<\/td>\n<\/tr>\n<tr>\n<td>Plus de 500 euros<\/td>\n<td>28%<\/td>\n<td>30%<\/td>\n<\/tr>\n<tr>\n<td><\/td>\n<td><\/td>\n<td><\/td>\n<\/tr>\n<\/tbody>\n<\/table>\n<p>&nbsp;<\/p>\n<p>Les Fran\u00e7ais sont respectueux de la nature ! Ainsi, plus de 73% des femmes et 76% des hommes choisissent d&rsquo;abord des produits naturels et respectueux de l&rsquo;environnement dans le cadre de l&rsquo;entretien de leur jardin, pour les soins et la croissance de leurs plantations.\u00a0Les prix bas de certains produits n&rsquo;ont d&rsquo;int\u00e9r\u00eat que pour 4% des Fran\u00e7ais.<\/p>\n<p>&nbsp;<\/p>\n<table cellspacing=\"0\" cellpadding=\"0\">\n<tbody>\n<tr>\n<td colspan=\"3\">En mati\u00e8re de choix de produits pour l&rsquo;entretien, les soins ou la croissance de vos plantes, vous \u00eates :<\/td>\n<\/tr>\n<tr>\n<td>R\u00e9ponses<\/td>\n<td>Femmes<\/td>\n<td>Hommes<\/td>\n<\/tr>\n<tr>\n<td>A 100% pour des produits naturels et respectueux de l&rsquo;environnement<\/td>\n<td>73%<\/td>\n<td>76%<\/td>\n<\/tr>\n<tr>\n<td>Tr\u00e8s regardant sur l&rsquo;efficacit\u00e9 des produits pour avoir un beau jardin<\/td>\n<td>26%<\/td>\n<td>17%<\/td>\n<\/tr>\n<tr>\n<td>La composition des produits utilis\u00e9s m&rsquo;int\u00e9resse moins que le prix bas pratiqu\u00e9<\/td>\n<td>1%<\/td>\n<td>7%<\/td>\n<\/tr>\n<tr>\n<td><\/td>\n<td><\/td>\n<td><\/td>\n<\/tr>\n<\/tbody>\n<\/table>\n<p>&nbsp;<\/p>\n<p>Si les Fran\u00e7ais entretiennent bien leur jardin, l&rsquo;aspect global n&rsquo;est pas aussi important et peut encore \u00eatre am\u00e9lior\u00e9 \u00e0 leurs yeux. Ainsi, 67% des femmes et plus de 76% des hommes sont satisfaits du rendu global de leur jardin.<\/p>\n<p>&nbsp;<\/p>\n<table cellspacing=\"0\" cellpadding=\"0\">\n<tbody>\n<tr>\n<td colspan=\"3\">Etes-vous satisfait(e) du rendu global de votre\u00a0jardin\u00a0?<\/td>\n<\/tr>\n<tr>\n<td>R\u00e9ponses<\/td>\n<td>Femmes<\/td>\n<td>Hommes<\/td>\n<\/tr>\n<tr>\n<td>Oui<\/td>\n<td>67%<\/td>\n<td>76%<\/td>\n<\/tr>\n<tr>\n<td>Non<\/td>\n<td>33%<\/td>\n<td>24%<\/td>\n<\/tr>\n<tr>\n<td><\/td>\n<td><\/td>\n<td><\/td>\n<\/tr>\n<\/tbody>\n<\/table>\n<p>&nbsp;<\/p>\n","protected":false},"excerpt":{"rendered":"<p>Le site d&rsquo;e-commerce ManoMano.fr s&rsquo;est pench\u00e9 sur les relations que les Fran\u00e7ais entretiennent avec leur jardin. Un sondage et des r\u00e9v\u00e9lations surprenantes sur leur rapport au jardinage. Les femmes passent beaucoup plus de temps dans leur jardin que les hommes. En effet, elles d\u00e9clarent \u00e0 47%\u00a0s&rsquo;adonner au jardinage entre 7 \u00e0 10 jours par mois, [&hellip;]<\/p>\n","protected":false},"author":17,"featured_media":95411,"comment_status":"closed","ping_status":"closed","sticky":false,"template":"","format":"standard","meta":{"_et_pb_use_builder":"","_et_pb_old_content":"","_et_gb_content_width":"","footnotes":""},"categories":[10530,6340],"tags":[4199],"class_list":["post-95410","post","type-post","status-publish","format-standard","has-post-thumbnail","hentry","category-actualites","category-architecture-conception","tag-jardin"],"yoast_head":"<!-- This site is optimized with the Yoast SEO plugin v27.4 - https:\/\/yoast.com\/product\/yoast-seo-wordpress\/ -->\n<title>Les Fran\u00e7ais et leur jardin<\/title>\n<meta name=\"robots\" content=\"index, follow, max-snippet:-1, max-image-preview:large, max-video-preview:-1\" \/>\n<link rel=\"canonical\" href=\"https:\/\/batijournal.com\/index.php\/les-francais-et-leur-jardin\/95410\/\" \/>\n<meta property=\"og:locale\" content=\"fr_FR\" \/>\n<meta property=\"og:type\" content=\"article\" \/>\n<meta property=\"og:title\" content=\"Les Fran\u00e7ais et leur jardin\" \/>\n<meta property=\"og:description\" content=\"Le site d&rsquo;e-commerce ManoMano.fr s&rsquo;est pench\u00e9 sur les relations que les Fran\u00e7ais entretiennent avec leur jardin. Un sondage et des r\u00e9v\u00e9lations surprenantes sur leur rapport au jardinage. Les femmes passent beaucoup plus de temps dans leur jardin que les hommes. En effet, elles d\u00e9clarent \u00e0 47%\u00a0s&rsquo;adonner au jardinage entre 7 \u00e0 10 jours par mois, [&hellip;]\" \/>\n<meta property=\"og:url\" content=\"https:\/\/batijournal.com\/index.php\/les-francais-et-leur-jardin\/95410\/\" \/>\n<meta property=\"og:site_name\" content=\"Batijournal\" \/>\n<meta property=\"article:published_time\" content=\"2017-03-13T07:21:06+00:00\" \/>\n<meta property=\"article:modified_time\" content=\"2019-07-15T10:10:56+00:00\" \/>\n<meta property=\"og:image\" content=\"https:\/\/batijournal.com\/wp-content\/uploads\/2017\/03\/jardin-potager.jpg\" \/>\n\t<meta property=\"og:image:width\" content=\"1200\" \/>\n\t<meta property=\"og:image:height\" content=\"698\" \/>\n\t<meta property=\"og:image:type\" content=\"image\/jpeg\" \/>\n<meta name=\"author\" content=\"St\u00e9phane Miget\" \/>\n<meta name=\"twitter:card\" content=\"summary_large_image\" \/>\n<meta name=\"twitter:creator\" content=\"@bati_journal\" \/>\n<meta name=\"twitter:site\" content=\"@bati_journal\" \/>\n<meta name=\"twitter:label1\" content=\"\u00c9crit par\" \/>\n\t<meta name=\"twitter:data1\" content=\"St\u00e9phane Miget\" \/>\n\t<meta name=\"twitter:label2\" content=\"Dur\u00e9e de lecture estim\u00e9e\" \/>\n\t<meta name=\"twitter:data2\" content=\"2 minutes\" \/>\n<script type=\"application\/ld+json\" class=\"yoast-schema-graph\">{\"@context\":\"https:\\\/\\\/schema.org\",\"@graph\":[{\"@type\":\"Article\",\"@id\":\"https:\\\/\\\/batijournal.com\\\/index.php\\\/les-francais-et-leur-jardin\\\/95410\\\/#article\",\"isPartOf\":{\"@id\":\"https:\\\/\\\/batijournal.com\\\/index.php\\\/les-francais-et-leur-jardin\\\/95410\\\/\"},\"author\":{\"name\":\"St\u00e9phane Miget\",\"@id\":\"https:\\\/\\\/batijournal.com\\\/#\\\/schema\\\/person\\\/1dc96ec6957aa1ccb25ebe78bb19f100\"},\"headline\":\"Les Fran\u00e7ais et leur jardin\",\"datePublished\":\"2017-03-13T07:21:06+00:00\",\"dateModified\":\"2019-07-15T10:10:56+00:00\",\"mainEntityOfPage\":{\"@id\":\"https:\\\/\\\/batijournal.com\\\/index.php\\\/les-francais-et-leur-jardin\\\/95410\\\/\"},\"wordCount\":434,\"image\":{\"@id\":\"https:\\\/\\\/batijournal.com\\\/index.php\\\/les-francais-et-leur-jardin\\\/95410\\\/#primaryimage\"},\"thumbnailUrl\":\"https:\\\/\\\/batijournal.com\\\/wp-content\\\/uploads\\\/2017\\\/03\\\/jardin-potager.jpg\",\"keywords\":[\"jardin\"],\"articleSection\":[\"Actualit\u00e9s\",\"Architecture &amp; Conception\"],\"inLanguage\":\"fr-FR\"},{\"@type\":\"WebPage\",\"@id\":\"https:\\\/\\\/batijournal.com\\\/index.php\\\/les-francais-et-leur-jardin\\\/95410\\\/\",\"url\":\"https:\\\/\\\/batijournal.com\\\/index.php\\\/les-francais-et-leur-jardin\\\/95410\\\/\",\"name\":\"Les Fran\u00e7ais et leur jardin\",\"isPartOf\":{\"@id\":\"https:\\\/\\\/batijournal.com\\\/#website\"},\"primaryImageOfPage\":{\"@id\":\"https:\\\/\\\/batijournal.com\\\/index.php\\\/les-francais-et-leur-jardin\\\/95410\\\/#primaryimage\"},\"image\":{\"@id\":\"https:\\\/\\\/batijournal.com\\\/index.php\\\/les-francais-et-leur-jardin\\\/95410\\\/#primaryimage\"},\"thumbnailUrl\":\"https:\\\/\\\/batijournal.com\\\/wp-content\\\/uploads\\\/2017\\\/03\\\/jardin-potager.jpg\",\"datePublished\":\"2017-03-13T07:21:06+00:00\",\"dateModified\":\"2019-07-15T10:10:56+00:00\",\"author\":{\"@id\":\"https:\\\/\\\/batijournal.com\\\/#\\\/schema\\\/person\\\/1dc96ec6957aa1ccb25ebe78bb19f100\"},\"breadcrumb\":{\"@id\":\"https:\\\/\\\/batijournal.com\\\/index.php\\\/les-francais-et-leur-jardin\\\/95410\\\/#breadcrumb\"},\"inLanguage\":\"fr-FR\",\"potentialAction\":[{\"@type\":\"ReadAction\",\"target\":[\"https:\\\/\\\/batijournal.com\\\/index.php\\\/les-francais-et-leur-jardin\\\/95410\\\/\"]}]},{\"@type\":\"ImageObject\",\"inLanguage\":\"fr-FR\",\"@id\":\"https:\\\/\\\/batijournal.com\\\/index.php\\\/les-francais-et-leur-jardin\\\/95410\\\/#primaryimage\",\"url\":\"https:\\\/\\\/batijournal.com\\\/wp-content\\\/uploads\\\/2017\\\/03\\\/jardin-potager.jpg\",\"contentUrl\":\"https:\\\/\\\/batijournal.com\\\/wp-content\\\/uploads\\\/2017\\\/03\\\/jardin-potager.jpg\",\"width\":1200,\"height\":698},{\"@type\":\"BreadcrumbList\",\"@id\":\"https:\\\/\\\/batijournal.com\\\/index.php\\\/les-francais-et-leur-jardin\\\/95410\\\/#breadcrumb\",\"itemListElement\":[{\"@type\":\"ListItem\",\"position\":1,\"name\":\"Accueil\",\"item\":\"https:\\\/\\\/batijournal.com\\\/\"},{\"@type\":\"ListItem\",\"position\":2,\"name\":\"Actualit\u00e9s\",\"item\":\"https:\\\/\\\/batijournal.com\\\/index.php\\\/category\\\/actualites\\\/\"},{\"@type\":\"ListItem\",\"position\":3,\"name\":\"Les Fran\u00e7ais et leur jardin\"}]},{\"@type\":\"WebSite\",\"@id\":\"https:\\\/\\\/batijournal.com\\\/#website\",\"url\":\"https:\\\/\\\/batijournal.com\\\/\",\"name\":\"Batijournal\",\"description\":\"L&#039;actualit\u00e9 du b\u00e2timent\",\"potentialAction\":[{\"@type\":\"SearchAction\",\"target\":{\"@type\":\"EntryPoint\",\"urlTemplate\":\"https:\\\/\\\/batijournal.com\\\/?s={search_term_string}\"},\"query-input\":{\"@type\":\"PropertyValueSpecification\",\"valueRequired\":true,\"valueName\":\"search_term_string\"}}],\"inLanguage\":\"fr-FR\"},{\"@type\":\"Person\",\"@id\":\"https:\\\/\\\/batijournal.com\\\/#\\\/schema\\\/person\\\/1dc96ec6957aa1ccb25ebe78bb19f100\",\"name\":\"St\u00e9phane Miget\",\"image\":{\"@type\":\"ImageObject\",\"inLanguage\":\"fr-FR\",\"@id\":\"https:\\\/\\\/secure.gravatar.com\\\/avatar\\\/89915563d925342126b8ef0281b93d9d7fc337043e8df017f780908eb9644451?s=96&d=mm&r=g\",\"url\":\"https:\\\/\\\/secure.gravatar.com\\\/avatar\\\/89915563d925342126b8ef0281b93d9d7fc337043e8df017f780908eb9644451?s=96&d=mm&r=g\",\"contentUrl\":\"https:\\\/\\\/secure.gravatar.com\\\/avatar\\\/89915563d925342126b8ef0281b93d9d7fc337043e8df017f780908eb9644451?s=96&d=mm&r=g\",\"caption\":\"St\u00e9phane Miget\"},\"url\":\"https:\\\/\\\/batijournal.com\\\/index.php\\\/author\\\/stephane\\\/\"}]}<\/script>\n<!-- \/ Yoast SEO plugin. -->","yoast_head_json":{"title":"Les Fran\u00e7ais et leur jardin","robots":{"index":"index","follow":"follow","max-snippet":"max-snippet:-1","max-image-preview":"max-image-preview:large","max-video-preview":"max-video-preview:-1"},"canonical":"https:\/\/batijournal.com\/index.php\/les-francais-et-leur-jardin\/95410\/","og_locale":"fr_FR","og_type":"article","og_title":"Les Fran\u00e7ais et leur jardin","og_description":"Le site d&rsquo;e-commerce ManoMano.fr s&rsquo;est pench\u00e9 sur les relations que les Fran\u00e7ais entretiennent avec leur jardin. Un sondage et des r\u00e9v\u00e9lations surprenantes sur leur rapport au jardinage. Les femmes passent beaucoup plus de temps dans leur jardin que les hommes. En effet, elles d\u00e9clarent \u00e0 47%\u00a0s&rsquo;adonner au jardinage entre 7 \u00e0 10 jours par mois, [&hellip;]","og_url":"https:\/\/batijournal.com\/index.php\/les-francais-et-leur-jardin\/95410\/","og_site_name":"Batijournal","article_published_time":"2017-03-13T07:21:06+00:00","article_modified_time":"2019-07-15T10:10:56+00:00","og_image":[{"width":1200,"height":698,"url":"https:\/\/batijournal.com\/wp-content\/uploads\/2017\/03\/jardin-potager.jpg","type":"image\/jpeg"}],"author":"St\u00e9phane Miget","twitter_card":"summary_large_image","twitter_creator":"@bati_journal","twitter_site":"@bati_journal","twitter_misc":{"\u00c9crit par":"St\u00e9phane Miget","Dur\u00e9e de lecture estim\u00e9e":"2 minutes"},"schema":{"@context":"https:\/\/schema.org","@graph":[{"@type":"Article","@id":"https:\/\/batijournal.com\/index.php\/les-francais-et-leur-jardin\/95410\/#article","isPartOf":{"@id":"https:\/\/batijournal.com\/index.php\/les-francais-et-leur-jardin\/95410\/"},"author":{"name":"St\u00e9phane Miget","@id":"https:\/\/batijournal.com\/#\/schema\/person\/1dc96ec6957aa1ccb25ebe78bb19f100"},"headline":"Les Fran\u00e7ais et leur jardin","datePublished":"2017-03-13T07:21:06+00:00","dateModified":"2019-07-15T10:10:56+00:00","mainEntityOfPage":{"@id":"https:\/\/batijournal.com\/index.php\/les-francais-et-leur-jardin\/95410\/"},"wordCount":434,"image":{"@id":"https:\/\/batijournal.com\/index.php\/les-francais-et-leur-jardin\/95410\/#primaryimage"},"thumbnailUrl":"https:\/\/batijournal.com\/wp-content\/uploads\/2017\/03\/jardin-potager.jpg","keywords":["jardin"],"articleSection":["Actualit\u00e9s","Architecture &amp; Conception"],"inLanguage":"fr-FR"},{"@type":"WebPage","@id":"https:\/\/batijournal.com\/index.php\/les-francais-et-leur-jardin\/95410\/","url":"https:\/\/batijournal.com\/index.php\/les-francais-et-leur-jardin\/95410\/","name":"Les Fran\u00e7ais et leur jardin","isPartOf":{"@id":"https:\/\/batijournal.com\/#website"},"primaryImageOfPage":{"@id":"https:\/\/batijournal.com\/index.php\/les-francais-et-leur-jardin\/95410\/#primaryimage"},"image":{"@id":"https:\/\/batijournal.com\/index.php\/les-francais-et-leur-jardin\/95410\/#primaryimage"},"thumbnailUrl":"https:\/\/batijournal.com\/wp-content\/uploads\/2017\/03\/jardin-potager.jpg","datePublished":"2017-03-13T07:21:06+00:00","dateModified":"2019-07-15T10:10:56+00:00","author":{"@id":"https:\/\/batijournal.com\/#\/schema\/person\/1dc96ec6957aa1ccb25ebe78bb19f100"},"breadcrumb":{"@id":"https:\/\/batijournal.com\/index.php\/les-francais-et-leur-jardin\/95410\/#breadcrumb"},"inLanguage":"fr-FR","potentialAction":[{"@type":"ReadAction","target":["https:\/\/batijournal.com\/index.php\/les-francais-et-leur-jardin\/95410\/"]}]},{"@type":"ImageObject","inLanguage":"fr-FR","@id":"https:\/\/batijournal.com\/index.php\/les-francais-et-leur-jardin\/95410\/#primaryimage","url":"https:\/\/batijournal.com\/wp-content\/uploads\/2017\/03\/jardin-potager.jpg","contentUrl":"https:\/\/batijournal.com\/wp-content\/uploads\/2017\/03\/jardin-potager.jpg","width":1200,"height":698},{"@type":"BreadcrumbList","@id":"https:\/\/batijournal.com\/index.php\/les-francais-et-leur-jardin\/95410\/#breadcrumb","itemListElement":[{"@type":"ListItem","position":1,"name":"Accueil","item":"https:\/\/batijournal.com\/"},{"@type":"ListItem","position":2,"name":"Actualit\u00e9s","item":"https:\/\/batijournal.com\/index.php\/category\/actualites\/"},{"@type":"ListItem","position":3,"name":"Les Fran\u00e7ais et leur jardin"}]},{"@type":"WebSite","@id":"https:\/\/batijournal.com\/#website","url":"https:\/\/batijournal.com\/","name":"Batijournal","description":"L&#039;actualit\u00e9 du b\u00e2timent","potentialAction":[{"@type":"SearchAction","target":{"@type":"EntryPoint","urlTemplate":"https:\/\/batijournal.com\/?s={search_term_string}"},"query-input":{"@type":"PropertyValueSpecification","valueRequired":true,"valueName":"search_term_string"}}],"inLanguage":"fr-FR"},{"@type":"Person","@id":"https:\/\/batijournal.com\/#\/schema\/person\/1dc96ec6957aa1ccb25ebe78bb19f100","name":"St\u00e9phane Miget","image":{"@type":"ImageObject","inLanguage":"fr-FR","@id":"https:\/\/secure.gravatar.com\/avatar\/89915563d925342126b8ef0281b93d9d7fc337043e8df017f780908eb9644451?s=96&d=mm&r=g","url":"https:\/\/secure.gravatar.com\/avatar\/89915563d925342126b8ef0281b93d9d7fc337043e8df017f780908eb9644451?s=96&d=mm&r=g","contentUrl":"https:\/\/secure.gravatar.com\/avatar\/89915563d925342126b8ef0281b93d9d7fc337043e8df017f780908eb9644451?s=96&d=mm&r=g","caption":"St\u00e9phane Miget"},"url":"https:\/\/batijournal.com\/index.php\/author\/stephane\/"}]}},"_links":{"self":[{"href":"https:\/\/batijournal.com\/index.php\/wp-json\/wp\/v2\/posts\/95410","targetHints":{"allow":["GET"]}}],"collection":[{"href":"https:\/\/batijournal.com\/index.php\/wp-json\/wp\/v2\/posts"}],"about":[{"href":"https:\/\/batijournal.com\/index.php\/wp-json\/wp\/v2\/types\/post"}],"author":[{"embeddable":true,"href":"https:\/\/batijournal.com\/index.php\/wp-json\/wp\/v2\/users\/17"}],"replies":[{"embeddable":true,"href":"https:\/\/batijournal.com\/index.php\/wp-json\/wp\/v2\/comments?post=95410"}],"version-history":[{"count":0,"href":"https:\/\/batijournal.com\/index.php\/wp-json\/wp\/v2\/posts\/95410\/revisions"}],"wp:featuredmedia":[{"embeddable":true,"href":"https:\/\/batijournal.com\/index.php\/wp-json\/wp\/v2\/media\/95411"}],"wp:attachment":[{"href":"https:\/\/batijournal.com\/index.php\/wp-json\/wp\/v2\/media?parent=95410"}],"wp:term":[{"taxonomy":"category","embeddable":true,"href":"https:\/\/batijournal.com\/index.php\/wp-json\/wp\/v2\/categories?post=95410"},{"taxonomy":"post_tag","embeddable":true,"href":"https:\/\/batijournal.com\/index.php\/wp-json\/wp\/v2\/tags?post=95410"}],"curies":[{"name":"wp","href":"https:\/\/api.w.org\/{rel}","templated":true}]}}